{"id":996,"date":"2014-09-16T20:15:04","date_gmt":"2014-09-16T19:15:04","guid":{"rendered":"http:\/\/kanu-gruppe-wilster.de\/?p=996"},"modified":"2014-09-16T20:15:04","modified_gmt":"2014-09-16T19:15:04","slug":"sa-11-10-14-abpaddelnabpaddeln-11-10-2014-wilster-au-stor-bootshaus-beidenfleth-bootshaus-16-km-treffen-ab-1130-uhr-am-bootshaus-abfahrt-1215-uhr-geplant-ist-da","status":"publish","type":"post","link":"https:\/\/kanu-gruppe-wilster.de\/index.php\/sa-11-10-14-abpaddelnabpaddeln-11-10-2014-wilster-au-stor-bootshaus-beidenfleth-bootshaus-16-km-treffen-ab-1130-uhr-am-bootshaus-abfahrt-1215-uhr-geplant-ist-da\/","title":{"rendered":"Sa. 11.10.14 AbpaddelnAbpaddeln 11.10.2014"},"content":{"rendered":"<table border=\"0\" cellspacing=\"0\" cellpadding=\"0\" width=\"651\">\n<tbody>\n<tr>\n<td colspan=\"3\" width=\"651\" valign=\"bottom\">\n<h1><strong>Abpaddeln 11.10.2014<\/strong><\/h1>\n<\/td>\n<\/tr>\n<tr>\n<td width=\"165\" valign=\"bottom\"><\/td>\n<td width=\"265\" valign=\"bottom\"><\/td>\n<\/tr>\n<tr>\n<td colspan=\"3\" width=\"651\" valign=\"bottom\">\n<h2><strong>Wilster Au \/ St\u00f6r<\/strong><\/h2>\n<\/td>\n<\/tr>\n<tr>\n<td colspan=\"3\" width=\"651\" valign=\"bottom\">\n<h2><strong>Bootshaus &#8211; Beidenfleth &#8211; Bootshaus (16 km) <\/strong><\/h2>\n<\/td>\n<\/tr>\n<tr>\n<td width=\"165\" valign=\"bottom\"><\/td>\n<td width=\"265\" valign=\"bottom\"><\/td>\n<\/tr>\n<tr>\n<td colspan=\"3\" width=\"651\" valign=\"bottom\">\n<h2>Treffen ab 11:30 Uhr am Bootshaus<\/h2>\n<\/td>\n<\/tr>\n<tr>\n<td width=\"165\" valign=\"bottom\"><\/td>\n<td width=\"265\" valign=\"bottom\"><\/td>\n<\/tr>\n<tr>\n<td colspan=\"3\" width=\"651\" valign=\"bottom\">\n<h2>Abfahrt 12:15 Uhr<\/h2>\n<\/td>\n<\/tr>\n<tr>\n<td colspan=\"3\" width=\"651\" valign=\"bottom\">\n<h2><strong>Geplant ist, dass wir alle sp\u00e4testens um 13.30 Uhr   in Beidenfleth ankommen, um gemeinsam im F\u00e4hrhaus zu essen. Gegen 14.30 Uhr   werden wir zur\u00fcckpaddeln. Bitte bis zum <span style=\"text-decoration: underline;\">05. Oktober<\/span> in die Liste   eintragen, damit wir rechtzeitig die Teilnehmerzahl f\u00fcr das Essen melden   k\u00f6nnen. <\/strong><\/h2>\n<\/td>\n<\/tr>\n<tr>\n<td colspan=\"3\" width=\"651\" valign=\"bottom\">\n<h2><strong><span style=\"text-decoration: underline;\">Kosten Gulaschsuppe 5,50 \u20ac \/ Tomatensuppe 4,90 \u20ac pro   Person <\/span><\/strong><\/h2>\n<\/td>\n<\/tr>\n<tr>\n<td width=\"165\" valign=\"bottom\"><\/td>\n<\/tr>\n<\/tbody>\n<\/table>\n<table border=\"0\" cellspacing=\"0\" cellpadding=\"0\" width=\"651\">\n<tbody>\n<tr>\n<td width=\"265\" valign=\"bottom\"><\/td>\n<\/tr>\n<tr>\n<td width=\"165\" valign=\"bottom\"><\/td>\n<\/tr>\n<\/tbody>\n<\/table>\n<table border=\"0\" cellspacing=\"0\" cellpadding=\"0\" width=\"651\">\n<tbody>\n<tr>\n<td width=\"265\" valign=\"bottom\">\n<h2><strong>Info bei: Peter 0170\/9770405<\/strong><\/h2>\n<\/td>\n<\/tr>\n<\/tbody>\n<\/table>\n","protected":false},"excerpt":{"rendered":"<p>Abpaddeln 11.10.2014 Wilster Au \/ St\u00f6r Bootshaus &#8211; Beidenfleth &#8211; Bootshaus (16 km) Treffen ab 11:30 Uhr am Bootshaus Abfahrt 12:15 Uhr Geplant ist, dass wir alle sp\u00e4testens um 13.30 Uhr in Beidenfleth ankommen, um gemeinsam im F\u00e4hrhaus zu essen. Gegen 14.30 Uhr werden wir zur\u00fcckpaddeln. Bitte bis zum 05. Oktober in die Liste eintragen,<\/p>\n","protected":false},"author":2,"featured_media":0,"comment_status":"open","ping_status":"open","sticky":false,"template":"","format":"standard","meta":{"ngg_post_thumbnail":0},"categories":[4,1],"tags":[],"yoast_head":"<!-- This site is optimized with the Yoast SEO plugin v19.0 - https:\/\/yoast.com\/wordpress\/plugins\/seo\/ -->\n<title>Sa. 11.10.14 AbpaddelnAbpaddeln 11.10.2014 &ndash; Kanu Gruppe Wilster e.V.<\/title>\n<meta name=\"robots\" content=\"index, follow, max-snippet:-1, max-image-preview:large, max-video-preview:-1\" \/>\n<link rel=\"canonical\" href=\"https:\/\/kanu-gruppe-wilster.de\/index.php\/sa-11-10-14-abpaddelnabpaddeln-11-10-2014-wilster-au-stor-bootshaus-beidenfleth-bootshaus-16-km-treffen-ab-1130-uhr-am-bootshaus-abfahrt-1215-uhr-geplant-ist-da\/\" \/>\n<meta property=\"og:locale\" content=\"de_DE\" \/>\n<meta property=\"og:type\" content=\"article\" \/>\n<meta property=\"og:title\" content=\"Sa. 11.10.14 AbpaddelnAbpaddeln 11.10.2014 &ndash; Kanu Gruppe Wilster e.V.\" \/>\n<meta property=\"og:description\" content=\"Abpaddeln 11.10.2014 Wilster Au \/ St\u00f6r Bootshaus &#8211; Beidenfleth &#8211; Bootshaus (16 km) Treffen ab 11:30 Uhr am Bootshaus Abfahrt 12:15 Uhr Geplant ist, dass wir alle sp\u00e4testens um 13.30 Uhr in Beidenfleth ankommen, um gemeinsam im F\u00e4hrhaus zu essen. Gegen 14.30 Uhr werden wir zur\u00fcckpaddeln. Bitte bis zum 05. Oktober in die Liste eintragen,\" \/>\n<meta property=\"og:url\" content=\"https:\/\/kanu-gruppe-wilster.de\/index.php\/sa-11-10-14-abpaddelnabpaddeln-11-10-2014-wilster-au-stor-bootshaus-beidenfleth-bootshaus-16-km-treffen-ab-1130-uhr-am-bootshaus-abfahrt-1215-uhr-geplant-ist-da\/\" \/>\n<meta property=\"og:site_name\" content=\"Kanu Gruppe Wilster e.V.\" \/>\n<meta property=\"article:published_time\" content=\"2014-09-16T19:15:04+00:00\" \/>\n<meta name=\"twitter:card\" content=\"summary\" \/>\n<meta name=\"twitter:label1\" content=\"Verfasst von\" \/>\n\t<meta name=\"twitter:data1\" content=\"UweMuenster\" \/>\n<script type=\"application\/ld+json\" class=\"yoast-schema-graph\">{\"@context\":\"https:\/\/schema.org\",\"@graph\":[{\"@type\":\"WebSite\",\"@id\":\"https:\/\/kanu-gruppe-wilster.de\/#website\",\"url\":\"https:\/\/kanu-gruppe-wilster.de\/\",\"name\":\"Kanu Gruppe Wilster e.V.\",\"description\":\"Kanuverein an der Wilster Au\",\"potentialAction\":[{\"@type\":\"SearchAction\",\"target\":{\"@type\":\"EntryPoint\",\"urlTemplate\":\"https:\/\/kanu-gruppe-wilster.de\/?s={search_term_string}\"},\"query-input\":\"required name=search_term_string\"}],\"inLanguage\":\"de\"},{\"@type\":\"WebPage\",\"@id\":\"https:\/\/kanu-gruppe-wilster.de\/index.php\/sa-11-10-14-abpaddelnabpaddeln-11-10-2014-wilster-au-stor-bootshaus-beidenfleth-bootshaus-16-km-treffen-ab-1130-uhr-am-bootshaus-abfahrt-1215-uhr-geplant-ist-da\/#webpage\",\"url\":\"https:\/\/kanu-gruppe-wilster.de\/index.php\/sa-11-10-14-abpaddelnabpaddeln-11-10-2014-wilster-au-stor-bootshaus-beidenfleth-bootshaus-16-km-treffen-ab-1130-uhr-am-bootshaus-abfahrt-1215-uhr-geplant-ist-da\/\",\"name\":\"Sa. 11.10.14 AbpaddelnAbpaddeln 11.10.2014 &ndash; Kanu Gruppe Wilster e.V.\",\"isPartOf\":{\"@id\":\"https:\/\/kanu-gruppe-wilster.de\/#website\"},\"datePublished\":\"2014-09-16T19:15:04+00:00\",\"dateModified\":\"2014-09-16T19:15:04+00:00\",\"author\":{\"@id\":\"https:\/\/kanu-gruppe-wilster.de\/#\/schema\/person\/7489fc75ff891776bcddaa56e64dbb54\"},\"breadcrumb\":{\"@id\":\"https:\/\/kanu-gruppe-wilster.de\/index.php\/sa-11-10-14-abpaddelnabpaddeln-11-10-2014-wilster-au-stor-bootshaus-beidenfleth-bootshaus-16-km-treffen-ab-1130-uhr-am-bootshaus-abfahrt-1215-uhr-geplant-ist-da\/#breadcrumb\"},\"inLanguage\":\"de\",\"potentialAction\":[{\"@type\":\"ReadAction\",\"target\":[\"https:\/\/kanu-gruppe-wilster.de\/index.php\/sa-11-10-14-abpaddelnabpaddeln-11-10-2014-wilster-au-stor-bootshaus-beidenfleth-bootshaus-16-km-treffen-ab-1130-uhr-am-bootshaus-abfahrt-1215-uhr-geplant-ist-da\/\"]}]},{\"@type\":\"BreadcrumbList\",\"@id\":\"https:\/\/kanu-gruppe-wilster.de\/index.php\/sa-11-10-14-abpaddelnabpaddeln-11-10-2014-wilster-au-stor-bootshaus-beidenfleth-bootshaus-16-km-treffen-ab-1130-uhr-am-bootshaus-abfahrt-1215-uhr-geplant-ist-da\/#breadcrumb\",\"itemListElement\":[{\"@type\":\"ListItem\",\"position\":1,\"name\":\"Startseite\",\"item\":\"https:\/\/kanu-gruppe-wilster.de\/\"},{\"@type\":\"ListItem\",\"position\":2,\"name\":\"Sa. 11.10.14 AbpaddelnAbpaddeln 11.10.2014\"}]},{\"@type\":\"Person\",\"@id\":\"https:\/\/kanu-gruppe-wilster.de\/#\/schema\/person\/7489fc75ff891776bcddaa56e64dbb54\",\"name\":\"UweMuenster\",\"image\":{\"@type\":\"ImageObject\",\"inLanguage\":\"de\",\"@id\":\"https:\/\/kanu-gruppe-wilster.de\/#\/schema\/person\/image\/\",\"url\":\"https:\/\/secure.gravatar.com\/avatar\/633d80af5ecf11a7e42ad51ef88894a9?s=96&d=mm&r=g\",\"contentUrl\":\"https:\/\/secure.gravatar.com\/avatar\/633d80af5ecf11a7e42ad51ef88894a9?s=96&d=mm&r=g\",\"caption\":\"UweMuenster\"},\"url\":\"https:\/\/kanu-gruppe-wilster.de\/index.php\/author\/uwemuenster\/\"}]}<\/script>\n<!-- \/ Yoast SEO plugin. -->","yoast_head_json":{"title":"Sa. 11.10.14 AbpaddelnAbpaddeln 11.10.2014 &ndash; Kanu Gruppe Wilster e.V.","robots":{"index":"index","follow":"follow","max-snippet":"max-snippet:-1","max-image-preview":"max-image-preview:large","max-video-preview":"max-video-preview:-1"},"canonical":"https:\/\/kanu-gruppe-wilster.de\/index.php\/sa-11-10-14-abpaddelnabpaddeln-11-10-2014-wilster-au-stor-bootshaus-beidenfleth-bootshaus-16-km-treffen-ab-1130-uhr-am-bootshaus-abfahrt-1215-uhr-geplant-ist-da\/","og_locale":"de_DE","og_type":"article","og_title":"Sa. 11.10.14 AbpaddelnAbpaddeln 11.10.2014 &ndash; Kanu Gruppe Wilster e.V.","og_description":"Abpaddeln 11.10.2014 Wilster Au \/ St\u00f6r Bootshaus &#8211; Beidenfleth &#8211; Bootshaus (16 km) Treffen ab 11:30 Uhr am Bootshaus Abfahrt 12:15 Uhr Geplant ist, dass wir alle sp\u00e4testens um 13.30 Uhr in Beidenfleth ankommen, um gemeinsam im F\u00e4hrhaus zu essen. Gegen 14.30 Uhr werden wir zur\u00fcckpaddeln. Bitte bis zum 05. Oktober in die Liste eintragen,","og_url":"https:\/\/kanu-gruppe-wilster.de\/index.php\/sa-11-10-14-abpaddelnabpaddeln-11-10-2014-wilster-au-stor-bootshaus-beidenfleth-bootshaus-16-km-treffen-ab-1130-uhr-am-bootshaus-abfahrt-1215-uhr-geplant-ist-da\/","og_site_name":"Kanu Gruppe Wilster e.V.","article_published_time":"2014-09-16T19:15:04+00:00","twitter_card":"summary","twitter_misc":{"Verfasst von":"UweMuenster"},"schema":{"@context":"https:\/\/schema.org","@graph":[{"@type":"WebSite","@id":"https:\/\/kanu-gruppe-wilster.de\/#website","url":"https:\/\/kanu-gruppe-wilster.de\/","name":"Kanu Gruppe Wilster e.V.","description":"Kanuverein an der Wilster Au","potentialAction":[{"@type":"SearchAction","target":{"@type":"EntryPoint","urlTemplate":"https:\/\/kanu-gruppe-wilster.de\/?s={search_term_string}"},"query-input":"required name=search_term_string"}],"inLanguage":"de"},{"@type":"WebPage","@id":"https:\/\/kanu-gruppe-wilster.de\/index.php\/sa-11-10-14-abpaddelnabpaddeln-11-10-2014-wilster-au-stor-bootshaus-beidenfleth-bootshaus-16-km-treffen-ab-1130-uhr-am-bootshaus-abfahrt-1215-uhr-geplant-ist-da\/#webpage","url":"https:\/\/kanu-gruppe-wilster.de\/index.php\/sa-11-10-14-abpaddelnabpaddeln-11-10-2014-wilster-au-stor-bootshaus-beidenfleth-bootshaus-16-km-treffen-ab-1130-uhr-am-bootshaus-abfahrt-1215-uhr-geplant-ist-da\/","name":"Sa. 11.10.14 AbpaddelnAbpaddeln 11.10.2014 &ndash; Kanu Gruppe Wilster e.V.","isPartOf":{"@id":"https:\/\/kanu-gruppe-wilster.de\/#website"},"datePublished":"2014-09-16T19:15:04+00:00","dateModified":"2014-09-16T19:15:04+00:00","author":{"@id":"https:\/\/kanu-gruppe-wilster.de\/#\/schema\/person\/7489fc75ff891776bcddaa56e64dbb54"},"breadcrumb":{"@id":"https:\/\/kanu-gruppe-wilster.de\/index.php\/sa-11-10-14-abpaddelnabpaddeln-11-10-2014-wilster-au-stor-bootshaus-beidenfleth-bootshaus-16-km-treffen-ab-1130-uhr-am-bootshaus-abfahrt-1215-uhr-geplant-ist-da\/#breadcrumb"},"inLanguage":"de","potentialAction":[{"@type":"ReadAction","target":["https:\/\/kanu-gruppe-wilster.de\/index.php\/sa-11-10-14-abpaddelnabpaddeln-11-10-2014-wilster-au-stor-bootshaus-beidenfleth-bootshaus-16-km-treffen-ab-1130-uhr-am-bootshaus-abfahrt-1215-uhr-geplant-ist-da\/"]}]},{"@type":"BreadcrumbList","@id":"https:\/\/kanu-gruppe-wilster.de\/index.php\/sa-11-10-14-abpaddelnabpaddeln-11-10-2014-wilster-au-stor-bootshaus-beidenfleth-bootshaus-16-km-treffen-ab-1130-uhr-am-bootshaus-abfahrt-1215-uhr-geplant-ist-da\/#breadcrumb","itemListElement":[{"@type":"ListItem","position":1,"name":"Startseite","item":"https:\/\/kanu-gruppe-wilster.de\/"},{"@type":"ListItem","position":2,"name":"Sa. 11.10.14 AbpaddelnAbpaddeln 11.10.2014"}]},{"@type":"Person","@id":"https:\/\/kanu-gruppe-wilster.de\/#\/schema\/person\/7489fc75ff891776bcddaa56e64dbb54","name":"UweMuenster","image":{"@type":"ImageObject","inLanguage":"de","@id":"https:\/\/kanu-gruppe-wilster.de\/#\/schema\/person\/image\/","url":"https:\/\/secure.gravatar.com\/avatar\/633d80af5ecf11a7e42ad51ef88894a9?s=96&d=mm&r=g","contentUrl":"https:\/\/secure.gravatar.com\/avatar\/633d80af5ecf11a7e42ad51ef88894a9?s=96&d=mm&r=g","caption":"UweMuenster"},"url":"https:\/\/kanu-gruppe-wilster.de\/index.php\/author\/uwemuenster\/"}]}},"_links":{"self":[{"href":"https:\/\/kanu-gruppe-wilster.de\/index.php\/wp-json\/wp\/v2\/posts\/996"}],"collection":[{"href":"https:\/\/kanu-gruppe-wilster.de\/index.php\/wp-json\/wp\/v2\/posts"}],"about":[{"href":"https:\/\/kanu-gruppe-wilster.de\/index.php\/wp-json\/wp\/v2\/types\/post"}],"author":[{"embeddable":true,"href":"https:\/\/kanu-gruppe-wilster.de\/index.php\/wp-json\/wp\/v2\/users\/2"}],"replies":[{"embeddable":true,"href":"https:\/\/kanu-gruppe-wilster.de\/index.php\/wp-json\/wp\/v2\/comments?post=996"}],"version-history":[{"count":0,"href":"https:\/\/kanu-gruppe-wilster.de\/index.php\/wp-json\/wp\/v2\/posts\/996\/revisions"}],"wp:attachment":[{"href":"https:\/\/kanu-gruppe-wilster.de\/index.php\/wp-json\/wp\/v2\/media?parent=996"}],"wp:term":[{"taxonomy":"category","embeddable":true,"href":"https:\/\/kanu-gruppe-wilster.de\/index.php\/wp-json\/wp\/v2\/categories?post=996"},{"taxonomy":"post_tag","embeddable":true,"href":"https:\/\/kanu-gruppe-wilster.de\/index.php\/wp-json\/wp\/v2\/tags?post=996"}],"curies":[{"name":"wp","href":"https:\/\/api.w.org\/{rel}","templated":true}]}}