{"id":986,"date":"2014-08-20T16:39:55","date_gmt":"2014-08-20T15:39:55","guid":{"rendered":"http:\/\/kanu-gruppe-wilster.de\/?p=986"},"modified":"2014-08-20T16:39:55","modified_gmt":"2014-08-20T15:39:55","slug":"13-09-2014-verbandsfahrt-der-kgw","status":"publish","type":"post","link":"https:\/\/kanu-gruppe-wilster.de\/index.php\/13-09-2014-verbandsfahrt-der-kgw\/","title":{"rendered":"13.09.2014 Verbandsfahrt der KGW"},"content":{"rendered":"<p><strong>Verbandsfahrt auf der Wilsterau<\/strong><\/p>\n<p>Die Verbandsfahrt der Kanu-Gruppe Wilster findet diesmal an einem <span style=\"text-decoration: underline;\">Samstag<\/span>, den 13. September, statt. Start ist um 09.30 Uhr beim Bootshaus und wir paddeln dann zum NO-Kanal. Nach einer Pause paddeln wir dann gegen 13.00 Uhr wieder zur\u00fcck (Gesamtstrecke 33 km). Wer nur eine Strecke paddeln m\u00f6chte, kann mit uns dann ab 13.00 Uhr vom Sch\u00f6pfwerk NOK wieder Richtung Wilster fahren (16,5 km).<\/p>\n<p>Wir brauchen wieder Eure Unterst\u00fctzung beim Kuchenbacken, damit wir mit unseren G\u00e4sten zum Abschluss des Tages gem\u00fctlich Kaffeetrinken k\u00f6nnen. Eine Liste zum Eintragen wird ab August im Bootshaus aush\u00e4ngen.<\/p>\n<p><span style=\"text-decoration: underline;\">Hinweis<\/span>: Am n\u00e4chsten Tag (14.09.) veranstaltet dann der IKC seine Verbandsfahrt (Bad Bramstadt \u2013 Itzehoe).<\/p>\n<p>Peter 0170 \/ 9770450<\/p>\n","protected":false},"excerpt":{"rendered":"<p>Verbandsfahrt auf der Wilsterau Die Verbandsfahrt der Kanu-Gruppe Wilster findet diesmal an einem Samstag, den 13. September, statt. Start ist um 09.30 Uhr beim Bootshaus und wir paddeln dann zum NO-Kanal. Nach einer Pause paddeln wir dann gegen 13.00 Uhr wieder zur\u00fcck (Gesamtstrecke 33 km). Wer nur eine Strecke paddeln m\u00f6chte, kann mit uns dann<\/p>\n","protected":false},"author":2,"featured_media":0,"comment_status":"open","ping_status":"open","sticky":false,"template":"","format":"standard","meta":{"ngg_post_thumbnail":0},"categories":[4,1],"tags":[],"yoast_head":"<!-- This site is optimized with the Yoast SEO plugin v19.0 - https:\/\/yoast.com\/wordpress\/plugins\/seo\/ -->\n<title>13.09.2014 Verbandsfahrt der KGW &ndash; Kanu Gruppe Wilster e.V.<\/title>\n<meta name=\"robots\" content=\"index, follow, max-snippet:-1, max-image-preview:large, max-video-preview:-1\" \/>\n<link rel=\"canonical\" href=\"https:\/\/kanu-gruppe-wilster.de\/index.php\/13-09-2014-verbandsfahrt-der-kgw\/\" \/>\n<meta property=\"og:locale\" content=\"de_DE\" \/>\n<meta property=\"og:type\" content=\"article\" \/>\n<meta property=\"og:title\" content=\"13.09.2014 Verbandsfahrt der KGW &ndash; Kanu Gruppe Wilster e.V.\" \/>\n<meta property=\"og:description\" content=\"Verbandsfahrt auf der Wilsterau Die Verbandsfahrt der Kanu-Gruppe Wilster findet diesmal an einem Samstag, den 13. September, statt. Start ist um 09.30 Uhr beim Bootshaus und wir paddeln dann zum NO-Kanal. Nach einer Pause paddeln wir dann gegen 13.00 Uhr wieder zur\u00fcck (Gesamtstrecke 33 km). Wer nur eine Strecke paddeln m\u00f6chte, kann mit uns dann\" \/>\n<meta property=\"og:url\" content=\"https:\/\/kanu-gruppe-wilster.de\/index.php\/13-09-2014-verbandsfahrt-der-kgw\/\" \/>\n<meta property=\"og:site_name\" content=\"Kanu Gruppe Wilster e.V.\" \/>\n<meta property=\"article:published_time\" content=\"2014-08-20T15:39:55+00:00\" \/>\n<meta name=\"twitter:card\" content=\"summary\" \/>\n<meta name=\"twitter:label1\" content=\"Verfasst von\" \/>\n\t<meta name=\"twitter:data1\" content=\"UweMuenster\" \/>\n\t<meta name=\"twitter:label2\" content=\"Gesch\u00e4tzte Lesezeit\" \/>\n\t<meta name=\"twitter:data2\" content=\"1\u00a0Minute\" \/>\n<script type=\"application\/ld+json\" class=\"yoast-schema-graph\">{\"@context\":\"https:\/\/schema.org\",\"@graph\":[{\"@type\":\"WebSite\",\"@id\":\"https:\/\/kanu-gruppe-wilster.de\/#website\",\"url\":\"https:\/\/kanu-gruppe-wilster.de\/\",\"name\":\"Kanu Gruppe Wilster e.V.\",\"description\":\"Kanuverein an der Wilster Au\",\"potentialAction\":[{\"@type\":\"SearchAction\",\"target\":{\"@type\":\"EntryPoint\",\"urlTemplate\":\"https:\/\/kanu-gruppe-wilster.de\/?s={search_term_string}\"},\"query-input\":\"required name=search_term_string\"}],\"inLanguage\":\"de\"},{\"@type\":\"WebPage\",\"@id\":\"https:\/\/kanu-gruppe-wilster.de\/index.php\/13-09-2014-verbandsfahrt-der-kgw\/#webpage\",\"url\":\"https:\/\/kanu-gruppe-wilster.de\/index.php\/13-09-2014-verbandsfahrt-der-kgw\/\",\"name\":\"13.09.2014 Verbandsfahrt der KGW &ndash; Kanu Gruppe Wilster e.V.\",\"isPartOf\":{\"@id\":\"https:\/\/kanu-gruppe-wilster.de\/#website\"},\"datePublished\":\"2014-08-20T15:39:55+00:00\",\"dateModified\":\"2014-08-20T15:39:55+00:00\",\"author\":{\"@id\":\"https:\/\/kanu-gruppe-wilster.de\/#\/schema\/person\/7489fc75ff891776bcddaa56e64dbb54\"},\"breadcrumb\":{\"@id\":\"https:\/\/kanu-gruppe-wilster.de\/index.php\/13-09-2014-verbandsfahrt-der-kgw\/#breadcrumb\"},\"inLanguage\":\"de\",\"potentialAction\":[{\"@type\":\"ReadAction\",\"target\":[\"https:\/\/kanu-gruppe-wilster.de\/index.php\/13-09-2014-verbandsfahrt-der-kgw\/\"]}]},{\"@type\":\"BreadcrumbList\",\"@id\":\"https:\/\/kanu-gruppe-wilster.de\/index.php\/13-09-2014-verbandsfahrt-der-kgw\/#breadcrumb\",\"itemListElement\":[{\"@type\":\"ListItem\",\"position\":1,\"name\":\"Startseite\",\"item\":\"https:\/\/kanu-gruppe-wilster.de\/\"},{\"@type\":\"ListItem\",\"position\":2,\"name\":\"13.09.2014 Verbandsfahrt der KGW\"}]},{\"@type\":\"Person\",\"@id\":\"https:\/\/kanu-gruppe-wilster.de\/#\/schema\/person\/7489fc75ff891776bcddaa56e64dbb54\",\"name\":\"UweMuenster\",\"image\":{\"@type\":\"ImageObject\",\"inLanguage\":\"de\",\"@id\":\"https:\/\/kanu-gruppe-wilster.de\/#\/schema\/person\/image\/\",\"url\":\"https:\/\/secure.gravatar.com\/avatar\/633d80af5ecf11a7e42ad51ef88894a9?s=96&d=mm&r=g\",\"contentUrl\":\"https:\/\/secure.gravatar.com\/avatar\/633d80af5ecf11a7e42ad51ef88894a9?s=96&d=mm&r=g\",\"caption\":\"UweMuenster\"},\"url\":\"https:\/\/kanu-gruppe-wilster.de\/index.php\/author\/uwemuenster\/\"}]}<\/script>\n<!-- \/ Yoast SEO plugin. -->","yoast_head_json":{"title":"13.09.2014 Verbandsfahrt der KGW &ndash; Kanu Gruppe Wilster e.V.","robots":{"index":"index","follow":"follow","max-snippet":"max-snippet:-1","max-image-preview":"max-image-preview:large","max-video-preview":"max-video-preview:-1"},"canonical":"https:\/\/kanu-gruppe-wilster.de\/index.php\/13-09-2014-verbandsfahrt-der-kgw\/","og_locale":"de_DE","og_type":"article","og_title":"13.09.2014 Verbandsfahrt der KGW &ndash; Kanu Gruppe Wilster e.V.","og_description":"Verbandsfahrt auf der Wilsterau Die Verbandsfahrt der Kanu-Gruppe Wilster findet diesmal an einem Samstag, den 13. September, statt. Start ist um 09.30 Uhr beim Bootshaus und wir paddeln dann zum NO-Kanal. Nach einer Pause paddeln wir dann gegen 13.00 Uhr wieder zur\u00fcck (Gesamtstrecke 33 km). Wer nur eine Strecke paddeln m\u00f6chte, kann mit uns dann","og_url":"https:\/\/kanu-gruppe-wilster.de\/index.php\/13-09-2014-verbandsfahrt-der-kgw\/","og_site_name":"Kanu Gruppe Wilster e.V.","article_published_time":"2014-08-20T15:39:55+00:00","twitter_card":"summary","twitter_misc":{"Verfasst von":"UweMuenster","Gesch\u00e4tzte Lesezeit":"1\u00a0Minute"},"schema":{"@context":"https:\/\/schema.org","@graph":[{"@type":"WebSite","@id":"https:\/\/kanu-gruppe-wilster.de\/#website","url":"https:\/\/kanu-gruppe-wilster.de\/","name":"Kanu Gruppe Wilster e.V.","description":"Kanuverein an der Wilster Au","potentialAction":[{"@type":"SearchAction","target":{"@type":"EntryPoint","urlTemplate":"https:\/\/kanu-gruppe-wilster.de\/?s={search_term_string}"},"query-input":"required name=search_term_string"}],"inLanguage":"de"},{"@type":"WebPage","@id":"https:\/\/kanu-gruppe-wilster.de\/index.php\/13-09-2014-verbandsfahrt-der-kgw\/#webpage","url":"https:\/\/kanu-gruppe-wilster.de\/index.php\/13-09-2014-verbandsfahrt-der-kgw\/","name":"13.09.2014 Verbandsfahrt der KGW &ndash; Kanu Gruppe Wilster e.V.","isPartOf":{"@id":"https:\/\/kanu-gruppe-wilster.de\/#website"},"datePublished":"2014-08-20T15:39:55+00:00","dateModified":"2014-08-20T15:39:55+00:00","author":{"@id":"https:\/\/kanu-gruppe-wilster.de\/#\/schema\/person\/7489fc75ff891776bcddaa56e64dbb54"},"breadcrumb":{"@id":"https:\/\/kanu-gruppe-wilster.de\/index.php\/13-09-2014-verbandsfahrt-der-kgw\/#breadcrumb"},"inLanguage":"de","potentialAction":[{"@type":"ReadAction","target":["https:\/\/kanu-gruppe-wilster.de\/index.php\/13-09-2014-verbandsfahrt-der-kgw\/"]}]},{"@type":"BreadcrumbList","@id":"https:\/\/kanu-gruppe-wilster.de\/index.php\/13-09-2014-verbandsfahrt-der-kgw\/#breadcrumb","itemListElement":[{"@type":"ListItem","position":1,"name":"Startseite","item":"https:\/\/kanu-gruppe-wilster.de\/"},{"@type":"ListItem","position":2,"name":"13.09.2014 Verbandsfahrt der KGW"}]},{"@type":"Person","@id":"https:\/\/kanu-gruppe-wilster.de\/#\/schema\/person\/7489fc75ff891776bcddaa56e64dbb54","name":"UweMuenster","image":{"@type":"ImageObject","inLanguage":"de","@id":"https:\/\/kanu-gruppe-wilster.de\/#\/schema\/person\/image\/","url":"https:\/\/secure.gravatar.com\/avatar\/633d80af5ecf11a7e42ad51ef88894a9?s=96&d=mm&r=g","contentUrl":"https:\/\/secure.gravatar.com\/avatar\/633d80af5ecf11a7e42ad51ef88894a9?s=96&d=mm&r=g","caption":"UweMuenster"},"url":"https:\/\/kanu-gruppe-wilster.de\/index.php\/author\/uwemuenster\/"}]}},"_links":{"self":[{"href":"https:\/\/kanu-gruppe-wilster.de\/index.php\/wp-json\/wp\/v2\/posts\/986"}],"collection":[{"href":"https:\/\/kanu-gruppe-wilster.de\/index.php\/wp-json\/wp\/v2\/posts"}],"about":[{"href":"https:\/\/kanu-gruppe-wilster.de\/index.php\/wp-json\/wp\/v2\/types\/post"}],"author":[{"embeddable":true,"href":"https:\/\/kanu-gruppe-wilster.de\/index.php\/wp-json\/wp\/v2\/users\/2"}],"replies":[{"embeddable":true,"href":"https:\/\/kanu-gruppe-wilster.de\/index.php\/wp-json\/wp\/v2\/comments?post=986"}],"version-history":[{"count":0,"href":"https:\/\/kanu-gruppe-wilster.de\/index.php\/wp-json\/wp\/v2\/posts\/986\/revisions"}],"wp:attachment":[{"href":"https:\/\/kanu-gruppe-wilster.de\/index.php\/wp-json\/wp\/v2\/media?parent=986"}],"wp:term":[{"taxonomy":"category","embeddable":true,"href":"https:\/\/kanu-gruppe-wilster.de\/index.php\/wp-json\/wp\/v2\/categories?post=986"},{"taxonomy":"post_tag","embeddable":true,"href":"https:\/\/kanu-gruppe-wilster.de\/index.php\/wp-json\/wp\/v2\/tags?post=986"}],"curies":[{"name":"wp","href":"https:\/\/api.w.org\/{rel}","templated":true}]}}