{"id":9840,"date":"2022-08-14T10:35:38","date_gmt":"2022-08-14T08:35:38","guid":{"rendered":"https:\/\/kanu-gruppe-wilster.de\/?p=9840"},"modified":"2022-08-14T10:35:42","modified_gmt":"2022-08-14T08:35:42","slug":"27-08-22-1400-sommerfest-fuer-mitglieder","status":"publish","type":"post","link":"https:\/\/kanu-gruppe-wilster.de\/index.php\/27-08-22-1400-sommerfest-fuer-mitglieder\/","title":{"rendered":"27.08.22 14:00 Sommerfest f\u00fcr Mitglieder"},"content":{"rendered":"\n<p>An die Mitglieder<\/p>\n\n\n\n<p>der Kanu-Gruppe Wilster e. V.  &nbsp;&nbsp;&nbsp;&nbsp;&nbsp;&nbsp;&nbsp;&nbsp;&nbsp;&nbsp;&nbsp;&nbsp;&nbsp;&nbsp;&nbsp;&nbsp;&nbsp;&nbsp;&nbsp;&nbsp;&nbsp;&nbsp;&nbsp;                                            &nbsp;&nbsp;&nbsp;&nbsp; August 2022<\/p>\n\n\n\n<p>Moin, Moin, liebe Paddler,<\/p>\n\n\n\n<p>am Sonnabend, <strong>27. August 2022<\/strong>, 10:00-14:00 Uhr, findet wieder der allseits beliebte Bootshaus- und Anlagendienst statt. Es gibt ordentlich zu tun \u2013 Details wird uns unser Bootshauswart noch mitteilen \u2013 und\u2026.<\/p>\n\n\n\n<p>Wir bereiten unser <strong>Sommerfest f\u00fcr Mitglieder<\/strong> vor:<\/p>\n\n\n\n<p>Beginn 14:00 Uhr!<\/p>\n\n\n\n<p>Unsere frisch erworbenen SUP\u00b4s k\u00f6nnen ausprobiert werden, und die Kanu-Polo-Boote werden ebenso zum Einsatz kommen. Haupts\u00e4chlich wollen wir aber unsere Gemeinschaft feiern; mit einem Kuchenbuffet (flei\u00dfige Konditoren \/ Konditorinnen tragen sich bitte in die Listen im Bootshaus \/ in der Bootslagerung ein oder melden sich bei Marion), Grillwurst (wird unser Tresenteam organisieren) und Salaten (auch da hoffen wir auf zahlreiche Spenden) kommt auch das leibliche Wohl nicht zu kurz!<\/p>\n\n\n\n<p>Wir freuen uns auf Euch \u2013 und auf ein tolles Zusammensein! <\/p>\n\n\n\n<p>Euer Vorstand<\/p>\n","protected":false},"excerpt":{"rendered":"<p>An die Mitglieder der Kanu-Gruppe Wilster e. V. &nbsp;&nbsp;&nbsp;&nbsp;&nbsp;&nbsp;&nbsp;&nbsp;&nbsp;&nbsp;&nbsp;&nbsp;&nbsp;&nbsp;&nbsp;&nbsp;&nbsp;&nbsp;&nbsp;&nbsp;&nbsp;&nbsp;&nbsp; &nbsp;&nbsp;&nbsp;&nbsp; August 2022 Moin, Moin, liebe Paddler, am Sonnabend, 27. August 2022, 10:00-14:00 Uhr, findet wieder der allseits beliebte Bootshaus- und Anlagendienst statt. Es gibt ordentlich zu tun \u2013 Details wird uns unser Bootshauswart noch mitteilen \u2013 und\u2026. Wir bereiten unser Sommerfest f\u00fcr Mitglieder vor: Beginn<\/p>\n","protected":false},"author":2,"featured_media":0,"comment_status":"open","ping_status":"open","sticky":false,"template":"","format":"standard","meta":{"ngg_post_thumbnail":0},"categories":[3,4,1],"tags":[],"yoast_head":"<!-- This site is optimized with the Yoast SEO plugin v19.0 - https:\/\/yoast.com\/wordpress\/plugins\/seo\/ -->\n<title>27.08.22 14:00 Sommerfest f\u00fcr Mitglieder &ndash; Kanu Gruppe Wilster e.V.<\/title>\n<meta name=\"robots\" content=\"index, follow, max-snippet:-1, max-image-preview:large, max-video-preview:-1\" \/>\n<link rel=\"canonical\" href=\"https:\/\/kanu-gruppe-wilster.de\/index.php\/27-08-22-1400-sommerfest-fuer-mitglieder\/\" \/>\n<meta property=\"og:locale\" content=\"de_DE\" \/>\n<meta property=\"og:type\" content=\"article\" \/>\n<meta property=\"og:title\" content=\"27.08.22 14:00 Sommerfest f\u00fcr Mitglieder &ndash; Kanu Gruppe Wilster e.V.\" \/>\n<meta property=\"og:description\" content=\"An die Mitglieder der Kanu-Gruppe Wilster e. V. &nbsp;&nbsp;&nbsp;&nbsp;&nbsp;&nbsp;&nbsp;&nbsp;&nbsp;&nbsp;&nbsp;&nbsp;&nbsp;&nbsp;&nbsp;&nbsp;&nbsp;&nbsp;&nbsp;&nbsp;&nbsp;&nbsp;&nbsp; &nbsp;&nbsp;&nbsp;&nbsp; August 2022 Moin, Moin, liebe Paddler, am Sonnabend, 27. August 2022, 10:00-14:00 Uhr, findet wieder der allseits beliebte Bootshaus- und Anlagendienst statt. Es gibt ordentlich zu tun \u2013 Details wird uns unser Bootshauswart noch mitteilen \u2013 und\u2026. Wir bereiten unser Sommerfest f\u00fcr Mitglieder vor: Beginn\" \/>\n<meta property=\"og:url\" content=\"https:\/\/kanu-gruppe-wilster.de\/index.php\/27-08-22-1400-sommerfest-fuer-mitglieder\/\" \/>\n<meta property=\"og:site_name\" content=\"Kanu Gruppe Wilster e.V.\" \/>\n<meta property=\"article:published_time\" content=\"2022-08-14T08:35:38+00:00\" \/>\n<meta property=\"article:modified_time\" content=\"2022-08-14T08:35:42+00:00\" \/>\n<meta name=\"twitter:card\" content=\"summary\" \/>\n<meta name=\"twitter:label1\" content=\"Verfasst von\" \/>\n\t<meta name=\"twitter:data1\" content=\"UweMuenster\" \/>\n\t<meta name=\"twitter:label2\" content=\"Gesch\u00e4tzte Lesezeit\" \/>\n\t<meta name=\"twitter:data2\" content=\"1\u00a0Minute\" \/>\n<script type=\"application\/ld+json\" class=\"yoast-schema-graph\">{\"@context\":\"https:\/\/schema.org\",\"@graph\":[{\"@type\":\"WebSite\",\"@id\":\"https:\/\/kanu-gruppe-wilster.de\/#website\",\"url\":\"https:\/\/kanu-gruppe-wilster.de\/\",\"name\":\"Kanu Gruppe Wilster e.V.\",\"description\":\"Kanuverein an der Wilster Au\",\"potentialAction\":[{\"@type\":\"SearchAction\",\"target\":{\"@type\":\"EntryPoint\",\"urlTemplate\":\"https:\/\/kanu-gruppe-wilster.de\/?s={search_term_string}\"},\"query-input\":\"required name=search_term_string\"}],\"inLanguage\":\"de\"},{\"@type\":\"WebPage\",\"@id\":\"https:\/\/kanu-gruppe-wilster.de\/index.php\/27-08-22-1400-sommerfest-fuer-mitglieder\/#webpage\",\"url\":\"https:\/\/kanu-gruppe-wilster.de\/index.php\/27-08-22-1400-sommerfest-fuer-mitglieder\/\",\"name\":\"27.08.22 14:00 Sommerfest f\u00fcr Mitglieder &ndash; Kanu Gruppe Wilster e.V.\",\"isPartOf\":{\"@id\":\"https:\/\/kanu-gruppe-wilster.de\/#website\"},\"datePublished\":\"2022-08-14T08:35:38+00:00\",\"dateModified\":\"2022-08-14T08:35:42+00:00\",\"author\":{\"@id\":\"https:\/\/kanu-gruppe-wilster.de\/#\/schema\/person\/7489fc75ff891776bcddaa56e64dbb54\"},\"breadcrumb\":{\"@id\":\"https:\/\/kanu-gruppe-wilster.de\/index.php\/27-08-22-1400-sommerfest-fuer-mitglieder\/#breadcrumb\"},\"inLanguage\":\"de\",\"potentialAction\":[{\"@type\":\"ReadAction\",\"target\":[\"https:\/\/kanu-gruppe-wilster.de\/index.php\/27-08-22-1400-sommerfest-fuer-mitglieder\/\"]}]},{\"@type\":\"BreadcrumbList\",\"@id\":\"https:\/\/kanu-gruppe-wilster.de\/index.php\/27-08-22-1400-sommerfest-fuer-mitglieder\/#breadcrumb\",\"itemListElement\":[{\"@type\":\"ListItem\",\"position\":1,\"name\":\"Startseite\",\"item\":\"https:\/\/kanu-gruppe-wilster.de\/\"},{\"@type\":\"ListItem\",\"position\":2,\"name\":\"27.08.22 14:00 Sommerfest f\u00fcr Mitglieder\"}]},{\"@type\":\"Person\",\"@id\":\"https:\/\/kanu-gruppe-wilster.de\/#\/schema\/person\/7489fc75ff891776bcddaa56e64dbb54\",\"name\":\"UweMuenster\",\"image\":{\"@type\":\"ImageObject\",\"inLanguage\":\"de\",\"@id\":\"https:\/\/kanu-gruppe-wilster.de\/#\/schema\/person\/image\/\",\"url\":\"https:\/\/secure.gravatar.com\/avatar\/633d80af5ecf11a7e42ad51ef88894a9?s=96&d=mm&r=g\",\"contentUrl\":\"https:\/\/secure.gravatar.com\/avatar\/633d80af5ecf11a7e42ad51ef88894a9?s=96&d=mm&r=g\",\"caption\":\"UweMuenster\"},\"url\":\"https:\/\/kanu-gruppe-wilster.de\/index.php\/author\/uwemuenster\/\"}]}<\/script>\n<!-- \/ Yoast SEO plugin. -->","yoast_head_json":{"title":"27.08.22 14:00 Sommerfest f\u00fcr Mitglieder &ndash; Kanu Gruppe Wilster e.V.","robots":{"index":"index","follow":"follow","max-snippet":"max-snippet:-1","max-image-preview":"max-image-preview:large","max-video-preview":"max-video-preview:-1"},"canonical":"https:\/\/kanu-gruppe-wilster.de\/index.php\/27-08-22-1400-sommerfest-fuer-mitglieder\/","og_locale":"de_DE","og_type":"article","og_title":"27.08.22 14:00 Sommerfest f\u00fcr Mitglieder &ndash; Kanu Gruppe Wilster e.V.","og_description":"An die Mitglieder der Kanu-Gruppe Wilster e. V. &nbsp;&nbsp;&nbsp;&nbsp;&nbsp;&nbsp;&nbsp;&nbsp;&nbsp;&nbsp;&nbsp;&nbsp;&nbsp;&nbsp;&nbsp;&nbsp;&nbsp;&nbsp;&nbsp;&nbsp;&nbsp;&nbsp;&nbsp; &nbsp;&nbsp;&nbsp;&nbsp; August 2022 Moin, Moin, liebe Paddler, am Sonnabend, 27. August 2022, 10:00-14:00 Uhr, findet wieder der allseits beliebte Bootshaus- und Anlagendienst statt. Es gibt ordentlich zu tun \u2013 Details wird uns unser Bootshauswart noch mitteilen \u2013 und\u2026. Wir bereiten unser Sommerfest f\u00fcr Mitglieder vor: Beginn","og_url":"https:\/\/kanu-gruppe-wilster.de\/index.php\/27-08-22-1400-sommerfest-fuer-mitglieder\/","og_site_name":"Kanu Gruppe Wilster e.V.","article_published_time":"2022-08-14T08:35:38+00:00","article_modified_time":"2022-08-14T08:35:42+00:00","twitter_card":"summary","twitter_misc":{"Verfasst von":"UweMuenster","Gesch\u00e4tzte Lesezeit":"1\u00a0Minute"},"schema":{"@context":"https:\/\/schema.org","@graph":[{"@type":"WebSite","@id":"https:\/\/kanu-gruppe-wilster.de\/#website","url":"https:\/\/kanu-gruppe-wilster.de\/","name":"Kanu Gruppe Wilster e.V.","description":"Kanuverein an der Wilster Au","potentialAction":[{"@type":"SearchAction","target":{"@type":"EntryPoint","urlTemplate":"https:\/\/kanu-gruppe-wilster.de\/?s={search_term_string}"},"query-input":"required name=search_term_string"}],"inLanguage":"de"},{"@type":"WebPage","@id":"https:\/\/kanu-gruppe-wilster.de\/index.php\/27-08-22-1400-sommerfest-fuer-mitglieder\/#webpage","url":"https:\/\/kanu-gruppe-wilster.de\/index.php\/27-08-22-1400-sommerfest-fuer-mitglieder\/","name":"27.08.22 14:00 Sommerfest f\u00fcr Mitglieder &ndash; Kanu Gruppe Wilster e.V.","isPartOf":{"@id":"https:\/\/kanu-gruppe-wilster.de\/#website"},"datePublished":"2022-08-14T08:35:38+00:00","dateModified":"2022-08-14T08:35:42+00:00","author":{"@id":"https:\/\/kanu-gruppe-wilster.de\/#\/schema\/person\/7489fc75ff891776bcddaa56e64dbb54"},"breadcrumb":{"@id":"https:\/\/kanu-gruppe-wilster.de\/index.php\/27-08-22-1400-sommerfest-fuer-mitglieder\/#breadcrumb"},"inLanguage":"de","potentialAction":[{"@type":"ReadAction","target":["https:\/\/kanu-gruppe-wilster.de\/index.php\/27-08-22-1400-sommerfest-fuer-mitglieder\/"]}]},{"@type":"BreadcrumbList","@id":"https:\/\/kanu-gruppe-wilster.de\/index.php\/27-08-22-1400-sommerfest-fuer-mitglieder\/#breadcrumb","itemListElement":[{"@type":"ListItem","position":1,"name":"Startseite","item":"https:\/\/kanu-gruppe-wilster.de\/"},{"@type":"ListItem","position":2,"name":"27.08.22 14:00 Sommerfest f\u00fcr Mitglieder"}]},{"@type":"Person","@id":"https:\/\/kanu-gruppe-wilster.de\/#\/schema\/person\/7489fc75ff891776bcddaa56e64dbb54","name":"UweMuenster","image":{"@type":"ImageObject","inLanguage":"de","@id":"https:\/\/kanu-gruppe-wilster.de\/#\/schema\/person\/image\/","url":"https:\/\/secure.gravatar.com\/avatar\/633d80af5ecf11a7e42ad51ef88894a9?s=96&d=mm&r=g","contentUrl":"https:\/\/secure.gravatar.com\/avatar\/633d80af5ecf11a7e42ad51ef88894a9?s=96&d=mm&r=g","caption":"UweMuenster"},"url":"https:\/\/kanu-gruppe-wilster.de\/index.php\/author\/uwemuenster\/"}]}},"_links":{"self":[{"href":"https:\/\/kanu-gruppe-wilster.de\/index.php\/wp-json\/wp\/v2\/posts\/9840"}],"collection":[{"href":"https:\/\/kanu-gruppe-wilster.de\/index.php\/wp-json\/wp\/v2\/posts"}],"about":[{"href":"https:\/\/kanu-gruppe-wilster.de\/index.php\/wp-json\/wp\/v2\/types\/post"}],"author":[{"embeddable":true,"href":"https:\/\/kanu-gruppe-wilster.de\/index.php\/wp-json\/wp\/v2\/users\/2"}],"replies":[{"embeddable":true,"href":"https:\/\/kanu-gruppe-wilster.de\/index.php\/wp-json\/wp\/v2\/comments?post=9840"}],"version-history":[{"count":2,"href":"https:\/\/kanu-gruppe-wilster.de\/index.php\/wp-json\/wp\/v2\/posts\/9840\/revisions"}],"predecessor-version":[{"id":9843,"href":"https:\/\/kanu-gruppe-wilster.de\/index.php\/wp-json\/wp\/v2\/posts\/9840\/revisions\/9843"}],"wp:attachment":[{"href":"https:\/\/kanu-gruppe-wilster.de\/index.php\/wp-json\/wp\/v2\/media?parent=9840"}],"wp:term":[{"taxonomy":"category","embeddable":true,"href":"https:\/\/kanu-gruppe-wilster.de\/index.php\/wp-json\/wp\/v2\/categories?post=9840"},{"taxonomy":"post_tag","embeddable":true,"href":"https:\/\/kanu-gruppe-wilster.de\/index.php\/wp-json\/wp\/v2\/tags?post=9840"}],"curies":[{"name":"wp","href":"https:\/\/api.w.org\/{rel}","templated":true}]}}