{"id":978,"date":"2014-07-10T18:58:39","date_gmt":"2014-07-10T17:58:39","guid":{"rendered":"http:\/\/kanu-gruppe-wilster.de\/?p=978"},"modified":"2014-07-10T18:58:39","modified_gmt":"2014-07-10T17:58:39","slug":"25-jahre-herrentour-der-kgw","status":"publish","type":"post","link":"https:\/\/kanu-gruppe-wilster.de\/index.php\/25-jahre-herrentour-der-kgw\/","title":{"rendered":"25 Jahre Herrentour der KGW"},"content":{"rendered":"<p>Herrentour der Kanu-Gruppe Wilster f\u00fchrte diesmal an Fulda und Weser<br \/>\n18 Paddler bew\u00e4ltigten an neun Tagen 5491 Flusskilometer in Einer- und Zweier-Kajaks<br \/>\nWilster\/sch \u2013 Die diesj\u00e4hrige \u201eHerrentour\u201c der Kanu-Gruppe Wilster (KGW)  \u2013 es war die 25. seit 1990 \u2013 f\u00fchrte 18 Paddler des Vereins an Fulda und Weser. Binnen neun Tagen bew\u00e4ltigten sie zwischen Niederaula\/Fulda und Minden\/Weser 5491 Flusskilometer. Seit 1990 haben die Aktiven der KGW allein bei den \u201eHerrentouren\u201c 64880 Kilometer zusammengepaddelt. Insgesamt beteiligt an dieser stolzen Leistung \u2013 34 Herren.<br \/>\nUm nach Rotenburg an den Hauptausgangspunkt der Wanderfahrten zu gelangen, transportierten die KGW-Kanuten im Alter von 23 bis 67 Jahren ihre 16 Einerkajaks und einen Zweier zum einen mit Reisebus und Trailer und zum Anderen mit einem Pkw an die Fulda. Empfangen wurden die Wilsteraner dort von bestem Paddelwetter mit reichlich Sonnenschein und von einer guten Str\u00f6mung, so dass die Zeit auf dem Wasser zu einem wahren Erlebnis wurde. Daran konnten auch die ersten drei Etappentage wenig \u00e4ndern: Sie bescherten den Kanuten auch tiefere Temperaturen, die sogar bis an den Gefrierpunkt reichten. Den einzigen Regentag erwischte die Gruppe erst auf der letzen Etappe, die sie von Rinteln nach Minden f\u00fchrte. Gemessen an dem, was auch h\u00e4tte kommen k\u00f6nnen, eine Marginalie.<br \/>\n\u00dcberrascht hatte J\u00fcrgen Kock insbesondere, dass sowohl Fulda als auch Weser gute Str\u00f6mung hatten und dass das Wetter insgesamt mitspielte. \u201eDas war an den Tagen zuvor nicht immer so, berichteten uns Angler, denen wir am Ufer begegnet waren.\u201c Doch auch wenn die Fl\u00fcsse still gestanden und es wie aus Eimern gesch\u00fcttet h\u00e4tte: Es darf nicht davon ausgegangen werden, dass bei einer Herrentour aufgrund \u00e4u\u00dferer Umst\u00e4nde kapituliert wird.<br \/>\n\u00dcbernachtet hatte die Gruppe entweder auf dem Gel\u00e4nde anderer Kanu-Clubs oder auf \u00f6ffentlichen Zeltpl\u00e4tzen an der Strecke. In diesem Zusammenhang schw\u00e4rmte J\u00fcrgen Kock im Gespr\u00e4ch mit unserer Zeitung von einer Begegnung auf dem Zeltplatz in Polle, die ihn an die erste \u201eHerrentour\u201c erinnerte. Damals, 1990, waren die Fl\u00fcsse Eder, Fulda und Weser das Ziel. \u201eWir trafen schon damals auf Fritz K\u00f6ster, der heute noch das Aal-Fischen betreibt und letzter seines Standes auf der Ober-Weser ist. Und auch diesmal war er zugegen, als wir seinen Zeltplatz betraten.\u201c Dass Fritz K\u00f6ster ein gutes Ged\u00e4chtnis hat, freute J\u00fcrgen Kock: \u201eEr hatte diejenigen von uns gleich wiedererkannt, die damals schon dabei waren.\u201c<br \/>\nVerpflegt hatte sich die Gruppe unterwegs entweder in Restaurants oder in Eigenregie. Das bei fr\u00fcheren Herrentouren \u00fcbliche gemeinschaftliche Grillen fiel in diesem Jahr wegen der k\u00fchlen Abendtemperaturen allerdings komplett aus.<br \/>\nGepaddelt wurde durchweg z\u00fcgig und das in einer zeitlichen Gr\u00f6\u00dfe von f\u00fcnf Stunden t\u00e4glich, in der Regel ab 9.30 Uhr: \u201eEine Tatsache, die f\u00fcr eine so gro\u00dfe Gruppe mit Teilnehmern aller Altersgruppen nicht selbstverst\u00e4ndlich ist\u201c, meinte Ingmar Engel nach der Tour. Alle w\u00e4ren gut im Ziel gelandet: \u201eDas ist nicht immer selbst verst\u00e4ndlich\u201c, stellte der Paddler heraus.<br \/>\nDeshalb, so J\u00fcrgen Kock: \u201eWir brauchten keinen Verbandskoffer aus dem Gep\u00e4ck hervorzuholen.\u201c Allenfalls h\u00e4tten Gruppenteilnehmer Sportsalbe ben\u00f6tigt, denn Paddeln \u00fcber so viele Kilometer k\u00f6nne auch bei erfahrenen Wanderpaddlern in die Handgelenke gehen. Besonders dann, wenn schnell gepaddelt werde.<br \/>\nEntsch\u00e4digung brachte dann die Natur rechts und links des Ufers, die sich sowohl an der Fulda als auch an der Weser mit dem H\u00f6hepunkt des gleichnamigen Berglands fest in das Ged\u00e4chtnis der Wilsteraner eingrub. Und viele Orte wie Melsungen, Hannoversch-M\u00fcnden oder Hameln mit alter Bausubstanz in Fachwerkweise luden zudem zum Besichtigen ein.<br \/>\nAbwechslung boten auch die Schleusen und Wehranlagen, auf die die Gruppe im Bereich der Fulda in Neumorschen, Melsungen, Guxhagen, Neue M\u00fchle, Kassel, Wahnhausen, Bonafort und Hannoversch-M\u00fcnden trafen. Zum Teil wurde sie geschleust, zum Teil mussten die Anlagen aber auch von ihnen selbst betrieben werden, oder die Boote wurden per K\u00f6rperkraft (Guxhagen) oder mit Hilfe des Gleiswagens (Wehranlage Neue M\u00fchle) umgetragen. \u201eBis auf die Schleuse in Hameln war die Weser dagegen frei von allen k\u00fcnstlichen Hindernissen\u201c, stellte Ingmar Engel heraus.<br \/>\nAm Ende der Tour erf\u00fcllte sich Jan G\u00f6rbitz noch einen ganz pers\u00f6nlichen Wunsch: Er erwarb in Rinteln ein gebrauchtes Boot, das dort zum Verkauf angeboten worden war und brachte es von seiner ersten \u201eHerrentour\u201c mit in den hohen Norden.<br \/>\nWie schon 1990 und f\u00fcr die \u201eHerrentouren\u201c danach kreierte J\u00fcrgen Kock auch diesmal f\u00fcr die Gruppe das Fahrten-T-Shirt und lie\u00df es f\u00fcr jeden Teilnehmer drucken. Und kurz vor Fahrtenbeginn spendierte Holger Stamm, Inhaber des Restaurants \u201eStamm Haus und Meer\u201c, jedem Kanuten eine Fahrtenm\u00fctze: \u201eAls Schutz vor der Sonne konnten wir die auch gut gebrauchen\u201c erinnerte sich J\u00fcrgen Kock gern an die vielen Sonnenscheintage auf Fulda und Weser. Als Sponsor unterst\u00fctzte auch Walter Quandt die KGW-Mitglieder, indem sie der Reiseunternehmer mit einem seiner Busse f\u00fcr einen g\u00fcnstigen Preis hin und zur\u00fcck chauffierte.<br \/>\nLogistische Hilfe f\u00fcr die Gruppe leistete w\u00e4hrend der gesamten Jubil\u00e4umstour R\u00fcdiger Demnick. \u201eAls \u201agute Fee\u2019 unterst\u00fctzte uns R\u00fcdiger, wo es erforderlich wurde\u201c, freute sich J\u00fcrgen Kock \u00fcber die Hilfsbereitschaft seines Paddelfreundes, der die Gruppe im Wohnmobil begleitete und f\u00fcr immer frische Br\u00f6tchen ebenso sorgte wie f\u00fcr ausreichende Getr\u00e4nke oder f\u00fcr das An- und Abmelden der Gruppe auf den Pl\u00e4tzen. \u201eUnd wenn das Wetter mal nicht ganz so gut war, fanden wir bei ihm auch Platz unter dem Vorzelt.\u201c<br \/>\nF\u00fcr R\u00fcdiger und Reimer Demnick sowie Uwe M\u00fcnster, Dieter Horstmann und J\u00fcrgen Kock war die 25. \u201eHerrentour\u201c mit einem Erleben verbunden, dass sich vor mehr als 40 Jahren \u00e4hnlich zugetragen hatte. J\u00fcrgen Kock: \u201e1973 fuhren wir bei einer Jugendtour in unseren Booten von der Edertalsperre in Hessen bis nach Osten in Niedersachen.\u201c Die Wasserl\u00e4ufe, die sie damals benutzten \u2013 neben Eder, Hamme-Oste-Kanal und Oste auch Fulda und Weser.<br \/>\nAuch wenn viele Fahrten schon Jahrzehnte zur\u00fcckliegen: F\u00fcr die Wilsteraner Kanuten sind sie im Ged\u00e4chtnis immer noch aktuell mit vielen Erlebnissen verbunden, die gern wiedererz\u00e4hlt werden. Das n\u00e4chste Mal in Erinnerungen schwelgen werden sie in nicht so weiter Ferne bei einem Treffen, zu dem dann alle Herrentour-Teilnehmer geladen sind, die zwischen 1990 und 2014 mitgefahren sind. \u201eEin genaues Datum\u201c, so J\u00fcrgen Kock, \u201esteht noch nicht fest. Aber der Termin wird auf jeden Fall kommen.\u201c<\/p>\n<p>Und das waren die einzelnen Etappen: 1. Tag \u2013 Vorfahrt von drei Teilnehmern von Niederaula bis Rotenburg (39 km); 2. Tag \u2013 1. Etappe von Rotenburg\/Fulda bis Melsungen (30,7); 3. Tag \u2013 2. Etappe von Melsungen bis Kassel (36,4); 4. Tag \u2013 3. Etappe von Kassel bis Hannoversch-M\u00fcnden (29,1); 5. Tag \u2013 4. Etappe von Hannoversch-M\u00fcnden\/Weser bis Beverungen (53,0); 6. Tag \u2013 5. Etappe von Beverungen bis Polle (40,5); 7. Tag \u2013 6. Etappe von Polle nach Hameln (42,1);  8. Tag \u2013 7. Etappe von Hameln nach Rinteln (28,7); 9. Tag \u2013 8. Etappe von Rinteln nach Minden (39,2).<\/p>\n<p>Aktive Fahrtenteilnehmer waren J\u00fcrgen Kock, Georg Diederich, Uwe M\u00fcnster, Reimer Demnick, Hauke Horstmann, Dieter Horstmann, Peter Kohnke, Sven Nimz, Richard Ruge, Kai Nimz, Thorge Brandt, Mike Kaminski, Jan G\u00f6rbitz, Reinhard Frisch, Ingmar Engel, Jan Ratjen und Mathis Hayenga, Simon Heldberg; R\u00fcdiger Demnick leistete der Gruppe als Fahrer eines Wohnmobils wertvolle logistische Hilfe.<\/p>\n<p>Fotos: sch + privat \u2013<\/p>\n<p>091: J\u00fcrgen Kock (li.) und Dieter Horstmann pr\u00e4sentieren das \u201eoffizielle KGW-Herrentour-T-Shirt\u201c der Jubil\u00e4umstor 2014<\/p>\n<p><a href=\"http:\/\/kanu-gruppe-wilster.de\/wp-content\/uploads\/2014\/07\/02_2014_05220091-Dieter-Jodel-HT-Shirt-Bild-Hermann.jpg\"><img loading=\"lazy\" class=\"size-full wp-image-979 alignleft\" title=\"02_2014_05220091-Dieter Jodel HT-Shirt -- Bild Hermann\" src=\"http:\/\/kanu-gruppe-wilster.de\/wp-content\/uploads\/2014\/07\/02_2014_05220091-Dieter-Jodel-HT-Shirt-Bild-Hermann.jpg\" alt=\"\" width=\"679\" height=\"453\" \/><\/a><\/p>\n<p>Privat:<br \/>\nDie diesj\u00e4hrige \u201eHerrentour\u201c der Kanugruppe Wilster f\u00fchrte 18 aktive Paddler an Fulda und Weser<\/p>\n<p><a href=\"http:\/\/kanu-gruppe-wilster.de\/wp-content\/uploads\/2014\/07\/03_HT-Gruppe-2014.jpg\"><img loading=\"lazy\" class=\"size-full wp-image-980 alignleft\" title=\"03_HT-Gruppe 2014\" src=\"http:\/\/kanu-gruppe-wilster.de\/wp-content\/uploads\/2014\/07\/03_HT-Gruppe-2014.jpg\" alt=\"\" width=\"683\" height=\"525\" \/><\/a><\/p>\n","protected":false},"excerpt":{"rendered":"<p>Herrentour der Kanu-Gruppe Wilster f\u00fchrte diesmal an Fulda und Weser 18 Paddler bew\u00e4ltigten an neun Tagen 5491 Flusskilometer in Einer- und Zweier-Kajaks Wilster\/sch \u2013 Die diesj\u00e4hrige \u201eHerrentour\u201c der Kanu-Gruppe Wilster (KGW) \u2013 es war die 25. seit 1990 \u2013 f\u00fchrte 18 Paddler des Vereins an Fulda und Weser. Binnen neun Tagen bew\u00e4ltigten sie zwischen Niederaula\/Fulda<\/p>\n","protected":false},"author":2,"featured_media":0,"comment_status":"open","ping_status":"open","sticky":false,"template":"","format":"standard","meta":{"ngg_post_thumbnail":0},"categories":[4,1],"tags":[],"yoast_head":"<!-- This site is optimized with the Yoast SEO plugin v19.0 - https:\/\/yoast.com\/wordpress\/plugins\/seo\/ -->\n<title>25 Jahre Herrentour der KGW &ndash; Kanu Gruppe Wilster e.V.<\/title>\n<meta name=\"robots\" content=\"index, follow, max-snippet:-1, max-image-preview:large, max-video-preview:-1\" \/>\n<link rel=\"canonical\" href=\"https:\/\/kanu-gruppe-wilster.de\/index.php\/25-jahre-herrentour-der-kgw\/\" \/>\n<meta property=\"og:locale\" content=\"de_DE\" \/>\n<meta property=\"og:type\" content=\"article\" \/>\n<meta property=\"og:title\" content=\"25 Jahre Herrentour der KGW &ndash; Kanu Gruppe Wilster e.V.\" \/>\n<meta property=\"og:description\" content=\"Herrentour der Kanu-Gruppe Wilster f\u00fchrte diesmal an Fulda und Weser 18 Paddler bew\u00e4ltigten an neun Tagen 5491 Flusskilometer in Einer- und Zweier-Kajaks Wilster\/sch \u2013 Die diesj\u00e4hrige \u201eHerrentour\u201c der Kanu-Gruppe Wilster (KGW) \u2013 es war die 25. seit 1990 \u2013 f\u00fchrte 18 Paddler des Vereins an Fulda und Weser. Binnen neun Tagen bew\u00e4ltigten sie zwischen Niederaula\/Fulda\" \/>\n<meta property=\"og:url\" content=\"https:\/\/kanu-gruppe-wilster.de\/index.php\/25-jahre-herrentour-der-kgw\/\" \/>\n<meta property=\"og:site_name\" content=\"Kanu Gruppe Wilster e.V.\" \/>\n<meta property=\"article:published_time\" content=\"2014-07-10T17:58:39+00:00\" \/>\n<meta property=\"og:image\" content=\"http:\/\/kanu-gruppe-wilster.de\/wp-content\/uploads\/2014\/07\/02_2014_05220091-Dieter-Jodel-HT-Shirt-Bild-Hermann.jpg\" \/>\n<meta name=\"twitter:card\" content=\"summary\" \/>\n<meta name=\"twitter:label1\" content=\"Verfasst von\" \/>\n\t<meta name=\"twitter:data1\" content=\"UweMuenster\" \/>\n\t<meta name=\"twitter:label2\" content=\"Gesch\u00e4tzte Lesezeit\" \/>\n\t<meta name=\"twitter:data2\" content=\"6\u00a0Minuten\" \/>\n<script type=\"application\/ld+json\" class=\"yoast-schema-graph\">{\"@context\":\"https:\/\/schema.org\",\"@graph\":[{\"@type\":\"WebSite\",\"@id\":\"https:\/\/kanu-gruppe-wilster.de\/#website\",\"url\":\"https:\/\/kanu-gruppe-wilster.de\/\",\"name\":\"Kanu Gruppe Wilster e.V.\",\"description\":\"Kanuverein an der Wilster Au\",\"potentialAction\":[{\"@type\":\"SearchAction\",\"target\":{\"@type\":\"EntryPoint\",\"urlTemplate\":\"https:\/\/kanu-gruppe-wilster.de\/?s={search_term_string}\"},\"query-input\":\"required name=search_term_string\"}],\"inLanguage\":\"de\"},{\"@type\":\"ImageObject\",\"inLanguage\":\"de\",\"@id\":\"https:\/\/kanu-gruppe-wilster.de\/index.php\/25-jahre-herrentour-der-kgw\/#primaryimage\",\"url\":\"http:\/\/kanu-gruppe-wilster.de\/wp-content\/uploads\/2014\/07\/02_2014_05220091-Dieter-Jodel-HT-Shirt-Bild-Hermann.jpg\",\"contentUrl\":\"http:\/\/kanu-gruppe-wilster.de\/wp-content\/uploads\/2014\/07\/02_2014_05220091-Dieter-Jodel-HT-Shirt-Bild-Hermann.jpg\"},{\"@type\":\"WebPage\",\"@id\":\"https:\/\/kanu-gruppe-wilster.de\/index.php\/25-jahre-herrentour-der-kgw\/#webpage\",\"url\":\"https:\/\/kanu-gruppe-wilster.de\/index.php\/25-jahre-herrentour-der-kgw\/\",\"name\":\"25 Jahre Herrentour der KGW &ndash; Kanu Gruppe Wilster e.V.\",\"isPartOf\":{\"@id\":\"https:\/\/kanu-gruppe-wilster.de\/#website\"},\"primaryImageOfPage\":{\"@id\":\"https:\/\/kanu-gruppe-wilster.de\/index.php\/25-jahre-herrentour-der-kgw\/#primaryimage\"},\"datePublished\":\"2014-07-10T17:58:39+00:00\",\"dateModified\":\"2014-07-10T17:58:39+00:00\",\"author\":{\"@id\":\"https:\/\/kanu-gruppe-wilster.de\/#\/schema\/person\/7489fc75ff891776bcddaa56e64dbb54\"},\"breadcrumb\":{\"@id\":\"https:\/\/kanu-gruppe-wilster.de\/index.php\/25-jahre-herrentour-der-kgw\/#breadcrumb\"},\"inLanguage\":\"de\",\"potentialAction\":[{\"@type\":\"ReadAction\",\"target\":[\"https:\/\/kanu-gruppe-wilster.de\/index.php\/25-jahre-herrentour-der-kgw\/\"]}]},{\"@type\":\"BreadcrumbList\",\"@id\":\"https:\/\/kanu-gruppe-wilster.de\/index.php\/25-jahre-herrentour-der-kgw\/#breadcrumb\",\"itemListElement\":[{\"@type\":\"ListItem\",\"position\":1,\"name\":\"Startseite\",\"item\":\"https:\/\/kanu-gruppe-wilster.de\/\"},{\"@type\":\"ListItem\",\"position\":2,\"name\":\"25 Jahre Herrentour der KGW\"}]},{\"@type\":\"Person\",\"@id\":\"https:\/\/kanu-gruppe-wilster.de\/#\/schema\/person\/7489fc75ff891776bcddaa56e64dbb54\",\"name\":\"UweMuenster\",\"image\":{\"@type\":\"ImageObject\",\"inLanguage\":\"de\",\"@id\":\"https:\/\/kanu-gruppe-wilster.de\/#\/schema\/person\/image\/\",\"url\":\"https:\/\/secure.gravatar.com\/avatar\/633d80af5ecf11a7e42ad51ef88894a9?s=96&d=mm&r=g\",\"contentUrl\":\"https:\/\/secure.gravatar.com\/avatar\/633d80af5ecf11a7e42ad51ef88894a9?s=96&d=mm&r=g\",\"caption\":\"UweMuenster\"},\"url\":\"https:\/\/kanu-gruppe-wilster.de\/index.php\/author\/uwemuenster\/\"}]}<\/script>\n<!-- \/ Yoast SEO plugin. -->","yoast_head_json":{"title":"25 Jahre Herrentour der KGW &ndash; Kanu Gruppe Wilster e.V.","robots":{"index":"index","follow":"follow","max-snippet":"max-snippet:-1","max-image-preview":"max-image-preview:large","max-video-preview":"max-video-preview:-1"},"canonical":"https:\/\/kanu-gruppe-wilster.de\/index.php\/25-jahre-herrentour-der-kgw\/","og_locale":"de_DE","og_type":"article","og_title":"25 Jahre Herrentour der KGW &ndash; Kanu Gruppe Wilster e.V.","og_description":"Herrentour der Kanu-Gruppe Wilster f\u00fchrte diesmal an Fulda und Weser 18 Paddler bew\u00e4ltigten an neun Tagen 5491 Flusskilometer in Einer- und Zweier-Kajaks Wilster\/sch \u2013 Die diesj\u00e4hrige \u201eHerrentour\u201c der Kanu-Gruppe Wilster (KGW) \u2013 es war die 25. seit 1990 \u2013 f\u00fchrte 18 Paddler des Vereins an Fulda und Weser. Binnen neun Tagen bew\u00e4ltigten sie zwischen Niederaula\/Fulda","og_url":"https:\/\/kanu-gruppe-wilster.de\/index.php\/25-jahre-herrentour-der-kgw\/","og_site_name":"Kanu Gruppe Wilster e.V.","article_published_time":"2014-07-10T17:58:39+00:00","og_image":[{"url":"http:\/\/kanu-gruppe-wilster.de\/wp-content\/uploads\/2014\/07\/02_2014_05220091-Dieter-Jodel-HT-Shirt-Bild-Hermann.jpg"}],"twitter_card":"summary","twitter_misc":{"Verfasst von":"UweMuenster","Gesch\u00e4tzte Lesezeit":"6\u00a0Minuten"},"schema":{"@context":"https:\/\/schema.org","@graph":[{"@type":"WebSite","@id":"https:\/\/kanu-gruppe-wilster.de\/#website","url":"https:\/\/kanu-gruppe-wilster.de\/","name":"Kanu Gruppe Wilster e.V.","description":"Kanuverein an der Wilster Au","potentialAction":[{"@type":"SearchAction","target":{"@type":"EntryPoint","urlTemplate":"https:\/\/kanu-gruppe-wilster.de\/?s={search_term_string}"},"query-input":"required name=search_term_string"}],"inLanguage":"de"},{"@type":"ImageObject","inLanguage":"de","@id":"https:\/\/kanu-gruppe-wilster.de\/index.php\/25-jahre-herrentour-der-kgw\/#primaryimage","url":"http:\/\/kanu-gruppe-wilster.de\/wp-content\/uploads\/2014\/07\/02_2014_05220091-Dieter-Jodel-HT-Shirt-Bild-Hermann.jpg","contentUrl":"http:\/\/kanu-gruppe-wilster.de\/wp-content\/uploads\/2014\/07\/02_2014_05220091-Dieter-Jodel-HT-Shirt-Bild-Hermann.jpg"},{"@type":"WebPage","@id":"https:\/\/kanu-gruppe-wilster.de\/index.php\/25-jahre-herrentour-der-kgw\/#webpage","url":"https:\/\/kanu-gruppe-wilster.de\/index.php\/25-jahre-herrentour-der-kgw\/","name":"25 Jahre Herrentour der KGW &ndash; Kanu Gruppe Wilster e.V.","isPartOf":{"@id":"https:\/\/kanu-gruppe-wilster.de\/#website"},"primaryImageOfPage":{"@id":"https:\/\/kanu-gruppe-wilster.de\/index.php\/25-jahre-herrentour-der-kgw\/#primaryimage"},"datePublished":"2014-07-10T17:58:39+00:00","dateModified":"2014-07-10T17:58:39+00:00","author":{"@id":"https:\/\/kanu-gruppe-wilster.de\/#\/schema\/person\/7489fc75ff891776bcddaa56e64dbb54"},"breadcrumb":{"@id":"https:\/\/kanu-gruppe-wilster.de\/index.php\/25-jahre-herrentour-der-kgw\/#breadcrumb"},"inLanguage":"de","potentialAction":[{"@type":"ReadAction","target":["https:\/\/kanu-gruppe-wilster.de\/index.php\/25-jahre-herrentour-der-kgw\/"]}]},{"@type":"BreadcrumbList","@id":"https:\/\/kanu-gruppe-wilster.de\/index.php\/25-jahre-herrentour-der-kgw\/#breadcrumb","itemListElement":[{"@type":"ListItem","position":1,"name":"Startseite","item":"https:\/\/kanu-gruppe-wilster.de\/"},{"@type":"ListItem","position":2,"name":"25 Jahre Herrentour der KGW"}]},{"@type":"Person","@id":"https:\/\/kanu-gruppe-wilster.de\/#\/schema\/person\/7489fc75ff891776bcddaa56e64dbb54","name":"UweMuenster","image":{"@type":"ImageObject","inLanguage":"de","@id":"https:\/\/kanu-gruppe-wilster.de\/#\/schema\/person\/image\/","url":"https:\/\/secure.gravatar.com\/avatar\/633d80af5ecf11a7e42ad51ef88894a9?s=96&d=mm&r=g","contentUrl":"https:\/\/secure.gravatar.com\/avatar\/633d80af5ecf11a7e42ad51ef88894a9?s=96&d=mm&r=g","caption":"UweMuenster"},"url":"https:\/\/kanu-gruppe-wilster.de\/index.php\/author\/uwemuenster\/"}]}},"_links":{"self":[{"href":"https:\/\/kanu-gruppe-wilster.de\/index.php\/wp-json\/wp\/v2\/posts\/978"}],"collection":[{"href":"https:\/\/kanu-gruppe-wilster.de\/index.php\/wp-json\/wp\/v2\/posts"}],"about":[{"href":"https:\/\/kanu-gruppe-wilster.de\/index.php\/wp-json\/wp\/v2\/types\/post"}],"author":[{"embeddable":true,"href":"https:\/\/kanu-gruppe-wilster.de\/index.php\/wp-json\/wp\/v2\/users\/2"}],"replies":[{"embeddable":true,"href":"https:\/\/kanu-gruppe-wilster.de\/index.php\/wp-json\/wp\/v2\/comments?post=978"}],"version-history":[{"count":0,"href":"https:\/\/kanu-gruppe-wilster.de\/index.php\/wp-json\/wp\/v2\/posts\/978\/revisions"}],"wp:attachment":[{"href":"https:\/\/kanu-gruppe-wilster.de\/index.php\/wp-json\/wp\/v2\/media?parent=978"}],"wp:term":[{"taxonomy":"category","embeddable":true,"href":"https:\/\/kanu-gruppe-wilster.de\/index.php\/wp-json\/wp\/v2\/categories?post=978"},{"taxonomy":"post_tag","embeddable":true,"href":"https:\/\/kanu-gruppe-wilster.de\/index.php\/wp-json\/wp\/v2\/tags?post=978"}],"curies":[{"name":"wp","href":"https:\/\/api.w.org\/{rel}","templated":true}]}}