{"id":938,"date":"2014-04-24T19:36:59","date_gmt":"2014-04-24T17:36:59","guid":{"rendered":"http:\/\/kanu-gruppe-wilster.de\/?p=938"},"modified":"2014-04-24T19:36:59","modified_gmt":"2014-04-24T17:36:59","slug":"kanu-gruppe-wilster-im-fruhjahr-2014","status":"publish","type":"post","link":"https:\/\/kanu-gruppe-wilster.de\/index.php\/kanu-gruppe-wilster-im-fruhjahr-2014\/","title":{"rendered":"Kanu Gruppe Wilster im Fr\u00fchjahr 2014"},"content":{"rendered":"<p>In der heutigen Wilsterschen Zeitung (24.04.2014) ist ein ausf\u00fchrlicher Ausblick und ein kleiner R\u00fcckblick auf unsere Aktivit\u00e4ten in diser Fahrtensaison ver\u00f6ffentlicht. Den ausf\u00fchrlichen und gut zulesenden Bericht findet ihr unter dem folgenden <a href=\"http:\/\/www.shz.de\/lokales\/wilstersche-zeitung\/von-wesermarathon-bis-stoer-tour-id6358451.html\">link<\/a> <\/p>\n","protected":false},"excerpt":{"rendered":"<p>In der heutigen Wilsterschen Zeitung (24.04.2014) ist ein ausf\u00fchrlicher Ausblick und ein kleiner R\u00fcckblick auf unsere Aktivit\u00e4ten in diser Fahrtensaison ver\u00f6ffentlicht. Den ausf\u00fchrlichen und gut zulesenden Bericht findet ihr unter dem folgenden link<\/p>\n","protected":false},"author":2,"featured_media":0,"comment_status":"open","ping_status":"open","sticky":false,"template":"","format":"standard","meta":{"ngg_post_thumbnail":0},"categories":[1,5],"tags":[],"yoast_head":"<!-- This site is optimized with the Yoast SEO plugin v19.0 - https:\/\/yoast.com\/wordpress\/plugins\/seo\/ -->\n<title>Kanu Gruppe Wilster im Fr\u00fchjahr 2014 &ndash; Kanu Gruppe Wilster e.V.<\/title>\n<meta name=\"robots\" content=\"index, follow, max-snippet:-1, max-image-preview:large, max-video-preview:-1\" \/>\n<link rel=\"canonical\" href=\"https:\/\/kanu-gruppe-wilster.de\/index.php\/kanu-gruppe-wilster-im-fruhjahr-2014\/\" \/>\n<meta property=\"og:locale\" content=\"de_DE\" \/>\n<meta property=\"og:type\" content=\"article\" \/>\n<meta property=\"og:title\" content=\"Kanu Gruppe Wilster im Fr\u00fchjahr 2014 &ndash; Kanu Gruppe Wilster e.V.\" \/>\n<meta property=\"og:description\" content=\"In der heutigen Wilsterschen Zeitung (24.04.2014) ist ein ausf\u00fchrlicher Ausblick und ein kleiner R\u00fcckblick auf unsere Aktivit\u00e4ten in diser Fahrtensaison ver\u00f6ffentlicht. Den ausf\u00fchrlichen und gut zulesenden Bericht findet ihr unter dem folgenden link\" \/>\n<meta property=\"og:url\" content=\"https:\/\/kanu-gruppe-wilster.de\/index.php\/kanu-gruppe-wilster-im-fruhjahr-2014\/\" \/>\n<meta property=\"og:site_name\" content=\"Kanu Gruppe Wilster e.V.\" \/>\n<meta property=\"article:published_time\" content=\"2014-04-24T17:36:59+00:00\" \/>\n<meta name=\"twitter:card\" content=\"summary\" \/>\n<meta name=\"twitter:label1\" content=\"Verfasst von\" \/>\n\t<meta name=\"twitter:data1\" content=\"UweMuenster\" \/>\n<script type=\"application\/ld+json\" class=\"yoast-schema-graph\">{\"@context\":\"https:\/\/schema.org\",\"@graph\":[{\"@type\":\"WebSite\",\"@id\":\"https:\/\/kanu-gruppe-wilster.de\/#website\",\"url\":\"https:\/\/kanu-gruppe-wilster.de\/\",\"name\":\"Kanu Gruppe Wilster e.V.\",\"description\":\"Kanuverein an der Wilster Au\",\"potentialAction\":[{\"@type\":\"SearchAction\",\"target\":{\"@type\":\"EntryPoint\",\"urlTemplate\":\"https:\/\/kanu-gruppe-wilster.de\/?s={search_term_string}\"},\"query-input\":\"required name=search_term_string\"}],\"inLanguage\":\"de\"},{\"@type\":\"WebPage\",\"@id\":\"https:\/\/kanu-gruppe-wilster.de\/index.php\/kanu-gruppe-wilster-im-fruhjahr-2014\/#webpage\",\"url\":\"https:\/\/kanu-gruppe-wilster.de\/index.php\/kanu-gruppe-wilster-im-fruhjahr-2014\/\",\"name\":\"Kanu Gruppe Wilster im Fr\u00fchjahr 2014 &ndash; Kanu Gruppe Wilster e.V.\",\"isPartOf\":{\"@id\":\"https:\/\/kanu-gruppe-wilster.de\/#website\"},\"datePublished\":\"2014-04-24T17:36:59+00:00\",\"dateModified\":\"2014-04-24T17:36:59+00:00\",\"author\":{\"@id\":\"https:\/\/kanu-gruppe-wilster.de\/#\/schema\/person\/7489fc75ff891776bcddaa56e64dbb54\"},\"breadcrumb\":{\"@id\":\"https:\/\/kanu-gruppe-wilster.de\/index.php\/kanu-gruppe-wilster-im-fruhjahr-2014\/#breadcrumb\"},\"inLanguage\":\"de\",\"potentialAction\":[{\"@type\":\"ReadAction\",\"target\":[\"https:\/\/kanu-gruppe-wilster.de\/index.php\/kanu-gruppe-wilster-im-fruhjahr-2014\/\"]}]},{\"@type\":\"BreadcrumbList\",\"@id\":\"https:\/\/kanu-gruppe-wilster.de\/index.php\/kanu-gruppe-wilster-im-fruhjahr-2014\/#breadcrumb\",\"itemListElement\":[{\"@type\":\"ListItem\",\"position\":1,\"name\":\"Startseite\",\"item\":\"https:\/\/kanu-gruppe-wilster.de\/\"},{\"@type\":\"ListItem\",\"position\":2,\"name\":\"Kanu Gruppe Wilster im Fr\u00fchjahr 2014\"}]},{\"@type\":\"Person\",\"@id\":\"https:\/\/kanu-gruppe-wilster.de\/#\/schema\/person\/7489fc75ff891776bcddaa56e64dbb54\",\"name\":\"UweMuenster\",\"image\":{\"@type\":\"ImageObject\",\"inLanguage\":\"de\",\"@id\":\"https:\/\/kanu-gruppe-wilster.de\/#\/schema\/person\/image\/\",\"url\":\"https:\/\/secure.gravatar.com\/avatar\/633d80af5ecf11a7e42ad51ef88894a9?s=96&d=mm&r=g\",\"contentUrl\":\"https:\/\/secure.gravatar.com\/avatar\/633d80af5ecf11a7e42ad51ef88894a9?s=96&d=mm&r=g\",\"caption\":\"UweMuenster\"},\"url\":\"https:\/\/kanu-gruppe-wilster.de\/index.php\/author\/uwemuenster\/\"}]}<\/script>\n<!-- \/ Yoast SEO plugin. -->","yoast_head_json":{"title":"Kanu Gruppe Wilster im Fr\u00fchjahr 2014 &ndash; Kanu Gruppe Wilster e.V.","robots":{"index":"index","follow":"follow","max-snippet":"max-snippet:-1","max-image-preview":"max-image-preview:large","max-video-preview":"max-video-preview:-1"},"canonical":"https:\/\/kanu-gruppe-wilster.de\/index.php\/kanu-gruppe-wilster-im-fruhjahr-2014\/","og_locale":"de_DE","og_type":"article","og_title":"Kanu Gruppe Wilster im Fr\u00fchjahr 2014 &ndash; Kanu Gruppe Wilster e.V.","og_description":"In der heutigen Wilsterschen Zeitung (24.04.2014) ist ein ausf\u00fchrlicher Ausblick und ein kleiner R\u00fcckblick auf unsere Aktivit\u00e4ten in diser Fahrtensaison ver\u00f6ffentlicht. Den ausf\u00fchrlichen und gut zulesenden Bericht findet ihr unter dem folgenden link","og_url":"https:\/\/kanu-gruppe-wilster.de\/index.php\/kanu-gruppe-wilster-im-fruhjahr-2014\/","og_site_name":"Kanu Gruppe Wilster e.V.","article_published_time":"2014-04-24T17:36:59+00:00","twitter_card":"summary","twitter_misc":{"Verfasst von":"UweMuenster"},"schema":{"@context":"https:\/\/schema.org","@graph":[{"@type":"WebSite","@id":"https:\/\/kanu-gruppe-wilster.de\/#website","url":"https:\/\/kanu-gruppe-wilster.de\/","name":"Kanu Gruppe Wilster e.V.","description":"Kanuverein an der Wilster Au","potentialAction":[{"@type":"SearchAction","target":{"@type":"EntryPoint","urlTemplate":"https:\/\/kanu-gruppe-wilster.de\/?s={search_term_string}"},"query-input":"required name=search_term_string"}],"inLanguage":"de"},{"@type":"WebPage","@id":"https:\/\/kanu-gruppe-wilster.de\/index.php\/kanu-gruppe-wilster-im-fruhjahr-2014\/#webpage","url":"https:\/\/kanu-gruppe-wilster.de\/index.php\/kanu-gruppe-wilster-im-fruhjahr-2014\/","name":"Kanu Gruppe Wilster im Fr\u00fchjahr 2014 &ndash; Kanu Gruppe Wilster e.V.","isPartOf":{"@id":"https:\/\/kanu-gruppe-wilster.de\/#website"},"datePublished":"2014-04-24T17:36:59+00:00","dateModified":"2014-04-24T17:36:59+00:00","author":{"@id":"https:\/\/kanu-gruppe-wilster.de\/#\/schema\/person\/7489fc75ff891776bcddaa56e64dbb54"},"breadcrumb":{"@id":"https:\/\/kanu-gruppe-wilster.de\/index.php\/kanu-gruppe-wilster-im-fruhjahr-2014\/#breadcrumb"},"inLanguage":"de","potentialAction":[{"@type":"ReadAction","target":["https:\/\/kanu-gruppe-wilster.de\/index.php\/kanu-gruppe-wilster-im-fruhjahr-2014\/"]}]},{"@type":"BreadcrumbList","@id":"https:\/\/kanu-gruppe-wilster.de\/index.php\/kanu-gruppe-wilster-im-fruhjahr-2014\/#breadcrumb","itemListElement":[{"@type":"ListItem","position":1,"name":"Startseite","item":"https:\/\/kanu-gruppe-wilster.de\/"},{"@type":"ListItem","position":2,"name":"Kanu Gruppe Wilster im Fr\u00fchjahr 2014"}]},{"@type":"Person","@id":"https:\/\/kanu-gruppe-wilster.de\/#\/schema\/person\/7489fc75ff891776bcddaa56e64dbb54","name":"UweMuenster","image":{"@type":"ImageObject","inLanguage":"de","@id":"https:\/\/kanu-gruppe-wilster.de\/#\/schema\/person\/image\/","url":"https:\/\/secure.gravatar.com\/avatar\/633d80af5ecf11a7e42ad51ef88894a9?s=96&d=mm&r=g","contentUrl":"https:\/\/secure.gravatar.com\/avatar\/633d80af5ecf11a7e42ad51ef88894a9?s=96&d=mm&r=g","caption":"UweMuenster"},"url":"https:\/\/kanu-gruppe-wilster.de\/index.php\/author\/uwemuenster\/"}]}},"_links":{"self":[{"href":"https:\/\/kanu-gruppe-wilster.de\/index.php\/wp-json\/wp\/v2\/posts\/938"}],"collection":[{"href":"https:\/\/kanu-gruppe-wilster.de\/index.php\/wp-json\/wp\/v2\/posts"}],"about":[{"href":"https:\/\/kanu-gruppe-wilster.de\/index.php\/wp-json\/wp\/v2\/types\/post"}],"author":[{"embeddable":true,"href":"https:\/\/kanu-gruppe-wilster.de\/index.php\/wp-json\/wp\/v2\/users\/2"}],"replies":[{"embeddable":true,"href":"https:\/\/kanu-gruppe-wilster.de\/index.php\/wp-json\/wp\/v2\/comments?post=938"}],"version-history":[{"count":0,"href":"https:\/\/kanu-gruppe-wilster.de\/index.php\/wp-json\/wp\/v2\/posts\/938\/revisions"}],"wp:attachment":[{"href":"https:\/\/kanu-gruppe-wilster.de\/index.php\/wp-json\/wp\/v2\/media?parent=938"}],"wp:term":[{"taxonomy":"category","embeddable":true,"href":"https:\/\/kanu-gruppe-wilster.de\/index.php\/wp-json\/wp\/v2\/categories?post=938"},{"taxonomy":"post_tag","embeddable":true,"href":"https:\/\/kanu-gruppe-wilster.de\/index.php\/wp-json\/wp\/v2\/tags?post=938"}],"curies":[{"name":"wp","href":"https:\/\/api.w.org\/{rel}","templated":true}]}}