{"id":9281,"date":"2021-07-11T11:33:58","date_gmt":"2021-07-11T09:33:58","guid":{"rendered":"https:\/\/kanu-gruppe-wilster.de\/?p=9281"},"modified":"2021-07-14T16:17:49","modified_gmt":"2021-07-14T14:17:49","slug":"unser-sport-ist-coronoakonform","status":"publish","type":"post","link":"https:\/\/kanu-gruppe-wilster.de\/index.php\/unser-sport-ist-coronoakonform\/","title":{"rendered":"Unser Sport ist coronoakonform"},"content":{"rendered":"\n<p>Endlich ist es Sommer und es kehrt wieder etwas Normalit\u00e4t ein. Wir k\u00f6nnen unseren Kanu Sport wiedr unter fast normalen Bedingungen aus\u00fcben. Diesem Thema widmet sich auch der Bericht der WZ vom 06.07.2021. <a href=\"https:\/\/kanu-gruppe-wilster.de\/wp-content\/uploads\/2021\/07\/Wilstersche_Zeitung_-_06-07-2021_Kanu.pdf\">Den vollst\u00e4ndigen Bericht k\u00f6nnt ihr unter dem fogenden Link lesen.<\/a><\/p>\n","protected":false},"excerpt":{"rendered":"<p>Endlich ist es Sommer und es kehrt wieder etwas Normalit\u00e4t ein. Wir k\u00f6nnen unseren Kanu Sport wiedr unter fast normalen Bedingungen aus\u00fcben. Diesem Thema widmet sich auch der Bericht der WZ vom 06.07.2021. Den vollst\u00e4ndigen Bericht k\u00f6nnt ihr unter dem fogenden Link lesen.<\/p>\n","protected":false},"author":2,"featured_media":0,"comment_status":"open","ping_status":"open","sticky":false,"template":"","format":"standard","meta":{"ngg_post_thumbnail":0},"categories":[1,5],"tags":[],"yoast_head":"<!-- This site is optimized with the Yoast SEO plugin v19.0 - https:\/\/yoast.com\/wordpress\/plugins\/seo\/ -->\n<title>Unser Sport ist coronoakonform &ndash; Kanu Gruppe Wilster e.V.<\/title>\n<meta name=\"robots\" content=\"index, follow, max-snippet:-1, max-image-preview:large, max-video-preview:-1\" \/>\n<link rel=\"canonical\" href=\"https:\/\/kanu-gruppe-wilster.de\/index.php\/unser-sport-ist-coronoakonform\/\" \/>\n<meta property=\"og:locale\" content=\"de_DE\" \/>\n<meta property=\"og:type\" content=\"article\" \/>\n<meta property=\"og:title\" content=\"Unser Sport ist coronoakonform &ndash; Kanu Gruppe Wilster e.V.\" \/>\n<meta property=\"og:description\" content=\"Endlich ist es Sommer und es kehrt wieder etwas Normalit\u00e4t ein. Wir k\u00f6nnen unseren Kanu Sport wiedr unter fast normalen Bedingungen aus\u00fcben. Diesem Thema widmet sich auch der Bericht der WZ vom 06.07.2021. Den vollst\u00e4ndigen Bericht k\u00f6nnt ihr unter dem fogenden Link lesen.\" \/>\n<meta property=\"og:url\" content=\"https:\/\/kanu-gruppe-wilster.de\/index.php\/unser-sport-ist-coronoakonform\/\" \/>\n<meta property=\"og:site_name\" content=\"Kanu Gruppe Wilster e.V.\" \/>\n<meta property=\"article:published_time\" content=\"2021-07-11T09:33:58+00:00\" \/>\n<meta property=\"article:modified_time\" content=\"2021-07-14T14:17:49+00:00\" \/>\n<meta name=\"twitter:card\" content=\"summary\" \/>\n<meta name=\"twitter:label1\" content=\"Verfasst von\" \/>\n\t<meta name=\"twitter:data1\" content=\"UweMuenster\" \/>\n<script type=\"application\/ld+json\" class=\"yoast-schema-graph\">{\"@context\":\"https:\/\/schema.org\",\"@graph\":[{\"@type\":\"WebSite\",\"@id\":\"https:\/\/kanu-gruppe-wilster.de\/#website\",\"url\":\"https:\/\/kanu-gruppe-wilster.de\/\",\"name\":\"Kanu Gruppe Wilster e.V.\",\"description\":\"Kanuverein an der Wilster Au\",\"potentialAction\":[{\"@type\":\"SearchAction\",\"target\":{\"@type\":\"EntryPoint\",\"urlTemplate\":\"https:\/\/kanu-gruppe-wilster.de\/?s={search_term_string}\"},\"query-input\":\"required name=search_term_string\"}],\"inLanguage\":\"de\"},{\"@type\":\"WebPage\",\"@id\":\"https:\/\/kanu-gruppe-wilster.de\/index.php\/unser-sport-ist-coronoakonform\/#webpage\",\"url\":\"https:\/\/kanu-gruppe-wilster.de\/index.php\/unser-sport-ist-coronoakonform\/\",\"name\":\"Unser Sport ist coronoakonform &ndash; Kanu Gruppe Wilster e.V.\",\"isPartOf\":{\"@id\":\"https:\/\/kanu-gruppe-wilster.de\/#website\"},\"datePublished\":\"2021-07-11T09:33:58+00:00\",\"dateModified\":\"2021-07-14T14:17:49+00:00\",\"author\":{\"@id\":\"https:\/\/kanu-gruppe-wilster.de\/#\/schema\/person\/7489fc75ff891776bcddaa56e64dbb54\"},\"breadcrumb\":{\"@id\":\"https:\/\/kanu-gruppe-wilster.de\/index.php\/unser-sport-ist-coronoakonform\/#breadcrumb\"},\"inLanguage\":\"de\",\"potentialAction\":[{\"@type\":\"ReadAction\",\"target\":[\"https:\/\/kanu-gruppe-wilster.de\/index.php\/unser-sport-ist-coronoakonform\/\"]}]},{\"@type\":\"BreadcrumbList\",\"@id\":\"https:\/\/kanu-gruppe-wilster.de\/index.php\/unser-sport-ist-coronoakonform\/#breadcrumb\",\"itemListElement\":[{\"@type\":\"ListItem\",\"position\":1,\"name\":\"Startseite\",\"item\":\"https:\/\/kanu-gruppe-wilster.de\/\"},{\"@type\":\"ListItem\",\"position\":2,\"name\":\"Unser Sport ist coronoakonform\"}]},{\"@type\":\"Person\",\"@id\":\"https:\/\/kanu-gruppe-wilster.de\/#\/schema\/person\/7489fc75ff891776bcddaa56e64dbb54\",\"name\":\"UweMuenster\",\"image\":{\"@type\":\"ImageObject\",\"inLanguage\":\"de\",\"@id\":\"https:\/\/kanu-gruppe-wilster.de\/#\/schema\/person\/image\/\",\"url\":\"https:\/\/secure.gravatar.com\/avatar\/633d80af5ecf11a7e42ad51ef88894a9?s=96&d=mm&r=g\",\"contentUrl\":\"https:\/\/secure.gravatar.com\/avatar\/633d80af5ecf11a7e42ad51ef88894a9?s=96&d=mm&r=g\",\"caption\":\"UweMuenster\"},\"url\":\"https:\/\/kanu-gruppe-wilster.de\/index.php\/author\/uwemuenster\/\"}]}<\/script>\n<!-- \/ Yoast SEO plugin. -->","yoast_head_json":{"title":"Unser Sport ist coronoakonform &ndash; Kanu Gruppe Wilster e.V.","robots":{"index":"index","follow":"follow","max-snippet":"max-snippet:-1","max-image-preview":"max-image-preview:large","max-video-preview":"max-video-preview:-1"},"canonical":"https:\/\/kanu-gruppe-wilster.de\/index.php\/unser-sport-ist-coronoakonform\/","og_locale":"de_DE","og_type":"article","og_title":"Unser Sport ist coronoakonform &ndash; Kanu Gruppe Wilster e.V.","og_description":"Endlich ist es Sommer und es kehrt wieder etwas Normalit\u00e4t ein. Wir k\u00f6nnen unseren Kanu Sport wiedr unter fast normalen Bedingungen aus\u00fcben. Diesem Thema widmet sich auch der Bericht der WZ vom 06.07.2021. Den vollst\u00e4ndigen Bericht k\u00f6nnt ihr unter dem fogenden Link lesen.","og_url":"https:\/\/kanu-gruppe-wilster.de\/index.php\/unser-sport-ist-coronoakonform\/","og_site_name":"Kanu Gruppe Wilster e.V.","article_published_time":"2021-07-11T09:33:58+00:00","article_modified_time":"2021-07-14T14:17:49+00:00","twitter_card":"summary","twitter_misc":{"Verfasst von":"UweMuenster"},"schema":{"@context":"https:\/\/schema.org","@graph":[{"@type":"WebSite","@id":"https:\/\/kanu-gruppe-wilster.de\/#website","url":"https:\/\/kanu-gruppe-wilster.de\/","name":"Kanu Gruppe Wilster e.V.","description":"Kanuverein an der Wilster Au","potentialAction":[{"@type":"SearchAction","target":{"@type":"EntryPoint","urlTemplate":"https:\/\/kanu-gruppe-wilster.de\/?s={search_term_string}"},"query-input":"required name=search_term_string"}],"inLanguage":"de"},{"@type":"WebPage","@id":"https:\/\/kanu-gruppe-wilster.de\/index.php\/unser-sport-ist-coronoakonform\/#webpage","url":"https:\/\/kanu-gruppe-wilster.de\/index.php\/unser-sport-ist-coronoakonform\/","name":"Unser Sport ist coronoakonform &ndash; Kanu Gruppe Wilster e.V.","isPartOf":{"@id":"https:\/\/kanu-gruppe-wilster.de\/#website"},"datePublished":"2021-07-11T09:33:58+00:00","dateModified":"2021-07-14T14:17:49+00:00","author":{"@id":"https:\/\/kanu-gruppe-wilster.de\/#\/schema\/person\/7489fc75ff891776bcddaa56e64dbb54"},"breadcrumb":{"@id":"https:\/\/kanu-gruppe-wilster.de\/index.php\/unser-sport-ist-coronoakonform\/#breadcrumb"},"inLanguage":"de","potentialAction":[{"@type":"ReadAction","target":["https:\/\/kanu-gruppe-wilster.de\/index.php\/unser-sport-ist-coronoakonform\/"]}]},{"@type":"BreadcrumbList","@id":"https:\/\/kanu-gruppe-wilster.de\/index.php\/unser-sport-ist-coronoakonform\/#breadcrumb","itemListElement":[{"@type":"ListItem","position":1,"name":"Startseite","item":"https:\/\/kanu-gruppe-wilster.de\/"},{"@type":"ListItem","position":2,"name":"Unser Sport ist coronoakonform"}]},{"@type":"Person","@id":"https:\/\/kanu-gruppe-wilster.de\/#\/schema\/person\/7489fc75ff891776bcddaa56e64dbb54","name":"UweMuenster","image":{"@type":"ImageObject","inLanguage":"de","@id":"https:\/\/kanu-gruppe-wilster.de\/#\/schema\/person\/image\/","url":"https:\/\/secure.gravatar.com\/avatar\/633d80af5ecf11a7e42ad51ef88894a9?s=96&d=mm&r=g","contentUrl":"https:\/\/secure.gravatar.com\/avatar\/633d80af5ecf11a7e42ad51ef88894a9?s=96&d=mm&r=g","caption":"UweMuenster"},"url":"https:\/\/kanu-gruppe-wilster.de\/index.php\/author\/uwemuenster\/"}]}},"_links":{"self":[{"href":"https:\/\/kanu-gruppe-wilster.de\/index.php\/wp-json\/wp\/v2\/posts\/9281"}],"collection":[{"href":"https:\/\/kanu-gruppe-wilster.de\/index.php\/wp-json\/wp\/v2\/posts"}],"about":[{"href":"https:\/\/kanu-gruppe-wilster.de\/index.php\/wp-json\/wp\/v2\/types\/post"}],"author":[{"embeddable":true,"href":"https:\/\/kanu-gruppe-wilster.de\/index.php\/wp-json\/wp\/v2\/users\/2"}],"replies":[{"embeddable":true,"href":"https:\/\/kanu-gruppe-wilster.de\/index.php\/wp-json\/wp\/v2\/comments?post=9281"}],"version-history":[{"count":6,"href":"https:\/\/kanu-gruppe-wilster.de\/index.php\/wp-json\/wp\/v2\/posts\/9281\/revisions"}],"predecessor-version":[{"id":9289,"href":"https:\/\/kanu-gruppe-wilster.de\/index.php\/wp-json\/wp\/v2\/posts\/9281\/revisions\/9289"}],"wp:attachment":[{"href":"https:\/\/kanu-gruppe-wilster.de\/index.php\/wp-json\/wp\/v2\/media?parent=9281"}],"wp:term":[{"taxonomy":"category","embeddable":true,"href":"https:\/\/kanu-gruppe-wilster.de\/index.php\/wp-json\/wp\/v2\/categories?post=9281"},{"taxonomy":"post_tag","embeddable":true,"href":"https:\/\/kanu-gruppe-wilster.de\/index.php\/wp-json\/wp\/v2\/tags?post=9281"}],"curies":[{"name":"wp","href":"https:\/\/api.w.org\/{rel}","templated":true}]}}