{"id":9202,"date":"2021-01-10T19:14:50","date_gmt":"2021-01-10T18:14:50","guid":{"rendered":"https:\/\/kanu-gruppe-wilster.de\/?p=9202"},"modified":"2021-01-10T19:16:46","modified_gmt":"2021-01-10T18:16:46","slug":"kanutenueber-600-kilometer-pro-person-gepaddelt","status":"publish","type":"post","link":"https:\/\/kanu-gruppe-wilster.de\/index.php\/kanutenueber-600-kilometer-pro-person-gepaddelt\/","title":{"rendered":"Kanuten:\u00dcber 600 Kilometer pro Person gepaddelt"},"content":{"rendered":"\n<figure class=\"wp-block-image size-large\"><img loading=\"lazy\" width=\"879\" height=\"495\" src=\"https:\/\/kanu-gruppe-wilster.de\/wp-content\/uploads\/2021\/01\/schkanubilanz23-129405836.jpg\" alt=\"\" class=\"wp-image-9204\" srcset=\"https:\/\/kanu-gruppe-wilster.de\/wp-content\/uploads\/2021\/01\/schkanubilanz23-129405836.jpg 879w, https:\/\/kanu-gruppe-wilster.de\/wp-content\/uploads\/2021\/01\/schkanubilanz23-129405836-300x169.jpg 300w, https:\/\/kanu-gruppe-wilster.de\/wp-content\/uploads\/2021\/01\/schkanubilanz23-129405836-768x432.jpg 768w, https:\/\/kanu-gruppe-wilster.de\/wp-content\/uploads\/2021\/01\/schkanubilanz23-129405836-280x158.jpg 280w\" sizes=\"(max-width: 879px) 100vw, 879px\" \/><\/figure>\n\n\n\n<p>Ein Bericht der WZ 31.12. 2020<\/p>\n\n\n\n<p>Wilster Nur wenig war in diesem Jahr so, wie es die Aktiven der Kanu-Gruppe Wilster aus der Vergangenheit gewohnt waren: Gemeinschaftsfahrten fielen aus, Sommertouren wurden verlegt oder fanden nicht im \u00fcblichen Rahmen statt. Doch es gab auch Positives im Vereinsleben. Vorsitzende Conny Lamberty nannte in einem Schreiben an die Mitglieder zuforderst die Durchf\u00fchrung der Uferwandsanierung, die von Bootshauswart Jan Ratjen in Planung, Antragstellung und Projektleitung ma\u00dfgeblich begleitet wurde. <br> Ausgewertet ist mittlerweile auch der Wanderfahrerwettbewerb des Schleswig-Holsteinischen Kanu-Verbandes. Danach rangiert die KGW in der Vereinswertung mit 18.470 Kilometern bei den Erwachsenen auf Rang elf. Beteiligt an dem traditionellen Kr\u00e4ftemessen der Clubs hatten sich 28 Vereine. Nicht vertreten sind Wilsteraner diesmal in der Liste der besten zehn Frauen und M\u00e4nner im Land. Dennoch k\u00f6nnen sich individuelle Leistungen sehen lassen. Bei den Frauen gewann Conny Lamberty die Vereinsmeisterschaft. Sie notierte in ihrem Fahrtenbuch 1.260 Kilometer, gefolgt von Ariane Kappelau (1040) und Anja Horstmann (640). Bei den M\u00e4nnern war Ingmar Engel mit 2.351 Kilometern flei\u00dfigster Paddler. Ihm folgen Reimer Demnick (2020) und Hans-Georg Diederich (1.185). Der Familienpokal ging an Conny Lamberty, Dag Nimz und P\u00e4r Nimz. Sie paddelten im Kajak insgesamt 1.898 Kilometer. Zum Gesamtergebnis sagte KGW-Wanderwart Jan G\u00f6rbitz: \u201eAngesichts der Corona-Pause von Mitte M\u00e4rz bis Anfang Mai bin ich mit dem Ergebnis zufrieden.\u201c Einige h\u00e4tten sich insbesondere wegen der ungewissen Pandemie-Lage zur\u00fcckgehalten. \u201eAuffallend ist aber, dass wir einen hohen Schnitt von \u00fcber 600 Kilometern pro Person gepaddelt sind.\u201c <br> Aktiv im Verein war auch der Nachwuchs. P\u00e4r Nimz paddelte 406 Kilometer und landete so in der Vereinswertung auf Platz eins. Dem 17-J\u00e4hrigen folgen Dag Nimz (17\/232 km) und Niklas Hansen (11\/115 km). Bestes M\u00e4dchen war Ida Gr\u00fcnwald (12\/87 km). Besonders erw\u00e4hnenswert sind f\u00fcr Jugendwartin Karina Ratjen dar\u00fcber hinaus die 92 Kilometer, die Lasse Maa\u00df (9) im Verlauf der Saison gepaddelt war. Unterwegs waren die jungen und \u00e4lteren Kanuten vielfach auf der Wilster Au. Doch auch auf St\u00f6r, Elbe, Obere Eider, Weser oder Wakenitz und an den Ratzeburger See zog es sie hin. <br> Dass es gegenw\u00e4rtig schwer ist, Aktivit\u00e4ts-Prognosen f\u00fcr das kommende Jahr abzugeben, betonte Karina Ratjen. Nicht sicher sei, ob die Jugendlichen in 2021 eine Sommertour zu entlegenen Gew\u00e4ssern haben werden. \u201eAber eventuell wird man alternativ eine kleine Fahrt in unserer Region auf die Beine stellen\u201c, k\u00fcndigte sie an. \u201eLobend hob die Jugendwartin das Miteinander in der Gruppe hervor. \u201eDie \u201aGro\u00dfen\u2019 helfen den \u201aKleinen\u2019, und es gibt immer einen Mix zwischen den verschiedenen Altersklassen.\u201c Sie h\u00e4tten viel Spa\u00df, sei es bei einer Trainingsrunde oder beim Kanupolo.\u201c <em>sch<\/em> <\/p>\n","protected":false},"excerpt":{"rendered":"<p>Ein Bericht der WZ 31.12. 2020 Wilster Nur wenig war in diesem Jahr so, wie es die Aktiven der Kanu-Gruppe Wilster aus der Vergangenheit gewohnt waren: Gemeinschaftsfahrten fielen aus, Sommertouren wurden verlegt oder fanden nicht im \u00fcblichen Rahmen statt. Doch es gab auch Positives im Vereinsleben. Vorsitzende Conny Lamberty nannte in einem Schreiben an die<\/p>\n","protected":false},"author":2,"featured_media":0,"comment_status":"open","ping_status":"open","sticky":false,"template":"","format":"standard","meta":{"ngg_post_thumbnail":0},"categories":[3,4,5],"tags":[],"yoast_head":"<!-- This site is optimized with the Yoast SEO plugin v19.0 - https:\/\/yoast.com\/wordpress\/plugins\/seo\/ -->\n<title>Kanuten:\u00dcber 600 Kilometer pro Person gepaddelt &ndash; Kanu Gruppe Wilster e.V.<\/title>\n<meta name=\"robots\" content=\"index, follow, max-snippet:-1, max-image-preview:large, max-video-preview:-1\" \/>\n<link rel=\"canonical\" href=\"https:\/\/kanu-gruppe-wilster.de\/index.php\/kanutenueber-600-kilometer-pro-person-gepaddelt\/\" \/>\n<meta property=\"og:locale\" content=\"de_DE\" \/>\n<meta property=\"og:type\" content=\"article\" \/>\n<meta property=\"og:title\" content=\"Kanuten:\u00dcber 600 Kilometer pro Person gepaddelt &ndash; Kanu Gruppe Wilster e.V.\" \/>\n<meta property=\"og:description\" content=\"Ein Bericht der WZ 31.12. 2020 Wilster Nur wenig war in diesem Jahr so, wie es die Aktiven der Kanu-Gruppe Wilster aus der Vergangenheit gewohnt waren: Gemeinschaftsfahrten fielen aus, Sommertouren wurden verlegt oder fanden nicht im \u00fcblichen Rahmen statt. Doch es gab auch Positives im Vereinsleben. Vorsitzende Conny Lamberty nannte in einem Schreiben an die\" \/>\n<meta property=\"og:url\" content=\"https:\/\/kanu-gruppe-wilster.de\/index.php\/kanutenueber-600-kilometer-pro-person-gepaddelt\/\" \/>\n<meta property=\"og:site_name\" content=\"Kanu Gruppe Wilster e.V.\" \/>\n<meta property=\"article:published_time\" content=\"2021-01-10T18:14:50+00:00\" \/>\n<meta property=\"article:modified_time\" content=\"2021-01-10T18:16:46+00:00\" \/>\n<meta property=\"og:image\" content=\"https:\/\/kanu-gruppe-wilster.de\/wp-content\/uploads\/2021\/01\/schkanubilanz23-129405836.jpg\" \/>\n<meta name=\"twitter:card\" content=\"summary\" \/>\n<meta name=\"twitter:label1\" content=\"Verfasst von\" \/>\n\t<meta name=\"twitter:data1\" content=\"UweMuenster\" \/>\n\t<meta name=\"twitter:label2\" content=\"Gesch\u00e4tzte Lesezeit\" \/>\n\t<meta name=\"twitter:data2\" content=\"2\u00a0Minuten\" \/>\n<script type=\"application\/ld+json\" class=\"yoast-schema-graph\">{\"@context\":\"https:\/\/schema.org\",\"@graph\":[{\"@type\":\"WebSite\",\"@id\":\"https:\/\/kanu-gruppe-wilster.de\/#website\",\"url\":\"https:\/\/kanu-gruppe-wilster.de\/\",\"name\":\"Kanu Gruppe Wilster e.V.\",\"description\":\"Kanuverein an der Wilster Au\",\"potentialAction\":[{\"@type\":\"SearchAction\",\"target\":{\"@type\":\"EntryPoint\",\"urlTemplate\":\"https:\/\/kanu-gruppe-wilster.de\/?s={search_term_string}\"},\"query-input\":\"required name=search_term_string\"}],\"inLanguage\":\"de\"},{\"@type\":\"ImageObject\",\"inLanguage\":\"de\",\"@id\":\"https:\/\/kanu-gruppe-wilster.de\/index.php\/kanutenueber-600-kilometer-pro-person-gepaddelt\/#primaryimage\",\"url\":\"https:\/\/kanu-gruppe-wilster.de\/wp-content\/uploads\/2021\/01\/schkanubilanz23-129405836.jpg\",\"contentUrl\":\"https:\/\/kanu-gruppe-wilster.de\/wp-content\/uploads\/2021\/01\/schkanubilanz23-129405836.jpg\",\"width\":879,\"height\":495},{\"@type\":\"WebPage\",\"@id\":\"https:\/\/kanu-gruppe-wilster.de\/index.php\/kanutenueber-600-kilometer-pro-person-gepaddelt\/#webpage\",\"url\":\"https:\/\/kanu-gruppe-wilster.de\/index.php\/kanutenueber-600-kilometer-pro-person-gepaddelt\/\",\"name\":\"Kanuten:\u00dcber 600 Kilometer pro Person gepaddelt &ndash; Kanu Gruppe Wilster e.V.\",\"isPartOf\":{\"@id\":\"https:\/\/kanu-gruppe-wilster.de\/#website\"},\"primaryImageOfPage\":{\"@id\":\"https:\/\/kanu-gruppe-wilster.de\/index.php\/kanutenueber-600-kilometer-pro-person-gepaddelt\/#primaryimage\"},\"datePublished\":\"2021-01-10T18:14:50+00:00\",\"dateModified\":\"2021-01-10T18:16:46+00:00\",\"author\":{\"@id\":\"https:\/\/kanu-gruppe-wilster.de\/#\/schema\/person\/7489fc75ff891776bcddaa56e64dbb54\"},\"breadcrumb\":{\"@id\":\"https:\/\/kanu-gruppe-wilster.de\/index.php\/kanutenueber-600-kilometer-pro-person-gepaddelt\/#breadcrumb\"},\"inLanguage\":\"de\",\"potentialAction\":[{\"@type\":\"ReadAction\",\"target\":[\"https:\/\/kanu-gruppe-wilster.de\/index.php\/kanutenueber-600-kilometer-pro-person-gepaddelt\/\"]}]},{\"@type\":\"BreadcrumbList\",\"@id\":\"https:\/\/kanu-gruppe-wilster.de\/index.php\/kanutenueber-600-kilometer-pro-person-gepaddelt\/#breadcrumb\",\"itemListElement\":[{\"@type\":\"ListItem\",\"position\":1,\"name\":\"Startseite\",\"item\":\"https:\/\/kanu-gruppe-wilster.de\/\"},{\"@type\":\"ListItem\",\"position\":2,\"name\":\"Kanuten:\u00dcber 600 Kilometer pro Person gepaddelt\"}]},{\"@type\":\"Person\",\"@id\":\"https:\/\/kanu-gruppe-wilster.de\/#\/schema\/person\/7489fc75ff891776bcddaa56e64dbb54\",\"name\":\"UweMuenster\",\"image\":{\"@type\":\"ImageObject\",\"inLanguage\":\"de\",\"@id\":\"https:\/\/kanu-gruppe-wilster.de\/#\/schema\/person\/image\/\",\"url\":\"https:\/\/secure.gravatar.com\/avatar\/633d80af5ecf11a7e42ad51ef88894a9?s=96&d=mm&r=g\",\"contentUrl\":\"https:\/\/secure.gravatar.com\/avatar\/633d80af5ecf11a7e42ad51ef88894a9?s=96&d=mm&r=g\",\"caption\":\"UweMuenster\"},\"url\":\"https:\/\/kanu-gruppe-wilster.de\/index.php\/author\/uwemuenster\/\"}]}<\/script>\n<!-- \/ Yoast SEO plugin. -->","yoast_head_json":{"title":"Kanuten:\u00dcber 600 Kilometer pro Person gepaddelt &ndash; Kanu Gruppe Wilster e.V.","robots":{"index":"index","follow":"follow","max-snippet":"max-snippet:-1","max-image-preview":"max-image-preview:large","max-video-preview":"max-video-preview:-1"},"canonical":"https:\/\/kanu-gruppe-wilster.de\/index.php\/kanutenueber-600-kilometer-pro-person-gepaddelt\/","og_locale":"de_DE","og_type":"article","og_title":"Kanuten:\u00dcber 600 Kilometer pro Person gepaddelt &ndash; Kanu Gruppe Wilster e.V.","og_description":"Ein Bericht der WZ 31.12. 2020 Wilster Nur wenig war in diesem Jahr so, wie es die Aktiven der Kanu-Gruppe Wilster aus der Vergangenheit gewohnt waren: Gemeinschaftsfahrten fielen aus, Sommertouren wurden verlegt oder fanden nicht im \u00fcblichen Rahmen statt. Doch es gab auch Positives im Vereinsleben. Vorsitzende Conny Lamberty nannte in einem Schreiben an die","og_url":"https:\/\/kanu-gruppe-wilster.de\/index.php\/kanutenueber-600-kilometer-pro-person-gepaddelt\/","og_site_name":"Kanu Gruppe Wilster e.V.","article_published_time":"2021-01-10T18:14:50+00:00","article_modified_time":"2021-01-10T18:16:46+00:00","og_image":[{"url":"https:\/\/kanu-gruppe-wilster.de\/wp-content\/uploads\/2021\/01\/schkanubilanz23-129405836.jpg"}],"twitter_card":"summary","twitter_misc":{"Verfasst von":"UweMuenster","Gesch\u00e4tzte Lesezeit":"2\u00a0Minuten"},"schema":{"@context":"https:\/\/schema.org","@graph":[{"@type":"WebSite","@id":"https:\/\/kanu-gruppe-wilster.de\/#website","url":"https:\/\/kanu-gruppe-wilster.de\/","name":"Kanu Gruppe Wilster e.V.","description":"Kanuverein an der Wilster Au","potentialAction":[{"@type":"SearchAction","target":{"@type":"EntryPoint","urlTemplate":"https:\/\/kanu-gruppe-wilster.de\/?s={search_term_string}"},"query-input":"required name=search_term_string"}],"inLanguage":"de"},{"@type":"ImageObject","inLanguage":"de","@id":"https:\/\/kanu-gruppe-wilster.de\/index.php\/kanutenueber-600-kilometer-pro-person-gepaddelt\/#primaryimage","url":"https:\/\/kanu-gruppe-wilster.de\/wp-content\/uploads\/2021\/01\/schkanubilanz23-129405836.jpg","contentUrl":"https:\/\/kanu-gruppe-wilster.de\/wp-content\/uploads\/2021\/01\/schkanubilanz23-129405836.jpg","width":879,"height":495},{"@type":"WebPage","@id":"https:\/\/kanu-gruppe-wilster.de\/index.php\/kanutenueber-600-kilometer-pro-person-gepaddelt\/#webpage","url":"https:\/\/kanu-gruppe-wilster.de\/index.php\/kanutenueber-600-kilometer-pro-person-gepaddelt\/","name":"Kanuten:\u00dcber 600 Kilometer pro Person gepaddelt &ndash; Kanu Gruppe Wilster e.V.","isPartOf":{"@id":"https:\/\/kanu-gruppe-wilster.de\/#website"},"primaryImageOfPage":{"@id":"https:\/\/kanu-gruppe-wilster.de\/index.php\/kanutenueber-600-kilometer-pro-person-gepaddelt\/#primaryimage"},"datePublished":"2021-01-10T18:14:50+00:00","dateModified":"2021-01-10T18:16:46+00:00","author":{"@id":"https:\/\/kanu-gruppe-wilster.de\/#\/schema\/person\/7489fc75ff891776bcddaa56e64dbb54"},"breadcrumb":{"@id":"https:\/\/kanu-gruppe-wilster.de\/index.php\/kanutenueber-600-kilometer-pro-person-gepaddelt\/#breadcrumb"},"inLanguage":"de","potentialAction":[{"@type":"ReadAction","target":["https:\/\/kanu-gruppe-wilster.de\/index.php\/kanutenueber-600-kilometer-pro-person-gepaddelt\/"]}]},{"@type":"BreadcrumbList","@id":"https:\/\/kanu-gruppe-wilster.de\/index.php\/kanutenueber-600-kilometer-pro-person-gepaddelt\/#breadcrumb","itemListElement":[{"@type":"ListItem","position":1,"name":"Startseite","item":"https:\/\/kanu-gruppe-wilster.de\/"},{"@type":"ListItem","position":2,"name":"Kanuten:\u00dcber 600 Kilometer pro Person gepaddelt"}]},{"@type":"Person","@id":"https:\/\/kanu-gruppe-wilster.de\/#\/schema\/person\/7489fc75ff891776bcddaa56e64dbb54","name":"UweMuenster","image":{"@type":"ImageObject","inLanguage":"de","@id":"https:\/\/kanu-gruppe-wilster.de\/#\/schema\/person\/image\/","url":"https:\/\/secure.gravatar.com\/avatar\/633d80af5ecf11a7e42ad51ef88894a9?s=96&d=mm&r=g","contentUrl":"https:\/\/secure.gravatar.com\/avatar\/633d80af5ecf11a7e42ad51ef88894a9?s=96&d=mm&r=g","caption":"UweMuenster"},"url":"https:\/\/kanu-gruppe-wilster.de\/index.php\/author\/uwemuenster\/"}]}},"_links":{"self":[{"href":"https:\/\/kanu-gruppe-wilster.de\/index.php\/wp-json\/wp\/v2\/posts\/9202"}],"collection":[{"href":"https:\/\/kanu-gruppe-wilster.de\/index.php\/wp-json\/wp\/v2\/posts"}],"about":[{"href":"https:\/\/kanu-gruppe-wilster.de\/index.php\/wp-json\/wp\/v2\/types\/post"}],"author":[{"embeddable":true,"href":"https:\/\/kanu-gruppe-wilster.de\/index.php\/wp-json\/wp\/v2\/users\/2"}],"replies":[{"embeddable":true,"href":"https:\/\/kanu-gruppe-wilster.de\/index.php\/wp-json\/wp\/v2\/comments?post=9202"}],"version-history":[{"count":2,"href":"https:\/\/kanu-gruppe-wilster.de\/index.php\/wp-json\/wp\/v2\/posts\/9202\/revisions"}],"predecessor-version":[{"id":9205,"href":"https:\/\/kanu-gruppe-wilster.de\/index.php\/wp-json\/wp\/v2\/posts\/9202\/revisions\/9205"}],"wp:attachment":[{"href":"https:\/\/kanu-gruppe-wilster.de\/index.php\/wp-json\/wp\/v2\/media?parent=9202"}],"wp:term":[{"taxonomy":"category","embeddable":true,"href":"https:\/\/kanu-gruppe-wilster.de\/index.php\/wp-json\/wp\/v2\/categories?post=9202"},{"taxonomy":"post_tag","embeddable":true,"href":"https:\/\/kanu-gruppe-wilster.de\/index.php\/wp-json\/wp\/v2\/tags?post=9202"}],"curies":[{"name":"wp","href":"https:\/\/api.w.org\/{rel}","templated":true}]}}