{"id":893,"date":"2014-01-31T19:31:56","date_gmt":"2014-01-31T18:31:56","guid":{"rendered":"http:\/\/kanu-gruppe-wilster.de\/?p=893"},"modified":"2014-01-31T19:31:56","modified_gmt":"2014-01-31T18:31:56","slug":"conny-nimz-jetzt-an-der-spitze","status":"publish","type":"post","link":"https:\/\/kanu-gruppe-wilster.de\/index.php\/conny-nimz-jetzt-an-der-spitze\/","title":{"rendered":"Conny Nimz jetzt an der Spitze"},"content":{"rendered":"<p>Am Sonntag, den 26.01.2014, fand unsere diesj\u00e4hrige Jahreshauptversammlung statt. Sie war sehr gut besucht &#8211; 34 stimmberechtige Erwachsene, 12 Jugendliche sowie als Gast der Pr\u00e4sident des Landes Kanu Verband SH G\u00fcnter Sch\u00f6ning. Er \u00fcberreichte unserem scheidenden 1. Vorsitzenden Robert Looft die goldene Ehrennadel des Verbandes. Einen ausf\u00fchrlichen Bericht k\u00f6nnt ihr dem Link <a href=\"http:\/\/www.shz.de\/lokales\/norddeutsche-rundschau\/conny-nimz-jetzt-an-der-spitze-id5580856.htmlhttp:\/\/\">Bericht der Norddeutschen Rundschau vom 31.01.2014<\/a> nehmen.<\/p>\n<p><a href=\"http:\/\/kanu-gruppe-wilster.de\/wp-content\/uploads\/2014\/01\/2014_01260017-1.jpg\"><img loading=\"lazy\" class=\"aligncenter size-full wp-image-912\" title=\"2014_01260017 ( 1)\" src=\"http:\/\/kanu-gruppe-wilster.de\/wp-content\/uploads\/2014\/01\/2014_01260017-1.jpg\" alt=\"\" width=\"660\" height=\"439\" \/><\/a><\/p>\n<p><a href=\"http:\/\/kanu-gruppe-wilster.de\/wp-content\/uploads\/2014\/01\/2014_01260022-1.jpg\"><img loading=\"lazy\" class=\"aligncenter size-full wp-image-913\" title=\"2014_01260022 ( 1)\" src=\"http:\/\/kanu-gruppe-wilster.de\/wp-content\/uploads\/2014\/01\/2014_01260022-1.jpg\" alt=\"\" width=\"657\" height=\"436\" \/><\/a><\/p>\n","protected":false},"excerpt":{"rendered":"<p>Am Sonntag, den 26.01.2014, fand unsere diesj\u00e4hrige Jahreshauptversammlung statt. Sie war sehr gut besucht &#8211; 34 stimmberechtige Erwachsene, 12 Jugendliche sowie als Gast der Pr\u00e4sident des Landes Kanu Verband SH G\u00fcnter Sch\u00f6ning. Er \u00fcberreichte unserem scheidenden 1. Vorsitzenden Robert Looft die goldene Ehrennadel des Verbandes. Einen ausf\u00fchrlichen Bericht k\u00f6nnt ihr dem Link Bericht der Norddeutschen<\/p>\n","protected":false},"author":2,"featured_media":913,"comment_status":"open","ping_status":"open","sticky":false,"template":"","format":"standard","meta":{"ngg_post_thumbnail":0},"categories":[1,5],"tags":[],"yoast_head":"<!-- This site is optimized with the Yoast SEO plugin v19.0 - https:\/\/yoast.com\/wordpress\/plugins\/seo\/ -->\n<title>Conny Nimz jetzt an der Spitze &ndash; Kanu Gruppe Wilster e.V.<\/title>\n<meta name=\"robots\" content=\"index, follow, max-snippet:-1, max-image-preview:large, max-video-preview:-1\" \/>\n<link rel=\"canonical\" href=\"https:\/\/kanu-gruppe-wilster.de\/index.php\/conny-nimz-jetzt-an-der-spitze\/\" \/>\n<meta property=\"og:locale\" content=\"de_DE\" \/>\n<meta property=\"og:type\" content=\"article\" \/>\n<meta property=\"og:title\" content=\"Conny Nimz jetzt an der Spitze &ndash; Kanu Gruppe Wilster e.V.\" \/>\n<meta property=\"og:description\" content=\"Am Sonntag, den 26.01.2014, fand unsere diesj\u00e4hrige Jahreshauptversammlung statt. Sie war sehr gut besucht &#8211; 34 stimmberechtige Erwachsene, 12 Jugendliche sowie als Gast der Pr\u00e4sident des Landes Kanu Verband SH G\u00fcnter Sch\u00f6ning. Er \u00fcberreichte unserem scheidenden 1. Vorsitzenden Robert Looft die goldene Ehrennadel des Verbandes. Einen ausf\u00fchrlichen Bericht k\u00f6nnt ihr dem Link Bericht der Norddeutschen\" \/>\n<meta property=\"og:url\" content=\"https:\/\/kanu-gruppe-wilster.de\/index.php\/conny-nimz-jetzt-an-der-spitze\/\" \/>\n<meta property=\"og:site_name\" content=\"Kanu Gruppe Wilster e.V.\" \/>\n<meta property=\"article:published_time\" content=\"2014-01-31T18:31:56+00:00\" \/>\n<meta name=\"twitter:card\" content=\"summary\" \/>\n<meta name=\"twitter:label1\" content=\"Verfasst von\" \/>\n\t<meta name=\"twitter:data1\" content=\"UweMuenster\" \/>\n<script type=\"application\/ld+json\" class=\"yoast-schema-graph\">{\"@context\":\"https:\/\/schema.org\",\"@graph\":[{\"@type\":\"WebSite\",\"@id\":\"https:\/\/kanu-gruppe-wilster.de\/#website\",\"url\":\"https:\/\/kanu-gruppe-wilster.de\/\",\"name\":\"Kanu Gruppe Wilster e.V.\",\"description\":\"Kanuverein an der Wilster Au\",\"potentialAction\":[{\"@type\":\"SearchAction\",\"target\":{\"@type\":\"EntryPoint\",\"urlTemplate\":\"https:\/\/kanu-gruppe-wilster.de\/?s={search_term_string}\"},\"query-input\":\"required name=search_term_string\"}],\"inLanguage\":\"de\"},{\"@type\":\"ImageObject\",\"inLanguage\":\"de\",\"@id\":\"https:\/\/kanu-gruppe-wilster.de\/index.php\/conny-nimz-jetzt-an-der-spitze\/#primaryimage\",\"url\":\"\",\"contentUrl\":\"\"},{\"@type\":\"WebPage\",\"@id\":\"https:\/\/kanu-gruppe-wilster.de\/index.php\/conny-nimz-jetzt-an-der-spitze\/#webpage\",\"url\":\"https:\/\/kanu-gruppe-wilster.de\/index.php\/conny-nimz-jetzt-an-der-spitze\/\",\"name\":\"Conny Nimz jetzt an der Spitze &ndash; Kanu Gruppe Wilster e.V.\",\"isPartOf\":{\"@id\":\"https:\/\/kanu-gruppe-wilster.de\/#website\"},\"primaryImageOfPage\":{\"@id\":\"https:\/\/kanu-gruppe-wilster.de\/index.php\/conny-nimz-jetzt-an-der-spitze\/#primaryimage\"},\"datePublished\":\"2014-01-31T18:31:56+00:00\",\"dateModified\":\"2014-01-31T18:31:56+00:00\",\"author\":{\"@id\":\"https:\/\/kanu-gruppe-wilster.de\/#\/schema\/person\/7489fc75ff891776bcddaa56e64dbb54\"},\"breadcrumb\":{\"@id\":\"https:\/\/kanu-gruppe-wilster.de\/index.php\/conny-nimz-jetzt-an-der-spitze\/#breadcrumb\"},\"inLanguage\":\"de\",\"potentialAction\":[{\"@type\":\"ReadAction\",\"target\":[\"https:\/\/kanu-gruppe-wilster.de\/index.php\/conny-nimz-jetzt-an-der-spitze\/\"]}]},{\"@type\":\"BreadcrumbList\",\"@id\":\"https:\/\/kanu-gruppe-wilster.de\/index.php\/conny-nimz-jetzt-an-der-spitze\/#breadcrumb\",\"itemListElement\":[{\"@type\":\"ListItem\",\"position\":1,\"name\":\"Startseite\",\"item\":\"https:\/\/kanu-gruppe-wilster.de\/\"},{\"@type\":\"ListItem\",\"position\":2,\"name\":\"Conny Nimz jetzt an der Spitze\"}]},{\"@type\":\"Person\",\"@id\":\"https:\/\/kanu-gruppe-wilster.de\/#\/schema\/person\/7489fc75ff891776bcddaa56e64dbb54\",\"name\":\"UweMuenster\",\"image\":{\"@type\":\"ImageObject\",\"inLanguage\":\"de\",\"@id\":\"https:\/\/kanu-gruppe-wilster.de\/#\/schema\/person\/image\/\",\"url\":\"https:\/\/secure.gravatar.com\/avatar\/633d80af5ecf11a7e42ad51ef88894a9?s=96&d=mm&r=g\",\"contentUrl\":\"https:\/\/secure.gravatar.com\/avatar\/633d80af5ecf11a7e42ad51ef88894a9?s=96&d=mm&r=g\",\"caption\":\"UweMuenster\"},\"url\":\"https:\/\/kanu-gruppe-wilster.de\/index.php\/author\/uwemuenster\/\"}]}<\/script>\n<!-- \/ Yoast SEO plugin. -->","yoast_head_json":{"title":"Conny Nimz jetzt an der Spitze &ndash; Kanu Gruppe Wilster e.V.","robots":{"index":"index","follow":"follow","max-snippet":"max-snippet:-1","max-image-preview":"max-image-preview:large","max-video-preview":"max-video-preview:-1"},"canonical":"https:\/\/kanu-gruppe-wilster.de\/index.php\/conny-nimz-jetzt-an-der-spitze\/","og_locale":"de_DE","og_type":"article","og_title":"Conny Nimz jetzt an der Spitze &ndash; Kanu Gruppe Wilster e.V.","og_description":"Am Sonntag, den 26.01.2014, fand unsere diesj\u00e4hrige Jahreshauptversammlung statt. Sie war sehr gut besucht &#8211; 34 stimmberechtige Erwachsene, 12 Jugendliche sowie als Gast der Pr\u00e4sident des Landes Kanu Verband SH G\u00fcnter Sch\u00f6ning. Er \u00fcberreichte unserem scheidenden 1. Vorsitzenden Robert Looft die goldene Ehrennadel des Verbandes. Einen ausf\u00fchrlichen Bericht k\u00f6nnt ihr dem Link Bericht der Norddeutschen","og_url":"https:\/\/kanu-gruppe-wilster.de\/index.php\/conny-nimz-jetzt-an-der-spitze\/","og_site_name":"Kanu Gruppe Wilster e.V.","article_published_time":"2014-01-31T18:31:56+00:00","twitter_card":"summary","twitter_misc":{"Verfasst von":"UweMuenster"},"schema":{"@context":"https:\/\/schema.org","@graph":[{"@type":"WebSite","@id":"https:\/\/kanu-gruppe-wilster.de\/#website","url":"https:\/\/kanu-gruppe-wilster.de\/","name":"Kanu Gruppe Wilster e.V.","description":"Kanuverein an der Wilster Au","potentialAction":[{"@type":"SearchAction","target":{"@type":"EntryPoint","urlTemplate":"https:\/\/kanu-gruppe-wilster.de\/?s={search_term_string}"},"query-input":"required name=search_term_string"}],"inLanguage":"de"},{"@type":"ImageObject","inLanguage":"de","@id":"https:\/\/kanu-gruppe-wilster.de\/index.php\/conny-nimz-jetzt-an-der-spitze\/#primaryimage","url":"","contentUrl":""},{"@type":"WebPage","@id":"https:\/\/kanu-gruppe-wilster.de\/index.php\/conny-nimz-jetzt-an-der-spitze\/#webpage","url":"https:\/\/kanu-gruppe-wilster.de\/index.php\/conny-nimz-jetzt-an-der-spitze\/","name":"Conny Nimz jetzt an der Spitze &ndash; Kanu Gruppe Wilster e.V.","isPartOf":{"@id":"https:\/\/kanu-gruppe-wilster.de\/#website"},"primaryImageOfPage":{"@id":"https:\/\/kanu-gruppe-wilster.de\/index.php\/conny-nimz-jetzt-an-der-spitze\/#primaryimage"},"datePublished":"2014-01-31T18:31:56+00:00","dateModified":"2014-01-31T18:31:56+00:00","author":{"@id":"https:\/\/kanu-gruppe-wilster.de\/#\/schema\/person\/7489fc75ff891776bcddaa56e64dbb54"},"breadcrumb":{"@id":"https:\/\/kanu-gruppe-wilster.de\/index.php\/conny-nimz-jetzt-an-der-spitze\/#breadcrumb"},"inLanguage":"de","potentialAction":[{"@type":"ReadAction","target":["https:\/\/kanu-gruppe-wilster.de\/index.php\/conny-nimz-jetzt-an-der-spitze\/"]}]},{"@type":"BreadcrumbList","@id":"https:\/\/kanu-gruppe-wilster.de\/index.php\/conny-nimz-jetzt-an-der-spitze\/#breadcrumb","itemListElement":[{"@type":"ListItem","position":1,"name":"Startseite","item":"https:\/\/kanu-gruppe-wilster.de\/"},{"@type":"ListItem","position":2,"name":"Conny Nimz jetzt an der Spitze"}]},{"@type":"Person","@id":"https:\/\/kanu-gruppe-wilster.de\/#\/schema\/person\/7489fc75ff891776bcddaa56e64dbb54","name":"UweMuenster","image":{"@type":"ImageObject","inLanguage":"de","@id":"https:\/\/kanu-gruppe-wilster.de\/#\/schema\/person\/image\/","url":"https:\/\/secure.gravatar.com\/avatar\/633d80af5ecf11a7e42ad51ef88894a9?s=96&d=mm&r=g","contentUrl":"https:\/\/secure.gravatar.com\/avatar\/633d80af5ecf11a7e42ad51ef88894a9?s=96&d=mm&r=g","caption":"UweMuenster"},"url":"https:\/\/kanu-gruppe-wilster.de\/index.php\/author\/uwemuenster\/"}]}},"_links":{"self":[{"href":"https:\/\/kanu-gruppe-wilster.de\/index.php\/wp-json\/wp\/v2\/posts\/893"}],"collection":[{"href":"https:\/\/kanu-gruppe-wilster.de\/index.php\/wp-json\/wp\/v2\/posts"}],"about":[{"href":"https:\/\/kanu-gruppe-wilster.de\/index.php\/wp-json\/wp\/v2\/types\/post"}],"author":[{"embeddable":true,"href":"https:\/\/kanu-gruppe-wilster.de\/index.php\/wp-json\/wp\/v2\/users\/2"}],"replies":[{"embeddable":true,"href":"https:\/\/kanu-gruppe-wilster.de\/index.php\/wp-json\/wp\/v2\/comments?post=893"}],"version-history":[{"count":0,"href":"https:\/\/kanu-gruppe-wilster.de\/index.php\/wp-json\/wp\/v2\/posts\/893\/revisions"}],"wp:featuredmedia":[{"embeddable":true,"href":"https:\/\/kanu-gruppe-wilster.de\/index.php\/wp-json\/"}],"wp:attachment":[{"href":"https:\/\/kanu-gruppe-wilster.de\/index.php\/wp-json\/wp\/v2\/media?parent=893"}],"wp:term":[{"taxonomy":"category","embeddable":true,"href":"https:\/\/kanu-gruppe-wilster.de\/index.php\/wp-json\/wp\/v2\/categories?post=893"},{"taxonomy":"post_tag","embeddable":true,"href":"https:\/\/kanu-gruppe-wilster.de\/index.php\/wp-json\/wp\/v2\/tags?post=893"}],"curies":[{"name":"wp","href":"https:\/\/api.w.org\/{rel}","templated":true}]}}