{"id":874,"date":"2014-01-17T13:53:31","date_gmt":"2014-01-17T12:53:31","guid":{"rendered":"http:\/\/kanu-gruppe-wilster.de\/?p=874"},"modified":"2014-01-17T13:53:31","modified_gmt":"2014-01-17T12:53:31","slug":"tolle-leistung-der-kgw-jugend","status":"publish","type":"post","link":"https:\/\/kanu-gruppe-wilster.de\/index.php\/tolle-leistung-der-kgw-jugend\/","title":{"rendered":"Tolle Leistung der KGW Jugend"},"content":{"rendered":"<p>Tolle Leistung unserer KGW Jugend!<\/p>\n<p>Inder Fahrtensaison 2013 erreichte unsere Jugendgruppe mit 9040 gepaddelten Kilometern den 1. Platz im Wanderfahrer Wettbewerb des Schleswig-Holsteinischen\u00a0 Landes Kanu Verband. Hervor zu heben ist noch die gro\u00dfe Anzahl von abgegebenen Fahrtenb\u00fcchern und damit auch aktiven jugendlichen Paddlern in der Kanu Gruppe Wilster. Herzlichen Gl\u00fcckwunsch an die Jugendgruppe der KGW und an den Jugendwart Ingmnar Engel sowie an alle die ihn bei seiner tollen Jugendarbeit unterst\u00fctzt haben.<\/p>\n<p>Eine \u00dcbersicht \u00fcber alle am Wanderfahrer Wettbewerb teilgenommenen Vereine und deren Plazierung entnehmt bitte dem Link (Doppelklick)<\/p>\n<p><a href=\"http:\/\/kanu-gruppe-wilster.de\/wp-content\/uploads\/2014\/01\/J-Vereine-2013.pdf\">J-Vereine 2013<\/a><\/p>\n<p>Auch in denverschiedenen Altersklassen errangen einige Paddlerinnen und Paddeler unserer Jugendgruppe gute Plazierungen unter den TOP 3.<\/p>\n<p>N\u00e4heres unter dem Link<\/p>\n<p><a href=\"http:\/\/kanu-gruppe-wilster.de\/?attachment_id=889\">http:\/\/kanu-gruppe-wilster.de\/?attachment_id=889<\/a><\/p>\n","protected":false},"excerpt":{"rendered":"<p>Tolle Leistung unserer KGW Jugend! Inder Fahrtensaison 2013 erreichte unsere Jugendgruppe mit 9040 gepaddelten Kilometern den 1. Platz im Wanderfahrer Wettbewerb des Schleswig-Holsteinischen\u00a0 Landes Kanu Verband. Hervor zu heben ist noch die gro\u00dfe Anzahl von abgegebenen Fahrtenb\u00fcchern und damit auch aktiven jugendlichen Paddlern in der Kanu Gruppe Wilster. Herzlichen Gl\u00fcckwunsch an die Jugendgruppe der KGW<\/p>\n","protected":false},"author":2,"featured_media":0,"comment_status":"open","ping_status":"open","sticky":false,"template":"","format":"standard","meta":{"ngg_post_thumbnail":0},"categories":[4,1],"tags":[],"yoast_head":"<!-- This site is optimized with the Yoast SEO plugin v19.0 - https:\/\/yoast.com\/wordpress\/plugins\/seo\/ -->\n<title>Tolle Leistung der KGW Jugend &ndash; Kanu Gruppe Wilster e.V.<\/title>\n<meta name=\"robots\" content=\"index, follow, max-snippet:-1, max-image-preview:large, max-video-preview:-1\" \/>\n<link rel=\"canonical\" href=\"https:\/\/kanu-gruppe-wilster.de\/index.php\/tolle-leistung-der-kgw-jugend\/\" \/>\n<meta property=\"og:locale\" content=\"de_DE\" \/>\n<meta property=\"og:type\" content=\"article\" \/>\n<meta property=\"og:title\" content=\"Tolle Leistung der KGW Jugend &ndash; Kanu Gruppe Wilster e.V.\" \/>\n<meta property=\"og:description\" content=\"Tolle Leistung unserer KGW Jugend! Inder Fahrtensaison 2013 erreichte unsere Jugendgruppe mit 9040 gepaddelten Kilometern den 1. Platz im Wanderfahrer Wettbewerb des Schleswig-Holsteinischen\u00a0 Landes Kanu Verband. Hervor zu heben ist noch die gro\u00dfe Anzahl von abgegebenen Fahrtenb\u00fcchern und damit auch aktiven jugendlichen Paddlern in der Kanu Gruppe Wilster. Herzlichen Gl\u00fcckwunsch an die Jugendgruppe der KGW\" \/>\n<meta property=\"og:url\" content=\"https:\/\/kanu-gruppe-wilster.de\/index.php\/tolle-leistung-der-kgw-jugend\/\" \/>\n<meta property=\"og:site_name\" content=\"Kanu Gruppe Wilster e.V.\" \/>\n<meta property=\"article:published_time\" content=\"2014-01-17T12:53:31+00:00\" \/>\n<meta name=\"twitter:card\" content=\"summary\" \/>\n<meta name=\"twitter:label1\" content=\"Verfasst von\" \/>\n\t<meta name=\"twitter:data1\" content=\"UweMuenster\" \/>\n\t<meta name=\"twitter:label2\" content=\"Gesch\u00e4tzte Lesezeit\" \/>\n\t<meta name=\"twitter:data2\" content=\"1\u00a0Minute\" \/>\n<script type=\"application\/ld+json\" class=\"yoast-schema-graph\">{\"@context\":\"https:\/\/schema.org\",\"@graph\":[{\"@type\":\"WebSite\",\"@id\":\"https:\/\/kanu-gruppe-wilster.de\/#website\",\"url\":\"https:\/\/kanu-gruppe-wilster.de\/\",\"name\":\"Kanu Gruppe Wilster e.V.\",\"description\":\"Kanuverein an der Wilster Au\",\"potentialAction\":[{\"@type\":\"SearchAction\",\"target\":{\"@type\":\"EntryPoint\",\"urlTemplate\":\"https:\/\/kanu-gruppe-wilster.de\/?s={search_term_string}\"},\"query-input\":\"required name=search_term_string\"}],\"inLanguage\":\"de\"},{\"@type\":\"WebPage\",\"@id\":\"https:\/\/kanu-gruppe-wilster.de\/index.php\/tolle-leistung-der-kgw-jugend\/#webpage\",\"url\":\"https:\/\/kanu-gruppe-wilster.de\/index.php\/tolle-leistung-der-kgw-jugend\/\",\"name\":\"Tolle Leistung der KGW Jugend &ndash; Kanu Gruppe Wilster e.V.\",\"isPartOf\":{\"@id\":\"https:\/\/kanu-gruppe-wilster.de\/#website\"},\"datePublished\":\"2014-01-17T12:53:31+00:00\",\"dateModified\":\"2014-01-17T12:53:31+00:00\",\"author\":{\"@id\":\"https:\/\/kanu-gruppe-wilster.de\/#\/schema\/person\/7489fc75ff891776bcddaa56e64dbb54\"},\"breadcrumb\":{\"@id\":\"https:\/\/kanu-gruppe-wilster.de\/index.php\/tolle-leistung-der-kgw-jugend\/#breadcrumb\"},\"inLanguage\":\"de\",\"potentialAction\":[{\"@type\":\"ReadAction\",\"target\":[\"https:\/\/kanu-gruppe-wilster.de\/index.php\/tolle-leistung-der-kgw-jugend\/\"]}]},{\"@type\":\"BreadcrumbList\",\"@id\":\"https:\/\/kanu-gruppe-wilster.de\/index.php\/tolle-leistung-der-kgw-jugend\/#breadcrumb\",\"itemListElement\":[{\"@type\":\"ListItem\",\"position\":1,\"name\":\"Startseite\",\"item\":\"https:\/\/kanu-gruppe-wilster.de\/\"},{\"@type\":\"ListItem\",\"position\":2,\"name\":\"Tolle Leistung der KGW Jugend\"}]},{\"@type\":\"Person\",\"@id\":\"https:\/\/kanu-gruppe-wilster.de\/#\/schema\/person\/7489fc75ff891776bcddaa56e64dbb54\",\"name\":\"UweMuenster\",\"image\":{\"@type\":\"ImageObject\",\"inLanguage\":\"de\",\"@id\":\"https:\/\/kanu-gruppe-wilster.de\/#\/schema\/person\/image\/\",\"url\":\"https:\/\/secure.gravatar.com\/avatar\/633d80af5ecf11a7e42ad51ef88894a9?s=96&d=mm&r=g\",\"contentUrl\":\"https:\/\/secure.gravatar.com\/avatar\/633d80af5ecf11a7e42ad51ef88894a9?s=96&d=mm&r=g\",\"caption\":\"UweMuenster\"},\"url\":\"https:\/\/kanu-gruppe-wilster.de\/index.php\/author\/uwemuenster\/\"}]}<\/script>\n<!-- \/ Yoast SEO plugin. -->","yoast_head_json":{"title":"Tolle Leistung der KGW Jugend &ndash; Kanu Gruppe Wilster e.V.","robots":{"index":"index","follow":"follow","max-snippet":"max-snippet:-1","max-image-preview":"max-image-preview:large","max-video-preview":"max-video-preview:-1"},"canonical":"https:\/\/kanu-gruppe-wilster.de\/index.php\/tolle-leistung-der-kgw-jugend\/","og_locale":"de_DE","og_type":"article","og_title":"Tolle Leistung der KGW Jugend &ndash; Kanu Gruppe Wilster e.V.","og_description":"Tolle Leistung unserer KGW Jugend! Inder Fahrtensaison 2013 erreichte unsere Jugendgruppe mit 9040 gepaddelten Kilometern den 1. Platz im Wanderfahrer Wettbewerb des Schleswig-Holsteinischen\u00a0 Landes Kanu Verband. Hervor zu heben ist noch die gro\u00dfe Anzahl von abgegebenen Fahrtenb\u00fcchern und damit auch aktiven jugendlichen Paddlern in der Kanu Gruppe Wilster. Herzlichen Gl\u00fcckwunsch an die Jugendgruppe der KGW","og_url":"https:\/\/kanu-gruppe-wilster.de\/index.php\/tolle-leistung-der-kgw-jugend\/","og_site_name":"Kanu Gruppe Wilster e.V.","article_published_time":"2014-01-17T12:53:31+00:00","twitter_card":"summary","twitter_misc":{"Verfasst von":"UweMuenster","Gesch\u00e4tzte Lesezeit":"1\u00a0Minute"},"schema":{"@context":"https:\/\/schema.org","@graph":[{"@type":"WebSite","@id":"https:\/\/kanu-gruppe-wilster.de\/#website","url":"https:\/\/kanu-gruppe-wilster.de\/","name":"Kanu Gruppe Wilster e.V.","description":"Kanuverein an der Wilster Au","potentialAction":[{"@type":"SearchAction","target":{"@type":"EntryPoint","urlTemplate":"https:\/\/kanu-gruppe-wilster.de\/?s={search_term_string}"},"query-input":"required name=search_term_string"}],"inLanguage":"de"},{"@type":"WebPage","@id":"https:\/\/kanu-gruppe-wilster.de\/index.php\/tolle-leistung-der-kgw-jugend\/#webpage","url":"https:\/\/kanu-gruppe-wilster.de\/index.php\/tolle-leistung-der-kgw-jugend\/","name":"Tolle Leistung der KGW Jugend &ndash; Kanu Gruppe Wilster e.V.","isPartOf":{"@id":"https:\/\/kanu-gruppe-wilster.de\/#website"},"datePublished":"2014-01-17T12:53:31+00:00","dateModified":"2014-01-17T12:53:31+00:00","author":{"@id":"https:\/\/kanu-gruppe-wilster.de\/#\/schema\/person\/7489fc75ff891776bcddaa56e64dbb54"},"breadcrumb":{"@id":"https:\/\/kanu-gruppe-wilster.de\/index.php\/tolle-leistung-der-kgw-jugend\/#breadcrumb"},"inLanguage":"de","potentialAction":[{"@type":"ReadAction","target":["https:\/\/kanu-gruppe-wilster.de\/index.php\/tolle-leistung-der-kgw-jugend\/"]}]},{"@type":"BreadcrumbList","@id":"https:\/\/kanu-gruppe-wilster.de\/index.php\/tolle-leistung-der-kgw-jugend\/#breadcrumb","itemListElement":[{"@type":"ListItem","position":1,"name":"Startseite","item":"https:\/\/kanu-gruppe-wilster.de\/"},{"@type":"ListItem","position":2,"name":"Tolle Leistung der KGW Jugend"}]},{"@type":"Person","@id":"https:\/\/kanu-gruppe-wilster.de\/#\/schema\/person\/7489fc75ff891776bcddaa56e64dbb54","name":"UweMuenster","image":{"@type":"ImageObject","inLanguage":"de","@id":"https:\/\/kanu-gruppe-wilster.de\/#\/schema\/person\/image\/","url":"https:\/\/secure.gravatar.com\/avatar\/633d80af5ecf11a7e42ad51ef88894a9?s=96&d=mm&r=g","contentUrl":"https:\/\/secure.gravatar.com\/avatar\/633d80af5ecf11a7e42ad51ef88894a9?s=96&d=mm&r=g","caption":"UweMuenster"},"url":"https:\/\/kanu-gruppe-wilster.de\/index.php\/author\/uwemuenster\/"}]}},"_links":{"self":[{"href":"https:\/\/kanu-gruppe-wilster.de\/index.php\/wp-json\/wp\/v2\/posts\/874"}],"collection":[{"href":"https:\/\/kanu-gruppe-wilster.de\/index.php\/wp-json\/wp\/v2\/posts"}],"about":[{"href":"https:\/\/kanu-gruppe-wilster.de\/index.php\/wp-json\/wp\/v2\/types\/post"}],"author":[{"embeddable":true,"href":"https:\/\/kanu-gruppe-wilster.de\/index.php\/wp-json\/wp\/v2\/users\/2"}],"replies":[{"embeddable":true,"href":"https:\/\/kanu-gruppe-wilster.de\/index.php\/wp-json\/wp\/v2\/comments?post=874"}],"version-history":[{"count":0,"href":"https:\/\/kanu-gruppe-wilster.de\/index.php\/wp-json\/wp\/v2\/posts\/874\/revisions"}],"wp:attachment":[{"href":"https:\/\/kanu-gruppe-wilster.de\/index.php\/wp-json\/wp\/v2\/media?parent=874"}],"wp:term":[{"taxonomy":"category","embeddable":true,"href":"https:\/\/kanu-gruppe-wilster.de\/index.php\/wp-json\/wp\/v2\/categories?post=874"},{"taxonomy":"post_tag","embeddable":true,"href":"https:\/\/kanu-gruppe-wilster.de\/index.php\/wp-json\/wp\/v2\/tags?post=874"}],"curies":[{"name":"wp","href":"https:\/\/api.w.org\/{rel}","templated":true}]}}