{"id":8583,"date":"2020-01-26T11:31:40","date_gmt":"2020-01-26T10:31:40","guid":{"rendered":"https:\/\/kanu-gruppe-wilster.de\/?p=8583"},"modified":"2020-01-26T11:44:04","modified_gmt":"2020-01-26T10:44:04","slug":"seehund-in-der-wilsterau-dez-2019","status":"publish","type":"post","link":"https:\/\/kanu-gruppe-wilster.de\/index.php\/seehund-in-der-wilsterau-dez-2019\/","title":{"rendered":"Seehund in der Wilsterau Dez. 2019"},"content":{"rendered":"\n<p>Im Dezember 2019 und Januar 2020 hielt sich ein Seehund in der Wilsterau auf. <\/p>\n\n\n\n<p>Bericht der WZ<\/p>\n\n\n\n<figure class=\"wp-block-image size-large\"><img loading=\"lazy\" width=\"550\" height=\"309\" src=\"https:\/\/kanu-gruppe-wilster.de\/wp-content\/uploads\/2020\/01\/Seehund-in-Wilsterau.jpg\" alt=\"Zwischenzeitlich machte es sich der Seehund am Wochenende auch auf einem Feld an der Wilster -Au gem\u00fctlich. \" class=\"wp-image-8588\" srcset=\"https:\/\/kanu-gruppe-wilster.de\/wp-content\/uploads\/2020\/01\/Seehund-in-Wilsterau.jpg 550w, https:\/\/kanu-gruppe-wilster.de\/wp-content\/uploads\/2020\/01\/Seehund-in-Wilsterau-300x169.jpg 300w, https:\/\/kanu-gruppe-wilster.de\/wp-content\/uploads\/2020\/01\/Seehund-in-Wilsterau-280x157.jpg 280w\" sizes=\"(max-width: 550px) 100vw, 550px\" \/><\/figure>\n\n\n\n<p>Mitarbeiter\nder Seehundstation Friedrichskoog warnen ausdr\u00fccklich davor, sich dem Tier zu\nn\u00e4hern. \u2013 Quelle: https:\/\/www.shz.de\/26797357 \u00a92019<\/p>\n\n\n\n<p>Wilster | Da\nstaunten viele Menschen nicht schlecht, als sie am Wochenende einen Seehund in\nder Wilster-Au entdeckten. Er schwamm am Sonnabend in H\u00f6he Goldbogen munter in\nder Au umher und tauchte immer mal wieder auf, was viele f\u00fcr ein schnelles Foto\nnutzten. In der Seehundstation Friedrichskoog gingen daraufhin zahlreiche\nAnrufe ein. <\/p>\n\n\n\n<p>Ulrike\nMeinfelder, Leiterin der Tierpflege, konnte die Anrufer zumindest dahingehend\nberuhigen, dass sich der Seehund ganz gut in der Wilster-Au aufhalten k\u00f6nne,\nsolange er ausreichend Nahrung findet. Tags darauf wurde er an Land entdeckt,\nwo er sich r\u00e4kelte, und dabei auch einen gesunden Eindruck machte. Auch davon\nwurden Bilder an die Seehundstation geschickt, die nach Sichtung der Fotos entscheiden\nwird, ob vielleicht doch eingegriffen werden muss.<\/p>\n\n\n\n<p>Ulrike\nMeinfelder von der Seehundstation Friedrichskoog bittet unbedingt darum, sich\ndem Tier, wo auch immer es auftaucht, nicht zu n\u00e4hern. Dies diene sowohl dem\nWohl des Tieres als auch des Menschen. \u201eDer Seehund ist das zweitgr\u00f6\u00dfte\nRaubtier Deutschlands, noch vor dem Wolf\u201c, warnt sie vor m\u00f6glichen Gefahren.\nDies sei vielen Menschen nicht bewusst, die sich an Land liegenden Tieren immer\nwieder f\u00fcr ein Foto n\u00e4hern. Ein Seehund k\u00f6nne gef\u00e4hrliche Bissverletzungen\nverursachen, betont sie.<\/p>\n\n\n\n<p>\u2013 Quelle:\nhttps:\/\/www.shz.de\/26797357 \u00a92019<\/p>\n","protected":false},"excerpt":{"rendered":"<p>Im Dezember 2019 und Januar 2020 hielt sich ein Seehund in der Wilsterau auf. Bericht der WZ Mitarbeiter der Seehundstation Friedrichskoog warnen ausdr\u00fccklich davor, sich dem Tier zu n\u00e4hern. \u2013 Quelle: https:\/\/www.shz.de\/26797357 \u00a92019 Wilster | Da staunten viele Menschen nicht schlecht, als sie am Wochenende einen Seehund in der Wilster-Au entdeckten. Er schwamm am Sonnabend<\/p>\n","protected":false},"author":2,"featured_media":0,"comment_status":"open","ping_status":"open","sticky":false,"template":"","format":"standard","meta":{"ngg_post_thumbnail":0},"categories":[4,5],"tags":[],"yoast_head":"<!-- This site is optimized with the Yoast SEO plugin v19.0 - https:\/\/yoast.com\/wordpress\/plugins\/seo\/ -->\n<title>Seehund in der Wilsterau Dez. 2019 &ndash; Kanu Gruppe Wilster e.V.<\/title>\n<meta name=\"robots\" content=\"index, follow, max-snippet:-1, max-image-preview:large, max-video-preview:-1\" \/>\n<link rel=\"canonical\" href=\"https:\/\/kanu-gruppe-wilster.de\/index.php\/seehund-in-der-wilsterau-dez-2019\/\" \/>\n<meta property=\"og:locale\" content=\"de_DE\" \/>\n<meta property=\"og:type\" content=\"article\" \/>\n<meta property=\"og:title\" content=\"Seehund in der Wilsterau Dez. 2019 &ndash; Kanu Gruppe Wilster e.V.\" \/>\n<meta property=\"og:description\" content=\"Im Dezember 2019 und Januar 2020 hielt sich ein Seehund in der Wilsterau auf. Bericht der WZ Mitarbeiter der Seehundstation Friedrichskoog warnen ausdr\u00fccklich davor, sich dem Tier zu n\u00e4hern. \u2013 Quelle: https:\/\/www.shz.de\/26797357 \u00a92019 Wilster | Da staunten viele Menschen nicht schlecht, als sie am Wochenende einen Seehund in der Wilster-Au entdeckten. Er schwamm am Sonnabend\" \/>\n<meta property=\"og:url\" content=\"https:\/\/kanu-gruppe-wilster.de\/index.php\/seehund-in-der-wilsterau-dez-2019\/\" \/>\n<meta property=\"og:site_name\" content=\"Kanu Gruppe Wilster e.V.\" \/>\n<meta property=\"article:published_time\" content=\"2020-01-26T10:31:40+00:00\" \/>\n<meta property=\"article:modified_time\" content=\"2020-01-26T10:44:04+00:00\" \/>\n<meta property=\"og:image\" content=\"https:\/\/kanu-gruppe-wilster.de\/wp-content\/uploads\/2020\/01\/Seehund-in-Wilsterau.jpg\" \/>\n<meta name=\"twitter:card\" content=\"summary\" \/>\n<meta name=\"twitter:label1\" content=\"Verfasst von\" \/>\n\t<meta name=\"twitter:data1\" content=\"UweMuenster\" \/>\n\t<meta name=\"twitter:label2\" content=\"Gesch\u00e4tzte Lesezeit\" \/>\n\t<meta name=\"twitter:data2\" content=\"1\u00a0Minute\" \/>\n<script type=\"application\/ld+json\" class=\"yoast-schema-graph\">{\"@context\":\"https:\/\/schema.org\",\"@graph\":[{\"@type\":\"WebSite\",\"@id\":\"https:\/\/kanu-gruppe-wilster.de\/#website\",\"url\":\"https:\/\/kanu-gruppe-wilster.de\/\",\"name\":\"Kanu Gruppe Wilster e.V.\",\"description\":\"Kanuverein an der Wilster Au\",\"potentialAction\":[{\"@type\":\"SearchAction\",\"target\":{\"@type\":\"EntryPoint\",\"urlTemplate\":\"https:\/\/kanu-gruppe-wilster.de\/?s={search_term_string}\"},\"query-input\":\"required name=search_term_string\"}],\"inLanguage\":\"de\"},{\"@type\":\"ImageObject\",\"inLanguage\":\"de\",\"@id\":\"https:\/\/kanu-gruppe-wilster.de\/index.php\/seehund-in-der-wilsterau-dez-2019\/#primaryimage\",\"url\":\"https:\/\/kanu-gruppe-wilster.de\/wp-content\/uploads\/2020\/01\/Seehund-in-Wilsterau.jpg\",\"contentUrl\":\"https:\/\/kanu-gruppe-wilster.de\/wp-content\/uploads\/2020\/01\/Seehund-in-Wilsterau.jpg\",\"width\":550,\"height\":309},{\"@type\":\"WebPage\",\"@id\":\"https:\/\/kanu-gruppe-wilster.de\/index.php\/seehund-in-der-wilsterau-dez-2019\/#webpage\",\"url\":\"https:\/\/kanu-gruppe-wilster.de\/index.php\/seehund-in-der-wilsterau-dez-2019\/\",\"name\":\"Seehund in der Wilsterau Dez. 2019 &ndash; Kanu Gruppe Wilster e.V.\",\"isPartOf\":{\"@id\":\"https:\/\/kanu-gruppe-wilster.de\/#website\"},\"primaryImageOfPage\":{\"@id\":\"https:\/\/kanu-gruppe-wilster.de\/index.php\/seehund-in-der-wilsterau-dez-2019\/#primaryimage\"},\"datePublished\":\"2020-01-26T10:31:40+00:00\",\"dateModified\":\"2020-01-26T10:44:04+00:00\",\"author\":{\"@id\":\"https:\/\/kanu-gruppe-wilster.de\/#\/schema\/person\/7489fc75ff891776bcddaa56e64dbb54\"},\"breadcrumb\":{\"@id\":\"https:\/\/kanu-gruppe-wilster.de\/index.php\/seehund-in-der-wilsterau-dez-2019\/#breadcrumb\"},\"inLanguage\":\"de\",\"potentialAction\":[{\"@type\":\"ReadAction\",\"target\":[\"https:\/\/kanu-gruppe-wilster.de\/index.php\/seehund-in-der-wilsterau-dez-2019\/\"]}]},{\"@type\":\"BreadcrumbList\",\"@id\":\"https:\/\/kanu-gruppe-wilster.de\/index.php\/seehund-in-der-wilsterau-dez-2019\/#breadcrumb\",\"itemListElement\":[{\"@type\":\"ListItem\",\"position\":1,\"name\":\"Startseite\",\"item\":\"https:\/\/kanu-gruppe-wilster.de\/\"},{\"@type\":\"ListItem\",\"position\":2,\"name\":\"Seehund in der Wilsterau Dez. 2019\"}]},{\"@type\":\"Person\",\"@id\":\"https:\/\/kanu-gruppe-wilster.de\/#\/schema\/person\/7489fc75ff891776bcddaa56e64dbb54\",\"name\":\"UweMuenster\",\"image\":{\"@type\":\"ImageObject\",\"inLanguage\":\"de\",\"@id\":\"https:\/\/kanu-gruppe-wilster.de\/#\/schema\/person\/image\/\",\"url\":\"https:\/\/secure.gravatar.com\/avatar\/633d80af5ecf11a7e42ad51ef88894a9?s=96&d=mm&r=g\",\"contentUrl\":\"https:\/\/secure.gravatar.com\/avatar\/633d80af5ecf11a7e42ad51ef88894a9?s=96&d=mm&r=g\",\"caption\":\"UweMuenster\"},\"url\":\"https:\/\/kanu-gruppe-wilster.de\/index.php\/author\/uwemuenster\/\"}]}<\/script>\n<!-- \/ Yoast SEO plugin. -->","yoast_head_json":{"title":"Seehund in der Wilsterau Dez. 2019 &ndash; Kanu Gruppe Wilster e.V.","robots":{"index":"index","follow":"follow","max-snippet":"max-snippet:-1","max-image-preview":"max-image-preview:large","max-video-preview":"max-video-preview:-1"},"canonical":"https:\/\/kanu-gruppe-wilster.de\/index.php\/seehund-in-der-wilsterau-dez-2019\/","og_locale":"de_DE","og_type":"article","og_title":"Seehund in der Wilsterau Dez. 2019 &ndash; Kanu Gruppe Wilster e.V.","og_description":"Im Dezember 2019 und Januar 2020 hielt sich ein Seehund in der Wilsterau auf. Bericht der WZ Mitarbeiter der Seehundstation Friedrichskoog warnen ausdr\u00fccklich davor, sich dem Tier zu n\u00e4hern. \u2013 Quelle: https:\/\/www.shz.de\/26797357 \u00a92019 Wilster | Da staunten viele Menschen nicht schlecht, als sie am Wochenende einen Seehund in der Wilster-Au entdeckten. Er schwamm am Sonnabend","og_url":"https:\/\/kanu-gruppe-wilster.de\/index.php\/seehund-in-der-wilsterau-dez-2019\/","og_site_name":"Kanu Gruppe Wilster e.V.","article_published_time":"2020-01-26T10:31:40+00:00","article_modified_time":"2020-01-26T10:44:04+00:00","og_image":[{"url":"https:\/\/kanu-gruppe-wilster.de\/wp-content\/uploads\/2020\/01\/Seehund-in-Wilsterau.jpg"}],"twitter_card":"summary","twitter_misc":{"Verfasst von":"UweMuenster","Gesch\u00e4tzte Lesezeit":"1\u00a0Minute"},"schema":{"@context":"https:\/\/schema.org","@graph":[{"@type":"WebSite","@id":"https:\/\/kanu-gruppe-wilster.de\/#website","url":"https:\/\/kanu-gruppe-wilster.de\/","name":"Kanu Gruppe Wilster e.V.","description":"Kanuverein an der Wilster Au","potentialAction":[{"@type":"SearchAction","target":{"@type":"EntryPoint","urlTemplate":"https:\/\/kanu-gruppe-wilster.de\/?s={search_term_string}"},"query-input":"required name=search_term_string"}],"inLanguage":"de"},{"@type":"ImageObject","inLanguage":"de","@id":"https:\/\/kanu-gruppe-wilster.de\/index.php\/seehund-in-der-wilsterau-dez-2019\/#primaryimage","url":"https:\/\/kanu-gruppe-wilster.de\/wp-content\/uploads\/2020\/01\/Seehund-in-Wilsterau.jpg","contentUrl":"https:\/\/kanu-gruppe-wilster.de\/wp-content\/uploads\/2020\/01\/Seehund-in-Wilsterau.jpg","width":550,"height":309},{"@type":"WebPage","@id":"https:\/\/kanu-gruppe-wilster.de\/index.php\/seehund-in-der-wilsterau-dez-2019\/#webpage","url":"https:\/\/kanu-gruppe-wilster.de\/index.php\/seehund-in-der-wilsterau-dez-2019\/","name":"Seehund in der Wilsterau Dez. 2019 &ndash; Kanu Gruppe Wilster e.V.","isPartOf":{"@id":"https:\/\/kanu-gruppe-wilster.de\/#website"},"primaryImageOfPage":{"@id":"https:\/\/kanu-gruppe-wilster.de\/index.php\/seehund-in-der-wilsterau-dez-2019\/#primaryimage"},"datePublished":"2020-01-26T10:31:40+00:00","dateModified":"2020-01-26T10:44:04+00:00","author":{"@id":"https:\/\/kanu-gruppe-wilster.de\/#\/schema\/person\/7489fc75ff891776bcddaa56e64dbb54"},"breadcrumb":{"@id":"https:\/\/kanu-gruppe-wilster.de\/index.php\/seehund-in-der-wilsterau-dez-2019\/#breadcrumb"},"inLanguage":"de","potentialAction":[{"@type":"ReadAction","target":["https:\/\/kanu-gruppe-wilster.de\/index.php\/seehund-in-der-wilsterau-dez-2019\/"]}]},{"@type":"BreadcrumbList","@id":"https:\/\/kanu-gruppe-wilster.de\/index.php\/seehund-in-der-wilsterau-dez-2019\/#breadcrumb","itemListElement":[{"@type":"ListItem","position":1,"name":"Startseite","item":"https:\/\/kanu-gruppe-wilster.de\/"},{"@type":"ListItem","position":2,"name":"Seehund in der Wilsterau Dez. 2019"}]},{"@type":"Person","@id":"https:\/\/kanu-gruppe-wilster.de\/#\/schema\/person\/7489fc75ff891776bcddaa56e64dbb54","name":"UweMuenster","image":{"@type":"ImageObject","inLanguage":"de","@id":"https:\/\/kanu-gruppe-wilster.de\/#\/schema\/person\/image\/","url":"https:\/\/secure.gravatar.com\/avatar\/633d80af5ecf11a7e42ad51ef88894a9?s=96&d=mm&r=g","contentUrl":"https:\/\/secure.gravatar.com\/avatar\/633d80af5ecf11a7e42ad51ef88894a9?s=96&d=mm&r=g","caption":"UweMuenster"},"url":"https:\/\/kanu-gruppe-wilster.de\/index.php\/author\/uwemuenster\/"}]}},"_links":{"self":[{"href":"https:\/\/kanu-gruppe-wilster.de\/index.php\/wp-json\/wp\/v2\/posts\/8583"}],"collection":[{"href":"https:\/\/kanu-gruppe-wilster.de\/index.php\/wp-json\/wp\/v2\/posts"}],"about":[{"href":"https:\/\/kanu-gruppe-wilster.de\/index.php\/wp-json\/wp\/v2\/types\/post"}],"author":[{"embeddable":true,"href":"https:\/\/kanu-gruppe-wilster.de\/index.php\/wp-json\/wp\/v2\/users\/2"}],"replies":[{"embeddable":true,"href":"https:\/\/kanu-gruppe-wilster.de\/index.php\/wp-json\/wp\/v2\/comments?post=8583"}],"version-history":[{"count":2,"href":"https:\/\/kanu-gruppe-wilster.de\/index.php\/wp-json\/wp\/v2\/posts\/8583\/revisions"}],"predecessor-version":[{"id":8589,"href":"https:\/\/kanu-gruppe-wilster.de\/index.php\/wp-json\/wp\/v2\/posts\/8583\/revisions\/8589"}],"wp:attachment":[{"href":"https:\/\/kanu-gruppe-wilster.de\/index.php\/wp-json\/wp\/v2\/media?parent=8583"}],"wp:term":[{"taxonomy":"category","embeddable":true,"href":"https:\/\/kanu-gruppe-wilster.de\/index.php\/wp-json\/wp\/v2\/categories?post=8583"},{"taxonomy":"post_tag","embeddable":true,"href":"https:\/\/kanu-gruppe-wilster.de\/index.php\/wp-json\/wp\/v2\/tags?post=8583"}],"curies":[{"name":"wp","href":"https:\/\/api.w.org\/{rel}","templated":true}]}}