{"id":822,"date":"2013-09-14T18:42:40","date_gmt":"2013-09-14T17:42:40","guid":{"rendered":"http:\/\/kanu-gruppe-wilster.de\/?p=822"},"modified":"2013-09-14T18:42:40","modified_gmt":"2013-09-14T17:42:40","slug":"helfer-furs-lampionfest-gesucht","status":"publish","type":"post","link":"https:\/\/kanu-gruppe-wilster.de\/index.php\/helfer-furs-lampionfest-gesucht\/","title":{"rendered":"Helfer f\u00fcrs Lampionfest gesucht"},"content":{"rendered":"<p><strong>Helfer f\u00fcrs Lampionfest gesucht<\/strong><\/p>\n<p>Wir brauchen f\u00fcr das Lampionfest wieder zahlreiche Helfer: bitte tragt euch in die<\/p>\n<p>im Bootshaus aush\u00e4ngende Liste ein oder meldet euch bei Lasse<\/p>\n<p>petersen-lasse@web.de<\/p>\n<p>Viele liebe Gr\u00fc\u00dfe und auf ein gelingendes Lampionfest<\/p>\n<p>Der Vorstand<\/p>\n<p>Info f\u00fcr die Helfer &#8211; Wann wird f\u00fcr welche T\u00e4tigkeit jemand ben\u00f6tigt<\/p>\n<table border=\"0\" cellspacing=\"0\" cellpadding=\"0\" width=\"1045\">\n<colgroup>\n<col span=\"5\" width=\"209\"><\/col>\n<\/colgroup>\n<tbody>\n<tr height=\"25\">\n<td width=\"209\" height=\"25\">Aufbauen<\/td>\n<td colspan=\"3\" width=\"627\">Lampionfest, Fr. 27.09., 20 Uhr<\/td>\n<td width=\"209\">Abbauen<\/td>\n<\/tr>\n<tr height=\"26\">\n<td height=\"26\">Do. 26.09., 17   Uhr<\/td>\n<td>Tresen 1 &#8211; drinnen<\/td>\n<td>Tresen 2 &#8211; drau\u00dfen<\/td>\n<td>Grill<\/td>\n<td>Sa. 28.09., 10 Uhr<\/td>\n<\/tr>\n<tr height=\"25\">\n<td height=\"25\">Lasse<\/td>\n<td>Anja<\/td>\n<td><\/td>\n<td>Christel<\/td>\n<td>Lasse<\/td>\n<\/tr>\n<tr height=\"25\">\n<td height=\"25\"><\/td>\n<td>Urte<\/td>\n<td><\/td>\n<td>Dieter<\/td>\n<td><\/td>\n<\/tr>\n<tr height=\"25\">\n<td height=\"25\"><\/td>\n<td><\/td>\n<td><\/td>\n<td>Hauke<\/td>\n<td><\/td>\n<\/tr>\n<tr height=\"25\">\n<td height=\"25\"><\/td>\n<td><\/td>\n<td><\/td>\n<td>Sven H.<\/td>\n<td><\/td>\n<\/tr>\n<tr height=\"25\">\n<td height=\"25\"><\/td>\n<td><\/td>\n<td><\/td>\n<td><\/td>\n<td><\/td>\n<\/tr>\n<\/tbody>\n<\/table>\n","protected":false},"excerpt":{"rendered":"<p>Helfer f\u00fcrs Lampionfest gesucht Wir brauchen f\u00fcr das Lampionfest wieder zahlreiche Helfer: bitte tragt euch in die im Bootshaus aush\u00e4ngende Liste ein oder meldet euch bei Lasse petersen-lasse@web.de Viele liebe Gr\u00fc\u00dfe und auf ein gelingendes Lampionfest Der Vorstand Info f\u00fcr die Helfer &#8211; Wann wird f\u00fcr welche T\u00e4tigkeit jemand ben\u00f6tigt Aufbauen Lampionfest, Fr. 27.09., 20<\/p>\n","protected":false},"author":2,"featured_media":0,"comment_status":"open","ping_status":"open","sticky":false,"template":"","format":"standard","meta":{"ngg_post_thumbnail":0},"categories":[4,1],"tags":[],"yoast_head":"<!-- This site is optimized with the Yoast SEO plugin v19.0 - https:\/\/yoast.com\/wordpress\/plugins\/seo\/ -->\n<title>Helfer f\u00fcrs Lampionfest gesucht &ndash; Kanu Gruppe Wilster e.V.<\/title>\n<meta name=\"robots\" content=\"index, follow, max-snippet:-1, max-image-preview:large, max-video-preview:-1\" \/>\n<link rel=\"canonical\" href=\"https:\/\/kanu-gruppe-wilster.de\/index.php\/helfer-furs-lampionfest-gesucht\/\" \/>\n<meta property=\"og:locale\" content=\"de_DE\" \/>\n<meta property=\"og:type\" content=\"article\" \/>\n<meta property=\"og:title\" content=\"Helfer f\u00fcrs Lampionfest gesucht &ndash; Kanu Gruppe Wilster e.V.\" \/>\n<meta property=\"og:description\" content=\"Helfer f\u00fcrs Lampionfest gesucht Wir brauchen f\u00fcr das Lampionfest wieder zahlreiche Helfer: bitte tragt euch in die im Bootshaus aush\u00e4ngende Liste ein oder meldet euch bei Lasse petersen-lasse@web.de Viele liebe Gr\u00fc\u00dfe und auf ein gelingendes Lampionfest Der Vorstand Info f\u00fcr die Helfer &#8211; Wann wird f\u00fcr welche T\u00e4tigkeit jemand ben\u00f6tigt Aufbauen Lampionfest, Fr. 27.09., 20\" \/>\n<meta property=\"og:url\" content=\"https:\/\/kanu-gruppe-wilster.de\/index.php\/helfer-furs-lampionfest-gesucht\/\" \/>\n<meta property=\"og:site_name\" content=\"Kanu Gruppe Wilster e.V.\" \/>\n<meta property=\"article:published_time\" content=\"2013-09-14T17:42:40+00:00\" \/>\n<meta name=\"twitter:card\" content=\"summary\" \/>\n<meta name=\"twitter:label1\" content=\"Verfasst von\" \/>\n\t<meta name=\"twitter:data1\" content=\"UweMuenster\" \/>\n<script type=\"application\/ld+json\" class=\"yoast-schema-graph\">{\"@context\":\"https:\/\/schema.org\",\"@graph\":[{\"@type\":\"WebSite\",\"@id\":\"https:\/\/kanu-gruppe-wilster.de\/#website\",\"url\":\"https:\/\/kanu-gruppe-wilster.de\/\",\"name\":\"Kanu Gruppe Wilster e.V.\",\"description\":\"Kanuverein an der Wilster Au\",\"potentialAction\":[{\"@type\":\"SearchAction\",\"target\":{\"@type\":\"EntryPoint\",\"urlTemplate\":\"https:\/\/kanu-gruppe-wilster.de\/?s={search_term_string}\"},\"query-input\":\"required name=search_term_string\"}],\"inLanguage\":\"de\"},{\"@type\":\"WebPage\",\"@id\":\"https:\/\/kanu-gruppe-wilster.de\/index.php\/helfer-furs-lampionfest-gesucht\/#webpage\",\"url\":\"https:\/\/kanu-gruppe-wilster.de\/index.php\/helfer-furs-lampionfest-gesucht\/\",\"name\":\"Helfer f\u00fcrs Lampionfest gesucht &ndash; Kanu Gruppe Wilster e.V.\",\"isPartOf\":{\"@id\":\"https:\/\/kanu-gruppe-wilster.de\/#website\"},\"datePublished\":\"2013-09-14T17:42:40+00:00\",\"dateModified\":\"2013-09-14T17:42:40+00:00\",\"author\":{\"@id\":\"https:\/\/kanu-gruppe-wilster.de\/#\/schema\/person\/7489fc75ff891776bcddaa56e64dbb54\"},\"breadcrumb\":{\"@id\":\"https:\/\/kanu-gruppe-wilster.de\/index.php\/helfer-furs-lampionfest-gesucht\/#breadcrumb\"},\"inLanguage\":\"de\",\"potentialAction\":[{\"@type\":\"ReadAction\",\"target\":[\"https:\/\/kanu-gruppe-wilster.de\/index.php\/helfer-furs-lampionfest-gesucht\/\"]}]},{\"@type\":\"BreadcrumbList\",\"@id\":\"https:\/\/kanu-gruppe-wilster.de\/index.php\/helfer-furs-lampionfest-gesucht\/#breadcrumb\",\"itemListElement\":[{\"@type\":\"ListItem\",\"position\":1,\"name\":\"Startseite\",\"item\":\"https:\/\/kanu-gruppe-wilster.de\/\"},{\"@type\":\"ListItem\",\"position\":2,\"name\":\"Helfer f\u00fcrs Lampionfest gesucht\"}]},{\"@type\":\"Person\",\"@id\":\"https:\/\/kanu-gruppe-wilster.de\/#\/schema\/person\/7489fc75ff891776bcddaa56e64dbb54\",\"name\":\"UweMuenster\",\"image\":{\"@type\":\"ImageObject\",\"inLanguage\":\"de\",\"@id\":\"https:\/\/kanu-gruppe-wilster.de\/#\/schema\/person\/image\/\",\"url\":\"https:\/\/secure.gravatar.com\/avatar\/633d80af5ecf11a7e42ad51ef88894a9?s=96&d=mm&r=g\",\"contentUrl\":\"https:\/\/secure.gravatar.com\/avatar\/633d80af5ecf11a7e42ad51ef88894a9?s=96&d=mm&r=g\",\"caption\":\"UweMuenster\"},\"url\":\"https:\/\/kanu-gruppe-wilster.de\/index.php\/author\/uwemuenster\/\"}]}<\/script>\n<!-- \/ Yoast SEO plugin. -->","yoast_head_json":{"title":"Helfer f\u00fcrs Lampionfest gesucht &ndash; Kanu Gruppe Wilster e.V.","robots":{"index":"index","follow":"follow","max-snippet":"max-snippet:-1","max-image-preview":"max-image-preview:large","max-video-preview":"max-video-preview:-1"},"canonical":"https:\/\/kanu-gruppe-wilster.de\/index.php\/helfer-furs-lampionfest-gesucht\/","og_locale":"de_DE","og_type":"article","og_title":"Helfer f\u00fcrs Lampionfest gesucht &ndash; Kanu Gruppe Wilster e.V.","og_description":"Helfer f\u00fcrs Lampionfest gesucht Wir brauchen f\u00fcr das Lampionfest wieder zahlreiche Helfer: bitte tragt euch in die im Bootshaus aush\u00e4ngende Liste ein oder meldet euch bei Lasse petersen-lasse@web.de Viele liebe Gr\u00fc\u00dfe und auf ein gelingendes Lampionfest Der Vorstand Info f\u00fcr die Helfer &#8211; Wann wird f\u00fcr welche T\u00e4tigkeit jemand ben\u00f6tigt Aufbauen Lampionfest, Fr. 27.09., 20","og_url":"https:\/\/kanu-gruppe-wilster.de\/index.php\/helfer-furs-lampionfest-gesucht\/","og_site_name":"Kanu Gruppe Wilster e.V.","article_published_time":"2013-09-14T17:42:40+00:00","twitter_card":"summary","twitter_misc":{"Verfasst von":"UweMuenster"},"schema":{"@context":"https:\/\/schema.org","@graph":[{"@type":"WebSite","@id":"https:\/\/kanu-gruppe-wilster.de\/#website","url":"https:\/\/kanu-gruppe-wilster.de\/","name":"Kanu Gruppe Wilster e.V.","description":"Kanuverein an der Wilster Au","potentialAction":[{"@type":"SearchAction","target":{"@type":"EntryPoint","urlTemplate":"https:\/\/kanu-gruppe-wilster.de\/?s={search_term_string}"},"query-input":"required name=search_term_string"}],"inLanguage":"de"},{"@type":"WebPage","@id":"https:\/\/kanu-gruppe-wilster.de\/index.php\/helfer-furs-lampionfest-gesucht\/#webpage","url":"https:\/\/kanu-gruppe-wilster.de\/index.php\/helfer-furs-lampionfest-gesucht\/","name":"Helfer f\u00fcrs Lampionfest gesucht &ndash; Kanu Gruppe Wilster e.V.","isPartOf":{"@id":"https:\/\/kanu-gruppe-wilster.de\/#website"},"datePublished":"2013-09-14T17:42:40+00:00","dateModified":"2013-09-14T17:42:40+00:00","author":{"@id":"https:\/\/kanu-gruppe-wilster.de\/#\/schema\/person\/7489fc75ff891776bcddaa56e64dbb54"},"breadcrumb":{"@id":"https:\/\/kanu-gruppe-wilster.de\/index.php\/helfer-furs-lampionfest-gesucht\/#breadcrumb"},"inLanguage":"de","potentialAction":[{"@type":"ReadAction","target":["https:\/\/kanu-gruppe-wilster.de\/index.php\/helfer-furs-lampionfest-gesucht\/"]}]},{"@type":"BreadcrumbList","@id":"https:\/\/kanu-gruppe-wilster.de\/index.php\/helfer-furs-lampionfest-gesucht\/#breadcrumb","itemListElement":[{"@type":"ListItem","position":1,"name":"Startseite","item":"https:\/\/kanu-gruppe-wilster.de\/"},{"@type":"ListItem","position":2,"name":"Helfer f\u00fcrs Lampionfest gesucht"}]},{"@type":"Person","@id":"https:\/\/kanu-gruppe-wilster.de\/#\/schema\/person\/7489fc75ff891776bcddaa56e64dbb54","name":"UweMuenster","image":{"@type":"ImageObject","inLanguage":"de","@id":"https:\/\/kanu-gruppe-wilster.de\/#\/schema\/person\/image\/","url":"https:\/\/secure.gravatar.com\/avatar\/633d80af5ecf11a7e42ad51ef88894a9?s=96&d=mm&r=g","contentUrl":"https:\/\/secure.gravatar.com\/avatar\/633d80af5ecf11a7e42ad51ef88894a9?s=96&d=mm&r=g","caption":"UweMuenster"},"url":"https:\/\/kanu-gruppe-wilster.de\/index.php\/author\/uwemuenster\/"}]}},"_links":{"self":[{"href":"https:\/\/kanu-gruppe-wilster.de\/index.php\/wp-json\/wp\/v2\/posts\/822"}],"collection":[{"href":"https:\/\/kanu-gruppe-wilster.de\/index.php\/wp-json\/wp\/v2\/posts"}],"about":[{"href":"https:\/\/kanu-gruppe-wilster.de\/index.php\/wp-json\/wp\/v2\/types\/post"}],"author":[{"embeddable":true,"href":"https:\/\/kanu-gruppe-wilster.de\/index.php\/wp-json\/wp\/v2\/users\/2"}],"replies":[{"embeddable":true,"href":"https:\/\/kanu-gruppe-wilster.de\/index.php\/wp-json\/wp\/v2\/comments?post=822"}],"version-history":[{"count":0,"href":"https:\/\/kanu-gruppe-wilster.de\/index.php\/wp-json\/wp\/v2\/posts\/822\/revisions"}],"wp:attachment":[{"href":"https:\/\/kanu-gruppe-wilster.de\/index.php\/wp-json\/wp\/v2\/media?parent=822"}],"wp:term":[{"taxonomy":"category","embeddable":true,"href":"https:\/\/kanu-gruppe-wilster.de\/index.php\/wp-json\/wp\/v2\/categories?post=822"},{"taxonomy":"post_tag","embeddable":true,"href":"https:\/\/kanu-gruppe-wilster.de\/index.php\/wp-json\/wp\/v2\/tags?post=822"}],"curies":[{"name":"wp","href":"https:\/\/api.w.org\/{rel}","templated":true}]}}