{"id":8030,"date":"2019-06-10T17:30:19","date_gmt":"2019-06-10T15:30:19","guid":{"rendered":"https:\/\/kanu-gruppe-wilster.de\/?p=8030"},"modified":"2019-06-10T17:35:08","modified_gmt":"2019-06-10T15:35:08","slug":"als-kanuten-eskimo-boote-bauten","status":"publish","type":"post","link":"https:\/\/kanu-gruppe-wilster.de\/index.php\/als-kanuten-eskimo-boote-bauten\/","title":{"rendered":"Als Kanuten Eskimo-Boote bauten"},"content":{"rendered":"<p>Vor 50 Jahren stellten Wilsteraner Paddler ihre eigenen Kajaks her und machten sich damit auf den Weg \u00fcber die Fl\u00fcsse der Region.<\/p>\n<p><img loading=\"lazy\" class=\"alignnone size-full wp-image-8034\" src=\"https:\/\/kanu-gruppe-wilster.de\/wp-content\/uploads\/2019\/06\/Foto.jpg\" alt=\"\" width=\"737\" height=\"400\" srcset=\"https:\/\/kanu-gruppe-wilster.de\/wp-content\/uploads\/2019\/06\/Foto.jpg 737w, https:\/\/kanu-gruppe-wilster.de\/wp-content\/uploads\/2019\/06\/Foto-300x163.jpg 300w, https:\/\/kanu-gruppe-wilster.de\/wp-content\/uploads\/2019\/06\/Foto-280x152.jpg 280w\" sizes=\"(max-width: 737px) 100vw, 737px\" \/><\/p>\n<p>Einen ausf\u00fchrlichen Bericht der WZ vom 26.04.2019 findet Ihr unter dem folgenden Link<\/p>\n<p><span style=\"color: #ff0000;\"><em><strong><a href=\"https:\/\/kanu-gruppe-wilster.de\/wp-content\/uploads\/2019\/06\/2019-04-26_WZ_Eskimo-Boote.pdf\">2019-04-26_WZ_Eskimo-Boote<\/a><\/strong><\/em><\/span><\/p>\n","protected":false},"excerpt":{"rendered":"<p>Vor 50 Jahren stellten Wilsteraner Paddler ihre eigenen Kajaks her und machten sich damit auf den Weg \u00fcber die Fl\u00fcsse der Region. Einen ausf\u00fchrlichen Bericht der WZ vom 26.04.2019 findet Ihr unter dem folgenden Link 2019-04-26_WZ_Eskimo-Boote<\/p>\n","protected":false},"author":2,"featured_media":0,"comment_status":"open","ping_status":"open","sticky":false,"template":"","format":"standard","meta":{"ngg_post_thumbnail":0},"categories":[5],"tags":[],"yoast_head":"<!-- This site is optimized with the Yoast SEO plugin v19.0 - https:\/\/yoast.com\/wordpress\/plugins\/seo\/ -->\n<title>Als Kanuten Eskimo-Boote bauten &ndash; Kanu Gruppe Wilster e.V.<\/title>\n<meta name=\"robots\" content=\"index, follow, max-snippet:-1, max-image-preview:large, max-video-preview:-1\" \/>\n<link rel=\"canonical\" href=\"https:\/\/kanu-gruppe-wilster.de\/index.php\/als-kanuten-eskimo-boote-bauten\/\" \/>\n<meta property=\"og:locale\" content=\"de_DE\" \/>\n<meta property=\"og:type\" content=\"article\" \/>\n<meta property=\"og:title\" content=\"Als Kanuten Eskimo-Boote bauten &ndash; Kanu Gruppe Wilster e.V.\" \/>\n<meta property=\"og:description\" content=\"Vor 50 Jahren stellten Wilsteraner Paddler ihre eigenen Kajaks her und machten sich damit auf den Weg \u00fcber die Fl\u00fcsse der Region. Einen ausf\u00fchrlichen Bericht der WZ vom 26.04.2019 findet Ihr unter dem folgenden Link 2019-04-26_WZ_Eskimo-Boote\" \/>\n<meta property=\"og:url\" content=\"https:\/\/kanu-gruppe-wilster.de\/index.php\/als-kanuten-eskimo-boote-bauten\/\" \/>\n<meta property=\"og:site_name\" content=\"Kanu Gruppe Wilster e.V.\" \/>\n<meta property=\"article:published_time\" content=\"2019-06-10T15:30:19+00:00\" \/>\n<meta property=\"article:modified_time\" content=\"2019-06-10T15:35:08+00:00\" \/>\n<meta property=\"og:image\" content=\"https:\/\/kanu-gruppe-wilster.de\/wp-content\/uploads\/2019\/06\/Foto.jpg\" \/>\n<meta name=\"twitter:card\" content=\"summary\" \/>\n<meta name=\"twitter:label1\" content=\"Verfasst von\" \/>\n\t<meta name=\"twitter:data1\" content=\"UweMuenster\" \/>\n<script type=\"application\/ld+json\" class=\"yoast-schema-graph\">{\"@context\":\"https:\/\/schema.org\",\"@graph\":[{\"@type\":\"WebSite\",\"@id\":\"https:\/\/kanu-gruppe-wilster.de\/#website\",\"url\":\"https:\/\/kanu-gruppe-wilster.de\/\",\"name\":\"Kanu Gruppe Wilster e.V.\",\"description\":\"Kanuverein an der Wilster Au\",\"potentialAction\":[{\"@type\":\"SearchAction\",\"target\":{\"@type\":\"EntryPoint\",\"urlTemplate\":\"https:\/\/kanu-gruppe-wilster.de\/?s={search_term_string}\"},\"query-input\":\"required name=search_term_string\"}],\"inLanguage\":\"de\"},{\"@type\":\"ImageObject\",\"inLanguage\":\"de\",\"@id\":\"https:\/\/kanu-gruppe-wilster.de\/index.php\/als-kanuten-eskimo-boote-bauten\/#primaryimage\",\"url\":\"https:\/\/kanu-gruppe-wilster.de\/wp-content\/uploads\/2019\/06\/Foto.jpg\",\"contentUrl\":\"https:\/\/kanu-gruppe-wilster.de\/wp-content\/uploads\/2019\/06\/Foto.jpg\",\"width\":737,\"height\":400},{\"@type\":\"WebPage\",\"@id\":\"https:\/\/kanu-gruppe-wilster.de\/index.php\/als-kanuten-eskimo-boote-bauten\/#webpage\",\"url\":\"https:\/\/kanu-gruppe-wilster.de\/index.php\/als-kanuten-eskimo-boote-bauten\/\",\"name\":\"Als Kanuten Eskimo-Boote bauten &ndash; Kanu Gruppe Wilster e.V.\",\"isPartOf\":{\"@id\":\"https:\/\/kanu-gruppe-wilster.de\/#website\"},\"primaryImageOfPage\":{\"@id\":\"https:\/\/kanu-gruppe-wilster.de\/index.php\/als-kanuten-eskimo-boote-bauten\/#primaryimage\"},\"datePublished\":\"2019-06-10T15:30:19+00:00\",\"dateModified\":\"2019-06-10T15:35:08+00:00\",\"author\":{\"@id\":\"https:\/\/kanu-gruppe-wilster.de\/#\/schema\/person\/7489fc75ff891776bcddaa56e64dbb54\"},\"breadcrumb\":{\"@id\":\"https:\/\/kanu-gruppe-wilster.de\/index.php\/als-kanuten-eskimo-boote-bauten\/#breadcrumb\"},\"inLanguage\":\"de\",\"potentialAction\":[{\"@type\":\"ReadAction\",\"target\":[\"https:\/\/kanu-gruppe-wilster.de\/index.php\/als-kanuten-eskimo-boote-bauten\/\"]}]},{\"@type\":\"BreadcrumbList\",\"@id\":\"https:\/\/kanu-gruppe-wilster.de\/index.php\/als-kanuten-eskimo-boote-bauten\/#breadcrumb\",\"itemListElement\":[{\"@type\":\"ListItem\",\"position\":1,\"name\":\"Startseite\",\"item\":\"https:\/\/kanu-gruppe-wilster.de\/\"},{\"@type\":\"ListItem\",\"position\":2,\"name\":\"Als Kanuten Eskimo-Boote bauten\"}]},{\"@type\":\"Person\",\"@id\":\"https:\/\/kanu-gruppe-wilster.de\/#\/schema\/person\/7489fc75ff891776bcddaa56e64dbb54\",\"name\":\"UweMuenster\",\"image\":{\"@type\":\"ImageObject\",\"inLanguage\":\"de\",\"@id\":\"https:\/\/kanu-gruppe-wilster.de\/#\/schema\/person\/image\/\",\"url\":\"https:\/\/secure.gravatar.com\/avatar\/633d80af5ecf11a7e42ad51ef88894a9?s=96&d=mm&r=g\",\"contentUrl\":\"https:\/\/secure.gravatar.com\/avatar\/633d80af5ecf11a7e42ad51ef88894a9?s=96&d=mm&r=g\",\"caption\":\"UweMuenster\"},\"url\":\"https:\/\/kanu-gruppe-wilster.de\/index.php\/author\/uwemuenster\/\"}]}<\/script>\n<!-- \/ Yoast SEO plugin. -->","yoast_head_json":{"title":"Als Kanuten Eskimo-Boote bauten &ndash; Kanu Gruppe Wilster e.V.","robots":{"index":"index","follow":"follow","max-snippet":"max-snippet:-1","max-image-preview":"max-image-preview:large","max-video-preview":"max-video-preview:-1"},"canonical":"https:\/\/kanu-gruppe-wilster.de\/index.php\/als-kanuten-eskimo-boote-bauten\/","og_locale":"de_DE","og_type":"article","og_title":"Als Kanuten Eskimo-Boote bauten &ndash; Kanu Gruppe Wilster e.V.","og_description":"Vor 50 Jahren stellten Wilsteraner Paddler ihre eigenen Kajaks her und machten sich damit auf den Weg \u00fcber die Fl\u00fcsse der Region. Einen ausf\u00fchrlichen Bericht der WZ vom 26.04.2019 findet Ihr unter dem folgenden Link 2019-04-26_WZ_Eskimo-Boote","og_url":"https:\/\/kanu-gruppe-wilster.de\/index.php\/als-kanuten-eskimo-boote-bauten\/","og_site_name":"Kanu Gruppe Wilster e.V.","article_published_time":"2019-06-10T15:30:19+00:00","article_modified_time":"2019-06-10T15:35:08+00:00","og_image":[{"url":"https:\/\/kanu-gruppe-wilster.de\/wp-content\/uploads\/2019\/06\/Foto.jpg"}],"twitter_card":"summary","twitter_misc":{"Verfasst von":"UweMuenster"},"schema":{"@context":"https:\/\/schema.org","@graph":[{"@type":"WebSite","@id":"https:\/\/kanu-gruppe-wilster.de\/#website","url":"https:\/\/kanu-gruppe-wilster.de\/","name":"Kanu Gruppe Wilster e.V.","description":"Kanuverein an der Wilster Au","potentialAction":[{"@type":"SearchAction","target":{"@type":"EntryPoint","urlTemplate":"https:\/\/kanu-gruppe-wilster.de\/?s={search_term_string}"},"query-input":"required name=search_term_string"}],"inLanguage":"de"},{"@type":"ImageObject","inLanguage":"de","@id":"https:\/\/kanu-gruppe-wilster.de\/index.php\/als-kanuten-eskimo-boote-bauten\/#primaryimage","url":"https:\/\/kanu-gruppe-wilster.de\/wp-content\/uploads\/2019\/06\/Foto.jpg","contentUrl":"https:\/\/kanu-gruppe-wilster.de\/wp-content\/uploads\/2019\/06\/Foto.jpg","width":737,"height":400},{"@type":"WebPage","@id":"https:\/\/kanu-gruppe-wilster.de\/index.php\/als-kanuten-eskimo-boote-bauten\/#webpage","url":"https:\/\/kanu-gruppe-wilster.de\/index.php\/als-kanuten-eskimo-boote-bauten\/","name":"Als Kanuten Eskimo-Boote bauten &ndash; Kanu Gruppe Wilster e.V.","isPartOf":{"@id":"https:\/\/kanu-gruppe-wilster.de\/#website"},"primaryImageOfPage":{"@id":"https:\/\/kanu-gruppe-wilster.de\/index.php\/als-kanuten-eskimo-boote-bauten\/#primaryimage"},"datePublished":"2019-06-10T15:30:19+00:00","dateModified":"2019-06-10T15:35:08+00:00","author":{"@id":"https:\/\/kanu-gruppe-wilster.de\/#\/schema\/person\/7489fc75ff891776bcddaa56e64dbb54"},"breadcrumb":{"@id":"https:\/\/kanu-gruppe-wilster.de\/index.php\/als-kanuten-eskimo-boote-bauten\/#breadcrumb"},"inLanguage":"de","potentialAction":[{"@type":"ReadAction","target":["https:\/\/kanu-gruppe-wilster.de\/index.php\/als-kanuten-eskimo-boote-bauten\/"]}]},{"@type":"BreadcrumbList","@id":"https:\/\/kanu-gruppe-wilster.de\/index.php\/als-kanuten-eskimo-boote-bauten\/#breadcrumb","itemListElement":[{"@type":"ListItem","position":1,"name":"Startseite","item":"https:\/\/kanu-gruppe-wilster.de\/"},{"@type":"ListItem","position":2,"name":"Als Kanuten Eskimo-Boote bauten"}]},{"@type":"Person","@id":"https:\/\/kanu-gruppe-wilster.de\/#\/schema\/person\/7489fc75ff891776bcddaa56e64dbb54","name":"UweMuenster","image":{"@type":"ImageObject","inLanguage":"de","@id":"https:\/\/kanu-gruppe-wilster.de\/#\/schema\/person\/image\/","url":"https:\/\/secure.gravatar.com\/avatar\/633d80af5ecf11a7e42ad51ef88894a9?s=96&d=mm&r=g","contentUrl":"https:\/\/secure.gravatar.com\/avatar\/633d80af5ecf11a7e42ad51ef88894a9?s=96&d=mm&r=g","caption":"UweMuenster"},"url":"https:\/\/kanu-gruppe-wilster.de\/index.php\/author\/uwemuenster\/"}]}},"_links":{"self":[{"href":"https:\/\/kanu-gruppe-wilster.de\/index.php\/wp-json\/wp\/v2\/posts\/8030"}],"collection":[{"href":"https:\/\/kanu-gruppe-wilster.de\/index.php\/wp-json\/wp\/v2\/posts"}],"about":[{"href":"https:\/\/kanu-gruppe-wilster.de\/index.php\/wp-json\/wp\/v2\/types\/post"}],"author":[{"embeddable":true,"href":"https:\/\/kanu-gruppe-wilster.de\/index.php\/wp-json\/wp\/v2\/users\/2"}],"replies":[{"embeddable":true,"href":"https:\/\/kanu-gruppe-wilster.de\/index.php\/wp-json\/wp\/v2\/comments?post=8030"}],"version-history":[{"count":3,"href":"https:\/\/kanu-gruppe-wilster.de\/index.php\/wp-json\/wp\/v2\/posts\/8030\/revisions"}],"predecessor-version":[{"id":8035,"href":"https:\/\/kanu-gruppe-wilster.de\/index.php\/wp-json\/wp\/v2\/posts\/8030\/revisions\/8035"}],"wp:attachment":[{"href":"https:\/\/kanu-gruppe-wilster.de\/index.php\/wp-json\/wp\/v2\/media?parent=8030"}],"wp:term":[{"taxonomy":"category","embeddable":true,"href":"https:\/\/kanu-gruppe-wilster.de\/index.php\/wp-json\/wp\/v2\/categories?post=8030"},{"taxonomy":"post_tag","embeddable":true,"href":"https:\/\/kanu-gruppe-wilster.de\/index.php\/wp-json\/wp\/v2\/tags?post=8030"}],"curies":[{"name":"wp","href":"https:\/\/api.w.org\/{rel}","templated":true}]}}