{"id":798,"date":"2013-08-10T08:47:28","date_gmt":"2013-08-10T07:47:28","guid":{"rendered":"http:\/\/kanu-gruppe-wilster.de\/?p=798"},"modified":"2013-08-10T08:47:28","modified_gmt":"2013-08-10T07:47:28","slug":"jugendurlaubstour-tagebuch-tag-9","status":"publish","type":"post","link":"https:\/\/kanu-gruppe-wilster.de\/index.php\/jugendurlaubstour-tagebuch-tag-9\/","title":{"rendered":"Jugendurlaubstour &#8211; Tagebuch Tag 9"},"content":{"rendered":"<p>Tag 9 \t\t\u2013 Letzter Tag \u2013 <\/p>\n<p>Heute endet unsere Sommertour. Es war eine sch\u00f6ne Tour, aber ich freue mich auch auf zu Hause.<br \/>\nDie Boote werden heute nicht mehr gepackt, sondern die Fahrer (Eltern) holen uns hier in Waren an der M\u00fcritz ab.<br \/>\nNachdem wir gestern noch zu acht \u00fcber die Binnenm\u00fcritz zum Eis essen gepaddelt waren, sind wir heute fr\u00fch f\u00fcnf Motivierte, die sich zu einer Abschlusstour in die Boote begeben (und dabei bootsm\u00e4\u00dfig teilweise Neuland betreten: Henri im DeLuxe von Leo, Pauline im Eski 525 von Elias\/ Leo und Lasse in Rote Locke und ich in Pluto \u2013 wie sonst auch).<br \/>\nEs ist wieder hochsommerlich \u2013 wie w\u00e4hrend der gesamten Sommertour \u2013 und f\u00fcr diese Uhrzeit (7:30 Uhr) knallt die Sonne schon gewaltig. Wir paddeln durch den Reeck-Kanal in den K\u00f6lpinsee. Nach einer Dreiviertelstunde drehen wir um, damit wir rechtzeitig zum Fr\u00fchst\u00fcck um 9:15 Uhr wieder auf dem Campingplatz sind.<br \/>\nZu Erw\u00e4hnen ist vielleicht noch, dass Leo heute Nacht nicht in seinem Zelt geschlafen hat, sondern in seinem Kajak neben dem Zelt (einfach so \u2013 aus einer fixen Idee heraus). Als ich um 5:45 Uhr an seinem Boot vorbei lief ( ich hatte schon fr\u00fch ausgeschlafen), schlief Leo noch seelenruhig. Und als ich um 7 Uhr von einer kurzen (noch fr\u00fcheren) Fr\u00fchfahrt zur\u00fcckkam (ich war raus zur M\u00fcritz gepaddelt, weil ich diese mal \u00fcberblicken wollte, wenn so gut wie kein L\u00fcftchen weht: sie war v\u00f6llig glatt  &#8211; Ententeich), reckte Leo sich gerade verwundert und fragte, ob er schon aufstehen m\u00fcsse. Er hatte ganz gut geschlafen und die Nacht im Kajak gut \u00fcberstanden.<br \/>\nAlso um 9:15 Uhr fr\u00fchst\u00fcckten wir und in der Runde erz\u00e4hlte nun jeder, wie er die gemeinsame Woche so erlebt hatte. Zusammengefasst gab es diese Aussagen:<br \/>\n&#8211;\tDie Tour hat allen gut gefallen, besonders auch wegen des phantastischen Wetters<br \/>\n&#8211;\tDie zwei Tage beim Kanuhafen Zechlinerh\u00fctte (ohne Zelt abbauen und Boote packen) gefielen vielen<br \/>\n&#8211;\tAuch, dass mal Essen gegangen wurde fanden viele gut.<br \/>\n&#8211;\tSchade war, dass Leonie und Tavin schon etwas vorher abgeholt wurden<br \/>\n&#8211;\tAls (anstrengendes) Highlight wurde die M\u00fcritzquerung von Bolter Schleuse bis R\u00f6bel bei ca. Windst\u00e4rke 4 erlebt.<br \/>\n&#8211;\tGut war auch die Fahrt \u00fcber \u201edas kleine Meer\u201c (slawisch M\u00fcritz) von R\u00f6bel nach Waren einen Tag sp\u00e4ter.<br \/>\nInsgesamt waren wir bis Waren 164 km gepaddelt. Wegen der Fahrt zum Eisessen und der heutigen Fr\u00fchfahrt kamen die meisten auf insgesamt 170 bzw. 179 Kilometer.<br \/>\nNach dem Fr\u00fchst\u00fcck bauten wir die Zelte ab, packten zusammen, machten die Boote sauber und warteten auf die Fahrer, die uns hier heute abholen sollten.<br \/>\nZwischen 12 und 12:30 Uhr trafen J\u00fcrgen Gahrmann, J\u00fcrgen Ruge, Ulf und Sven Nimz ein. Sven, Ulf und J\u00fcrgen G. nahmen noch ein Bad in der M\u00fcritz, wir verluden die Boote und ohne Stau f\u00fchren wir wieder gl\u00fccklich nach Wilster.<\/p>\n","protected":false},"excerpt":{"rendered":"<p>Tag 9 \u2013 Letzter Tag \u2013 Heute endet unsere Sommertour. Es war eine sch\u00f6ne Tour, aber ich freue mich auch auf zu Hause. Die Boote werden heute nicht mehr gepackt, sondern die Fahrer (Eltern) holen uns hier in Waren an der M\u00fcritz ab. Nachdem wir gestern noch zu acht \u00fcber die Binnenm\u00fcritz zum Eis essen<\/p>\n","protected":false},"author":2,"featured_media":0,"comment_status":"open","ping_status":"open","sticky":false,"template":"","format":"standard","meta":{"ngg_post_thumbnail":0},"categories":[4,1],"tags":[],"yoast_head":"<!-- This site is optimized with the Yoast SEO plugin v19.0 - https:\/\/yoast.com\/wordpress\/plugins\/seo\/ -->\n<title>Jugendurlaubstour - Tagebuch Tag 9 &ndash; Kanu Gruppe Wilster e.V.<\/title>\n<meta name=\"robots\" content=\"index, follow, max-snippet:-1, max-image-preview:large, max-video-preview:-1\" \/>\n<link rel=\"canonical\" href=\"https:\/\/kanu-gruppe-wilster.de\/index.php\/jugendurlaubstour-tagebuch-tag-9\/\" \/>\n<meta property=\"og:locale\" content=\"de_DE\" \/>\n<meta property=\"og:type\" content=\"article\" \/>\n<meta property=\"og:title\" content=\"Jugendurlaubstour - Tagebuch Tag 9 &ndash; Kanu Gruppe Wilster e.V.\" \/>\n<meta property=\"og:description\" content=\"Tag 9 \u2013 Letzter Tag \u2013 Heute endet unsere Sommertour. Es war eine sch\u00f6ne Tour, aber ich freue mich auch auf zu Hause. Die Boote werden heute nicht mehr gepackt, sondern die Fahrer (Eltern) holen uns hier in Waren an der M\u00fcritz ab. Nachdem wir gestern noch zu acht \u00fcber die Binnenm\u00fcritz zum Eis essen\" \/>\n<meta property=\"og:url\" content=\"https:\/\/kanu-gruppe-wilster.de\/index.php\/jugendurlaubstour-tagebuch-tag-9\/\" \/>\n<meta property=\"og:site_name\" content=\"Kanu Gruppe Wilster e.V.\" \/>\n<meta property=\"article:published_time\" content=\"2013-08-10T07:47:28+00:00\" \/>\n<meta name=\"twitter:card\" content=\"summary\" \/>\n<meta name=\"twitter:label1\" content=\"Verfasst von\" \/>\n\t<meta name=\"twitter:data1\" content=\"UweMuenster\" \/>\n\t<meta name=\"twitter:label2\" content=\"Gesch\u00e4tzte Lesezeit\" \/>\n\t<meta name=\"twitter:data2\" content=\"2\u00a0Minuten\" \/>\n<script type=\"application\/ld+json\" class=\"yoast-schema-graph\">{\"@context\":\"https:\/\/schema.org\",\"@graph\":[{\"@type\":\"WebSite\",\"@id\":\"https:\/\/kanu-gruppe-wilster.de\/#website\",\"url\":\"https:\/\/kanu-gruppe-wilster.de\/\",\"name\":\"Kanu Gruppe Wilster e.V.\",\"description\":\"Kanuverein an der Wilster Au\",\"potentialAction\":[{\"@type\":\"SearchAction\",\"target\":{\"@type\":\"EntryPoint\",\"urlTemplate\":\"https:\/\/kanu-gruppe-wilster.de\/?s={search_term_string}\"},\"query-input\":\"required name=search_term_string\"}],\"inLanguage\":\"de\"},{\"@type\":\"WebPage\",\"@id\":\"https:\/\/kanu-gruppe-wilster.de\/index.php\/jugendurlaubstour-tagebuch-tag-9\/#webpage\",\"url\":\"https:\/\/kanu-gruppe-wilster.de\/index.php\/jugendurlaubstour-tagebuch-tag-9\/\",\"name\":\"Jugendurlaubstour - Tagebuch Tag 9 &ndash; Kanu Gruppe Wilster e.V.\",\"isPartOf\":{\"@id\":\"https:\/\/kanu-gruppe-wilster.de\/#website\"},\"datePublished\":\"2013-08-10T07:47:28+00:00\",\"dateModified\":\"2013-08-10T07:47:28+00:00\",\"author\":{\"@id\":\"https:\/\/kanu-gruppe-wilster.de\/#\/schema\/person\/7489fc75ff891776bcddaa56e64dbb54\"},\"breadcrumb\":{\"@id\":\"https:\/\/kanu-gruppe-wilster.de\/index.php\/jugendurlaubstour-tagebuch-tag-9\/#breadcrumb\"},\"inLanguage\":\"de\",\"potentialAction\":[{\"@type\":\"ReadAction\",\"target\":[\"https:\/\/kanu-gruppe-wilster.de\/index.php\/jugendurlaubstour-tagebuch-tag-9\/\"]}]},{\"@type\":\"BreadcrumbList\",\"@id\":\"https:\/\/kanu-gruppe-wilster.de\/index.php\/jugendurlaubstour-tagebuch-tag-9\/#breadcrumb\",\"itemListElement\":[{\"@type\":\"ListItem\",\"position\":1,\"name\":\"Startseite\",\"item\":\"https:\/\/kanu-gruppe-wilster.de\/\"},{\"@type\":\"ListItem\",\"position\":2,\"name\":\"Jugendurlaubstour &#8211; Tagebuch Tag 9\"}]},{\"@type\":\"Person\",\"@id\":\"https:\/\/kanu-gruppe-wilster.de\/#\/schema\/person\/7489fc75ff891776bcddaa56e64dbb54\",\"name\":\"UweMuenster\",\"image\":{\"@type\":\"ImageObject\",\"inLanguage\":\"de\",\"@id\":\"https:\/\/kanu-gruppe-wilster.de\/#\/schema\/person\/image\/\",\"url\":\"https:\/\/secure.gravatar.com\/avatar\/633d80af5ecf11a7e42ad51ef88894a9?s=96&d=mm&r=g\",\"contentUrl\":\"https:\/\/secure.gravatar.com\/avatar\/633d80af5ecf11a7e42ad51ef88894a9?s=96&d=mm&r=g\",\"caption\":\"UweMuenster\"},\"url\":\"https:\/\/kanu-gruppe-wilster.de\/index.php\/author\/uwemuenster\/\"}]}<\/script>\n<!-- \/ Yoast SEO plugin. -->","yoast_head_json":{"title":"Jugendurlaubstour - Tagebuch Tag 9 &ndash; Kanu Gruppe Wilster e.V.","robots":{"index":"index","follow":"follow","max-snippet":"max-snippet:-1","max-image-preview":"max-image-preview:large","max-video-preview":"max-video-preview:-1"},"canonical":"https:\/\/kanu-gruppe-wilster.de\/index.php\/jugendurlaubstour-tagebuch-tag-9\/","og_locale":"de_DE","og_type":"article","og_title":"Jugendurlaubstour - Tagebuch Tag 9 &ndash; Kanu Gruppe Wilster e.V.","og_description":"Tag 9 \u2013 Letzter Tag \u2013 Heute endet unsere Sommertour. Es war eine sch\u00f6ne Tour, aber ich freue mich auch auf zu Hause. Die Boote werden heute nicht mehr gepackt, sondern die Fahrer (Eltern) holen uns hier in Waren an der M\u00fcritz ab. Nachdem wir gestern noch zu acht \u00fcber die Binnenm\u00fcritz zum Eis essen","og_url":"https:\/\/kanu-gruppe-wilster.de\/index.php\/jugendurlaubstour-tagebuch-tag-9\/","og_site_name":"Kanu Gruppe Wilster e.V.","article_published_time":"2013-08-10T07:47:28+00:00","twitter_card":"summary","twitter_misc":{"Verfasst von":"UweMuenster","Gesch\u00e4tzte Lesezeit":"2\u00a0Minuten"},"schema":{"@context":"https:\/\/schema.org","@graph":[{"@type":"WebSite","@id":"https:\/\/kanu-gruppe-wilster.de\/#website","url":"https:\/\/kanu-gruppe-wilster.de\/","name":"Kanu Gruppe Wilster e.V.","description":"Kanuverein an der Wilster Au","potentialAction":[{"@type":"SearchAction","target":{"@type":"EntryPoint","urlTemplate":"https:\/\/kanu-gruppe-wilster.de\/?s={search_term_string}"},"query-input":"required name=search_term_string"}],"inLanguage":"de"},{"@type":"WebPage","@id":"https:\/\/kanu-gruppe-wilster.de\/index.php\/jugendurlaubstour-tagebuch-tag-9\/#webpage","url":"https:\/\/kanu-gruppe-wilster.de\/index.php\/jugendurlaubstour-tagebuch-tag-9\/","name":"Jugendurlaubstour - Tagebuch Tag 9 &ndash; Kanu Gruppe Wilster e.V.","isPartOf":{"@id":"https:\/\/kanu-gruppe-wilster.de\/#website"},"datePublished":"2013-08-10T07:47:28+00:00","dateModified":"2013-08-10T07:47:28+00:00","author":{"@id":"https:\/\/kanu-gruppe-wilster.de\/#\/schema\/person\/7489fc75ff891776bcddaa56e64dbb54"},"breadcrumb":{"@id":"https:\/\/kanu-gruppe-wilster.de\/index.php\/jugendurlaubstour-tagebuch-tag-9\/#breadcrumb"},"inLanguage":"de","potentialAction":[{"@type":"ReadAction","target":["https:\/\/kanu-gruppe-wilster.de\/index.php\/jugendurlaubstour-tagebuch-tag-9\/"]}]},{"@type":"BreadcrumbList","@id":"https:\/\/kanu-gruppe-wilster.de\/index.php\/jugendurlaubstour-tagebuch-tag-9\/#breadcrumb","itemListElement":[{"@type":"ListItem","position":1,"name":"Startseite","item":"https:\/\/kanu-gruppe-wilster.de\/"},{"@type":"ListItem","position":2,"name":"Jugendurlaubstour &#8211; Tagebuch Tag 9"}]},{"@type":"Person","@id":"https:\/\/kanu-gruppe-wilster.de\/#\/schema\/person\/7489fc75ff891776bcddaa56e64dbb54","name":"UweMuenster","image":{"@type":"ImageObject","inLanguage":"de","@id":"https:\/\/kanu-gruppe-wilster.de\/#\/schema\/person\/image\/","url":"https:\/\/secure.gravatar.com\/avatar\/633d80af5ecf11a7e42ad51ef88894a9?s=96&d=mm&r=g","contentUrl":"https:\/\/secure.gravatar.com\/avatar\/633d80af5ecf11a7e42ad51ef88894a9?s=96&d=mm&r=g","caption":"UweMuenster"},"url":"https:\/\/kanu-gruppe-wilster.de\/index.php\/author\/uwemuenster\/"}]}},"_links":{"self":[{"href":"https:\/\/kanu-gruppe-wilster.de\/index.php\/wp-json\/wp\/v2\/posts\/798"}],"collection":[{"href":"https:\/\/kanu-gruppe-wilster.de\/index.php\/wp-json\/wp\/v2\/posts"}],"about":[{"href":"https:\/\/kanu-gruppe-wilster.de\/index.php\/wp-json\/wp\/v2\/types\/post"}],"author":[{"embeddable":true,"href":"https:\/\/kanu-gruppe-wilster.de\/index.php\/wp-json\/wp\/v2\/users\/2"}],"replies":[{"embeddable":true,"href":"https:\/\/kanu-gruppe-wilster.de\/index.php\/wp-json\/wp\/v2\/comments?post=798"}],"version-history":[{"count":0,"href":"https:\/\/kanu-gruppe-wilster.de\/index.php\/wp-json\/wp\/v2\/posts\/798\/revisions"}],"wp:attachment":[{"href":"https:\/\/kanu-gruppe-wilster.de\/index.php\/wp-json\/wp\/v2\/media?parent=798"}],"wp:term":[{"taxonomy":"category","embeddable":true,"href":"https:\/\/kanu-gruppe-wilster.de\/index.php\/wp-json\/wp\/v2\/categories?post=798"},{"taxonomy":"post_tag","embeddable":true,"href":"https:\/\/kanu-gruppe-wilster.de\/index.php\/wp-json\/wp\/v2\/tags?post=798"}],"curies":[{"name":"wp","href":"https:\/\/api.w.org\/{rel}","templated":true}]}}