{"id":795,"date":"2013-08-10T08:45:10","date_gmt":"2013-08-10T07:45:10","guid":{"rendered":"http:\/\/kanu-gruppe-wilster.de\/?p=795"},"modified":"2013-08-10T08:45:10","modified_gmt":"2013-08-10T07:45:10","slug":"jugendurlaubstour-tagebuch-tag-8","status":"publish","type":"post","link":"https:\/\/kanu-gruppe-wilster.de\/index.php\/jugendurlaubstour-tagebuch-tag-8\/","title":{"rendered":"Jugendurlaubstour &#8211; Tagebuch Tag 8"},"content":{"rendered":"<p>Tag 8<br \/>\nR\u00f6bel \u2013 Waren \t\t14 Kilometer<br \/>\nUm 7:30Uhr wurden wir wie immer geweckt. Dann ging Elias Br\u00f6tchen holen und es wurde in aller Ruhe gefr\u00fchst\u00fcckt. Nun wurden die Boote in aller Ruhe gepackt und sich f\u00fcr die zweite M\u00fcritztour ger\u00fcstet und dann sind wir losgefahren. Waren immer im Blick, aber mit der Absicht von dort noch 10 km weiter zu fahren, was aber nicht mehr m\u00f6glich war. Diesmal war es auf der M\u00fcritz nicht windig und wir wurden dementsprechend auch weniger nass. Bis auf drei Steuerbr\u00fcche bei Elske und Konne verlief die Fahrt gut. Pl\u00f6tzlich erschraken Elias und ich, als wir den Grund des Sees sehen konnten: eine Sandbank war die Erkl\u00e4rung. Dann landeten wir an einem Hundestrand an, um Pause zu machen. An den Geruch dort musste man sich erst noch gew\u00f6hnen. Dort fiel unser Steuer zweimal wegen Wellen ab, bis wir es nicht wieder angebaut haben und es so lie\u00dfen bis wir loswollten. In der Erwartung noch 10 Km weiter zu paddeln, a\u00df ich drei Br\u00f6tchen, aber wir entschlossen uns in Waren zu bleiben. Dann bauten wir auf sehr beengtem Platz unsere Zelte auf. Dann schauten wir uns das Waschhaus an und stellten fest, dass das Waschhaus neu und sehr modern war. Nun sind noch einige baden gegangen. Dann sind noch einige in die Stadt gepaddelt um mit Ingmar ein Geburtstagseis zu essen. Im Anschluss haben sich Jacob, Leo, Moritz und ich einen D\u00f6ner (zum Mitnehmen) geholt, um zum Campingplatz zu rasen, wobei ich im Bogen die ganze Bucht abgefahren bin und deshalb einen Umweg fuhr. Dann a\u00dfen wir unsere D\u00f6ner und Elias, der nach 800g Ravioli und einer 5-Minuten-Terrine immer noch Hunger hatte, unsere Reste. Der Abend wurde in einer gem\u00fctlichen Runde bendet.<br \/>\nHenri<\/p>\n","protected":false},"excerpt":{"rendered":"<p>Tag 8 R\u00f6bel \u2013 Waren 14 Kilometer Um 7:30Uhr wurden wir wie immer geweckt. Dann ging Elias Br\u00f6tchen holen und es wurde in aller Ruhe gefr\u00fchst\u00fcckt. Nun wurden die Boote in aller Ruhe gepackt und sich f\u00fcr die zweite M\u00fcritztour ger\u00fcstet und dann sind wir losgefahren. Waren immer im Blick, aber mit der Absicht von<\/p>\n","protected":false},"author":2,"featured_media":0,"comment_status":"open","ping_status":"open","sticky":false,"template":"","format":"standard","meta":{"ngg_post_thumbnail":0},"categories":[4,1],"tags":[],"yoast_head":"<!-- This site is optimized with the Yoast SEO plugin v19.0 - https:\/\/yoast.com\/wordpress\/plugins\/seo\/ -->\n<title>Jugendurlaubstour - Tagebuch Tag 8 &ndash; Kanu Gruppe Wilster e.V.<\/title>\n<meta name=\"robots\" content=\"index, follow, max-snippet:-1, max-image-preview:large, max-video-preview:-1\" \/>\n<link rel=\"canonical\" href=\"https:\/\/kanu-gruppe-wilster.de\/index.php\/jugendurlaubstour-tagebuch-tag-8\/\" \/>\n<meta property=\"og:locale\" content=\"de_DE\" \/>\n<meta property=\"og:type\" content=\"article\" \/>\n<meta property=\"og:title\" content=\"Jugendurlaubstour - Tagebuch Tag 8 &ndash; Kanu Gruppe Wilster e.V.\" \/>\n<meta property=\"og:description\" content=\"Tag 8 R\u00f6bel \u2013 Waren 14 Kilometer Um 7:30Uhr wurden wir wie immer geweckt. Dann ging Elias Br\u00f6tchen holen und es wurde in aller Ruhe gefr\u00fchst\u00fcckt. Nun wurden die Boote in aller Ruhe gepackt und sich f\u00fcr die zweite M\u00fcritztour ger\u00fcstet und dann sind wir losgefahren. Waren immer im Blick, aber mit der Absicht von\" \/>\n<meta property=\"og:url\" content=\"https:\/\/kanu-gruppe-wilster.de\/index.php\/jugendurlaubstour-tagebuch-tag-8\/\" \/>\n<meta property=\"og:site_name\" content=\"Kanu Gruppe Wilster e.V.\" \/>\n<meta property=\"article:published_time\" content=\"2013-08-10T07:45:10+00:00\" \/>\n<meta name=\"twitter:card\" content=\"summary\" \/>\n<meta name=\"twitter:label1\" content=\"Verfasst von\" \/>\n\t<meta name=\"twitter:data1\" content=\"UweMuenster\" \/>\n\t<meta name=\"twitter:label2\" content=\"Gesch\u00e4tzte Lesezeit\" \/>\n\t<meta name=\"twitter:data2\" content=\"2\u00a0Minuten\" \/>\n<script type=\"application\/ld+json\" class=\"yoast-schema-graph\">{\"@context\":\"https:\/\/schema.org\",\"@graph\":[{\"@type\":\"WebSite\",\"@id\":\"https:\/\/kanu-gruppe-wilster.de\/#website\",\"url\":\"https:\/\/kanu-gruppe-wilster.de\/\",\"name\":\"Kanu Gruppe Wilster e.V.\",\"description\":\"Kanuverein an der Wilster Au\",\"potentialAction\":[{\"@type\":\"SearchAction\",\"target\":{\"@type\":\"EntryPoint\",\"urlTemplate\":\"https:\/\/kanu-gruppe-wilster.de\/?s={search_term_string}\"},\"query-input\":\"required name=search_term_string\"}],\"inLanguage\":\"de\"},{\"@type\":\"WebPage\",\"@id\":\"https:\/\/kanu-gruppe-wilster.de\/index.php\/jugendurlaubstour-tagebuch-tag-8\/#webpage\",\"url\":\"https:\/\/kanu-gruppe-wilster.de\/index.php\/jugendurlaubstour-tagebuch-tag-8\/\",\"name\":\"Jugendurlaubstour - Tagebuch Tag 8 &ndash; Kanu Gruppe Wilster e.V.\",\"isPartOf\":{\"@id\":\"https:\/\/kanu-gruppe-wilster.de\/#website\"},\"datePublished\":\"2013-08-10T07:45:10+00:00\",\"dateModified\":\"2013-08-10T07:45:10+00:00\",\"author\":{\"@id\":\"https:\/\/kanu-gruppe-wilster.de\/#\/schema\/person\/7489fc75ff891776bcddaa56e64dbb54\"},\"breadcrumb\":{\"@id\":\"https:\/\/kanu-gruppe-wilster.de\/index.php\/jugendurlaubstour-tagebuch-tag-8\/#breadcrumb\"},\"inLanguage\":\"de\",\"potentialAction\":[{\"@type\":\"ReadAction\",\"target\":[\"https:\/\/kanu-gruppe-wilster.de\/index.php\/jugendurlaubstour-tagebuch-tag-8\/\"]}]},{\"@type\":\"BreadcrumbList\",\"@id\":\"https:\/\/kanu-gruppe-wilster.de\/index.php\/jugendurlaubstour-tagebuch-tag-8\/#breadcrumb\",\"itemListElement\":[{\"@type\":\"ListItem\",\"position\":1,\"name\":\"Startseite\",\"item\":\"https:\/\/kanu-gruppe-wilster.de\/\"},{\"@type\":\"ListItem\",\"position\":2,\"name\":\"Jugendurlaubstour &#8211; Tagebuch Tag 8\"}]},{\"@type\":\"Person\",\"@id\":\"https:\/\/kanu-gruppe-wilster.de\/#\/schema\/person\/7489fc75ff891776bcddaa56e64dbb54\",\"name\":\"UweMuenster\",\"image\":{\"@type\":\"ImageObject\",\"inLanguage\":\"de\",\"@id\":\"https:\/\/kanu-gruppe-wilster.de\/#\/schema\/person\/image\/\",\"url\":\"https:\/\/secure.gravatar.com\/avatar\/633d80af5ecf11a7e42ad51ef88894a9?s=96&d=mm&r=g\",\"contentUrl\":\"https:\/\/secure.gravatar.com\/avatar\/633d80af5ecf11a7e42ad51ef88894a9?s=96&d=mm&r=g\",\"caption\":\"UweMuenster\"},\"url\":\"https:\/\/kanu-gruppe-wilster.de\/index.php\/author\/uwemuenster\/\"}]}<\/script>\n<!-- \/ Yoast SEO plugin. -->","yoast_head_json":{"title":"Jugendurlaubstour - Tagebuch Tag 8 &ndash; Kanu Gruppe Wilster e.V.","robots":{"index":"index","follow":"follow","max-snippet":"max-snippet:-1","max-image-preview":"max-image-preview:large","max-video-preview":"max-video-preview:-1"},"canonical":"https:\/\/kanu-gruppe-wilster.de\/index.php\/jugendurlaubstour-tagebuch-tag-8\/","og_locale":"de_DE","og_type":"article","og_title":"Jugendurlaubstour - Tagebuch Tag 8 &ndash; Kanu Gruppe Wilster e.V.","og_description":"Tag 8 R\u00f6bel \u2013 Waren 14 Kilometer Um 7:30Uhr wurden wir wie immer geweckt. Dann ging Elias Br\u00f6tchen holen und es wurde in aller Ruhe gefr\u00fchst\u00fcckt. Nun wurden die Boote in aller Ruhe gepackt und sich f\u00fcr die zweite M\u00fcritztour ger\u00fcstet und dann sind wir losgefahren. Waren immer im Blick, aber mit der Absicht von","og_url":"https:\/\/kanu-gruppe-wilster.de\/index.php\/jugendurlaubstour-tagebuch-tag-8\/","og_site_name":"Kanu Gruppe Wilster e.V.","article_published_time":"2013-08-10T07:45:10+00:00","twitter_card":"summary","twitter_misc":{"Verfasst von":"UweMuenster","Gesch\u00e4tzte Lesezeit":"2\u00a0Minuten"},"schema":{"@context":"https:\/\/schema.org","@graph":[{"@type":"WebSite","@id":"https:\/\/kanu-gruppe-wilster.de\/#website","url":"https:\/\/kanu-gruppe-wilster.de\/","name":"Kanu Gruppe Wilster e.V.","description":"Kanuverein an der Wilster Au","potentialAction":[{"@type":"SearchAction","target":{"@type":"EntryPoint","urlTemplate":"https:\/\/kanu-gruppe-wilster.de\/?s={search_term_string}"},"query-input":"required name=search_term_string"}],"inLanguage":"de"},{"@type":"WebPage","@id":"https:\/\/kanu-gruppe-wilster.de\/index.php\/jugendurlaubstour-tagebuch-tag-8\/#webpage","url":"https:\/\/kanu-gruppe-wilster.de\/index.php\/jugendurlaubstour-tagebuch-tag-8\/","name":"Jugendurlaubstour - Tagebuch Tag 8 &ndash; Kanu Gruppe Wilster e.V.","isPartOf":{"@id":"https:\/\/kanu-gruppe-wilster.de\/#website"},"datePublished":"2013-08-10T07:45:10+00:00","dateModified":"2013-08-10T07:45:10+00:00","author":{"@id":"https:\/\/kanu-gruppe-wilster.de\/#\/schema\/person\/7489fc75ff891776bcddaa56e64dbb54"},"breadcrumb":{"@id":"https:\/\/kanu-gruppe-wilster.de\/index.php\/jugendurlaubstour-tagebuch-tag-8\/#breadcrumb"},"inLanguage":"de","potentialAction":[{"@type":"ReadAction","target":["https:\/\/kanu-gruppe-wilster.de\/index.php\/jugendurlaubstour-tagebuch-tag-8\/"]}]},{"@type":"BreadcrumbList","@id":"https:\/\/kanu-gruppe-wilster.de\/index.php\/jugendurlaubstour-tagebuch-tag-8\/#breadcrumb","itemListElement":[{"@type":"ListItem","position":1,"name":"Startseite","item":"https:\/\/kanu-gruppe-wilster.de\/"},{"@type":"ListItem","position":2,"name":"Jugendurlaubstour &#8211; Tagebuch Tag 8"}]},{"@type":"Person","@id":"https:\/\/kanu-gruppe-wilster.de\/#\/schema\/person\/7489fc75ff891776bcddaa56e64dbb54","name":"UweMuenster","image":{"@type":"ImageObject","inLanguage":"de","@id":"https:\/\/kanu-gruppe-wilster.de\/#\/schema\/person\/image\/","url":"https:\/\/secure.gravatar.com\/avatar\/633d80af5ecf11a7e42ad51ef88894a9?s=96&d=mm&r=g","contentUrl":"https:\/\/secure.gravatar.com\/avatar\/633d80af5ecf11a7e42ad51ef88894a9?s=96&d=mm&r=g","caption":"UweMuenster"},"url":"https:\/\/kanu-gruppe-wilster.de\/index.php\/author\/uwemuenster\/"}]}},"_links":{"self":[{"href":"https:\/\/kanu-gruppe-wilster.de\/index.php\/wp-json\/wp\/v2\/posts\/795"}],"collection":[{"href":"https:\/\/kanu-gruppe-wilster.de\/index.php\/wp-json\/wp\/v2\/posts"}],"about":[{"href":"https:\/\/kanu-gruppe-wilster.de\/index.php\/wp-json\/wp\/v2\/types\/post"}],"author":[{"embeddable":true,"href":"https:\/\/kanu-gruppe-wilster.de\/index.php\/wp-json\/wp\/v2\/users\/2"}],"replies":[{"embeddable":true,"href":"https:\/\/kanu-gruppe-wilster.de\/index.php\/wp-json\/wp\/v2\/comments?post=795"}],"version-history":[{"count":0,"href":"https:\/\/kanu-gruppe-wilster.de\/index.php\/wp-json\/wp\/v2\/posts\/795\/revisions"}],"wp:attachment":[{"href":"https:\/\/kanu-gruppe-wilster.de\/index.php\/wp-json\/wp\/v2\/media?parent=795"}],"wp:term":[{"taxonomy":"category","embeddable":true,"href":"https:\/\/kanu-gruppe-wilster.de\/index.php\/wp-json\/wp\/v2\/categories?post=795"},{"taxonomy":"post_tag","embeddable":true,"href":"https:\/\/kanu-gruppe-wilster.de\/index.php\/wp-json\/wp\/v2\/tags?post=795"}],"curies":[{"name":"wp","href":"https:\/\/api.w.org\/{rel}","templated":true}]}}