{"id":7943,"date":"2019-03-03T18:51:04","date_gmt":"2019-03-03T17:51:04","guid":{"rendered":"https:\/\/kanu-gruppe-wilster.de\/?p=7943"},"modified":"2019-03-03T18:53:46","modified_gmt":"2019-03-03T17:53:46","slug":"stadtwanderung-teil-2","status":"publish","type":"post","link":"https:\/\/kanu-gruppe-wilster.de\/index.php\/stadtwanderung-teil-2\/","title":{"rendered":"Stadtwanderung Teil 2"},"content":{"rendered":"<p>Stadtwanderung II. Teil<\/p>\n<p><img loading=\"lazy\" class=\"alignnone size-full wp-image-7945\" src=\"https:\/\/kanu-gruppe-wilster.de\/wp-content\/uploads\/2019\/03\/DSCN0337Red.jpg\" alt=\"\" width=\"640\" height=\"480\" srcset=\"https:\/\/kanu-gruppe-wilster.de\/wp-content\/uploads\/2019\/03\/DSCN0337Red.jpg 640w, https:\/\/kanu-gruppe-wilster.de\/wp-content\/uploads\/2019\/03\/DSCN0337Red-300x225.jpg 300w, https:\/\/kanu-gruppe-wilster.de\/wp-content\/uploads\/2019\/03\/DSCN0337Red-249x187.jpg 249w\" sizes=\"(max-width: 640px) 100vw, 640px\" \/><\/p>\n<p>Wir trafen uns wieder mit Bernd (Schwutzke) vor dem Rialto um erneut etwas \u00fcber Wilster zu lernen, oder aus unserer Erinnerung hervorzuholen. Zun\u00e4chst sahen wir alte Fotos von der Westseite der des Marktes mit den heutigen Gesch\u00e4ften Chr. Haack, Balzer, Reese und der Sparkasse. Viele Fronten sind auch heute noch gut mit den alten Bildern zu vergleichen. Weiter ging es Richtung Schulstra\u00dfe (heute Zingelstra\u00dfe). Es war der sch\u00f6ne Blick auf die Villa Sch\u00fctt (1896) zu bestaunen. Dies Haus hat eine wechselnde Benutzung in den vielen Jahren seines Bestehens.<\/p>\n<p>Dann sprach Bernd \u00fcber den Colo. Im Bereich des heutigen Trichtergartens gab es fr\u00fcher eine Konzertmuschel. Baumalleen luden zum Flanieren an beiden Seiten des Colosseumplatzes ein.<\/p>\n<p>Weiter ging es zur Burger Stra\u00dfe. Hier war bemerkenswert die wechselvolle Geschichte des heutigen Kulturhauses. Einst Pastorat, dann war es der Wohnsitz der Gemeindeschwester (Diakonie), verschiedene Esslokale.<\/p>\n<p>Wer wusste schon, dass es in H\u00f6he Burger Stra\u00dfe 11 \/ 12 ein sogenanntes Gasthaus gab. Hier war das st\u00e4dtische Armenhaus und Altersheim seit dem 15. Jahrhundert untergebracht und 1878 abgebrochen.<\/p>\n<p>Daneben kann mal immer noch den alten Burggraben erkennen. Dieser zieht sich durch viele Bereiche der Stadt und an die Au an.<\/p>\n<p>Es gibt unendlich viel \u00fcber die Geschichte und Entwicklung unserer Heimatstadt zu lernen, wiederzuentdecken usw.<\/p>\n<p>Wer mal Langeweile hat: die Web-Site <a href=\"http:\/\/www.mein-wilster.de\/\"><u>mein-Wilster.de<\/u><\/a> ist immer einen Besuch wert.<\/p>\n<p>&nbsp;<img loading=\"lazy\" class=\"alignnone size-full wp-image-7944\" src=\"https:\/\/kanu-gruppe-wilster.de\/wp-content\/uploads\/2019\/03\/DSCN0336RED.jpg\" alt=\"\" width=\"640\" height=\"480\" srcset=\"https:\/\/kanu-gruppe-wilster.de\/wp-content\/uploads\/2019\/03\/DSCN0336RED.jpg 640w, https:\/\/kanu-gruppe-wilster.de\/wp-content\/uploads\/2019\/03\/DSCN0336RED-300x225.jpg 300w, https:\/\/kanu-gruppe-wilster.de\/wp-content\/uploads\/2019\/03\/DSCN0336RED-249x187.jpg 249w\" sizes=\"(max-width: 640px) 100vw, 640px\" \/><\/p>\n","protected":false},"excerpt":{"rendered":"<p>Stadtwanderung II. Teil Wir trafen uns wieder mit Bernd (Schwutzke) vor dem Rialto um erneut etwas \u00fcber Wilster zu lernen, oder aus unserer Erinnerung hervorzuholen. Zun\u00e4chst sahen wir alte Fotos von der Westseite der des Marktes mit den heutigen Gesch\u00e4ften Chr. Haack, Balzer, Reese und der Sparkasse. Viele Fronten sind auch heute noch gut mit<\/p>\n","protected":false},"author":2,"featured_media":0,"comment_status":"open","ping_status":"open","sticky":false,"template":"","format":"standard","meta":{"ngg_post_thumbnail":0},"categories":[4],"tags":[],"yoast_head":"<!-- This site is optimized with the Yoast SEO plugin v19.0 - https:\/\/yoast.com\/wordpress\/plugins\/seo\/ -->\n<title>Stadtwanderung Teil 2 &ndash; Kanu Gruppe Wilster e.V.<\/title>\n<meta name=\"robots\" content=\"index, follow, max-snippet:-1, max-image-preview:large, max-video-preview:-1\" \/>\n<link rel=\"canonical\" href=\"https:\/\/kanu-gruppe-wilster.de\/index.php\/stadtwanderung-teil-2\/\" \/>\n<meta property=\"og:locale\" content=\"de_DE\" \/>\n<meta property=\"og:type\" content=\"article\" \/>\n<meta property=\"og:title\" content=\"Stadtwanderung Teil 2 &ndash; Kanu Gruppe Wilster e.V.\" \/>\n<meta property=\"og:description\" content=\"Stadtwanderung II. Teil Wir trafen uns wieder mit Bernd (Schwutzke) vor dem Rialto um erneut etwas \u00fcber Wilster zu lernen, oder aus unserer Erinnerung hervorzuholen. Zun\u00e4chst sahen wir alte Fotos von der Westseite der des Marktes mit den heutigen Gesch\u00e4ften Chr. Haack, Balzer, Reese und der Sparkasse. Viele Fronten sind auch heute noch gut mit\" \/>\n<meta property=\"og:url\" content=\"https:\/\/kanu-gruppe-wilster.de\/index.php\/stadtwanderung-teil-2\/\" \/>\n<meta property=\"og:site_name\" content=\"Kanu Gruppe Wilster e.V.\" \/>\n<meta property=\"article:published_time\" content=\"2019-03-03T17:51:04+00:00\" \/>\n<meta property=\"article:modified_time\" content=\"2019-03-03T17:53:46+00:00\" \/>\n<meta property=\"og:image\" content=\"https:\/\/kanu-gruppe-wilster.de\/wp-content\/uploads\/2019\/03\/DSCN0337Red.jpg\" \/>\n<meta name=\"twitter:card\" content=\"summary\" \/>\n<meta name=\"twitter:label1\" content=\"Verfasst von\" \/>\n\t<meta name=\"twitter:data1\" content=\"UweMuenster\" \/>\n\t<meta name=\"twitter:label2\" content=\"Gesch\u00e4tzte Lesezeit\" \/>\n\t<meta name=\"twitter:data2\" content=\"1\u00a0Minute\" \/>\n<script type=\"application\/ld+json\" class=\"yoast-schema-graph\">{\"@context\":\"https:\/\/schema.org\",\"@graph\":[{\"@type\":\"WebSite\",\"@id\":\"https:\/\/kanu-gruppe-wilster.de\/#website\",\"url\":\"https:\/\/kanu-gruppe-wilster.de\/\",\"name\":\"Kanu Gruppe Wilster e.V.\",\"description\":\"Kanuverein an der Wilster Au\",\"potentialAction\":[{\"@type\":\"SearchAction\",\"target\":{\"@type\":\"EntryPoint\",\"urlTemplate\":\"https:\/\/kanu-gruppe-wilster.de\/?s={search_term_string}\"},\"query-input\":\"required name=search_term_string\"}],\"inLanguage\":\"de\"},{\"@type\":\"ImageObject\",\"inLanguage\":\"de\",\"@id\":\"https:\/\/kanu-gruppe-wilster.de\/index.php\/stadtwanderung-teil-2\/#primaryimage\",\"url\":\"https:\/\/kanu-gruppe-wilster.de\/wp-content\/uploads\/2019\/03\/DSCN0337Red.jpg\",\"contentUrl\":\"https:\/\/kanu-gruppe-wilster.de\/wp-content\/uploads\/2019\/03\/DSCN0337Red.jpg\",\"width\":640,\"height\":480},{\"@type\":\"WebPage\",\"@id\":\"https:\/\/kanu-gruppe-wilster.de\/index.php\/stadtwanderung-teil-2\/#webpage\",\"url\":\"https:\/\/kanu-gruppe-wilster.de\/index.php\/stadtwanderung-teil-2\/\",\"name\":\"Stadtwanderung Teil 2 &ndash; Kanu Gruppe Wilster e.V.\",\"isPartOf\":{\"@id\":\"https:\/\/kanu-gruppe-wilster.de\/#website\"},\"primaryImageOfPage\":{\"@id\":\"https:\/\/kanu-gruppe-wilster.de\/index.php\/stadtwanderung-teil-2\/#primaryimage\"},\"datePublished\":\"2019-03-03T17:51:04+00:00\",\"dateModified\":\"2019-03-03T17:53:46+00:00\",\"author\":{\"@id\":\"https:\/\/kanu-gruppe-wilster.de\/#\/schema\/person\/7489fc75ff891776bcddaa56e64dbb54\"},\"breadcrumb\":{\"@id\":\"https:\/\/kanu-gruppe-wilster.de\/index.php\/stadtwanderung-teil-2\/#breadcrumb\"},\"inLanguage\":\"de\",\"potentialAction\":[{\"@type\":\"ReadAction\",\"target\":[\"https:\/\/kanu-gruppe-wilster.de\/index.php\/stadtwanderung-teil-2\/\"]}]},{\"@type\":\"BreadcrumbList\",\"@id\":\"https:\/\/kanu-gruppe-wilster.de\/index.php\/stadtwanderung-teil-2\/#breadcrumb\",\"itemListElement\":[{\"@type\":\"ListItem\",\"position\":1,\"name\":\"Startseite\",\"item\":\"https:\/\/kanu-gruppe-wilster.de\/\"},{\"@type\":\"ListItem\",\"position\":2,\"name\":\"Stadtwanderung Teil 2\"}]},{\"@type\":\"Person\",\"@id\":\"https:\/\/kanu-gruppe-wilster.de\/#\/schema\/person\/7489fc75ff891776bcddaa56e64dbb54\",\"name\":\"UweMuenster\",\"image\":{\"@type\":\"ImageObject\",\"inLanguage\":\"de\",\"@id\":\"https:\/\/kanu-gruppe-wilster.de\/#\/schema\/person\/image\/\",\"url\":\"https:\/\/secure.gravatar.com\/avatar\/633d80af5ecf11a7e42ad51ef88894a9?s=96&d=mm&r=g\",\"contentUrl\":\"https:\/\/secure.gravatar.com\/avatar\/633d80af5ecf11a7e42ad51ef88894a9?s=96&d=mm&r=g\",\"caption\":\"UweMuenster\"},\"url\":\"https:\/\/kanu-gruppe-wilster.de\/index.php\/author\/uwemuenster\/\"}]}<\/script>\n<!-- \/ Yoast SEO plugin. -->","yoast_head_json":{"title":"Stadtwanderung Teil 2 &ndash; Kanu Gruppe Wilster e.V.","robots":{"index":"index","follow":"follow","max-snippet":"max-snippet:-1","max-image-preview":"max-image-preview:large","max-video-preview":"max-video-preview:-1"},"canonical":"https:\/\/kanu-gruppe-wilster.de\/index.php\/stadtwanderung-teil-2\/","og_locale":"de_DE","og_type":"article","og_title":"Stadtwanderung Teil 2 &ndash; Kanu Gruppe Wilster e.V.","og_description":"Stadtwanderung II. Teil Wir trafen uns wieder mit Bernd (Schwutzke) vor dem Rialto um erneut etwas \u00fcber Wilster zu lernen, oder aus unserer Erinnerung hervorzuholen. Zun\u00e4chst sahen wir alte Fotos von der Westseite der des Marktes mit den heutigen Gesch\u00e4ften Chr. Haack, Balzer, Reese und der Sparkasse. Viele Fronten sind auch heute noch gut mit","og_url":"https:\/\/kanu-gruppe-wilster.de\/index.php\/stadtwanderung-teil-2\/","og_site_name":"Kanu Gruppe Wilster e.V.","article_published_time":"2019-03-03T17:51:04+00:00","article_modified_time":"2019-03-03T17:53:46+00:00","og_image":[{"url":"https:\/\/kanu-gruppe-wilster.de\/wp-content\/uploads\/2019\/03\/DSCN0337Red.jpg"}],"twitter_card":"summary","twitter_misc":{"Verfasst von":"UweMuenster","Gesch\u00e4tzte Lesezeit":"1\u00a0Minute"},"schema":{"@context":"https:\/\/schema.org","@graph":[{"@type":"WebSite","@id":"https:\/\/kanu-gruppe-wilster.de\/#website","url":"https:\/\/kanu-gruppe-wilster.de\/","name":"Kanu Gruppe Wilster e.V.","description":"Kanuverein an der Wilster Au","potentialAction":[{"@type":"SearchAction","target":{"@type":"EntryPoint","urlTemplate":"https:\/\/kanu-gruppe-wilster.de\/?s={search_term_string}"},"query-input":"required name=search_term_string"}],"inLanguage":"de"},{"@type":"ImageObject","inLanguage":"de","@id":"https:\/\/kanu-gruppe-wilster.de\/index.php\/stadtwanderung-teil-2\/#primaryimage","url":"https:\/\/kanu-gruppe-wilster.de\/wp-content\/uploads\/2019\/03\/DSCN0337Red.jpg","contentUrl":"https:\/\/kanu-gruppe-wilster.de\/wp-content\/uploads\/2019\/03\/DSCN0337Red.jpg","width":640,"height":480},{"@type":"WebPage","@id":"https:\/\/kanu-gruppe-wilster.de\/index.php\/stadtwanderung-teil-2\/#webpage","url":"https:\/\/kanu-gruppe-wilster.de\/index.php\/stadtwanderung-teil-2\/","name":"Stadtwanderung Teil 2 &ndash; Kanu Gruppe Wilster e.V.","isPartOf":{"@id":"https:\/\/kanu-gruppe-wilster.de\/#website"},"primaryImageOfPage":{"@id":"https:\/\/kanu-gruppe-wilster.de\/index.php\/stadtwanderung-teil-2\/#primaryimage"},"datePublished":"2019-03-03T17:51:04+00:00","dateModified":"2019-03-03T17:53:46+00:00","author":{"@id":"https:\/\/kanu-gruppe-wilster.de\/#\/schema\/person\/7489fc75ff891776bcddaa56e64dbb54"},"breadcrumb":{"@id":"https:\/\/kanu-gruppe-wilster.de\/index.php\/stadtwanderung-teil-2\/#breadcrumb"},"inLanguage":"de","potentialAction":[{"@type":"ReadAction","target":["https:\/\/kanu-gruppe-wilster.de\/index.php\/stadtwanderung-teil-2\/"]}]},{"@type":"BreadcrumbList","@id":"https:\/\/kanu-gruppe-wilster.de\/index.php\/stadtwanderung-teil-2\/#breadcrumb","itemListElement":[{"@type":"ListItem","position":1,"name":"Startseite","item":"https:\/\/kanu-gruppe-wilster.de\/"},{"@type":"ListItem","position":2,"name":"Stadtwanderung Teil 2"}]},{"@type":"Person","@id":"https:\/\/kanu-gruppe-wilster.de\/#\/schema\/person\/7489fc75ff891776bcddaa56e64dbb54","name":"UweMuenster","image":{"@type":"ImageObject","inLanguage":"de","@id":"https:\/\/kanu-gruppe-wilster.de\/#\/schema\/person\/image\/","url":"https:\/\/secure.gravatar.com\/avatar\/633d80af5ecf11a7e42ad51ef88894a9?s=96&d=mm&r=g","contentUrl":"https:\/\/secure.gravatar.com\/avatar\/633d80af5ecf11a7e42ad51ef88894a9?s=96&d=mm&r=g","caption":"UweMuenster"},"url":"https:\/\/kanu-gruppe-wilster.de\/index.php\/author\/uwemuenster\/"}]}},"_links":{"self":[{"href":"https:\/\/kanu-gruppe-wilster.de\/index.php\/wp-json\/wp\/v2\/posts\/7943"}],"collection":[{"href":"https:\/\/kanu-gruppe-wilster.de\/index.php\/wp-json\/wp\/v2\/posts"}],"about":[{"href":"https:\/\/kanu-gruppe-wilster.de\/index.php\/wp-json\/wp\/v2\/types\/post"}],"author":[{"embeddable":true,"href":"https:\/\/kanu-gruppe-wilster.de\/index.php\/wp-json\/wp\/v2\/users\/2"}],"replies":[{"embeddable":true,"href":"https:\/\/kanu-gruppe-wilster.de\/index.php\/wp-json\/wp\/v2\/comments?post=7943"}],"version-history":[{"count":3,"href":"https:\/\/kanu-gruppe-wilster.de\/index.php\/wp-json\/wp\/v2\/posts\/7943\/revisions"}],"predecessor-version":[{"id":7948,"href":"https:\/\/kanu-gruppe-wilster.de\/index.php\/wp-json\/wp\/v2\/posts\/7943\/revisions\/7948"}],"wp:attachment":[{"href":"https:\/\/kanu-gruppe-wilster.de\/index.php\/wp-json\/wp\/v2\/media?parent=7943"}],"wp:term":[{"taxonomy":"category","embeddable":true,"href":"https:\/\/kanu-gruppe-wilster.de\/index.php\/wp-json\/wp\/v2\/categories?post=7943"},{"taxonomy":"post_tag","embeddable":true,"href":"https:\/\/kanu-gruppe-wilster.de\/index.php\/wp-json\/wp\/v2\/tags?post=7943"}],"curies":[{"name":"wp","href":"https:\/\/api.w.org\/{rel}","templated":true}]}}