{"id":7908,"date":"2019-01-08T14:02:18","date_gmt":"2019-01-08T13:02:18","guid":{"rendered":"https:\/\/kanu-gruppe-wilster.de\/?p=7908"},"modified":"2019-01-08T14:03:31","modified_gmt":"2019-01-08T13:03:31","slug":"4340-kilometer-in-einer-saison","status":"publish","type":"post","link":"https:\/\/kanu-gruppe-wilster.de\/index.php\/4340-kilometer-in-einer-saison\/","title":{"rendered":"4340 Kilometer in einer Saison"},"content":{"rendered":"<p>Herzlichen Gl\u00fcckwunsch, Reimer, zum neuen Vereinsrekord!.&nbsp;<\/p>\n<p>Du hast mit 4.340 gepaddelten Saison- Kilometern den bisherigen Vereinsrekord um fast 500km \u00fcber boten und dabei auch noch den 2. Platz im Wanderfahrerwettbewerb der M\u00e4nner auf Landesebene belegt.<\/p>\n<p>Eine tolle Leistung!<\/p>\n<p>Bleib&nbsp; weiterhin so fit und genie\u00dfe die Stunden auf dem Wasser &#8211; allein oder mit uns, Deinen Paddelfreunden von der<\/p>\n<p>Kanu-Gruppe-Wilster<\/p>\n<p>&nbsp;<\/p>\n<p><img loading=\"lazy\" class=\"alignnone size-full wp-image-7909\" src=\"https:\/\/kanu-gruppe-wilster.de\/wp-content\/uploads\/2019\/01\/Reimer.jpg\" alt=\"\" width=\"879\" height=\"495\" srcset=\"https:\/\/kanu-gruppe-wilster.de\/wp-content\/uploads\/2019\/01\/Reimer.jpg 879w, https:\/\/kanu-gruppe-wilster.de\/wp-content\/uploads\/2019\/01\/Reimer-300x169.jpg 300w, https:\/\/kanu-gruppe-wilster.de\/wp-content\/uploads\/2019\/01\/Reimer-768x432.jpg 768w, https:\/\/kanu-gruppe-wilster.de\/wp-content\/uploads\/2019\/01\/Reimer-280x158.jpg 280w\" sizes=\"(max-width: 879px) 100vw, 879px\" \/><\/p>\n<p>&nbsp;<\/p>\n<p>&nbsp;<\/p>\n<p>Eine Kopie des Zeitungsbericht der WZ vom 06.01.19 findet Ihr unten &#8211; <strong>sehr lesenswert!!<\/strong><\/p>\n<p>&#8212;&#8212;&#8212;&#8212;&#8212;&#8212;&#8212;&#8212;&#8212;&#8212;&#8212;&#8212;&#8212;&#8212;&#8212;&#8212;&#8212;&#8212;&#8212;&#8212;&#8212;&#8212;&#8212;&#8212;&#8212;&#8212;&#8212;&#8212;&#8212;&#8212;&#8212;&#8212;&#8212;&#8212;&#8212;&#8212;&#8212;&#8212;&#8212;&#8212;&#8212;&#8212;&#8212;&#8212;&#8212;&#8212;-<\/p>\n<p>&nbsp;<\/p>\n<p><strong>Reimer Demnick stellt bei der Kanu-Gruppe Wilster einen neuen Vereinsrekord auf.<\/strong><\/p>\n<p>von Hermann Schwichtenberg<br \/>\n06. Januar 2019, 00:00 Uhr<\/p>\n<p>Wilster | Reimer Demnick kann auf eine f\u00fcr ihn h\u00f6chst erfreuliche Sportsaison zur\u00fcck blicken. Nach Auswertung aller abgegebenen Fahrtenb\u00fccher hatte der Landes-Kanu-Verband Schleswig-Holstein (LKV) j\u00fcngst best\u00e4tigt, dass der Kanute der Kanu-Gruppe Wilster (KGW) binnen zw\u00f6lf Monaten 4340 Kilometer im Boot zur\u00fcck gelegt hat. Mit diesem Ergebnis, das sich Reimer Demnick mit 90 Touren erpaddelte und das genau 1000 Kilometer \u00fcber dem der Saison davor liegt, rangiert der 61-j\u00e4hrige Kajak-Fahrer bei den M\u00e4nnern an zweiter Stelle in der landesweiten TopTen-Liste.<\/p>\n<p>Bedeutung hat seine sportliche Leistung auch f\u00fcr die KGW: Noch nie gab es innerhalb des Vereins einen Kanuten, der innerhalb einer Saison mehr Kilometer als Reimer Demnick gepaddelt ist. Seinem Ergebnis am n\u00e4chsten steht das von Uwe M\u00fcnster, der den Wanderfahrerwettbewerb vor sechs Jahren mit 3900 Kilometern als Zweiter im Land abschloss. Davor hielt Klaus-Peter Albrechtsen den Vereinsrekord der KGW mit 3253 Kilometern, gepaddelt in den 1980er Jahren.<\/p>\n<p>Dass Reimer Demnick den Vereinsrekord von Uwe M\u00fcnster verbessern k\u00f6nnte, hatte er urspr\u00fcnglich gar nicht in Erw\u00e4gung gezogen. \u201eMein Plan war eigentlich, etwas mehr zu fahren als in der Vorsaison\u201c, sagt der Paddler mit Wohnsitz in Wacken im Gespr\u00e4ch mit unserer Zeitung. Nachdem er dieses Ziel bereits im Sommer erreicht hatte, peilte er f\u00fcr sich die 4000 Kilometer Grenze an und erreichte diesen Wert bereits am 13. September. Dass er in den folgenden 17 Tagen 340 Kilometer \u201edraufsattelte\u201c, hatte einen besonderen Grund \u2013 und der ist nicht in der Tatsache zu finden, dass Reimer Demnick tausend Kilometer mehr als im Jahr zuvor gepaddelt ist. Letztlich h\u00e4tte sein aktuelles Ergebnis aber dazu gef\u00fchrt, dass er in der Zeit vom 1. Oktober 2015 bis 30. September 2018 insgesamt zehntausend Kilometer im Boot gesessen hat. \u201eWenn man zum Ende einer Saison kommt, \u00fcberlegt man sich ein realistisches Ziel. Und das lag f\u00fcr mich darin, die Kilometer zu fahren, mit denen ich im Zeitraum von drei Jahren zehntausend Kilometer erreichen kann.\u201c<\/p>\n<p>Alle, die jemals an einem Wanderfahrerwettbewerb teilgenommen haben, wissen, dass dazu neben Energie und Ausdauer auch sehr viel zeitlicher Einsatz geh\u00f6rt. Beweis: Die Geschwindigkeiten, die von ihm pro Stunde gefahren wurden, lagen zwischen acht (Wilster Au) und elf Kilometern (Elbe).<\/p>\n<p>Absolviert hatte Reimer Demnick seine Touren zum gr\u00f6\u00dften Teil auf der Elbe und auf der St\u00f6r. Gut in Erinnerung ist ihm eine 695 Kilometer lange Gep\u00e4cktour, die ihn zusammen mit seinen Vereinskameraden Reinhard Frisch, Dieter Horstmann Harald Suschke, Uwe M\u00fcnster und Kai Nimz von Schmilka an der tschechischen Grenze \u00fcber Elbe und St\u00f6r ganz bis nach Wilster f\u00fchrte. Die zw\u00f6lf Tageseinheiten endeten im Schnitt mit gut 50 Kilometern. \u00dcbernachtet wurde bei Selbstverpflegung auf dem Gel\u00e4nde von Kanu- und Rudervereinen.<\/p>\n<p>Dass sich der Kanute auch h\u00f6heren Tagesbelastungen ausgesetzt hat, ergibt sich aus seinem Fahrtenbuch: Darin befindet sich ein Eintrag, der dokumentiert, dass Reimer Demnick unter Ausnutzung von drei zusammenh\u00e4ngenden Tiden von Wilster an die St\u00f6rm\u00fcndung und von dort nach Kellinghusen gepaddelt ist, um anschlie\u00dfend auf dem Wasserweg wieder nach Wilster zur\u00fcck zu fahren. Dieser Weg war 104 Kilometer lang. Eine andere Notiz dokumentiert eine Tagestour auf der Ostsee. Die 40 Kilometer lange Fahrt unternahm er zusammen mit Helmut Krause aus Berlin, mit dem er bereits 2005 vor Vancouver im Pazifischen Ozean unterwegs war.<\/p>\n<p>F\u00fcr Reimer Demnick, seit 1971 Mitglied der KGW, ist ein Leben ohne den Kanuwandersport nicht denkbar: \u201eWenn ich im Boot sitze, ist die Welt f\u00fcr mich in Ordnung\u201c, betont er. Dennoch wisse er nicht, ob er seine j\u00fcngste Saisonleistung jemals verbessern kann: \u201e4000 Kilometer waren f\u00fcr mich realistisch. Aber 5000? Ich wei\u00df nicht, ob ich es mir das antun muss\u201c, sagt er und denkt dabei auch an die Erschwernis, h\u00e4ufiger als bisher in seinem 5,30 Meter langen Seekajak aus amerikanischer Produktion zu sitzen: \u201eWenn man in Wilster wohnt, ist es einfacher, sich schnell mal f\u00fcr abendliche Kurztouren von 20 Kilometer L\u00e4nge auf der Au zu entscheiden.\u201c Doch er wohne in Wacken und m\u00fcsse immer einen zeitintensiven Hin- und R\u00fcckweg einplanen, den er als Wilsteraner so nicht h\u00e4tte. Dennoch bliebe ihm eine Hoffnung: \u201eWenn man \u00e4lter ist, rafft man sich m\u00f6glicherweise eher auf.\u201c<\/p>\n<p>\u2013 Quelle: https:\/\/www.shz.de\/22159337 \u00a92019<\/p>\n","protected":false},"excerpt":{"rendered":"<p>Herzlichen Gl\u00fcckwunsch, Reimer, zum neuen Vereinsrekord!.&nbsp; Du hast mit 4.340 gepaddelten Saison- Kilometern den bisherigen Vereinsrekord um fast 500km \u00fcber boten und dabei auch noch den 2. Platz im Wanderfahrerwettbewerb der M\u00e4nner auf Landesebene belegt. Eine tolle Leistung! Bleib&nbsp; weiterhin so fit und genie\u00dfe die Stunden auf dem Wasser &#8211; allein oder mit uns, Deinen<\/p>\n","protected":false},"author":2,"featured_media":0,"comment_status":"open","ping_status":"open","sticky":false,"template":"","format":"standard","meta":{"ngg_post_thumbnail":0},"categories":[4],"tags":[],"yoast_head":"<!-- This site is optimized with the Yoast SEO plugin v19.0 - https:\/\/yoast.com\/wordpress\/plugins\/seo\/ -->\n<title>4340 Kilometer in einer Saison &ndash; Kanu Gruppe Wilster e.V.<\/title>\n<meta name=\"robots\" content=\"index, follow, max-snippet:-1, max-image-preview:large, max-video-preview:-1\" \/>\n<link rel=\"canonical\" href=\"https:\/\/kanu-gruppe-wilster.de\/index.php\/4340-kilometer-in-einer-saison\/\" \/>\n<meta property=\"og:locale\" content=\"de_DE\" \/>\n<meta property=\"og:type\" content=\"article\" \/>\n<meta property=\"og:title\" content=\"4340 Kilometer in einer Saison &ndash; Kanu Gruppe Wilster e.V.\" \/>\n<meta property=\"og:description\" content=\"Herzlichen Gl\u00fcckwunsch, Reimer, zum neuen Vereinsrekord!.&nbsp; Du hast mit 4.340 gepaddelten Saison- Kilometern den bisherigen Vereinsrekord um fast 500km \u00fcber boten und dabei auch noch den 2. Platz im Wanderfahrerwettbewerb der M\u00e4nner auf Landesebene belegt. Eine tolle Leistung! Bleib&nbsp; weiterhin so fit und genie\u00dfe die Stunden auf dem Wasser &#8211; allein oder mit uns, Deinen\" \/>\n<meta property=\"og:url\" content=\"https:\/\/kanu-gruppe-wilster.de\/index.php\/4340-kilometer-in-einer-saison\/\" \/>\n<meta property=\"og:site_name\" content=\"Kanu Gruppe Wilster e.V.\" \/>\n<meta property=\"article:published_time\" content=\"2019-01-08T13:02:18+00:00\" \/>\n<meta property=\"article:modified_time\" content=\"2019-01-08T13:03:31+00:00\" \/>\n<meta property=\"og:image\" content=\"https:\/\/kanu-gruppe-wilster.de\/wp-content\/uploads\/2019\/01\/Reimer.jpg\" \/>\n<meta name=\"twitter:card\" content=\"summary\" \/>\n<meta name=\"twitter:label1\" content=\"Verfasst von\" \/>\n\t<meta name=\"twitter:data1\" content=\"UweMuenster\" \/>\n\t<meta name=\"twitter:label2\" content=\"Gesch\u00e4tzte Lesezeit\" \/>\n\t<meta name=\"twitter:data2\" content=\"4\u00a0Minuten\" \/>\n<script type=\"application\/ld+json\" class=\"yoast-schema-graph\">{\"@context\":\"https:\/\/schema.org\",\"@graph\":[{\"@type\":\"WebSite\",\"@id\":\"https:\/\/kanu-gruppe-wilster.de\/#website\",\"url\":\"https:\/\/kanu-gruppe-wilster.de\/\",\"name\":\"Kanu Gruppe Wilster e.V.\",\"description\":\"Kanuverein an der Wilster Au\",\"potentialAction\":[{\"@type\":\"SearchAction\",\"target\":{\"@type\":\"EntryPoint\",\"urlTemplate\":\"https:\/\/kanu-gruppe-wilster.de\/?s={search_term_string}\"},\"query-input\":\"required name=search_term_string\"}],\"inLanguage\":\"de\"},{\"@type\":\"ImageObject\",\"inLanguage\":\"de\",\"@id\":\"https:\/\/kanu-gruppe-wilster.de\/index.php\/4340-kilometer-in-einer-saison\/#primaryimage\",\"url\":\"https:\/\/kanu-gruppe-wilster.de\/wp-content\/uploads\/2019\/01\/Reimer.jpg\",\"contentUrl\":\"https:\/\/kanu-gruppe-wilster.de\/wp-content\/uploads\/2019\/01\/Reimer.jpg\",\"width\":879,\"height\":495},{\"@type\":\"WebPage\",\"@id\":\"https:\/\/kanu-gruppe-wilster.de\/index.php\/4340-kilometer-in-einer-saison\/#webpage\",\"url\":\"https:\/\/kanu-gruppe-wilster.de\/index.php\/4340-kilometer-in-einer-saison\/\",\"name\":\"4340 Kilometer in einer Saison &ndash; Kanu Gruppe Wilster e.V.\",\"isPartOf\":{\"@id\":\"https:\/\/kanu-gruppe-wilster.de\/#website\"},\"primaryImageOfPage\":{\"@id\":\"https:\/\/kanu-gruppe-wilster.de\/index.php\/4340-kilometer-in-einer-saison\/#primaryimage\"},\"datePublished\":\"2019-01-08T13:02:18+00:00\",\"dateModified\":\"2019-01-08T13:03:31+00:00\",\"author\":{\"@id\":\"https:\/\/kanu-gruppe-wilster.de\/#\/schema\/person\/7489fc75ff891776bcddaa56e64dbb54\"},\"breadcrumb\":{\"@id\":\"https:\/\/kanu-gruppe-wilster.de\/index.php\/4340-kilometer-in-einer-saison\/#breadcrumb\"},\"inLanguage\":\"de\",\"potentialAction\":[{\"@type\":\"ReadAction\",\"target\":[\"https:\/\/kanu-gruppe-wilster.de\/index.php\/4340-kilometer-in-einer-saison\/\"]}]},{\"@type\":\"BreadcrumbList\",\"@id\":\"https:\/\/kanu-gruppe-wilster.de\/index.php\/4340-kilometer-in-einer-saison\/#breadcrumb\",\"itemListElement\":[{\"@type\":\"ListItem\",\"position\":1,\"name\":\"Startseite\",\"item\":\"https:\/\/kanu-gruppe-wilster.de\/\"},{\"@type\":\"ListItem\",\"position\":2,\"name\":\"4340 Kilometer in einer Saison\"}]},{\"@type\":\"Person\",\"@id\":\"https:\/\/kanu-gruppe-wilster.de\/#\/schema\/person\/7489fc75ff891776bcddaa56e64dbb54\",\"name\":\"UweMuenster\",\"image\":{\"@type\":\"ImageObject\",\"inLanguage\":\"de\",\"@id\":\"https:\/\/kanu-gruppe-wilster.de\/#\/schema\/person\/image\/\",\"url\":\"https:\/\/secure.gravatar.com\/avatar\/633d80af5ecf11a7e42ad51ef88894a9?s=96&d=mm&r=g\",\"contentUrl\":\"https:\/\/secure.gravatar.com\/avatar\/633d80af5ecf11a7e42ad51ef88894a9?s=96&d=mm&r=g\",\"caption\":\"UweMuenster\"},\"url\":\"https:\/\/kanu-gruppe-wilster.de\/index.php\/author\/uwemuenster\/\"}]}<\/script>\n<!-- \/ Yoast SEO plugin. -->","yoast_head_json":{"title":"4340 Kilometer in einer Saison &ndash; Kanu Gruppe Wilster e.V.","robots":{"index":"index","follow":"follow","max-snippet":"max-snippet:-1","max-image-preview":"max-image-preview:large","max-video-preview":"max-video-preview:-1"},"canonical":"https:\/\/kanu-gruppe-wilster.de\/index.php\/4340-kilometer-in-einer-saison\/","og_locale":"de_DE","og_type":"article","og_title":"4340 Kilometer in einer Saison &ndash; Kanu Gruppe Wilster e.V.","og_description":"Herzlichen Gl\u00fcckwunsch, Reimer, zum neuen Vereinsrekord!.&nbsp; Du hast mit 4.340 gepaddelten Saison- Kilometern den bisherigen Vereinsrekord um fast 500km \u00fcber boten und dabei auch noch den 2. Platz im Wanderfahrerwettbewerb der M\u00e4nner auf Landesebene belegt. Eine tolle Leistung! Bleib&nbsp; weiterhin so fit und genie\u00dfe die Stunden auf dem Wasser &#8211; allein oder mit uns, Deinen","og_url":"https:\/\/kanu-gruppe-wilster.de\/index.php\/4340-kilometer-in-einer-saison\/","og_site_name":"Kanu Gruppe Wilster e.V.","article_published_time":"2019-01-08T13:02:18+00:00","article_modified_time":"2019-01-08T13:03:31+00:00","og_image":[{"url":"https:\/\/kanu-gruppe-wilster.de\/wp-content\/uploads\/2019\/01\/Reimer.jpg"}],"twitter_card":"summary","twitter_misc":{"Verfasst von":"UweMuenster","Gesch\u00e4tzte Lesezeit":"4\u00a0Minuten"},"schema":{"@context":"https:\/\/schema.org","@graph":[{"@type":"WebSite","@id":"https:\/\/kanu-gruppe-wilster.de\/#website","url":"https:\/\/kanu-gruppe-wilster.de\/","name":"Kanu Gruppe Wilster e.V.","description":"Kanuverein an der Wilster Au","potentialAction":[{"@type":"SearchAction","target":{"@type":"EntryPoint","urlTemplate":"https:\/\/kanu-gruppe-wilster.de\/?s={search_term_string}"},"query-input":"required name=search_term_string"}],"inLanguage":"de"},{"@type":"ImageObject","inLanguage":"de","@id":"https:\/\/kanu-gruppe-wilster.de\/index.php\/4340-kilometer-in-einer-saison\/#primaryimage","url":"https:\/\/kanu-gruppe-wilster.de\/wp-content\/uploads\/2019\/01\/Reimer.jpg","contentUrl":"https:\/\/kanu-gruppe-wilster.de\/wp-content\/uploads\/2019\/01\/Reimer.jpg","width":879,"height":495},{"@type":"WebPage","@id":"https:\/\/kanu-gruppe-wilster.de\/index.php\/4340-kilometer-in-einer-saison\/#webpage","url":"https:\/\/kanu-gruppe-wilster.de\/index.php\/4340-kilometer-in-einer-saison\/","name":"4340 Kilometer in einer Saison &ndash; Kanu Gruppe Wilster e.V.","isPartOf":{"@id":"https:\/\/kanu-gruppe-wilster.de\/#website"},"primaryImageOfPage":{"@id":"https:\/\/kanu-gruppe-wilster.de\/index.php\/4340-kilometer-in-einer-saison\/#primaryimage"},"datePublished":"2019-01-08T13:02:18+00:00","dateModified":"2019-01-08T13:03:31+00:00","author":{"@id":"https:\/\/kanu-gruppe-wilster.de\/#\/schema\/person\/7489fc75ff891776bcddaa56e64dbb54"},"breadcrumb":{"@id":"https:\/\/kanu-gruppe-wilster.de\/index.php\/4340-kilometer-in-einer-saison\/#breadcrumb"},"inLanguage":"de","potentialAction":[{"@type":"ReadAction","target":["https:\/\/kanu-gruppe-wilster.de\/index.php\/4340-kilometer-in-einer-saison\/"]}]},{"@type":"BreadcrumbList","@id":"https:\/\/kanu-gruppe-wilster.de\/index.php\/4340-kilometer-in-einer-saison\/#breadcrumb","itemListElement":[{"@type":"ListItem","position":1,"name":"Startseite","item":"https:\/\/kanu-gruppe-wilster.de\/"},{"@type":"ListItem","position":2,"name":"4340 Kilometer in einer Saison"}]},{"@type":"Person","@id":"https:\/\/kanu-gruppe-wilster.de\/#\/schema\/person\/7489fc75ff891776bcddaa56e64dbb54","name":"UweMuenster","image":{"@type":"ImageObject","inLanguage":"de","@id":"https:\/\/kanu-gruppe-wilster.de\/#\/schema\/person\/image\/","url":"https:\/\/secure.gravatar.com\/avatar\/633d80af5ecf11a7e42ad51ef88894a9?s=96&d=mm&r=g","contentUrl":"https:\/\/secure.gravatar.com\/avatar\/633d80af5ecf11a7e42ad51ef88894a9?s=96&d=mm&r=g","caption":"UweMuenster"},"url":"https:\/\/kanu-gruppe-wilster.de\/index.php\/author\/uwemuenster\/"}]}},"_links":{"self":[{"href":"https:\/\/kanu-gruppe-wilster.de\/index.php\/wp-json\/wp\/v2\/posts\/7908"}],"collection":[{"href":"https:\/\/kanu-gruppe-wilster.de\/index.php\/wp-json\/wp\/v2\/posts"}],"about":[{"href":"https:\/\/kanu-gruppe-wilster.de\/index.php\/wp-json\/wp\/v2\/types\/post"}],"author":[{"embeddable":true,"href":"https:\/\/kanu-gruppe-wilster.de\/index.php\/wp-json\/wp\/v2\/users\/2"}],"replies":[{"embeddable":true,"href":"https:\/\/kanu-gruppe-wilster.de\/index.php\/wp-json\/wp\/v2\/comments?post=7908"}],"version-history":[{"count":2,"href":"https:\/\/kanu-gruppe-wilster.de\/index.php\/wp-json\/wp\/v2\/posts\/7908\/revisions"}],"predecessor-version":[{"id":7911,"href":"https:\/\/kanu-gruppe-wilster.de\/index.php\/wp-json\/wp\/v2\/posts\/7908\/revisions\/7911"}],"wp:attachment":[{"href":"https:\/\/kanu-gruppe-wilster.de\/index.php\/wp-json\/wp\/v2\/media?parent=7908"}],"wp:term":[{"taxonomy":"category","embeddable":true,"href":"https:\/\/kanu-gruppe-wilster.de\/index.php\/wp-json\/wp\/v2\/categories?post=7908"},{"taxonomy":"post_tag","embeddable":true,"href":"https:\/\/kanu-gruppe-wilster.de\/index.php\/wp-json\/wp\/v2\/tags?post=7908"}],"curies":[{"name":"wp","href":"https:\/\/api.w.org\/{rel}","templated":true}]}}