{"id":7899,"date":"2019-01-08T10:26:07","date_gmt":"2019-01-08T09:26:07","guid":{"rendered":"https:\/\/kanu-gruppe-wilster.de\/?p=7899"},"modified":"2019-01-08T15:24:11","modified_gmt":"2019-01-08T14:24:11","slug":"steinburger-kanuten-mit-der-saisonleistung-zufrieden","status":"publish","type":"post","link":"https:\/\/kanu-gruppe-wilster.de\/index.php\/steinburger-kanuten-mit-der-saisonleistung-zufrieden\/","title":{"rendered":"Steinburger Kanuten mit der Saisonleistung zufrieden"},"content":{"rendered":"<p>Die Steinburger Kanuten blicken auf eine erfogreiche Wanderpaddelsaison zur\u00fcck. Bei einem Pressetermin berichteten die 1. Vorsitzenden bzw. die Wanderwarte von herausragenden Leistungen der Steinburger Kanu Vereine. Den Bericht der WZ vom 02.01.2019 findet ihr unten<\/p>\n<p><img loading=\"lazy\" class=\"alignnone wp-image-7901\" src=\"https:\/\/kanu-gruppe-wilster.de\/wp-content\/uploads\/2019\/01\/23-104322022-23-104322024-1546440991-300x169.jpg\" alt=\"\" width=\"407\" height=\"229\" srcset=\"https:\/\/kanu-gruppe-wilster.de\/wp-content\/uploads\/2019\/01\/23-104322022-23-104322024-1546440991-300x169.jpg 300w, https:\/\/kanu-gruppe-wilster.de\/wp-content\/uploads\/2019\/01\/23-104322022-23-104322024-1546440991-768x432.jpg 768w, https:\/\/kanu-gruppe-wilster.de\/wp-content\/uploads\/2019\/01\/23-104322022-23-104322024-1546440991-280x158.jpg 280w, https:\/\/kanu-gruppe-wilster.de\/wp-content\/uploads\/2019\/01\/23-104322022-23-104322024-1546440991.jpg 880w\" sizes=\"(max-width: 407px) 100vw, 407px\" \/><\/p>\n<p>Unter dem folgenden Link findet ihr die<\/p>\n<p>&nbsp;&nbsp;&nbsp; &#8211; TOP TEN der M\u00e4nner und Frauen&nbsp;&nbsp; &nbsp; &nbsp; &nbsp; &nbsp; &nbsp;&nbsp;<a href=\"https:\/\/www.kanu-sh.de\/wfa\/2018_TopTen.pdf\" target=\"_blank\" rel=\"noopener\"> https:\/\/www.kanu-sh.de\/wfa\/2018_TopTen.pdf<\/a><\/p>\n<p>sowie die&nbsp;<\/p>\n<p>&nbsp;&nbsp;&nbsp; &#8211; Platzierungen der Kanu Vereine auf Landesebene&nbsp;&nbsp;&nbsp;&nbsp;&nbsp;&nbsp;&nbsp;&nbsp;&nbsp;&nbsp;&nbsp;&nbsp;&nbsp;&nbsp;&nbsp;&nbsp;<\/p>\n<p>&nbsp; &nbsp; &nbsp; &nbsp; &nbsp; &nbsp; &nbsp; &nbsp; &nbsp; &nbsp; &nbsp; &nbsp; &nbsp; &nbsp; &nbsp; &nbsp; &nbsp; &nbsp; &nbsp; &nbsp; &nbsp; &nbsp; &nbsp; &nbsp; &nbsp; &nbsp; &nbsp; &nbsp; &nbsp; &nbsp; &nbsp; &nbsp; &nbsp; &nbsp; &nbsp; &nbsp; &nbsp; &nbsp; &nbsp; &nbsp; &nbsp; <a href=\"https:\/\/www.kanu-sh.de\/wfa\/2018_Vereinswertung.pdf\" target=\"_blank\" rel=\"noopener\">https:\/\/www.kanu-sh.de\/wfa\/2018_Vereinswertung.pdf<\/a><\/p>\n<p>&#8212;&#8212;&#8212;&#8212;&#8212;&#8212;&#8212;&#8212;&#8212;&#8212;&#8212;&#8212;&#8212;&#8212;&#8212;&#8212;&#8212;&#8212;&#8212;&#8212;&#8212;&#8212;&#8212;&#8212;&#8212;&#8212;&#8212;&#8212;&#8212;&#8212;&#8212;&#8212;&#8212;&#8212;&#8212;&#8212;&#8212;&#8212;&#8212;&#8212;<\/p>\n<p><strong>Mit Saisonleistungen zufrieden<\/strong><\/p>\n<p>&nbsp;Quelle: https:\/\/www.shz.de\/22126087 \u00a92019<\/p>\n<p><strong>Hervorragende Ergebnisse f\u00fcr Steinburger Kanuten im Wanderfahrerwettbewerb<\/strong><\/p>\n<p>von Hermann Schwichtenberg<br \/>\n02. Januar 2019, 15:46 Uhr<\/p>\n<p>Itzehoe | Mit den Ergebnissen aus dem Wanderfahrerwettbewerb (Oktober 2017 bis September 2018) zeigten sich Vertreter hiesiger Kanu-Clubs zufrieden. Gro\u00dfen Grund zur Freude hatte insbesondere Martin \u00d6lscher. Der Vorsitzende der Itzehoer Wasser-Wanderer (IWW) stellte zwar heraus, dass sich die Tidengew\u00e4sser St\u00f6r und Elbe vorteilhaft auf die Leistungen der Kanuten auswirken k\u00f6nnen, doch darin den einzigen Grund f\u00fcr ihre guten Platzierungen zu sehen, w\u00e4re zu kurz gegriffen. \u201eDass die Vereine an der Unterelbe so erfolgreich sind, hat auch mit ihrer au\u00dferordentlichen Aktivit\u00e4t zu tun.\u201c<\/p>\n<p>Was seinen Verein betrifft nannte Martin \u00d6lscher Beispiele. Die Wanderfahrten in gr\u00f6\u00dferen oder kleineren Gruppen umfassten Touren auf der Flensburger F\u00f6rde ebenso wie auf der Schlei. Gepaddelt wurde auch auf Weser und Werra sowie im Wildwasser der Ard\u00e8che in Frankreich oder im Mittelmeer vor Korsika. Zahlreiche Kilometer seien dar\u00fcber hinaus auf der St\u00f6r zur\u00fcckgelegt worden. \u201eWir freuen uns, dass wir so aktiv sind und vorne stehen\u201c, betonte der IWW-Vorsitzende und sprach die Hoffnung aus, \u201edass die laufende Saison ebenso erfolgreich wird wie die vergangene\u201c. Um das zu realisieren, m\u00fcssten beim flei\u00dfigen Paddeln nicht nur \u201eviele mithelfen\u201c, sondern am Ende der Saison auch alle das Fahrtenbuch abgeben. Andernfalls w\u00e4ren Kilometerleistungen verschenkt.<\/p>\n<p>Von einer erfolgreichen Saison f\u00fcr ihren Verein sprach auch Doris Neumann. Die Wanderwartin in der Kanu-Gruppe Wilster (KGW) stellte heraus, dass an dem guten Vereinsergebnis auch mehrere neue Clubmitglieder mitgewirkt h\u00e4tten. Mit Blick auf Reimer Demnick betonte Doris Neumann dessen neuen Vereinsrekord, der aber nicht ausgereicht h\u00e4tte, um Landesbester zu werden. \u201eTrotzdem ist das eine tolle Leistung. Aber Reimer hatte in Knut auch einen \u00fcberragenden Mitbewerber.\u201c<\/p>\n<p>Die Sprecherin stellte auch mehrere Gruppenfahrten heraus. Unterwegs waren die Wilsteraner auf Werra und Weser zwischen Meiningen und Petershagen sowie auf der Elbe zwischen Schmilka an der tschechischen Grenze und Wilster. Dar\u00fcber hinaus waren sie bei \u201evielen Kleinflussfahrten\u201c aktiv. Zur Verbandsfahrt auf der Wilsterau begr\u00fc\u00dfte der Verein viele ausw\u00e4rtige Kanuten, die tags zuvor dem Angebot des Itzehoer Kanu-Clubs (IKC) gefolgt waren, auf der St\u00f6r zwischen Willenscharen und der Kreisstadt im Boot zu sitzen.<\/p>\n<p>\u00dcber \u201eviele gro\u00dfe und kleine Fahrten\u201c berichtete auch Dirk Schiefelbein. Das IKC-Vorstandsmitglied nannte unter anderen die Himmelfahrtstour an den Woblitzsee im Landkreis Mecklenburgische Seenplatte mit 20 Kanuten, eine Ostseetour vor Schilksee mit acht Teilnehmern sowie eine Tour auf der F\u00fcsinger Au mit zweimaligem Umtragen der Boote, \u201eweil B\u00e4ume im Fluss lagen und uns die Weiterfahrt erschwerten\u201c. Dass es am Fahrtentag bitter kalt war, verdeutlichte nicht zuletzt der am Ufer liegende Schnee.<\/p>\n<p>Gefahren wurde auch \u201erund\u201c Alsen, Fehmarn und Hiddensee sowie auf der Elbe beim Mammut-Marathon zwischen Mei\u00dfen und Magdeburg. Zu beobachten waren auch Vereinsmitglieder, die am Weser-Marathon und an der Werralandrallye teilgenommen hatten oder auf Treene oder Schwentine aktiv waren. Vergessen werden sie auch nicht den \u201esuper Sommer\u201c, der aber einen Nachteil hatte: Wegen der geringen Niederschl\u00e4ge sank der Wasserspiegel in den Fl\u00fcssen so, dass die Boote auch Grundber\u00fchrung hatten und getreidelt werden mussten. Nicht jedes Boot \u00fcberstand die Grundber\u00fchrung schadensfrei.<\/p>\n<p>\u2013 Quelle: https:\/\/www.shz.de\/22126087 \u00a92019<\/p>\n<p>&nbsp;<\/p>\n<p>&nbsp;<\/p>\n","protected":false},"excerpt":{"rendered":"<p>Die Steinburger Kanuten blicken auf eine erfogreiche Wanderpaddelsaison zur\u00fcck. Bei einem Pressetermin berichteten die 1. Vorsitzenden bzw. die Wanderwarte von herausragenden Leistungen der Steinburger Kanu Vereine. Den Bericht der WZ vom 02.01.2019 findet ihr unten Unter dem folgenden Link findet ihr die &nbsp;&nbsp;&nbsp; &#8211; TOP TEN der M\u00e4nner und Frauen&nbsp;&nbsp; &nbsp; &nbsp; &nbsp; &nbsp; &nbsp;&nbsp;<\/p>\n","protected":false},"author":2,"featured_media":0,"comment_status":"open","ping_status":"open","sticky":false,"template":"","format":"standard","meta":{"ngg_post_thumbnail":0},"categories":[4],"tags":[],"yoast_head":"<!-- This site is optimized with the Yoast SEO plugin v19.0 - https:\/\/yoast.com\/wordpress\/plugins\/seo\/ -->\n<title>Steinburger Kanuten mit der Saisonleistung zufrieden &ndash; Kanu Gruppe Wilster e.V.<\/title>\n<meta name=\"robots\" content=\"index, follow, max-snippet:-1, max-image-preview:large, max-video-preview:-1\" \/>\n<link rel=\"canonical\" href=\"https:\/\/kanu-gruppe-wilster.de\/index.php\/steinburger-kanuten-mit-der-saisonleistung-zufrieden\/\" \/>\n<meta property=\"og:locale\" content=\"de_DE\" \/>\n<meta property=\"og:type\" content=\"article\" \/>\n<meta property=\"og:title\" content=\"Steinburger Kanuten mit der Saisonleistung zufrieden &ndash; Kanu Gruppe Wilster e.V.\" \/>\n<meta property=\"og:description\" content=\"Die Steinburger Kanuten blicken auf eine erfogreiche Wanderpaddelsaison zur\u00fcck. Bei einem Pressetermin berichteten die 1. Vorsitzenden bzw. die Wanderwarte von herausragenden Leistungen der Steinburger Kanu Vereine. Den Bericht der WZ vom 02.01.2019 findet ihr unten Unter dem folgenden Link findet ihr die &nbsp;&nbsp;&nbsp; &#8211; TOP TEN der M\u00e4nner und Frauen&nbsp;&nbsp; &nbsp; &nbsp; &nbsp; &nbsp; &nbsp;&nbsp;\" \/>\n<meta property=\"og:url\" content=\"https:\/\/kanu-gruppe-wilster.de\/index.php\/steinburger-kanuten-mit-der-saisonleistung-zufrieden\/\" \/>\n<meta property=\"og:site_name\" content=\"Kanu Gruppe Wilster e.V.\" \/>\n<meta property=\"article:published_time\" content=\"2019-01-08T09:26:07+00:00\" \/>\n<meta property=\"article:modified_time\" content=\"2019-01-08T14:24:11+00:00\" \/>\n<meta property=\"og:image\" content=\"https:\/\/kanu-gruppe-wilster.de\/wp-content\/uploads\/2019\/01\/23-104322022-23-104322024-1546440991-300x169.jpg\" \/>\n<meta name=\"twitter:card\" content=\"summary\" \/>\n<meta name=\"twitter:label1\" content=\"Verfasst von\" \/>\n\t<meta name=\"twitter:data1\" content=\"UweMuenster\" \/>\n\t<meta name=\"twitter:label2\" content=\"Gesch\u00e4tzte Lesezeit\" \/>\n\t<meta name=\"twitter:data2\" content=\"3\u00a0Minuten\" \/>\n<script type=\"application\/ld+json\" class=\"yoast-schema-graph\">{\"@context\":\"https:\/\/schema.org\",\"@graph\":[{\"@type\":\"WebSite\",\"@id\":\"https:\/\/kanu-gruppe-wilster.de\/#website\",\"url\":\"https:\/\/kanu-gruppe-wilster.de\/\",\"name\":\"Kanu Gruppe Wilster e.V.\",\"description\":\"Kanuverein an der Wilster Au\",\"potentialAction\":[{\"@type\":\"SearchAction\",\"target\":{\"@type\":\"EntryPoint\",\"urlTemplate\":\"https:\/\/kanu-gruppe-wilster.de\/?s={search_term_string}\"},\"query-input\":\"required name=search_term_string\"}],\"inLanguage\":\"de\"},{\"@type\":\"ImageObject\",\"inLanguage\":\"de\",\"@id\":\"https:\/\/kanu-gruppe-wilster.de\/index.php\/steinburger-kanuten-mit-der-saisonleistung-zufrieden\/#primaryimage\",\"url\":\"https:\/\/kanu-gruppe-wilster.de\/wp-content\/uploads\/2019\/01\/23-104322022-23-104322024-1546440991.jpg\",\"contentUrl\":\"https:\/\/kanu-gruppe-wilster.de\/wp-content\/uploads\/2019\/01\/23-104322022-23-104322024-1546440991.jpg\",\"width\":880,\"height\":495},{\"@type\":\"WebPage\",\"@id\":\"https:\/\/kanu-gruppe-wilster.de\/index.php\/steinburger-kanuten-mit-der-saisonleistung-zufrieden\/#webpage\",\"url\":\"https:\/\/kanu-gruppe-wilster.de\/index.php\/steinburger-kanuten-mit-der-saisonleistung-zufrieden\/\",\"name\":\"Steinburger Kanuten mit der Saisonleistung zufrieden &ndash; Kanu Gruppe Wilster e.V.\",\"isPartOf\":{\"@id\":\"https:\/\/kanu-gruppe-wilster.de\/#website\"},\"primaryImageOfPage\":{\"@id\":\"https:\/\/kanu-gruppe-wilster.de\/index.php\/steinburger-kanuten-mit-der-saisonleistung-zufrieden\/#primaryimage\"},\"datePublished\":\"2019-01-08T09:26:07+00:00\",\"dateModified\":\"2019-01-08T14:24:11+00:00\",\"author\":{\"@id\":\"https:\/\/kanu-gruppe-wilster.de\/#\/schema\/person\/7489fc75ff891776bcddaa56e64dbb54\"},\"breadcrumb\":{\"@id\":\"https:\/\/kanu-gruppe-wilster.de\/index.php\/steinburger-kanuten-mit-der-saisonleistung-zufrieden\/#breadcrumb\"},\"inLanguage\":\"de\",\"potentialAction\":[{\"@type\":\"ReadAction\",\"target\":[\"https:\/\/kanu-gruppe-wilster.de\/index.php\/steinburger-kanuten-mit-der-saisonleistung-zufrieden\/\"]}]},{\"@type\":\"BreadcrumbList\",\"@id\":\"https:\/\/kanu-gruppe-wilster.de\/index.php\/steinburger-kanuten-mit-der-saisonleistung-zufrieden\/#breadcrumb\",\"itemListElement\":[{\"@type\":\"ListItem\",\"position\":1,\"name\":\"Startseite\",\"item\":\"https:\/\/kanu-gruppe-wilster.de\/\"},{\"@type\":\"ListItem\",\"position\":2,\"name\":\"Steinburger Kanuten mit der Saisonleistung zufrieden\"}]},{\"@type\":\"Person\",\"@id\":\"https:\/\/kanu-gruppe-wilster.de\/#\/schema\/person\/7489fc75ff891776bcddaa56e64dbb54\",\"name\":\"UweMuenster\",\"image\":{\"@type\":\"ImageObject\",\"inLanguage\":\"de\",\"@id\":\"https:\/\/kanu-gruppe-wilster.de\/#\/schema\/person\/image\/\",\"url\":\"https:\/\/secure.gravatar.com\/avatar\/633d80af5ecf11a7e42ad51ef88894a9?s=96&d=mm&r=g\",\"contentUrl\":\"https:\/\/secure.gravatar.com\/avatar\/633d80af5ecf11a7e42ad51ef88894a9?s=96&d=mm&r=g\",\"caption\":\"UweMuenster\"},\"url\":\"https:\/\/kanu-gruppe-wilster.de\/index.php\/author\/uwemuenster\/\"}]}<\/script>\n<!-- \/ Yoast SEO plugin. -->","yoast_head_json":{"title":"Steinburger Kanuten mit der Saisonleistung zufrieden &ndash; Kanu Gruppe Wilster e.V.","robots":{"index":"index","follow":"follow","max-snippet":"max-snippet:-1","max-image-preview":"max-image-preview:large","max-video-preview":"max-video-preview:-1"},"canonical":"https:\/\/kanu-gruppe-wilster.de\/index.php\/steinburger-kanuten-mit-der-saisonleistung-zufrieden\/","og_locale":"de_DE","og_type":"article","og_title":"Steinburger Kanuten mit der Saisonleistung zufrieden &ndash; Kanu Gruppe Wilster e.V.","og_description":"Die Steinburger Kanuten blicken auf eine erfogreiche Wanderpaddelsaison zur\u00fcck. Bei einem Pressetermin berichteten die 1. Vorsitzenden bzw. die Wanderwarte von herausragenden Leistungen der Steinburger Kanu Vereine. Den Bericht der WZ vom 02.01.2019 findet ihr unten Unter dem folgenden Link findet ihr die &nbsp;&nbsp;&nbsp; &#8211; TOP TEN der M\u00e4nner und Frauen&nbsp;&nbsp; &nbsp; &nbsp; &nbsp; &nbsp; &nbsp;&nbsp;","og_url":"https:\/\/kanu-gruppe-wilster.de\/index.php\/steinburger-kanuten-mit-der-saisonleistung-zufrieden\/","og_site_name":"Kanu Gruppe Wilster e.V.","article_published_time":"2019-01-08T09:26:07+00:00","article_modified_time":"2019-01-08T14:24:11+00:00","og_image":[{"url":"https:\/\/kanu-gruppe-wilster.de\/wp-content\/uploads\/2019\/01\/23-104322022-23-104322024-1546440991-300x169.jpg"}],"twitter_card":"summary","twitter_misc":{"Verfasst von":"UweMuenster","Gesch\u00e4tzte Lesezeit":"3\u00a0Minuten"},"schema":{"@context":"https:\/\/schema.org","@graph":[{"@type":"WebSite","@id":"https:\/\/kanu-gruppe-wilster.de\/#website","url":"https:\/\/kanu-gruppe-wilster.de\/","name":"Kanu Gruppe Wilster e.V.","description":"Kanuverein an der Wilster Au","potentialAction":[{"@type":"SearchAction","target":{"@type":"EntryPoint","urlTemplate":"https:\/\/kanu-gruppe-wilster.de\/?s={search_term_string}"},"query-input":"required name=search_term_string"}],"inLanguage":"de"},{"@type":"ImageObject","inLanguage":"de","@id":"https:\/\/kanu-gruppe-wilster.de\/index.php\/steinburger-kanuten-mit-der-saisonleistung-zufrieden\/#primaryimage","url":"https:\/\/kanu-gruppe-wilster.de\/wp-content\/uploads\/2019\/01\/23-104322022-23-104322024-1546440991.jpg","contentUrl":"https:\/\/kanu-gruppe-wilster.de\/wp-content\/uploads\/2019\/01\/23-104322022-23-104322024-1546440991.jpg","width":880,"height":495},{"@type":"WebPage","@id":"https:\/\/kanu-gruppe-wilster.de\/index.php\/steinburger-kanuten-mit-der-saisonleistung-zufrieden\/#webpage","url":"https:\/\/kanu-gruppe-wilster.de\/index.php\/steinburger-kanuten-mit-der-saisonleistung-zufrieden\/","name":"Steinburger Kanuten mit der Saisonleistung zufrieden &ndash; Kanu Gruppe Wilster e.V.","isPartOf":{"@id":"https:\/\/kanu-gruppe-wilster.de\/#website"},"primaryImageOfPage":{"@id":"https:\/\/kanu-gruppe-wilster.de\/index.php\/steinburger-kanuten-mit-der-saisonleistung-zufrieden\/#primaryimage"},"datePublished":"2019-01-08T09:26:07+00:00","dateModified":"2019-01-08T14:24:11+00:00","author":{"@id":"https:\/\/kanu-gruppe-wilster.de\/#\/schema\/person\/7489fc75ff891776bcddaa56e64dbb54"},"breadcrumb":{"@id":"https:\/\/kanu-gruppe-wilster.de\/index.php\/steinburger-kanuten-mit-der-saisonleistung-zufrieden\/#breadcrumb"},"inLanguage":"de","potentialAction":[{"@type":"ReadAction","target":["https:\/\/kanu-gruppe-wilster.de\/index.php\/steinburger-kanuten-mit-der-saisonleistung-zufrieden\/"]}]},{"@type":"BreadcrumbList","@id":"https:\/\/kanu-gruppe-wilster.de\/index.php\/steinburger-kanuten-mit-der-saisonleistung-zufrieden\/#breadcrumb","itemListElement":[{"@type":"ListItem","position":1,"name":"Startseite","item":"https:\/\/kanu-gruppe-wilster.de\/"},{"@type":"ListItem","position":2,"name":"Steinburger Kanuten mit der Saisonleistung zufrieden"}]},{"@type":"Person","@id":"https:\/\/kanu-gruppe-wilster.de\/#\/schema\/person\/7489fc75ff891776bcddaa56e64dbb54","name":"UweMuenster","image":{"@type":"ImageObject","inLanguage":"de","@id":"https:\/\/kanu-gruppe-wilster.de\/#\/schema\/person\/image\/","url":"https:\/\/secure.gravatar.com\/avatar\/633d80af5ecf11a7e42ad51ef88894a9?s=96&d=mm&r=g","contentUrl":"https:\/\/secure.gravatar.com\/avatar\/633d80af5ecf11a7e42ad51ef88894a9?s=96&d=mm&r=g","caption":"UweMuenster"},"url":"https:\/\/kanu-gruppe-wilster.de\/index.php\/author\/uwemuenster\/"}]}},"_links":{"self":[{"href":"https:\/\/kanu-gruppe-wilster.de\/index.php\/wp-json\/wp\/v2\/posts\/7899"}],"collection":[{"href":"https:\/\/kanu-gruppe-wilster.de\/index.php\/wp-json\/wp\/v2\/posts"}],"about":[{"href":"https:\/\/kanu-gruppe-wilster.de\/index.php\/wp-json\/wp\/v2\/types\/post"}],"author":[{"embeddable":true,"href":"https:\/\/kanu-gruppe-wilster.de\/index.php\/wp-json\/wp\/v2\/users\/2"}],"replies":[{"embeddable":true,"href":"https:\/\/kanu-gruppe-wilster.de\/index.php\/wp-json\/wp\/v2\/comments?post=7899"}],"version-history":[{"count":8,"href":"https:\/\/kanu-gruppe-wilster.de\/index.php\/wp-json\/wp\/v2\/posts\/7899\/revisions"}],"predecessor-version":[{"id":7920,"href":"https:\/\/kanu-gruppe-wilster.de\/index.php\/wp-json\/wp\/v2\/posts\/7899\/revisions\/7920"}],"wp:attachment":[{"href":"https:\/\/kanu-gruppe-wilster.de\/index.php\/wp-json\/wp\/v2\/media?parent=7899"}],"wp:term":[{"taxonomy":"category","embeddable":true,"href":"https:\/\/kanu-gruppe-wilster.de\/index.php\/wp-json\/wp\/v2\/categories?post=7899"},{"taxonomy":"post_tag","embeddable":true,"href":"https:\/\/kanu-gruppe-wilster.de\/index.php\/wp-json\/wp\/v2\/tags?post=7899"}],"curies":[{"name":"wp","href":"https:\/\/api.w.org\/{rel}","templated":true}]}}