{"id":7891,"date":"2019-01-08T09:44:41","date_gmt":"2019-01-08T08:44:41","guid":{"rendered":"https:\/\/kanu-gruppe-wilster.de\/?p=7891"},"modified":"2019-01-08T14:55:00","modified_gmt":"2019-01-08T13:55:00","slug":"weihnachtsfeier-2018","status":"publish","type":"post","link":"https:\/\/kanu-gruppe-wilster.de\/index.php\/weihnachtsfeier-2018\/","title":{"rendered":"Weihnachtsfeier 2018"},"content":{"rendered":"<p>Weihnachtsfeier 2018 &#8211; wieder ist eine Paddelsaison beendet &#8211; und wieder konnten wir mit vielen Vereinsmitgliedern unsere Weihnachtsfeier feiern. Eine ausf\u00fchrlichen Kopie&nbsp; des Bericht der WZ findet Ihr unten.<\/p>\n<p><img loading=\"lazy\" class=\"alignnone size-full wp-image-7913\" src=\"https:\/\/kanu-gruppe-wilster.de\/wp-content\/uploads\/2019\/01\/Weihnachtsfeier.jpg\" alt=\"\" width=\"879\" height=\"495\" srcset=\"https:\/\/kanu-gruppe-wilster.de\/wp-content\/uploads\/2019\/01\/Weihnachtsfeier.jpg 879w, https:\/\/kanu-gruppe-wilster.de\/wp-content\/uploads\/2019\/01\/Weihnachtsfeier-300x169.jpg 300w, https:\/\/kanu-gruppe-wilster.de\/wp-content\/uploads\/2019\/01\/Weihnachtsfeier-768x432.jpg 768w, https:\/\/kanu-gruppe-wilster.de\/wp-content\/uploads\/2019\/01\/Weihnachtsfeier-280x158.jpg 280w\" sizes=\"(max-width: 879px) 100vw, 879px\" \/><\/p>\n<p>&nbsp;<\/p>\n<p>&nbsp;<\/p>\n<p><strong>Traditionell vor Weihnachten zeichnen die Wassersportler besonders flei\u00dfige und langj\u00e4hrige Mitglieder aus.<\/strong><\/p>\n<p>von Hermann Schwichtenberg<br \/>\n23. Dezember 2018, 00:00 Uhr<\/p>\n<p>Wilster | Die Vorweihnachtszeit ist innerhalb der Kanu-Gruppe Wilster (KGW) traditionell den Ehrungen vorbehalten. Sie betreffen insbesondere die Mitglieder, die dem Verein langj\u00e4hrig angeh\u00f6ren. Geehrt werden aber auch diejenigen, die der Gemeinschaft auf besondere Weise gedient haben, ohne dazu besonders aufgefordert worden zu sein.<\/p>\n<p>Zu denen, die bereits seit einem halben Jahrhundert dem Verein angeh\u00f6ren, z\u00e4hlen Ursel Holmer, R\u00fcdiger Demnick und G\u00fcnter Kock. Ihnen \u00fcberreichten Vereinsvorsitzende Conny Lamberty und Stellvertreter Lasse Petersen jeweils einen gro\u00dfen Pr\u00e4sentkorb.<\/p>\n<p><strong>Weitere Ehrungen:<\/strong> Ursel Kruse, Peter Taureg (f\u00fcr 50-j\u00e4hrige Mitgliedschaft); Helmut Wedemeier (40 Jahre); Hermann Schwichtenberg (20 Jahre); Michael und Silvia Maack, Ingelore Kahrens, Leo Engel, Frauke und Jule Plett (10 Jahre).<\/p>\n<p>Bei der Veranstaltung im Gasthof Frauen nicht mit dabei sein konnte Stephan Westbrock, der zwischenzeitlich nach L\u00fcneburg verzogen ist. Er h\u00e4tte f\u00fcr 40-j\u00e4hrige Mitgliedschaft pers\u00f6nlich geehrt werden sollen. \u201eLeider hat mich der Beruf schon vor vielen Jahren aus der Heimat vertrieben, so dass ich nicht mehr aktiv teilnehmen kann\u201c, teilte der Jubilar der Vorsitzenden in einer E-Mail mit. Er habe aber immer noch sch\u00f6ne Erinnerungen an seine Touren auf den Fl\u00fcssen und lese mit gro\u00dfer Freude die Vereinszeitschrift \u201eKenterk\u00f6nig\u201c. Zudem beeindrucke ihn \u201edie immer noch starke und gute Jugendarbeit innerhalb des Vereins\u201c. Stephan Westbrock schloss seine Mail mit den Hinweisen: \u201eMeine Mitgliedschaft ist aber irgendwie immer noch eine Bindung an die sch\u00f6ne Stadt Wilster. Ich habe heute 400 Euro als Spende f\u00fcr die Jugendgruppe \u00fcberwiesen. Ich bin sicher, ihr k\u00f6nnt das Geld sinnvoll f\u00fcr die gute Jugendarbeit einsetzen.\u201c<\/p>\n<p>Aus besonderem Anlass geehrt wurden gleich vier Personen. Heino M\u00fcnster, so stellte Conny Lamberty heraus, leiste sehr viel ehrenamtliche Arbeit rund um das Bootshaus. Sie betreffen die Bootslagerung und den Bootsanh\u00e4nger ebenso wie sein Engagement f\u00fcr die Bootstreppe in Kasenort: \u201eUnendlich viele Teile und Werkst\u00fccke hast du in deiner Garage schon angefertigt. Daf\u00fcr ein herzliches Dankesch\u00f6n.\u201c<\/p>\n<p><strong>Termine der KGW im Jahre 2019:<\/strong> 5. Januar + 31. M\u00e4rz: \u00d6koschulung in Theorie und Praxis mit Kleinflussfahrt; 12. + 26. Januar, 9. + 23. Februar, 9. + 23. M\u00e4rz: Kentertraining im Wilsteraner Hallenbad; 27. Januar: Jahresversammlung im Bootshaus; 10. Februar: Bo\u00dfeln gegen ein Team aus St. Margarethen; 20. Februar: Stadtwanderung in Wilster (Teil II); 16. M\u00e4rz: Teilnahme an der Aktion \u201eSaubere Landschaft\u201c; 14. April: Anpaddeln auf der Wilster Au; 26. April bis 4. Mai: Herrentour auf der Weser; 7. bis 10. Juni \u2013 Pfingstfahrt nach L\u00fcbeck an die Wakenitz; 30. August bis 1. September \u2013 \u201eM\u00e4delz\u201c-Tour nach L\u00fcneburg an die Ilmenau; 15. September: Verbandsfahrt auf der Wilster Au; 29. September: Abpaddeln nach Beidenfleth.<\/p>\n<p>Uneigenn\u00fctzig engagiert waren auch Doris und Klaus Neumann. Das Ehepaar zog mit dem eigenen Pkw den Bootsanh\u00e4nger f\u00fcr die Jugendgruppe von Wilster nach Witzenhausen an die Werra und holte den Nachwuchs samt Kajaks von Petershagen an der Weser auch wieder ab.<\/p>\n<p>Gedankt wurde Ingmar Engel f\u00fcr 18-j\u00e4hrige Mitarbeit im Vorstand sowie Anja Horstmann, die nach Worten von Conny Lamberty \u201eimmer emsig\u201c f\u00fcr den Verein t\u00e4tig ist: \u201eDiese Dame hat ein Auge auf ziemlich alles, was an Vorstandsarbeit oder auch am Bootshaus zu erledigen ist. Sie legt regelm\u00e4\u00dfig ihren Finger in die Wunde unserer Vers\u00e4umnisse beziehungsweise unserer Vergesslichkeit.\u201c Gerade deshalb: \u201eWir wissen dein Engagement zu sch\u00e4tzen.\u201c<\/p>\n<p>Nach Auswertung der Fahrtenb\u00fccher stehen die Vereinsmeister fest. Einzelmeister sind Reimer Demnick (Herren, 4340 gefahrene Kilometer), Ariane Kappelau (Damen, 970 km), Leo Engel (Jugend, 768 km) und Julian Hartnack (Sch\u00fcler, 157). Der Familienpokal ging an die Familie Nimz. Sie paddelte insgesamt 2258 Kilometer. Mit seiner Leistung stellte Reimer Demnick nicht nur einen neuen Vereinsrekord auf, er schloss den Wanderfahrerwettbewerb f\u00fcr die vergangene Saiso als zweitbester Paddler in Schleswig-Holstein ab.<\/p>\n<p><strong>Kontakt:<\/strong> www.kanu-gruppe-wilster.de und bei Conny Lamberty unter 04823\/9206013 oder 1.vorsitzender@kanu-gruppe-Wilster.de<\/p>\n<p>\u2013 Quelle: https:\/\/www.shz.de\/22062637 \u00a92018<\/p>\n<p>&nbsp;<\/p>\n<div>Weitere Fotos findet Ihr in der Fotogalerie 2018<\/div>\n","protected":false},"excerpt":{"rendered":"<p>Weihnachtsfeier 2018 &#8211; wieder ist eine Paddelsaison beendet &#8211; und wieder konnten wir mit vielen Vereinsmitgliedern unsere Weihnachtsfeier feiern. Eine ausf\u00fchrlichen Kopie&nbsp; des Bericht der WZ findet Ihr unten. &nbsp; &nbsp; Traditionell vor Weihnachten zeichnen die Wassersportler besonders flei\u00dfige und langj\u00e4hrige Mitglieder aus. von Hermann Schwichtenberg 23. Dezember 2018, 00:00 Uhr Wilster | Die Vorweihnachtszeit<\/p>\n","protected":false},"author":2,"featured_media":0,"comment_status":"open","ping_status":"open","sticky":false,"template":"","format":"standard","meta":{"ngg_post_thumbnail":0},"categories":[4],"tags":[],"yoast_head":"<!-- This site is optimized with the Yoast SEO plugin v19.0 - https:\/\/yoast.com\/wordpress\/plugins\/seo\/ -->\n<title>Weihnachtsfeier 2018 &ndash; Kanu Gruppe Wilster e.V.<\/title>\n<meta name=\"robots\" content=\"index, follow, max-snippet:-1, max-image-preview:large, max-video-preview:-1\" \/>\n<link rel=\"canonical\" href=\"https:\/\/kanu-gruppe-wilster.de\/index.php\/weihnachtsfeier-2018\/\" \/>\n<meta property=\"og:locale\" content=\"de_DE\" \/>\n<meta property=\"og:type\" content=\"article\" \/>\n<meta property=\"og:title\" content=\"Weihnachtsfeier 2018 &ndash; Kanu Gruppe Wilster e.V.\" \/>\n<meta property=\"og:description\" content=\"Weihnachtsfeier 2018 &#8211; wieder ist eine Paddelsaison beendet &#8211; und wieder konnten wir mit vielen Vereinsmitgliedern unsere Weihnachtsfeier feiern. Eine ausf\u00fchrlichen Kopie&nbsp; des Bericht der WZ findet Ihr unten. &nbsp; &nbsp; Traditionell vor Weihnachten zeichnen die Wassersportler besonders flei\u00dfige und langj\u00e4hrige Mitglieder aus. von Hermann Schwichtenberg 23. Dezember 2018, 00:00 Uhr Wilster | Die Vorweihnachtszeit\" \/>\n<meta property=\"og:url\" content=\"https:\/\/kanu-gruppe-wilster.de\/index.php\/weihnachtsfeier-2018\/\" \/>\n<meta property=\"og:site_name\" content=\"Kanu Gruppe Wilster e.V.\" \/>\n<meta property=\"article:published_time\" content=\"2019-01-08T08:44:41+00:00\" \/>\n<meta property=\"article:modified_time\" content=\"2019-01-08T13:55:00+00:00\" \/>\n<meta property=\"og:image\" content=\"https:\/\/kanu-gruppe-wilster.de\/wp-content\/uploads\/2019\/01\/Weihnachtsfeier.jpg\" \/>\n<meta name=\"twitter:card\" content=\"summary\" \/>\n<meta name=\"twitter:label1\" content=\"Verfasst von\" \/>\n\t<meta name=\"twitter:data1\" content=\"UweMuenster\" \/>\n\t<meta name=\"twitter:label2\" content=\"Gesch\u00e4tzte Lesezeit\" \/>\n\t<meta name=\"twitter:data2\" content=\"3\u00a0Minuten\" \/>\n<script type=\"application\/ld+json\" class=\"yoast-schema-graph\">{\"@context\":\"https:\/\/schema.org\",\"@graph\":[{\"@type\":\"WebSite\",\"@id\":\"https:\/\/kanu-gruppe-wilster.de\/#website\",\"url\":\"https:\/\/kanu-gruppe-wilster.de\/\",\"name\":\"Kanu Gruppe Wilster e.V.\",\"description\":\"Kanuverein an der Wilster Au\",\"potentialAction\":[{\"@type\":\"SearchAction\",\"target\":{\"@type\":\"EntryPoint\",\"urlTemplate\":\"https:\/\/kanu-gruppe-wilster.de\/?s={search_term_string}\"},\"query-input\":\"required name=search_term_string\"}],\"inLanguage\":\"de\"},{\"@type\":\"ImageObject\",\"inLanguage\":\"de\",\"@id\":\"https:\/\/kanu-gruppe-wilster.de\/index.php\/weihnachtsfeier-2018\/#primaryimage\",\"url\":\"https:\/\/kanu-gruppe-wilster.de\/wp-content\/uploads\/2019\/01\/Weihnachtsfeier.jpg\",\"contentUrl\":\"https:\/\/kanu-gruppe-wilster.de\/wp-content\/uploads\/2019\/01\/Weihnachtsfeier.jpg\",\"width\":879,\"height\":495},{\"@type\":\"WebPage\",\"@id\":\"https:\/\/kanu-gruppe-wilster.de\/index.php\/weihnachtsfeier-2018\/#webpage\",\"url\":\"https:\/\/kanu-gruppe-wilster.de\/index.php\/weihnachtsfeier-2018\/\",\"name\":\"Weihnachtsfeier 2018 &ndash; Kanu Gruppe Wilster e.V.\",\"isPartOf\":{\"@id\":\"https:\/\/kanu-gruppe-wilster.de\/#website\"},\"primaryImageOfPage\":{\"@id\":\"https:\/\/kanu-gruppe-wilster.de\/index.php\/weihnachtsfeier-2018\/#primaryimage\"},\"datePublished\":\"2019-01-08T08:44:41+00:00\",\"dateModified\":\"2019-01-08T13:55:00+00:00\",\"author\":{\"@id\":\"https:\/\/kanu-gruppe-wilster.de\/#\/schema\/person\/7489fc75ff891776bcddaa56e64dbb54\"},\"breadcrumb\":{\"@id\":\"https:\/\/kanu-gruppe-wilster.de\/index.php\/weihnachtsfeier-2018\/#breadcrumb\"},\"inLanguage\":\"de\",\"potentialAction\":[{\"@type\":\"ReadAction\",\"target\":[\"https:\/\/kanu-gruppe-wilster.de\/index.php\/weihnachtsfeier-2018\/\"]}]},{\"@type\":\"BreadcrumbList\",\"@id\":\"https:\/\/kanu-gruppe-wilster.de\/index.php\/weihnachtsfeier-2018\/#breadcrumb\",\"itemListElement\":[{\"@type\":\"ListItem\",\"position\":1,\"name\":\"Startseite\",\"item\":\"https:\/\/kanu-gruppe-wilster.de\/\"},{\"@type\":\"ListItem\",\"position\":2,\"name\":\"Weihnachtsfeier 2018\"}]},{\"@type\":\"Person\",\"@id\":\"https:\/\/kanu-gruppe-wilster.de\/#\/schema\/person\/7489fc75ff891776bcddaa56e64dbb54\",\"name\":\"UweMuenster\",\"image\":{\"@type\":\"ImageObject\",\"inLanguage\":\"de\",\"@id\":\"https:\/\/kanu-gruppe-wilster.de\/#\/schema\/person\/image\/\",\"url\":\"https:\/\/secure.gravatar.com\/avatar\/633d80af5ecf11a7e42ad51ef88894a9?s=96&d=mm&r=g\",\"contentUrl\":\"https:\/\/secure.gravatar.com\/avatar\/633d80af5ecf11a7e42ad51ef88894a9?s=96&d=mm&r=g\",\"caption\":\"UweMuenster\"},\"url\":\"https:\/\/kanu-gruppe-wilster.de\/index.php\/author\/uwemuenster\/\"}]}<\/script>\n<!-- \/ Yoast SEO plugin. -->","yoast_head_json":{"title":"Weihnachtsfeier 2018 &ndash; Kanu Gruppe Wilster e.V.","robots":{"index":"index","follow":"follow","max-snippet":"max-snippet:-1","max-image-preview":"max-image-preview:large","max-video-preview":"max-video-preview:-1"},"canonical":"https:\/\/kanu-gruppe-wilster.de\/index.php\/weihnachtsfeier-2018\/","og_locale":"de_DE","og_type":"article","og_title":"Weihnachtsfeier 2018 &ndash; Kanu Gruppe Wilster e.V.","og_description":"Weihnachtsfeier 2018 &#8211; wieder ist eine Paddelsaison beendet &#8211; und wieder konnten wir mit vielen Vereinsmitgliedern unsere Weihnachtsfeier feiern. Eine ausf\u00fchrlichen Kopie&nbsp; des Bericht der WZ findet Ihr unten. &nbsp; &nbsp; Traditionell vor Weihnachten zeichnen die Wassersportler besonders flei\u00dfige und langj\u00e4hrige Mitglieder aus. von Hermann Schwichtenberg 23. Dezember 2018, 00:00 Uhr Wilster | Die Vorweihnachtszeit","og_url":"https:\/\/kanu-gruppe-wilster.de\/index.php\/weihnachtsfeier-2018\/","og_site_name":"Kanu Gruppe Wilster e.V.","article_published_time":"2019-01-08T08:44:41+00:00","article_modified_time":"2019-01-08T13:55:00+00:00","og_image":[{"url":"https:\/\/kanu-gruppe-wilster.de\/wp-content\/uploads\/2019\/01\/Weihnachtsfeier.jpg"}],"twitter_card":"summary","twitter_misc":{"Verfasst von":"UweMuenster","Gesch\u00e4tzte Lesezeit":"3\u00a0Minuten"},"schema":{"@context":"https:\/\/schema.org","@graph":[{"@type":"WebSite","@id":"https:\/\/kanu-gruppe-wilster.de\/#website","url":"https:\/\/kanu-gruppe-wilster.de\/","name":"Kanu Gruppe Wilster e.V.","description":"Kanuverein an der Wilster Au","potentialAction":[{"@type":"SearchAction","target":{"@type":"EntryPoint","urlTemplate":"https:\/\/kanu-gruppe-wilster.de\/?s={search_term_string}"},"query-input":"required name=search_term_string"}],"inLanguage":"de"},{"@type":"ImageObject","inLanguage":"de","@id":"https:\/\/kanu-gruppe-wilster.de\/index.php\/weihnachtsfeier-2018\/#primaryimage","url":"https:\/\/kanu-gruppe-wilster.de\/wp-content\/uploads\/2019\/01\/Weihnachtsfeier.jpg","contentUrl":"https:\/\/kanu-gruppe-wilster.de\/wp-content\/uploads\/2019\/01\/Weihnachtsfeier.jpg","width":879,"height":495},{"@type":"WebPage","@id":"https:\/\/kanu-gruppe-wilster.de\/index.php\/weihnachtsfeier-2018\/#webpage","url":"https:\/\/kanu-gruppe-wilster.de\/index.php\/weihnachtsfeier-2018\/","name":"Weihnachtsfeier 2018 &ndash; Kanu Gruppe Wilster e.V.","isPartOf":{"@id":"https:\/\/kanu-gruppe-wilster.de\/#website"},"primaryImageOfPage":{"@id":"https:\/\/kanu-gruppe-wilster.de\/index.php\/weihnachtsfeier-2018\/#primaryimage"},"datePublished":"2019-01-08T08:44:41+00:00","dateModified":"2019-01-08T13:55:00+00:00","author":{"@id":"https:\/\/kanu-gruppe-wilster.de\/#\/schema\/person\/7489fc75ff891776bcddaa56e64dbb54"},"breadcrumb":{"@id":"https:\/\/kanu-gruppe-wilster.de\/index.php\/weihnachtsfeier-2018\/#breadcrumb"},"inLanguage":"de","potentialAction":[{"@type":"ReadAction","target":["https:\/\/kanu-gruppe-wilster.de\/index.php\/weihnachtsfeier-2018\/"]}]},{"@type":"BreadcrumbList","@id":"https:\/\/kanu-gruppe-wilster.de\/index.php\/weihnachtsfeier-2018\/#breadcrumb","itemListElement":[{"@type":"ListItem","position":1,"name":"Startseite","item":"https:\/\/kanu-gruppe-wilster.de\/"},{"@type":"ListItem","position":2,"name":"Weihnachtsfeier 2018"}]},{"@type":"Person","@id":"https:\/\/kanu-gruppe-wilster.de\/#\/schema\/person\/7489fc75ff891776bcddaa56e64dbb54","name":"UweMuenster","image":{"@type":"ImageObject","inLanguage":"de","@id":"https:\/\/kanu-gruppe-wilster.de\/#\/schema\/person\/image\/","url":"https:\/\/secure.gravatar.com\/avatar\/633d80af5ecf11a7e42ad51ef88894a9?s=96&d=mm&r=g","contentUrl":"https:\/\/secure.gravatar.com\/avatar\/633d80af5ecf11a7e42ad51ef88894a9?s=96&d=mm&r=g","caption":"UweMuenster"},"url":"https:\/\/kanu-gruppe-wilster.de\/index.php\/author\/uwemuenster\/"}]}},"_links":{"self":[{"href":"https:\/\/kanu-gruppe-wilster.de\/index.php\/wp-json\/wp\/v2\/posts\/7891"}],"collection":[{"href":"https:\/\/kanu-gruppe-wilster.de\/index.php\/wp-json\/wp\/v2\/posts"}],"about":[{"href":"https:\/\/kanu-gruppe-wilster.de\/index.php\/wp-json\/wp\/v2\/types\/post"}],"author":[{"embeddable":true,"href":"https:\/\/kanu-gruppe-wilster.de\/index.php\/wp-json\/wp\/v2\/users\/2"}],"replies":[{"embeddable":true,"href":"https:\/\/kanu-gruppe-wilster.de\/index.php\/wp-json\/wp\/v2\/comments?post=7891"}],"version-history":[{"count":5,"href":"https:\/\/kanu-gruppe-wilster.de\/index.php\/wp-json\/wp\/v2\/posts\/7891\/revisions"}],"predecessor-version":[{"id":7914,"href":"https:\/\/kanu-gruppe-wilster.de\/index.php\/wp-json\/wp\/v2\/posts\/7891\/revisions\/7914"}],"wp:attachment":[{"href":"https:\/\/kanu-gruppe-wilster.de\/index.php\/wp-json\/wp\/v2\/media?parent=7891"}],"wp:term":[{"taxonomy":"category","embeddable":true,"href":"https:\/\/kanu-gruppe-wilster.de\/index.php\/wp-json\/wp\/v2\/categories?post=7891"},{"taxonomy":"post_tag","embeddable":true,"href":"https:\/\/kanu-gruppe-wilster.de\/index.php\/wp-json\/wp\/v2\/tags?post=7891"}],"curies":[{"name":"wp","href":"https:\/\/api.w.org\/{rel}","templated":true}]}}