{"id":789,"date":"2013-07-20T08:54:33","date_gmt":"2013-07-20T07:54:33","guid":{"rendered":"http:\/\/kanu-gruppe-wilster.de\/?p=789"},"modified":"2013-07-20T08:54:33","modified_gmt":"2013-07-20T07:54:33","slug":"jugenurlaubstour-tagebuch-tag-7","status":"publish","type":"post","link":"https:\/\/kanu-gruppe-wilster.de\/index.php\/jugenurlaubstour-tagebuch-tag-7\/","title":{"rendered":"Jugendurlaubstour &#8211; Tagebuch Tag 7"},"content":{"rendered":"<p>Tag 7<br \/>\nHeute ist der 2. Tag von meinem Dasein als 15-j\u00e4hriger. Wir sind heute Morgen mal ausnahmsweise nicht durch die warmen Sonnenstrahlen aufgewacht, sondern durch Ingmar&#8217;s herrliche Stimme. Die Ruderer, die neben uns gezeltet haben, haben offensichtlich weniger Schlaf bekommen als wir, da so mancher die 2m bis hin zum Klo nicht geschafft hat und lieber hinter sein Zelt gepinkelt hat. Wir haben w\u00e4hrenddessen ein leckeres Fr\u00fchst\u00fcck zu uns genommen. Dann hat der rote R\u00e4cher Elias&#8216; Flasche umgekippt, die daraufhin in seine Margarine gefallen ist und dem Wasser noch den letzten Schliff gab. Dann sind wir aufs Wasser und sind 15,5km bis zur M\u00fcritz gepaddelt, unterbrochen vom anstrengenden Umtragen. Wir h\u00e4tten uns auch einen Bootswagen leihen k\u00f6nnen, da jedoch keiner die 200 Euro Pfand auslegen konnte, er\u00fcbrigte sich dies schnell. Kurz vorher hatte noch ein gro\u00dfer Vogel einen Fisch aus dem Wasser geangelt, was sehr spannend aussah. Dann ging es auf die M\u00fcritz mit Windst\u00e4rke 4-5. Dementsprechend fielen die Wellen sehr hoch aus, welche die ersten 2km noch lustig waren. Doch wurde es langsam immer anstrengender und auch die Kleidung immer nasser, auch am Boden von manchen Booten sammelte sich schon Wasser. Dann waren wir so gut wie da. Elias fand direkt beim Aussteigen eine Packung Maoam und wurde so f\u00fcr die Anstrengung belohnt. Heute Abend sind wir zum Essen gegangen, viele hatten Fisch, was im nachhinein f\u00fcr so manches nicht so gut war. Jetzt ist es 22.15 Uhr und die M\u00fccken zerstechen uns, aber wir sitzen noch in einer kleinen Runde zusammen.<\/p>\n<p>Geschrieben von Moritz<\/p><!-- default-view.php -->\n<div\n\tclass=\"ngg-galleryoverview default-view  ngg-ajax-pagination-none\"\n\tid=\"ngg-gallery-839d69ab31100560d45d84876c978d5b-1\">\n\n\t\t<!-- Thumbnails -->\n\t\t\t\t<div id=\"ngg-image-0\" class=\"ngg-gallery-thumbnail-box \" >\n\t\t\t\t        <div class=\"ngg-gallery-thumbnail\">\n            <a href=\"https:\/\/kanu-gruppe-wilster.de\/wp-content\/gallery\/jugendurlaubstour-tag-7\/imag1142.jpg\"\n               title=\"\"\n               data-src=\"https:\/\/kanu-gruppe-wilster.de\/wp-content\/gallery\/jugendurlaubstour-tag-7\/imag1142.jpg\"\n               data-thumbnail=\"https:\/\/kanu-gruppe-wilster.de\/wp-content\/gallery\/jugendurlaubstour-tag-7\/thumbs\/thumbs_imag1142.jpg\"\n               data-image-id=\"3458\"\n               data-title=\"imag1142\"\n               data-description=\"\"\n               data-image-slug=\"imag1142\"\n               class=\"ngg-fancybox\" rel=\"839d69ab31100560d45d84876c978d5b\">\n                <img\n                    title=\"imag1142\"\n                    alt=\"imag1142\"\n                    src=\"https:\/\/kanu-gruppe-wilster.de\/wp-content\/gallery\/jugendurlaubstour-tag-7\/thumbs\/thumbs_imag1142.jpg\"\n                    width=\"180\"\n                    height=\"180\"\n                    style=\"max-width:100%;\"\n                \/>\n            <\/a>\n        <\/div>\n\t\t\t\t\t\t\t<\/div> \n\t\t\t\n\t\n\t<br style=\"clear: both\" \/>\n\n\t\t<div class=\"slideshowlink\">\n        <a href='https:\/\/kanu-gruppe-wilster.de\/index.php\/jugenurlaubstour-tagebuch-tag-7\/fotos\/slideshow'>[Zeige eine Slideshow]<\/a>\n\t\t\n\t<\/div>\n\t\n\t\t<!-- Pagination -->\n\t<div class='ngg-clear'><\/div>\t<\/div>\n","protected":false},"excerpt":{"rendered":"<p>Tag 7 Heute ist der 2. Tag von meinem Dasein als 15-j\u00e4hriger. Wir sind heute Morgen mal ausnahmsweise nicht durch die warmen Sonnenstrahlen aufgewacht, sondern durch Ingmar&#8217;s herrliche Stimme. Die Ruderer, die neben uns gezeltet haben, haben offensichtlich weniger Schlaf bekommen als wir, da so mancher die 2m bis hin zum Klo nicht geschafft hat<\/p>\n","protected":false},"author":2,"featured_media":0,"comment_status":"open","ping_status":"open","sticky":false,"template":"","format":"standard","meta":{"ngg_post_thumbnail":0},"categories":[4,1],"tags":[],"yoast_head":"<!-- This site is optimized with the Yoast SEO plugin v19.0 - https:\/\/yoast.com\/wordpress\/plugins\/seo\/ -->\n<title>Jugendurlaubstour - Tagebuch Tag 7 &ndash; Kanu Gruppe Wilster e.V.<\/title>\n<meta name=\"robots\" content=\"index, follow, max-snippet:-1, max-image-preview:large, max-video-preview:-1\" \/>\n<link rel=\"canonical\" href=\"https:\/\/kanu-gruppe-wilster.de\/index.php\/jugenurlaubstour-tagebuch-tag-7\/\" \/>\n<meta property=\"og:locale\" content=\"de_DE\" \/>\n<meta property=\"og:type\" content=\"article\" \/>\n<meta property=\"og:title\" content=\"Jugendurlaubstour - Tagebuch Tag 7 &ndash; Kanu Gruppe Wilster e.V.\" \/>\n<meta property=\"og:description\" content=\"Tag 7 Heute ist der 2. Tag von meinem Dasein als 15-j\u00e4hriger. Wir sind heute Morgen mal ausnahmsweise nicht durch die warmen Sonnenstrahlen aufgewacht, sondern durch Ingmar&#8217;s herrliche Stimme. Die Ruderer, die neben uns gezeltet haben, haben offensichtlich weniger Schlaf bekommen als wir, da so mancher die 2m bis hin zum Klo nicht geschafft hat\" \/>\n<meta property=\"og:url\" content=\"https:\/\/kanu-gruppe-wilster.de\/index.php\/jugenurlaubstour-tagebuch-tag-7\/\" \/>\n<meta property=\"og:site_name\" content=\"Kanu Gruppe Wilster e.V.\" \/>\n<meta property=\"article:published_time\" content=\"2013-07-20T07:54:33+00:00\" \/>\n<meta name=\"twitter:card\" content=\"summary\" \/>\n<meta name=\"twitter:label1\" content=\"Verfasst von\" \/>\n\t<meta name=\"twitter:data1\" content=\"UweMuenster\" \/>\n\t<meta name=\"twitter:label2\" content=\"Gesch\u00e4tzte Lesezeit\" \/>\n\t<meta name=\"twitter:data2\" content=\"1\u00a0Minute\" \/>\n<script type=\"application\/ld+json\" class=\"yoast-schema-graph\">{\"@context\":\"https:\/\/schema.org\",\"@graph\":[{\"@type\":\"WebSite\",\"@id\":\"https:\/\/kanu-gruppe-wilster.de\/#website\",\"url\":\"https:\/\/kanu-gruppe-wilster.de\/\",\"name\":\"Kanu Gruppe Wilster e.V.\",\"description\":\"Kanuverein an der Wilster Au\",\"potentialAction\":[{\"@type\":\"SearchAction\",\"target\":{\"@type\":\"EntryPoint\",\"urlTemplate\":\"https:\/\/kanu-gruppe-wilster.de\/?s={search_term_string}\"},\"query-input\":\"required name=search_term_string\"}],\"inLanguage\":\"de\"},{\"@type\":\"WebPage\",\"@id\":\"https:\/\/kanu-gruppe-wilster.de\/index.php\/jugenurlaubstour-tagebuch-tag-7\/#webpage\",\"url\":\"https:\/\/kanu-gruppe-wilster.de\/index.php\/jugenurlaubstour-tagebuch-tag-7\/\",\"name\":\"Jugendurlaubstour - Tagebuch Tag 7 &ndash; Kanu Gruppe Wilster e.V.\",\"isPartOf\":{\"@id\":\"https:\/\/kanu-gruppe-wilster.de\/#website\"},\"datePublished\":\"2013-07-20T07:54:33+00:00\",\"dateModified\":\"2013-07-20T07:54:33+00:00\",\"author\":{\"@id\":\"https:\/\/kanu-gruppe-wilster.de\/#\/schema\/person\/7489fc75ff891776bcddaa56e64dbb54\"},\"breadcrumb\":{\"@id\":\"https:\/\/kanu-gruppe-wilster.de\/index.php\/jugenurlaubstour-tagebuch-tag-7\/#breadcrumb\"},\"inLanguage\":\"de\",\"potentialAction\":[{\"@type\":\"ReadAction\",\"target\":[\"https:\/\/kanu-gruppe-wilster.de\/index.php\/jugenurlaubstour-tagebuch-tag-7\/\"]}]},{\"@type\":\"BreadcrumbList\",\"@id\":\"https:\/\/kanu-gruppe-wilster.de\/index.php\/jugenurlaubstour-tagebuch-tag-7\/#breadcrumb\",\"itemListElement\":[{\"@type\":\"ListItem\",\"position\":1,\"name\":\"Startseite\",\"item\":\"https:\/\/kanu-gruppe-wilster.de\/\"},{\"@type\":\"ListItem\",\"position\":2,\"name\":\"Jugendurlaubstour &#8211; Tagebuch Tag 7\"}]},{\"@type\":\"Person\",\"@id\":\"https:\/\/kanu-gruppe-wilster.de\/#\/schema\/person\/7489fc75ff891776bcddaa56e64dbb54\",\"name\":\"UweMuenster\",\"image\":{\"@type\":\"ImageObject\",\"inLanguage\":\"de\",\"@id\":\"https:\/\/kanu-gruppe-wilster.de\/#\/schema\/person\/image\/\",\"url\":\"https:\/\/secure.gravatar.com\/avatar\/633d80af5ecf11a7e42ad51ef88894a9?s=96&d=mm&r=g\",\"contentUrl\":\"https:\/\/secure.gravatar.com\/avatar\/633d80af5ecf11a7e42ad51ef88894a9?s=96&d=mm&r=g\",\"caption\":\"UweMuenster\"},\"url\":\"https:\/\/kanu-gruppe-wilster.de\/index.php\/author\/uwemuenster\/\"}]}<\/script>\n<!-- \/ Yoast SEO plugin. -->","yoast_head_json":{"title":"Jugendurlaubstour - Tagebuch Tag 7 &ndash; Kanu Gruppe Wilster e.V.","robots":{"index":"index","follow":"follow","max-snippet":"max-snippet:-1","max-image-preview":"max-image-preview:large","max-video-preview":"max-video-preview:-1"},"canonical":"https:\/\/kanu-gruppe-wilster.de\/index.php\/jugenurlaubstour-tagebuch-tag-7\/","og_locale":"de_DE","og_type":"article","og_title":"Jugendurlaubstour - Tagebuch Tag 7 &ndash; Kanu Gruppe Wilster e.V.","og_description":"Tag 7 Heute ist der 2. Tag von meinem Dasein als 15-j\u00e4hriger. Wir sind heute Morgen mal ausnahmsweise nicht durch die warmen Sonnenstrahlen aufgewacht, sondern durch Ingmar&#8217;s herrliche Stimme. Die Ruderer, die neben uns gezeltet haben, haben offensichtlich weniger Schlaf bekommen als wir, da so mancher die 2m bis hin zum Klo nicht geschafft hat","og_url":"https:\/\/kanu-gruppe-wilster.de\/index.php\/jugenurlaubstour-tagebuch-tag-7\/","og_site_name":"Kanu Gruppe Wilster e.V.","article_published_time":"2013-07-20T07:54:33+00:00","twitter_card":"summary","twitter_misc":{"Verfasst von":"UweMuenster","Gesch\u00e4tzte Lesezeit":"1\u00a0Minute"},"schema":{"@context":"https:\/\/schema.org","@graph":[{"@type":"WebSite","@id":"https:\/\/kanu-gruppe-wilster.de\/#website","url":"https:\/\/kanu-gruppe-wilster.de\/","name":"Kanu Gruppe Wilster e.V.","description":"Kanuverein an der Wilster Au","potentialAction":[{"@type":"SearchAction","target":{"@type":"EntryPoint","urlTemplate":"https:\/\/kanu-gruppe-wilster.de\/?s={search_term_string}"},"query-input":"required name=search_term_string"}],"inLanguage":"de"},{"@type":"WebPage","@id":"https:\/\/kanu-gruppe-wilster.de\/index.php\/jugenurlaubstour-tagebuch-tag-7\/#webpage","url":"https:\/\/kanu-gruppe-wilster.de\/index.php\/jugenurlaubstour-tagebuch-tag-7\/","name":"Jugendurlaubstour - Tagebuch Tag 7 &ndash; Kanu Gruppe Wilster e.V.","isPartOf":{"@id":"https:\/\/kanu-gruppe-wilster.de\/#website"},"datePublished":"2013-07-20T07:54:33+00:00","dateModified":"2013-07-20T07:54:33+00:00","author":{"@id":"https:\/\/kanu-gruppe-wilster.de\/#\/schema\/person\/7489fc75ff891776bcddaa56e64dbb54"},"breadcrumb":{"@id":"https:\/\/kanu-gruppe-wilster.de\/index.php\/jugenurlaubstour-tagebuch-tag-7\/#breadcrumb"},"inLanguage":"de","potentialAction":[{"@type":"ReadAction","target":["https:\/\/kanu-gruppe-wilster.de\/index.php\/jugenurlaubstour-tagebuch-tag-7\/"]}]},{"@type":"BreadcrumbList","@id":"https:\/\/kanu-gruppe-wilster.de\/index.php\/jugenurlaubstour-tagebuch-tag-7\/#breadcrumb","itemListElement":[{"@type":"ListItem","position":1,"name":"Startseite","item":"https:\/\/kanu-gruppe-wilster.de\/"},{"@type":"ListItem","position":2,"name":"Jugendurlaubstour &#8211; Tagebuch Tag 7"}]},{"@type":"Person","@id":"https:\/\/kanu-gruppe-wilster.de\/#\/schema\/person\/7489fc75ff891776bcddaa56e64dbb54","name":"UweMuenster","image":{"@type":"ImageObject","inLanguage":"de","@id":"https:\/\/kanu-gruppe-wilster.de\/#\/schema\/person\/image\/","url":"https:\/\/secure.gravatar.com\/avatar\/633d80af5ecf11a7e42ad51ef88894a9?s=96&d=mm&r=g","contentUrl":"https:\/\/secure.gravatar.com\/avatar\/633d80af5ecf11a7e42ad51ef88894a9?s=96&d=mm&r=g","caption":"UweMuenster"},"url":"https:\/\/kanu-gruppe-wilster.de\/index.php\/author\/uwemuenster\/"}]}},"_links":{"self":[{"href":"https:\/\/kanu-gruppe-wilster.de\/index.php\/wp-json\/wp\/v2\/posts\/789"}],"collection":[{"href":"https:\/\/kanu-gruppe-wilster.de\/index.php\/wp-json\/wp\/v2\/posts"}],"about":[{"href":"https:\/\/kanu-gruppe-wilster.de\/index.php\/wp-json\/wp\/v2\/types\/post"}],"author":[{"embeddable":true,"href":"https:\/\/kanu-gruppe-wilster.de\/index.php\/wp-json\/wp\/v2\/users\/2"}],"replies":[{"embeddable":true,"href":"https:\/\/kanu-gruppe-wilster.de\/index.php\/wp-json\/wp\/v2\/comments?post=789"}],"version-history":[{"count":0,"href":"https:\/\/kanu-gruppe-wilster.de\/index.php\/wp-json\/wp\/v2\/posts\/789\/revisions"}],"wp:attachment":[{"href":"https:\/\/kanu-gruppe-wilster.de\/index.php\/wp-json\/wp\/v2\/media?parent=789"}],"wp:term":[{"taxonomy":"category","embeddable":true,"href":"https:\/\/kanu-gruppe-wilster.de\/index.php\/wp-json\/wp\/v2\/categories?post=789"},{"taxonomy":"post_tag","embeddable":true,"href":"https:\/\/kanu-gruppe-wilster.de\/index.php\/wp-json\/wp\/v2\/tags?post=789"}],"curies":[{"name":"wp","href":"https:\/\/api.w.org\/{rel}","templated":true}]}}