{"id":785,"date":"2013-07-19T06:50:54","date_gmt":"2013-07-19T05:50:54","guid":{"rendered":"http:\/\/kanu-gruppe-wilster.de\/?p=785"},"modified":"2013-07-19T06:50:54","modified_gmt":"2013-07-19T05:50:54","slug":"jugendurlaubstour-tagebuch-tag-5-2","status":"publish","type":"post","link":"https:\/\/kanu-gruppe-wilster.de\/index.php\/jugendurlaubstour-tagebuch-tag-5-2\/","title":{"rendered":"Jugendurlaubstour &#8211; Tagebuch Tag 6"},"content":{"rendered":"<p>Tag 6 &#8211; Donnerstag<\/p>\n<p>Heute mussten wir schon wieder um halb 8 aufstehen, aber die meisten waren schon vorher wach, denn Moritz hatte Geburtstag und jeder wollte ihm gratulieren. Um 8 Uhr gab es dann im kleinen Stuhlkreis Fr\u00fchst\u00fcck. Um 9 Uhr haben dann alle angefangen ihre Sachen zu packen und die Zelte abzubauen. Nachdem jeder um 10.30 Uhr seine Sachen im Boot verstaut hatte, ging es auch schon los auf&#8217;s Wasser. Noch am Campingplatz haben wir ein Gruppenfoto auf dem Wasser gemacht. Insgesamt paddelten wir 21km, unterbrochen von 3 Schleusen sowie Wellen, die Ingmar, Elias und Tavin zum Wasserschippen zwangen. Als wir in Mirow angekommen waren, haben wir die Boote aus dem Wasser geholt und die Zelte aufgebaut. Danach sind wir zum Einkaufen in die Stadt und haben uns mit Verpflegung f\u00fcr die n\u00e4chsten 2 Tage eingedeckt. Am Ende haben wir f\u00fcr Moritz am Zeltplatz noch einen Kuchen vorbereitet. Abschlie\u00dfend hat sich jeder sein Abendessen gemacht und um halb 9 Leonie und Tavin verabschiedet, die die Tour schon vorher verlie\u00dfen&#8230; Tsch\u00fcss!<\/p>\n<!-- default-view.php -->\n<div\n\tclass=\"ngg-galleryoverview default-view  ngg-ajax-pagination-none\"\n\tid=\"ngg-gallery-30b3f225ebcbdbd2eb08e5a9e043ea88-1\">\n\n\t\t<!-- Thumbnails -->\n\t\t\t\t<div id=\"ngg-image-0\" class=\"ngg-gallery-thumbnail-box \" >\n\t\t\t\t        <div class=\"ngg-gallery-thumbnail\">\n            <a href=\"https:\/\/kanu-gruppe-wilster.de\/wp-content\/gallery\/jugendurlaubstour-tag-6\/imag1132-1.jpg\"\n               title=\"\"\n               data-src=\"https:\/\/kanu-gruppe-wilster.de\/wp-content\/gallery\/jugendurlaubstour-tag-6\/imag1132-1.jpg\"\n               data-thumbnail=\"https:\/\/kanu-gruppe-wilster.de\/wp-content\/gallery\/jugendurlaubstour-tag-6\/thumbs\/thumbs_imag1132-1.jpg\"\n               data-image-id=\"3456\"\n               data-title=\"imag1132-1\"\n               data-description=\"\"\n               data-image-slug=\"imag1132-1\"\n               class=\"ngg-fancybox\" rel=\"30b3f225ebcbdbd2eb08e5a9e043ea88\">\n                <img\n                    title=\"imag1132-1\"\n                    alt=\"imag1132-1\"\n                    src=\"https:\/\/kanu-gruppe-wilster.de\/wp-content\/gallery\/jugendurlaubstour-tag-6\/thumbs\/thumbs_imag1132-1.jpg\"\n                    width=\"180\"\n                    height=\"180\"\n                    style=\"max-width:100%;\"\n                \/>\n            <\/a>\n        <\/div>\n\t\t\t\t\t\t\t<\/div> \n\t\t\t\n\t\t\t\t<div id=\"ngg-image-1\" class=\"ngg-gallery-thumbnail-box \" >\n\t\t\t\t        <div class=\"ngg-gallery-thumbnail\">\n            <a href=\"https:\/\/kanu-gruppe-wilster.de\/wp-content\/gallery\/jugendurlaubstour-tag-6\/imag1135-1.jpg\"\n               title=\"\"\n               data-src=\"https:\/\/kanu-gruppe-wilster.de\/wp-content\/gallery\/jugendurlaubstour-tag-6\/imag1135-1.jpg\"\n               data-thumbnail=\"https:\/\/kanu-gruppe-wilster.de\/wp-content\/gallery\/jugendurlaubstour-tag-6\/thumbs\/thumbs_imag1135-1.jpg\"\n               data-image-id=\"3457\"\n               data-title=\"imag1135-1\"\n               data-description=\"\"\n               data-image-slug=\"imag1135-1\"\n               class=\"ngg-fancybox\" rel=\"30b3f225ebcbdbd2eb08e5a9e043ea88\">\n                <img\n                    title=\"imag1135-1\"\n                    alt=\"imag1135-1\"\n                    src=\"https:\/\/kanu-gruppe-wilster.de\/wp-content\/gallery\/jugendurlaubstour-tag-6\/thumbs\/thumbs_imag1135-1.jpg\"\n                    width=\"180\"\n                    height=\"180\"\n                    style=\"max-width:100%;\"\n                \/>\n            <\/a>\n        <\/div>\n\t\t\t\t\t\t\t<\/div> \n\t\t\t\n\t\n\t<br style=\"clear: both\" \/>\n\n\t\t<div class=\"slideshowlink\">\n        <a href='https:\/\/kanu-gruppe-wilster.de\/index.php\/jugendurlaubstour-tagebuch-tag-5-2\/fotos\/slideshow'>[Zeige eine Slideshow]<\/a>\n\t\t\n\t<\/div>\n\t\n\t\t<!-- Pagination -->\n\t<div class='ngg-clear'><\/div>\t<\/div>\n\nElske und Kone<\/p>\n","protected":false},"excerpt":{"rendered":"<p>Tag 6 &#8211; Donnerstag Heute mussten wir schon wieder um halb 8 aufstehen, aber die meisten waren schon vorher wach, denn Moritz hatte Geburtstag und jeder wollte ihm gratulieren. Um 8 Uhr gab es dann im kleinen Stuhlkreis Fr\u00fchst\u00fcck. Um 9 Uhr haben dann alle angefangen ihre Sachen zu packen und die Zelte abzubauen. Nachdem<\/p>\n","protected":false},"author":2,"featured_media":0,"comment_status":"open","ping_status":"open","sticky":false,"template":"","format":"standard","meta":{"ngg_post_thumbnail":0},"categories":[4,1],"tags":[],"yoast_head":"<!-- This site is optimized with the Yoast SEO plugin v19.0 - https:\/\/yoast.com\/wordpress\/plugins\/seo\/ -->\n<title>Jugendurlaubstour - Tagebuch Tag 6 &ndash; Kanu Gruppe Wilster e.V.<\/title>\n<meta name=\"robots\" content=\"index, follow, max-snippet:-1, max-image-preview:large, max-video-preview:-1\" \/>\n<link rel=\"canonical\" href=\"https:\/\/kanu-gruppe-wilster.de\/index.php\/jugendurlaubstour-tagebuch-tag-5-2\/\" \/>\n<meta property=\"og:locale\" content=\"de_DE\" \/>\n<meta property=\"og:type\" content=\"article\" \/>\n<meta property=\"og:title\" content=\"Jugendurlaubstour - Tagebuch Tag 6 &ndash; Kanu Gruppe Wilster e.V.\" \/>\n<meta property=\"og:description\" content=\"Tag 6 &#8211; Donnerstag Heute mussten wir schon wieder um halb 8 aufstehen, aber die meisten waren schon vorher wach, denn Moritz hatte Geburtstag und jeder wollte ihm gratulieren. Um 8 Uhr gab es dann im kleinen Stuhlkreis Fr\u00fchst\u00fcck. Um 9 Uhr haben dann alle angefangen ihre Sachen zu packen und die Zelte abzubauen. Nachdem\" \/>\n<meta property=\"og:url\" content=\"https:\/\/kanu-gruppe-wilster.de\/index.php\/jugendurlaubstour-tagebuch-tag-5-2\/\" \/>\n<meta property=\"og:site_name\" content=\"Kanu Gruppe Wilster e.V.\" \/>\n<meta property=\"article:published_time\" content=\"2013-07-19T05:50:54+00:00\" \/>\n<meta name=\"twitter:card\" content=\"summary\" \/>\n<meta name=\"twitter:label1\" content=\"Verfasst von\" \/>\n\t<meta name=\"twitter:data1\" content=\"UweMuenster\" \/>\n\t<meta name=\"twitter:label2\" content=\"Gesch\u00e4tzte Lesezeit\" \/>\n\t<meta name=\"twitter:data2\" content=\"1\u00a0Minute\" \/>\n<script type=\"application\/ld+json\" class=\"yoast-schema-graph\">{\"@context\":\"https:\/\/schema.org\",\"@graph\":[{\"@type\":\"WebSite\",\"@id\":\"https:\/\/kanu-gruppe-wilster.de\/#website\",\"url\":\"https:\/\/kanu-gruppe-wilster.de\/\",\"name\":\"Kanu Gruppe Wilster e.V.\",\"description\":\"Kanuverein an der Wilster Au\",\"potentialAction\":[{\"@type\":\"SearchAction\",\"target\":{\"@type\":\"EntryPoint\",\"urlTemplate\":\"https:\/\/kanu-gruppe-wilster.de\/?s={search_term_string}\"},\"query-input\":\"required name=search_term_string\"}],\"inLanguage\":\"de\"},{\"@type\":\"WebPage\",\"@id\":\"https:\/\/kanu-gruppe-wilster.de\/index.php\/jugendurlaubstour-tagebuch-tag-5-2\/#webpage\",\"url\":\"https:\/\/kanu-gruppe-wilster.de\/index.php\/jugendurlaubstour-tagebuch-tag-5-2\/\",\"name\":\"Jugendurlaubstour - Tagebuch Tag 6 &ndash; Kanu Gruppe Wilster e.V.\",\"isPartOf\":{\"@id\":\"https:\/\/kanu-gruppe-wilster.de\/#website\"},\"datePublished\":\"2013-07-19T05:50:54+00:00\",\"dateModified\":\"2013-07-19T05:50:54+00:00\",\"author\":{\"@id\":\"https:\/\/kanu-gruppe-wilster.de\/#\/schema\/person\/7489fc75ff891776bcddaa56e64dbb54\"},\"breadcrumb\":{\"@id\":\"https:\/\/kanu-gruppe-wilster.de\/index.php\/jugendurlaubstour-tagebuch-tag-5-2\/#breadcrumb\"},\"inLanguage\":\"de\",\"potentialAction\":[{\"@type\":\"ReadAction\",\"target\":[\"https:\/\/kanu-gruppe-wilster.de\/index.php\/jugendurlaubstour-tagebuch-tag-5-2\/\"]}]},{\"@type\":\"BreadcrumbList\",\"@id\":\"https:\/\/kanu-gruppe-wilster.de\/index.php\/jugendurlaubstour-tagebuch-tag-5-2\/#breadcrumb\",\"itemListElement\":[{\"@type\":\"ListItem\",\"position\":1,\"name\":\"Startseite\",\"item\":\"https:\/\/kanu-gruppe-wilster.de\/\"},{\"@type\":\"ListItem\",\"position\":2,\"name\":\"Jugendurlaubstour &#8211; Tagebuch Tag 6\"}]},{\"@type\":\"Person\",\"@id\":\"https:\/\/kanu-gruppe-wilster.de\/#\/schema\/person\/7489fc75ff891776bcddaa56e64dbb54\",\"name\":\"UweMuenster\",\"image\":{\"@type\":\"ImageObject\",\"inLanguage\":\"de\",\"@id\":\"https:\/\/kanu-gruppe-wilster.de\/#\/schema\/person\/image\/\",\"url\":\"https:\/\/secure.gravatar.com\/avatar\/633d80af5ecf11a7e42ad51ef88894a9?s=96&d=mm&r=g\",\"contentUrl\":\"https:\/\/secure.gravatar.com\/avatar\/633d80af5ecf11a7e42ad51ef88894a9?s=96&d=mm&r=g\",\"caption\":\"UweMuenster\"},\"url\":\"https:\/\/kanu-gruppe-wilster.de\/index.php\/author\/uwemuenster\/\"}]}<\/script>\n<!-- \/ Yoast SEO plugin. -->","yoast_head_json":{"title":"Jugendurlaubstour - Tagebuch Tag 6 &ndash; Kanu Gruppe Wilster e.V.","robots":{"index":"index","follow":"follow","max-snippet":"max-snippet:-1","max-image-preview":"max-image-preview:large","max-video-preview":"max-video-preview:-1"},"canonical":"https:\/\/kanu-gruppe-wilster.de\/index.php\/jugendurlaubstour-tagebuch-tag-5-2\/","og_locale":"de_DE","og_type":"article","og_title":"Jugendurlaubstour - Tagebuch Tag 6 &ndash; Kanu Gruppe Wilster e.V.","og_description":"Tag 6 &#8211; Donnerstag Heute mussten wir schon wieder um halb 8 aufstehen, aber die meisten waren schon vorher wach, denn Moritz hatte Geburtstag und jeder wollte ihm gratulieren. Um 8 Uhr gab es dann im kleinen Stuhlkreis Fr\u00fchst\u00fcck. Um 9 Uhr haben dann alle angefangen ihre Sachen zu packen und die Zelte abzubauen. Nachdem","og_url":"https:\/\/kanu-gruppe-wilster.de\/index.php\/jugendurlaubstour-tagebuch-tag-5-2\/","og_site_name":"Kanu Gruppe Wilster e.V.","article_published_time":"2013-07-19T05:50:54+00:00","twitter_card":"summary","twitter_misc":{"Verfasst von":"UweMuenster","Gesch\u00e4tzte Lesezeit":"1\u00a0Minute"},"schema":{"@context":"https:\/\/schema.org","@graph":[{"@type":"WebSite","@id":"https:\/\/kanu-gruppe-wilster.de\/#website","url":"https:\/\/kanu-gruppe-wilster.de\/","name":"Kanu Gruppe Wilster e.V.","description":"Kanuverein an der Wilster Au","potentialAction":[{"@type":"SearchAction","target":{"@type":"EntryPoint","urlTemplate":"https:\/\/kanu-gruppe-wilster.de\/?s={search_term_string}"},"query-input":"required name=search_term_string"}],"inLanguage":"de"},{"@type":"WebPage","@id":"https:\/\/kanu-gruppe-wilster.de\/index.php\/jugendurlaubstour-tagebuch-tag-5-2\/#webpage","url":"https:\/\/kanu-gruppe-wilster.de\/index.php\/jugendurlaubstour-tagebuch-tag-5-2\/","name":"Jugendurlaubstour - Tagebuch Tag 6 &ndash; Kanu Gruppe Wilster e.V.","isPartOf":{"@id":"https:\/\/kanu-gruppe-wilster.de\/#website"},"datePublished":"2013-07-19T05:50:54+00:00","dateModified":"2013-07-19T05:50:54+00:00","author":{"@id":"https:\/\/kanu-gruppe-wilster.de\/#\/schema\/person\/7489fc75ff891776bcddaa56e64dbb54"},"breadcrumb":{"@id":"https:\/\/kanu-gruppe-wilster.de\/index.php\/jugendurlaubstour-tagebuch-tag-5-2\/#breadcrumb"},"inLanguage":"de","potentialAction":[{"@type":"ReadAction","target":["https:\/\/kanu-gruppe-wilster.de\/index.php\/jugendurlaubstour-tagebuch-tag-5-2\/"]}]},{"@type":"BreadcrumbList","@id":"https:\/\/kanu-gruppe-wilster.de\/index.php\/jugendurlaubstour-tagebuch-tag-5-2\/#breadcrumb","itemListElement":[{"@type":"ListItem","position":1,"name":"Startseite","item":"https:\/\/kanu-gruppe-wilster.de\/"},{"@type":"ListItem","position":2,"name":"Jugendurlaubstour &#8211; Tagebuch Tag 6"}]},{"@type":"Person","@id":"https:\/\/kanu-gruppe-wilster.de\/#\/schema\/person\/7489fc75ff891776bcddaa56e64dbb54","name":"UweMuenster","image":{"@type":"ImageObject","inLanguage":"de","@id":"https:\/\/kanu-gruppe-wilster.de\/#\/schema\/person\/image\/","url":"https:\/\/secure.gravatar.com\/avatar\/633d80af5ecf11a7e42ad51ef88894a9?s=96&d=mm&r=g","contentUrl":"https:\/\/secure.gravatar.com\/avatar\/633d80af5ecf11a7e42ad51ef88894a9?s=96&d=mm&r=g","caption":"UweMuenster"},"url":"https:\/\/kanu-gruppe-wilster.de\/index.php\/author\/uwemuenster\/"}]}},"_links":{"self":[{"href":"https:\/\/kanu-gruppe-wilster.de\/index.php\/wp-json\/wp\/v2\/posts\/785"}],"collection":[{"href":"https:\/\/kanu-gruppe-wilster.de\/index.php\/wp-json\/wp\/v2\/posts"}],"about":[{"href":"https:\/\/kanu-gruppe-wilster.de\/index.php\/wp-json\/wp\/v2\/types\/post"}],"author":[{"embeddable":true,"href":"https:\/\/kanu-gruppe-wilster.de\/index.php\/wp-json\/wp\/v2\/users\/2"}],"replies":[{"embeddable":true,"href":"https:\/\/kanu-gruppe-wilster.de\/index.php\/wp-json\/wp\/v2\/comments?post=785"}],"version-history":[{"count":0,"href":"https:\/\/kanu-gruppe-wilster.de\/index.php\/wp-json\/wp\/v2\/posts\/785\/revisions"}],"wp:attachment":[{"href":"https:\/\/kanu-gruppe-wilster.de\/index.php\/wp-json\/wp\/v2\/media?parent=785"}],"wp:term":[{"taxonomy":"category","embeddable":true,"href":"https:\/\/kanu-gruppe-wilster.de\/index.php\/wp-json\/wp\/v2\/categories?post=785"},{"taxonomy":"post_tag","embeddable":true,"href":"https:\/\/kanu-gruppe-wilster.de\/index.php\/wp-json\/wp\/v2\/tags?post=785"}],"curies":[{"name":"wp","href":"https:\/\/api.w.org\/{rel}","templated":true}]}}