{"id":783,"date":"2013-07-19T06:49:34","date_gmt":"2013-07-19T05:49:34","guid":{"rendered":"http:\/\/kanu-gruppe-wilster.de\/?p=783"},"modified":"2013-07-19T06:49:34","modified_gmt":"2013-07-19T05:49:34","slug":"jugendurlaubstour-tagebuch-tag-5","status":"publish","type":"post","link":"https:\/\/kanu-gruppe-wilster.de\/index.php\/jugendurlaubstour-tagebuch-tag-5\/","title":{"rendered":"Jugendurlaubstour &#8211; Tagebuch Tag 5"},"content":{"rendered":"<p>Tag 5 &#8211; Mittwoch<br \/>\nHeute war ausschlafen angesagt.<br \/>\nAm Ruhetag sollte alles ganz entspannt laufen! Fr\u00fchst\u00fcck war dann gegen neun und mach der Morgentoilette im Bad Container war ca. halb 11 Abfahrt nach Rheinsberg &#8211; einkaufen.<br \/>\nDie 7 im gingen dann leicht von der Hand, vor allem, weil wir in unbepackten booten unterwegs waren. Eine engstelle sollte uns noch das hupen eines Motorbootes einbringen: dort kam unter einer Br\u00fccke nur ein Boot durch &#8211; insgesamt alles sehr undurchsichtig. Auf dem R\u00fcckweg lief alles besser, Ingmar hatte doch ein Signalhorn dabei.<br \/>\nIn Rheinsberg landeten wir bei einem Ruderklub an und starteten unseren Einkaufsbummel: Norma, Tedi und NKD. Zur\u00fcck in Kanu Hafen war erstmal leckeres Mittagessen angesagt. Viele hatten sich eine 5- minuten- Terrine gekauft und mit Hilfe von Tavins Wasserl\u00f6cher sollte das Verfahren beschleunigt werden. Eine ganz hei\u00dfe Situation entstand, als Henri durch ungeschicktes, nicht ganz untypisches zur\u00fcck rucken Lasses Hand verbr\u00fchte. Durchaus schmerzhaft. Sogar Leo wurde in Mitleidenschaft gezogen. Danach ging eine gro\u00dfe Gruppe von uns baden. Fast die gleiche Gruppe traf sich zwei Stunden sp\u00e4ter &#8211; die M\u00e4dels duschten etwas l\u00e4nger &#8211; im Restaurant wieder. Sehr beliebt war dort das Wiener Schnitzel &#8211; zu Recht!<br \/>\nAnschlie\u00dfend sa\u00dfen wir in gem\u00fctlicher Runde zusammen, bis sich nach und nach ein paar M\u00fccken \u00fcber uns her machten.<br \/>\nLasse <\/p>\n","protected":false},"excerpt":{"rendered":"<p>Tag 5 &#8211; Mittwoch Heute war ausschlafen angesagt. Am Ruhetag sollte alles ganz entspannt laufen! Fr\u00fchst\u00fcck war dann gegen neun und mach der Morgentoilette im Bad Container war ca. halb 11 Abfahrt nach Rheinsberg &#8211; einkaufen. Die 7 im gingen dann leicht von der Hand, vor allem, weil wir in unbepackten booten unterwegs waren. Eine<\/p>\n","protected":false},"author":2,"featured_media":0,"comment_status":"open","ping_status":"open","sticky":false,"template":"","format":"standard","meta":{"ngg_post_thumbnail":0},"categories":[4,1],"tags":[],"yoast_head":"<!-- This site is optimized with the Yoast SEO plugin v19.0 - https:\/\/yoast.com\/wordpress\/plugins\/seo\/ -->\n<title>Jugendurlaubstour - Tagebuch Tag 5 &ndash; Kanu Gruppe Wilster e.V.<\/title>\n<meta name=\"robots\" content=\"index, follow, max-snippet:-1, max-image-preview:large, max-video-preview:-1\" \/>\n<link rel=\"canonical\" href=\"https:\/\/kanu-gruppe-wilster.de\/index.php\/jugendurlaubstour-tagebuch-tag-5\/\" \/>\n<meta property=\"og:locale\" content=\"de_DE\" \/>\n<meta property=\"og:type\" content=\"article\" \/>\n<meta property=\"og:title\" content=\"Jugendurlaubstour - Tagebuch Tag 5 &ndash; Kanu Gruppe Wilster e.V.\" \/>\n<meta property=\"og:description\" content=\"Tag 5 &#8211; Mittwoch Heute war ausschlafen angesagt. Am Ruhetag sollte alles ganz entspannt laufen! Fr\u00fchst\u00fcck war dann gegen neun und mach der Morgentoilette im Bad Container war ca. halb 11 Abfahrt nach Rheinsberg &#8211; einkaufen. Die 7 im gingen dann leicht von der Hand, vor allem, weil wir in unbepackten booten unterwegs waren. Eine\" \/>\n<meta property=\"og:url\" content=\"https:\/\/kanu-gruppe-wilster.de\/index.php\/jugendurlaubstour-tagebuch-tag-5\/\" \/>\n<meta property=\"og:site_name\" content=\"Kanu Gruppe Wilster e.V.\" \/>\n<meta property=\"article:published_time\" content=\"2013-07-19T05:49:34+00:00\" \/>\n<meta name=\"twitter:card\" content=\"summary\" \/>\n<meta name=\"twitter:label1\" content=\"Verfasst von\" \/>\n\t<meta name=\"twitter:data1\" content=\"UweMuenster\" \/>\n\t<meta name=\"twitter:label2\" content=\"Gesch\u00e4tzte Lesezeit\" \/>\n\t<meta name=\"twitter:data2\" content=\"1\u00a0Minute\" \/>\n<script type=\"application\/ld+json\" class=\"yoast-schema-graph\">{\"@context\":\"https:\/\/schema.org\",\"@graph\":[{\"@type\":\"WebSite\",\"@id\":\"https:\/\/kanu-gruppe-wilster.de\/#website\",\"url\":\"https:\/\/kanu-gruppe-wilster.de\/\",\"name\":\"Kanu Gruppe Wilster e.V.\",\"description\":\"Kanuverein an der Wilster Au\",\"potentialAction\":[{\"@type\":\"SearchAction\",\"target\":{\"@type\":\"EntryPoint\",\"urlTemplate\":\"https:\/\/kanu-gruppe-wilster.de\/?s={search_term_string}\"},\"query-input\":\"required name=search_term_string\"}],\"inLanguage\":\"de\"},{\"@type\":\"WebPage\",\"@id\":\"https:\/\/kanu-gruppe-wilster.de\/index.php\/jugendurlaubstour-tagebuch-tag-5\/#webpage\",\"url\":\"https:\/\/kanu-gruppe-wilster.de\/index.php\/jugendurlaubstour-tagebuch-tag-5\/\",\"name\":\"Jugendurlaubstour - Tagebuch Tag 5 &ndash; Kanu Gruppe Wilster e.V.\",\"isPartOf\":{\"@id\":\"https:\/\/kanu-gruppe-wilster.de\/#website\"},\"datePublished\":\"2013-07-19T05:49:34+00:00\",\"dateModified\":\"2013-07-19T05:49:34+00:00\",\"author\":{\"@id\":\"https:\/\/kanu-gruppe-wilster.de\/#\/schema\/person\/7489fc75ff891776bcddaa56e64dbb54\"},\"breadcrumb\":{\"@id\":\"https:\/\/kanu-gruppe-wilster.de\/index.php\/jugendurlaubstour-tagebuch-tag-5\/#breadcrumb\"},\"inLanguage\":\"de\",\"potentialAction\":[{\"@type\":\"ReadAction\",\"target\":[\"https:\/\/kanu-gruppe-wilster.de\/index.php\/jugendurlaubstour-tagebuch-tag-5\/\"]}]},{\"@type\":\"BreadcrumbList\",\"@id\":\"https:\/\/kanu-gruppe-wilster.de\/index.php\/jugendurlaubstour-tagebuch-tag-5\/#breadcrumb\",\"itemListElement\":[{\"@type\":\"ListItem\",\"position\":1,\"name\":\"Startseite\",\"item\":\"https:\/\/kanu-gruppe-wilster.de\/\"},{\"@type\":\"ListItem\",\"position\":2,\"name\":\"Jugendurlaubstour &#8211; Tagebuch Tag 5\"}]},{\"@type\":\"Person\",\"@id\":\"https:\/\/kanu-gruppe-wilster.de\/#\/schema\/person\/7489fc75ff891776bcddaa56e64dbb54\",\"name\":\"UweMuenster\",\"image\":{\"@type\":\"ImageObject\",\"inLanguage\":\"de\",\"@id\":\"https:\/\/kanu-gruppe-wilster.de\/#\/schema\/person\/image\/\",\"url\":\"https:\/\/secure.gravatar.com\/avatar\/633d80af5ecf11a7e42ad51ef88894a9?s=96&d=mm&r=g\",\"contentUrl\":\"https:\/\/secure.gravatar.com\/avatar\/633d80af5ecf11a7e42ad51ef88894a9?s=96&d=mm&r=g\",\"caption\":\"UweMuenster\"},\"url\":\"https:\/\/kanu-gruppe-wilster.de\/index.php\/author\/uwemuenster\/\"}]}<\/script>\n<!-- \/ Yoast SEO plugin. -->","yoast_head_json":{"title":"Jugendurlaubstour - Tagebuch Tag 5 &ndash; Kanu Gruppe Wilster e.V.","robots":{"index":"index","follow":"follow","max-snippet":"max-snippet:-1","max-image-preview":"max-image-preview:large","max-video-preview":"max-video-preview:-1"},"canonical":"https:\/\/kanu-gruppe-wilster.de\/index.php\/jugendurlaubstour-tagebuch-tag-5\/","og_locale":"de_DE","og_type":"article","og_title":"Jugendurlaubstour - Tagebuch Tag 5 &ndash; Kanu Gruppe Wilster e.V.","og_description":"Tag 5 &#8211; Mittwoch Heute war ausschlafen angesagt. Am Ruhetag sollte alles ganz entspannt laufen! Fr\u00fchst\u00fcck war dann gegen neun und mach der Morgentoilette im Bad Container war ca. halb 11 Abfahrt nach Rheinsberg &#8211; einkaufen. Die 7 im gingen dann leicht von der Hand, vor allem, weil wir in unbepackten booten unterwegs waren. Eine","og_url":"https:\/\/kanu-gruppe-wilster.de\/index.php\/jugendurlaubstour-tagebuch-tag-5\/","og_site_name":"Kanu Gruppe Wilster e.V.","article_published_time":"2013-07-19T05:49:34+00:00","twitter_card":"summary","twitter_misc":{"Verfasst von":"UweMuenster","Gesch\u00e4tzte Lesezeit":"1\u00a0Minute"},"schema":{"@context":"https:\/\/schema.org","@graph":[{"@type":"WebSite","@id":"https:\/\/kanu-gruppe-wilster.de\/#website","url":"https:\/\/kanu-gruppe-wilster.de\/","name":"Kanu Gruppe Wilster e.V.","description":"Kanuverein an der Wilster Au","potentialAction":[{"@type":"SearchAction","target":{"@type":"EntryPoint","urlTemplate":"https:\/\/kanu-gruppe-wilster.de\/?s={search_term_string}"},"query-input":"required name=search_term_string"}],"inLanguage":"de"},{"@type":"WebPage","@id":"https:\/\/kanu-gruppe-wilster.de\/index.php\/jugendurlaubstour-tagebuch-tag-5\/#webpage","url":"https:\/\/kanu-gruppe-wilster.de\/index.php\/jugendurlaubstour-tagebuch-tag-5\/","name":"Jugendurlaubstour - Tagebuch Tag 5 &ndash; Kanu Gruppe Wilster e.V.","isPartOf":{"@id":"https:\/\/kanu-gruppe-wilster.de\/#website"},"datePublished":"2013-07-19T05:49:34+00:00","dateModified":"2013-07-19T05:49:34+00:00","author":{"@id":"https:\/\/kanu-gruppe-wilster.de\/#\/schema\/person\/7489fc75ff891776bcddaa56e64dbb54"},"breadcrumb":{"@id":"https:\/\/kanu-gruppe-wilster.de\/index.php\/jugendurlaubstour-tagebuch-tag-5\/#breadcrumb"},"inLanguage":"de","potentialAction":[{"@type":"ReadAction","target":["https:\/\/kanu-gruppe-wilster.de\/index.php\/jugendurlaubstour-tagebuch-tag-5\/"]}]},{"@type":"BreadcrumbList","@id":"https:\/\/kanu-gruppe-wilster.de\/index.php\/jugendurlaubstour-tagebuch-tag-5\/#breadcrumb","itemListElement":[{"@type":"ListItem","position":1,"name":"Startseite","item":"https:\/\/kanu-gruppe-wilster.de\/"},{"@type":"ListItem","position":2,"name":"Jugendurlaubstour &#8211; Tagebuch Tag 5"}]},{"@type":"Person","@id":"https:\/\/kanu-gruppe-wilster.de\/#\/schema\/person\/7489fc75ff891776bcddaa56e64dbb54","name":"UweMuenster","image":{"@type":"ImageObject","inLanguage":"de","@id":"https:\/\/kanu-gruppe-wilster.de\/#\/schema\/person\/image\/","url":"https:\/\/secure.gravatar.com\/avatar\/633d80af5ecf11a7e42ad51ef88894a9?s=96&d=mm&r=g","contentUrl":"https:\/\/secure.gravatar.com\/avatar\/633d80af5ecf11a7e42ad51ef88894a9?s=96&d=mm&r=g","caption":"UweMuenster"},"url":"https:\/\/kanu-gruppe-wilster.de\/index.php\/author\/uwemuenster\/"}]}},"_links":{"self":[{"href":"https:\/\/kanu-gruppe-wilster.de\/index.php\/wp-json\/wp\/v2\/posts\/783"}],"collection":[{"href":"https:\/\/kanu-gruppe-wilster.de\/index.php\/wp-json\/wp\/v2\/posts"}],"about":[{"href":"https:\/\/kanu-gruppe-wilster.de\/index.php\/wp-json\/wp\/v2\/types\/post"}],"author":[{"embeddable":true,"href":"https:\/\/kanu-gruppe-wilster.de\/index.php\/wp-json\/wp\/v2\/users\/2"}],"replies":[{"embeddable":true,"href":"https:\/\/kanu-gruppe-wilster.de\/index.php\/wp-json\/wp\/v2\/comments?post=783"}],"version-history":[{"count":0,"href":"https:\/\/kanu-gruppe-wilster.de\/index.php\/wp-json\/wp\/v2\/posts\/783\/revisions"}],"wp:attachment":[{"href":"https:\/\/kanu-gruppe-wilster.de\/index.php\/wp-json\/wp\/v2\/media?parent=783"}],"wp:term":[{"taxonomy":"category","embeddable":true,"href":"https:\/\/kanu-gruppe-wilster.de\/index.php\/wp-json\/wp\/v2\/categories?post=783"},{"taxonomy":"post_tag","embeddable":true,"href":"https:\/\/kanu-gruppe-wilster.de\/index.php\/wp-json\/wp\/v2\/tags?post=783"}],"curies":[{"name":"wp","href":"https:\/\/api.w.org\/{rel}","templated":true}]}}