{"id":7780,"date":"2018-10-03T19:04:05","date_gmt":"2018-10-03T17:04:05","guid":{"rendered":"https:\/\/kanu-gruppe-wilster.de\/?p=7780"},"modified":"2018-10-03T19:34:48","modified_gmt":"2018-10-03T17:34:48","slug":"lampionfahrt-der-wilsteraner-kanuten-auf-der-wilsterau","status":"publish","type":"post","link":"https:\/\/kanu-gruppe-wilster.de\/index.php\/lampionfahrt-der-wilsteraner-kanuten-auf-der-wilsterau\/","title":{"rendered":"Lampionfahrt der Wilsteraner Kanuten auf der Wilsterau"},"content":{"rendered":"<p>Wie in den letzten Jahren haben wir auch in diesem Jahr am Laternelaufen der Gemeinde St\u00f6rdorf teilgenommen. Nachdem wir unsere Boote mit Lampions geschm\u00fcckt hatten, paddelten wir zum Treffpunkt unter der B5 Br\u00fccke. Wir begleiteten den Laternenumzug der St\u00f6rdorfer auf dem Wasser bis Kasenort.<\/p>\n<p><a href=\"https:\/\/www.flickr.com\/photos\/28329449@N03\/44342170814\/in\/album-72157698767025762\/\"><img loading=\"lazy\" src=\"https:\/\/farm2.staticflickr.com\/1932\/44342170814_88ccbd945f_c.jpg\" alt=\"IMG_3237\" width=\"800\" height=\"588\" \/><\/a><\/p>\n<p>Weitere Fotos findet ihr unter dem folgenden Link<\/p>\n<p><a href=\"https:\/\/www.flickr.com\/photos\/28329449@N03\/sets\/72157698767025762\">https:\/\/www.flickr.com\/photos\/28329449@N03\/sets\/72157698767025762<\/a><\/p>\n","protected":false},"excerpt":{"rendered":"<p>Wie in den letzten Jahren haben wir auch in diesem Jahr am Laternelaufen der Gemeinde St\u00f6rdorf teilgenommen. Nachdem wir unsere Boote mit Lampions geschm\u00fcckt hatten, paddelten wir zum Treffpunkt unter der B5 Br\u00fccke. Wir begleiteten den Laternenumzug der St\u00f6rdorfer auf dem Wasser bis Kasenort. Weitere Fotos findet ihr unter dem folgenden Link https:\/\/www.flickr.com\/photos\/28329449@N03\/sets\/72157698767025762<\/p>\n","protected":false},"author":2,"featured_media":0,"comment_status":"open","ping_status":"open","sticky":false,"template":"","format":"standard","meta":{"ngg_post_thumbnail":0},"categories":[4],"tags":[],"yoast_head":"<!-- This site is optimized with the Yoast SEO plugin v19.0 - https:\/\/yoast.com\/wordpress\/plugins\/seo\/ -->\n<title>Lampionfahrt der Wilsteraner Kanuten auf der Wilsterau &ndash; Kanu Gruppe Wilster e.V.<\/title>\n<meta name=\"robots\" content=\"index, follow, max-snippet:-1, max-image-preview:large, max-video-preview:-1\" \/>\n<link rel=\"canonical\" href=\"https:\/\/kanu-gruppe-wilster.de\/index.php\/lampionfahrt-der-wilsteraner-kanuten-auf-der-wilsterau\/\" \/>\n<meta property=\"og:locale\" content=\"de_DE\" \/>\n<meta property=\"og:type\" content=\"article\" \/>\n<meta property=\"og:title\" content=\"Lampionfahrt der Wilsteraner Kanuten auf der Wilsterau &ndash; Kanu Gruppe Wilster e.V.\" \/>\n<meta property=\"og:description\" content=\"Wie in den letzten Jahren haben wir auch in diesem Jahr am Laternelaufen der Gemeinde St\u00f6rdorf teilgenommen. Nachdem wir unsere Boote mit Lampions geschm\u00fcckt hatten, paddelten wir zum Treffpunkt unter der B5 Br\u00fccke. Wir begleiteten den Laternenumzug der St\u00f6rdorfer auf dem Wasser bis Kasenort. Weitere Fotos findet ihr unter dem folgenden Link https:\/\/www.flickr.com\/photos\/28329449@N03\/sets\/72157698767025762\" \/>\n<meta property=\"og:url\" content=\"https:\/\/kanu-gruppe-wilster.de\/index.php\/lampionfahrt-der-wilsteraner-kanuten-auf-der-wilsterau\/\" \/>\n<meta property=\"og:site_name\" content=\"Kanu Gruppe Wilster e.V.\" \/>\n<meta property=\"article:published_time\" content=\"2018-10-03T17:04:05+00:00\" \/>\n<meta property=\"article:modified_time\" content=\"2018-10-03T17:34:48+00:00\" \/>\n<meta name=\"twitter:card\" content=\"summary\" \/>\n<meta name=\"twitter:label1\" content=\"Verfasst von\" \/>\n\t<meta name=\"twitter:data1\" content=\"UweMuenster\" \/>\n<script type=\"application\/ld+json\" class=\"yoast-schema-graph\">{\"@context\":\"https:\/\/schema.org\",\"@graph\":[{\"@type\":\"WebSite\",\"@id\":\"https:\/\/kanu-gruppe-wilster.de\/#website\",\"url\":\"https:\/\/kanu-gruppe-wilster.de\/\",\"name\":\"Kanu Gruppe Wilster e.V.\",\"description\":\"Kanuverein an der Wilster Au\",\"potentialAction\":[{\"@type\":\"SearchAction\",\"target\":{\"@type\":\"EntryPoint\",\"urlTemplate\":\"https:\/\/kanu-gruppe-wilster.de\/?s={search_term_string}\"},\"query-input\":\"required name=search_term_string\"}],\"inLanguage\":\"de\"},{\"@type\":\"WebPage\",\"@id\":\"https:\/\/kanu-gruppe-wilster.de\/index.php\/lampionfahrt-der-wilsteraner-kanuten-auf-der-wilsterau\/#webpage\",\"url\":\"https:\/\/kanu-gruppe-wilster.de\/index.php\/lampionfahrt-der-wilsteraner-kanuten-auf-der-wilsterau\/\",\"name\":\"Lampionfahrt der Wilsteraner Kanuten auf der Wilsterau &ndash; Kanu Gruppe Wilster e.V.\",\"isPartOf\":{\"@id\":\"https:\/\/kanu-gruppe-wilster.de\/#website\"},\"datePublished\":\"2018-10-03T17:04:05+00:00\",\"dateModified\":\"2018-10-03T17:34:48+00:00\",\"author\":{\"@id\":\"https:\/\/kanu-gruppe-wilster.de\/#\/schema\/person\/7489fc75ff891776bcddaa56e64dbb54\"},\"breadcrumb\":{\"@id\":\"https:\/\/kanu-gruppe-wilster.de\/index.php\/lampionfahrt-der-wilsteraner-kanuten-auf-der-wilsterau\/#breadcrumb\"},\"inLanguage\":\"de\",\"potentialAction\":[{\"@type\":\"ReadAction\",\"target\":[\"https:\/\/kanu-gruppe-wilster.de\/index.php\/lampionfahrt-der-wilsteraner-kanuten-auf-der-wilsterau\/\"]}]},{\"@type\":\"BreadcrumbList\",\"@id\":\"https:\/\/kanu-gruppe-wilster.de\/index.php\/lampionfahrt-der-wilsteraner-kanuten-auf-der-wilsterau\/#breadcrumb\",\"itemListElement\":[{\"@type\":\"ListItem\",\"position\":1,\"name\":\"Startseite\",\"item\":\"https:\/\/kanu-gruppe-wilster.de\/\"},{\"@type\":\"ListItem\",\"position\":2,\"name\":\"Lampionfahrt der Wilsteraner Kanuten auf der Wilsterau\"}]},{\"@type\":\"Person\",\"@id\":\"https:\/\/kanu-gruppe-wilster.de\/#\/schema\/person\/7489fc75ff891776bcddaa56e64dbb54\",\"name\":\"UweMuenster\",\"image\":{\"@type\":\"ImageObject\",\"inLanguage\":\"de\",\"@id\":\"https:\/\/kanu-gruppe-wilster.de\/#\/schema\/person\/image\/\",\"url\":\"https:\/\/secure.gravatar.com\/avatar\/633d80af5ecf11a7e42ad51ef88894a9?s=96&d=mm&r=g\",\"contentUrl\":\"https:\/\/secure.gravatar.com\/avatar\/633d80af5ecf11a7e42ad51ef88894a9?s=96&d=mm&r=g\",\"caption\":\"UweMuenster\"},\"url\":\"https:\/\/kanu-gruppe-wilster.de\/index.php\/author\/uwemuenster\/\"}]}<\/script>\n<!-- \/ Yoast SEO plugin. -->","yoast_head_json":{"title":"Lampionfahrt der Wilsteraner Kanuten auf der Wilsterau &ndash; Kanu Gruppe Wilster e.V.","robots":{"index":"index","follow":"follow","max-snippet":"max-snippet:-1","max-image-preview":"max-image-preview:large","max-video-preview":"max-video-preview:-1"},"canonical":"https:\/\/kanu-gruppe-wilster.de\/index.php\/lampionfahrt-der-wilsteraner-kanuten-auf-der-wilsterau\/","og_locale":"de_DE","og_type":"article","og_title":"Lampionfahrt der Wilsteraner Kanuten auf der Wilsterau &ndash; Kanu Gruppe Wilster e.V.","og_description":"Wie in den letzten Jahren haben wir auch in diesem Jahr am Laternelaufen der Gemeinde St\u00f6rdorf teilgenommen. Nachdem wir unsere Boote mit Lampions geschm\u00fcckt hatten, paddelten wir zum Treffpunkt unter der B5 Br\u00fccke. Wir begleiteten den Laternenumzug der St\u00f6rdorfer auf dem Wasser bis Kasenort. Weitere Fotos findet ihr unter dem folgenden Link https:\/\/www.flickr.com\/photos\/28329449@N03\/sets\/72157698767025762","og_url":"https:\/\/kanu-gruppe-wilster.de\/index.php\/lampionfahrt-der-wilsteraner-kanuten-auf-der-wilsterau\/","og_site_name":"Kanu Gruppe Wilster e.V.","article_published_time":"2018-10-03T17:04:05+00:00","article_modified_time":"2018-10-03T17:34:48+00:00","twitter_card":"summary","twitter_misc":{"Verfasst von":"UweMuenster"},"schema":{"@context":"https:\/\/schema.org","@graph":[{"@type":"WebSite","@id":"https:\/\/kanu-gruppe-wilster.de\/#website","url":"https:\/\/kanu-gruppe-wilster.de\/","name":"Kanu Gruppe Wilster e.V.","description":"Kanuverein an der Wilster Au","potentialAction":[{"@type":"SearchAction","target":{"@type":"EntryPoint","urlTemplate":"https:\/\/kanu-gruppe-wilster.de\/?s={search_term_string}"},"query-input":"required name=search_term_string"}],"inLanguage":"de"},{"@type":"WebPage","@id":"https:\/\/kanu-gruppe-wilster.de\/index.php\/lampionfahrt-der-wilsteraner-kanuten-auf-der-wilsterau\/#webpage","url":"https:\/\/kanu-gruppe-wilster.de\/index.php\/lampionfahrt-der-wilsteraner-kanuten-auf-der-wilsterau\/","name":"Lampionfahrt der Wilsteraner Kanuten auf der Wilsterau &ndash; Kanu Gruppe Wilster e.V.","isPartOf":{"@id":"https:\/\/kanu-gruppe-wilster.de\/#website"},"datePublished":"2018-10-03T17:04:05+00:00","dateModified":"2018-10-03T17:34:48+00:00","author":{"@id":"https:\/\/kanu-gruppe-wilster.de\/#\/schema\/person\/7489fc75ff891776bcddaa56e64dbb54"},"breadcrumb":{"@id":"https:\/\/kanu-gruppe-wilster.de\/index.php\/lampionfahrt-der-wilsteraner-kanuten-auf-der-wilsterau\/#breadcrumb"},"inLanguage":"de","potentialAction":[{"@type":"ReadAction","target":["https:\/\/kanu-gruppe-wilster.de\/index.php\/lampionfahrt-der-wilsteraner-kanuten-auf-der-wilsterau\/"]}]},{"@type":"BreadcrumbList","@id":"https:\/\/kanu-gruppe-wilster.de\/index.php\/lampionfahrt-der-wilsteraner-kanuten-auf-der-wilsterau\/#breadcrumb","itemListElement":[{"@type":"ListItem","position":1,"name":"Startseite","item":"https:\/\/kanu-gruppe-wilster.de\/"},{"@type":"ListItem","position":2,"name":"Lampionfahrt der Wilsteraner Kanuten auf der Wilsterau"}]},{"@type":"Person","@id":"https:\/\/kanu-gruppe-wilster.de\/#\/schema\/person\/7489fc75ff891776bcddaa56e64dbb54","name":"UweMuenster","image":{"@type":"ImageObject","inLanguage":"de","@id":"https:\/\/kanu-gruppe-wilster.de\/#\/schema\/person\/image\/","url":"https:\/\/secure.gravatar.com\/avatar\/633d80af5ecf11a7e42ad51ef88894a9?s=96&d=mm&r=g","contentUrl":"https:\/\/secure.gravatar.com\/avatar\/633d80af5ecf11a7e42ad51ef88894a9?s=96&d=mm&r=g","caption":"UweMuenster"},"url":"https:\/\/kanu-gruppe-wilster.de\/index.php\/author\/uwemuenster\/"}]}},"_links":{"self":[{"href":"https:\/\/kanu-gruppe-wilster.de\/index.php\/wp-json\/wp\/v2\/posts\/7780"}],"collection":[{"href":"https:\/\/kanu-gruppe-wilster.de\/index.php\/wp-json\/wp\/v2\/posts"}],"about":[{"href":"https:\/\/kanu-gruppe-wilster.de\/index.php\/wp-json\/wp\/v2\/types\/post"}],"author":[{"embeddable":true,"href":"https:\/\/kanu-gruppe-wilster.de\/index.php\/wp-json\/wp\/v2\/users\/2"}],"replies":[{"embeddable":true,"href":"https:\/\/kanu-gruppe-wilster.de\/index.php\/wp-json\/wp\/v2\/comments?post=7780"}],"version-history":[{"count":8,"href":"https:\/\/kanu-gruppe-wilster.de\/index.php\/wp-json\/wp\/v2\/posts\/7780\/revisions"}],"predecessor-version":[{"id":7788,"href":"https:\/\/kanu-gruppe-wilster.de\/index.php\/wp-json\/wp\/v2\/posts\/7780\/revisions\/7788"}],"wp:attachment":[{"href":"https:\/\/kanu-gruppe-wilster.de\/index.php\/wp-json\/wp\/v2\/media?parent=7780"}],"wp:term":[{"taxonomy":"category","embeddable":true,"href":"https:\/\/kanu-gruppe-wilster.de\/index.php\/wp-json\/wp\/v2\/categories?post=7780"},{"taxonomy":"post_tag","embeddable":true,"href":"https:\/\/kanu-gruppe-wilster.de\/index.php\/wp-json\/wp\/v2\/tags?post=7780"}],"curies":[{"name":"wp","href":"https:\/\/api.w.org\/{rel}","templated":true}]}}