{"id":7771,"date":"2018-10-03T18:34:02","date_gmt":"2018-10-03T16:34:02","guid":{"rendered":"https:\/\/kanu-gruppe-wilster.de\/?p=7771"},"modified":"2018-10-03T18:55:37","modified_gmt":"2018-10-03T16:55:37","slug":"bootstaufe-unseres-neuen-zweier-otto-laackmann","status":"publish","type":"post","link":"https:\/\/kanu-gruppe-wilster.de\/index.php\/bootstaufe-unseres-neuen-zweier-otto-laackmann\/","title":{"rendered":"Bootstaufe unseres Neuen Zweier &#8222;Otto Laackmann&#8220;"},"content":{"rendered":"<p>Am Mittwoch (12.09.2018) wurde unser neuer Vereinszweier getauft. Taufpatin war die Schwester unseres im letzten Jahr verstorbenen Vereinsmitglied Otto Laackmann. Die Taufzermonie fand im Beisein von ca. 35 Vereinsmitgliedern statt. Zuvor hatten unsere KGW M\u00e4delz einen Kranz gebunden und das Boot damit geschm\u00fcckt. Im Anschlu\u00df an die Taufe gab es kleine Leckereien und Grillwurst. Beim Begutachten und Bestaunen des neuen Vereinszweier &#8222;Otto Laackmann&#8220; wurde in so manchem Gesp\u00e4ch an den Verstorbenen gedacht und Erinnerungen an gemeinsam erlebtes wurden wieder lebendig.<\/p>\n<p><img loading=\"lazy\" class=\"alignnone wp-image-7761\" src=\"https:\/\/kanu-gruppe-wilster.de\/wp-content\/uploads\/2018\/09\/IMG_29811-300x200.jpg\" alt=\"\" width=\"450\" height=\"300\" srcset=\"https:\/\/kanu-gruppe-wilster.de\/wp-content\/uploads\/2018\/09\/IMG_29811-300x200.jpg 300w, https:\/\/kanu-gruppe-wilster.de\/wp-content\/uploads\/2018\/09\/IMG_29811-768x512.jpg 768w, https:\/\/kanu-gruppe-wilster.de\/wp-content\/uploads\/2018\/09\/IMG_29811.jpg 1024w, https:\/\/kanu-gruppe-wilster.de\/wp-content\/uploads\/2018\/09\/IMG_29811-280x187.jpg 280w\" sizes=\"(max-width: 450px) 100vw, 450px\" \/><\/p>\n<p>&nbsp;<\/p>\n<p>Einen ausf\u00fchrlichen Bericht der WZ findet ihr unter dem folgenden Link<\/p>\n<p><a href=\"https:\/\/kanu-gruppe-wilster.de\/wp-content\/uploads\/2018\/10\/SPD02NMS00318100110440-1.pdf\">SPD02NMS00318100110440<\/a><\/p>\n","protected":false},"excerpt":{"rendered":"<p>Am Mittwoch (12.09.2018) wurde unser neuer Vereinszweier getauft. Taufpatin war die Schwester unseres im letzten Jahr verstorbenen Vereinsmitglied Otto Laackmann. Die Taufzermonie fand im Beisein von ca. 35 Vereinsmitgliedern statt. Zuvor hatten unsere KGW M\u00e4delz einen Kranz gebunden und das Boot damit geschm\u00fcckt. Im Anschlu\u00df an die Taufe gab es kleine Leckereien und Grillwurst. Beim<\/p>\n","protected":false},"author":2,"featured_media":0,"comment_status":"open","ping_status":"open","sticky":false,"template":"","format":"standard","meta":{"ngg_post_thumbnail":0},"categories":[4,5],"tags":[],"yoast_head":"<!-- This site is optimized with the Yoast SEO plugin v19.0 - https:\/\/yoast.com\/wordpress\/plugins\/seo\/ -->\n<title>Bootstaufe unseres Neuen Zweier &quot;Otto Laackmann&quot; &ndash; Kanu Gruppe Wilster e.V.<\/title>\n<meta name=\"robots\" content=\"index, follow, max-snippet:-1, max-image-preview:large, max-video-preview:-1\" \/>\n<link rel=\"canonical\" href=\"https:\/\/kanu-gruppe-wilster.de\/index.php\/bootstaufe-unseres-neuen-zweier-otto-laackmann\/\" \/>\n<meta property=\"og:locale\" content=\"de_DE\" \/>\n<meta property=\"og:type\" content=\"article\" \/>\n<meta property=\"og:title\" content=\"Bootstaufe unseres Neuen Zweier &quot;Otto Laackmann&quot; &ndash; Kanu Gruppe Wilster e.V.\" \/>\n<meta property=\"og:description\" content=\"Am Mittwoch (12.09.2018) wurde unser neuer Vereinszweier getauft. Taufpatin war die Schwester unseres im letzten Jahr verstorbenen Vereinsmitglied Otto Laackmann. Die Taufzermonie fand im Beisein von ca. 35 Vereinsmitgliedern statt. Zuvor hatten unsere KGW M\u00e4delz einen Kranz gebunden und das Boot damit geschm\u00fcckt. Im Anschlu\u00df an die Taufe gab es kleine Leckereien und Grillwurst. Beim\" \/>\n<meta property=\"og:url\" content=\"https:\/\/kanu-gruppe-wilster.de\/index.php\/bootstaufe-unseres-neuen-zweier-otto-laackmann\/\" \/>\n<meta property=\"og:site_name\" content=\"Kanu Gruppe Wilster e.V.\" \/>\n<meta property=\"article:published_time\" content=\"2018-10-03T16:34:02+00:00\" \/>\n<meta property=\"article:modified_time\" content=\"2018-10-03T16:55:37+00:00\" \/>\n<meta property=\"og:image\" content=\"https:\/\/kanu-gruppe-wilster.de\/wp-content\/uploads\/2018\/09\/IMG_29811-300x200.jpg\" \/>\n<meta name=\"twitter:card\" content=\"summary\" \/>\n<meta name=\"twitter:label1\" content=\"Verfasst von\" \/>\n\t<meta name=\"twitter:data1\" content=\"UweMuenster\" \/>\n<script type=\"application\/ld+json\" class=\"yoast-schema-graph\">{\"@context\":\"https:\/\/schema.org\",\"@graph\":[{\"@type\":\"WebSite\",\"@id\":\"https:\/\/kanu-gruppe-wilster.de\/#website\",\"url\":\"https:\/\/kanu-gruppe-wilster.de\/\",\"name\":\"Kanu Gruppe Wilster e.V.\",\"description\":\"Kanuverein an der Wilster Au\",\"potentialAction\":[{\"@type\":\"SearchAction\",\"target\":{\"@type\":\"EntryPoint\",\"urlTemplate\":\"https:\/\/kanu-gruppe-wilster.de\/?s={search_term_string}\"},\"query-input\":\"required name=search_term_string\"}],\"inLanguage\":\"de\"},{\"@type\":\"ImageObject\",\"inLanguage\":\"de\",\"@id\":\"https:\/\/kanu-gruppe-wilster.de\/index.php\/bootstaufe-unseres-neuen-zweier-otto-laackmann\/#primaryimage\",\"url\":\"https:\/\/kanu-gruppe-wilster.de\/wp-content\/uploads\/2018\/09\/IMG_29811.jpg\",\"contentUrl\":\"https:\/\/kanu-gruppe-wilster.de\/wp-content\/uploads\/2018\/09\/IMG_29811.jpg\",\"width\":1024,\"height\":682},{\"@type\":\"WebPage\",\"@id\":\"https:\/\/kanu-gruppe-wilster.de\/index.php\/bootstaufe-unseres-neuen-zweier-otto-laackmann\/#webpage\",\"url\":\"https:\/\/kanu-gruppe-wilster.de\/index.php\/bootstaufe-unseres-neuen-zweier-otto-laackmann\/\",\"name\":\"Bootstaufe unseres Neuen Zweier \\\"Otto Laackmann\\\" &ndash; Kanu Gruppe Wilster e.V.\",\"isPartOf\":{\"@id\":\"https:\/\/kanu-gruppe-wilster.de\/#website\"},\"primaryImageOfPage\":{\"@id\":\"https:\/\/kanu-gruppe-wilster.de\/index.php\/bootstaufe-unseres-neuen-zweier-otto-laackmann\/#primaryimage\"},\"datePublished\":\"2018-10-03T16:34:02+00:00\",\"dateModified\":\"2018-10-03T16:55:37+00:00\",\"author\":{\"@id\":\"https:\/\/kanu-gruppe-wilster.de\/#\/schema\/person\/7489fc75ff891776bcddaa56e64dbb54\"},\"breadcrumb\":{\"@id\":\"https:\/\/kanu-gruppe-wilster.de\/index.php\/bootstaufe-unseres-neuen-zweier-otto-laackmann\/#breadcrumb\"},\"inLanguage\":\"de\",\"potentialAction\":[{\"@type\":\"ReadAction\",\"target\":[\"https:\/\/kanu-gruppe-wilster.de\/index.php\/bootstaufe-unseres-neuen-zweier-otto-laackmann\/\"]}]},{\"@type\":\"BreadcrumbList\",\"@id\":\"https:\/\/kanu-gruppe-wilster.de\/index.php\/bootstaufe-unseres-neuen-zweier-otto-laackmann\/#breadcrumb\",\"itemListElement\":[{\"@type\":\"ListItem\",\"position\":1,\"name\":\"Startseite\",\"item\":\"https:\/\/kanu-gruppe-wilster.de\/\"},{\"@type\":\"ListItem\",\"position\":2,\"name\":\"Bootstaufe unseres Neuen Zweier &#8222;Otto Laackmann&#8220;\"}]},{\"@type\":\"Person\",\"@id\":\"https:\/\/kanu-gruppe-wilster.de\/#\/schema\/person\/7489fc75ff891776bcddaa56e64dbb54\",\"name\":\"UweMuenster\",\"image\":{\"@type\":\"ImageObject\",\"inLanguage\":\"de\",\"@id\":\"https:\/\/kanu-gruppe-wilster.de\/#\/schema\/person\/image\/\",\"url\":\"https:\/\/secure.gravatar.com\/avatar\/633d80af5ecf11a7e42ad51ef88894a9?s=96&d=mm&r=g\",\"contentUrl\":\"https:\/\/secure.gravatar.com\/avatar\/633d80af5ecf11a7e42ad51ef88894a9?s=96&d=mm&r=g\",\"caption\":\"UweMuenster\"},\"url\":\"https:\/\/kanu-gruppe-wilster.de\/index.php\/author\/uwemuenster\/\"}]}<\/script>\n<!-- \/ Yoast SEO plugin. -->","yoast_head_json":{"title":"Bootstaufe unseres Neuen Zweier \"Otto Laackmann\" &ndash; Kanu Gruppe Wilster e.V.","robots":{"index":"index","follow":"follow","max-snippet":"max-snippet:-1","max-image-preview":"max-image-preview:large","max-video-preview":"max-video-preview:-1"},"canonical":"https:\/\/kanu-gruppe-wilster.de\/index.php\/bootstaufe-unseres-neuen-zweier-otto-laackmann\/","og_locale":"de_DE","og_type":"article","og_title":"Bootstaufe unseres Neuen Zweier \"Otto Laackmann\" &ndash; Kanu Gruppe Wilster e.V.","og_description":"Am Mittwoch (12.09.2018) wurde unser neuer Vereinszweier getauft. Taufpatin war die Schwester unseres im letzten Jahr verstorbenen Vereinsmitglied Otto Laackmann. Die Taufzermonie fand im Beisein von ca. 35 Vereinsmitgliedern statt. Zuvor hatten unsere KGW M\u00e4delz einen Kranz gebunden und das Boot damit geschm\u00fcckt. Im Anschlu\u00df an die Taufe gab es kleine Leckereien und Grillwurst. Beim","og_url":"https:\/\/kanu-gruppe-wilster.de\/index.php\/bootstaufe-unseres-neuen-zweier-otto-laackmann\/","og_site_name":"Kanu Gruppe Wilster e.V.","article_published_time":"2018-10-03T16:34:02+00:00","article_modified_time":"2018-10-03T16:55:37+00:00","og_image":[{"url":"https:\/\/kanu-gruppe-wilster.de\/wp-content\/uploads\/2018\/09\/IMG_29811-300x200.jpg"}],"twitter_card":"summary","twitter_misc":{"Verfasst von":"UweMuenster"},"schema":{"@context":"https:\/\/schema.org","@graph":[{"@type":"WebSite","@id":"https:\/\/kanu-gruppe-wilster.de\/#website","url":"https:\/\/kanu-gruppe-wilster.de\/","name":"Kanu Gruppe Wilster e.V.","description":"Kanuverein an der Wilster Au","potentialAction":[{"@type":"SearchAction","target":{"@type":"EntryPoint","urlTemplate":"https:\/\/kanu-gruppe-wilster.de\/?s={search_term_string}"},"query-input":"required name=search_term_string"}],"inLanguage":"de"},{"@type":"ImageObject","inLanguage":"de","@id":"https:\/\/kanu-gruppe-wilster.de\/index.php\/bootstaufe-unseres-neuen-zweier-otto-laackmann\/#primaryimage","url":"https:\/\/kanu-gruppe-wilster.de\/wp-content\/uploads\/2018\/09\/IMG_29811.jpg","contentUrl":"https:\/\/kanu-gruppe-wilster.de\/wp-content\/uploads\/2018\/09\/IMG_29811.jpg","width":1024,"height":682},{"@type":"WebPage","@id":"https:\/\/kanu-gruppe-wilster.de\/index.php\/bootstaufe-unseres-neuen-zweier-otto-laackmann\/#webpage","url":"https:\/\/kanu-gruppe-wilster.de\/index.php\/bootstaufe-unseres-neuen-zweier-otto-laackmann\/","name":"Bootstaufe unseres Neuen Zweier \"Otto Laackmann\" &ndash; Kanu Gruppe Wilster e.V.","isPartOf":{"@id":"https:\/\/kanu-gruppe-wilster.de\/#website"},"primaryImageOfPage":{"@id":"https:\/\/kanu-gruppe-wilster.de\/index.php\/bootstaufe-unseres-neuen-zweier-otto-laackmann\/#primaryimage"},"datePublished":"2018-10-03T16:34:02+00:00","dateModified":"2018-10-03T16:55:37+00:00","author":{"@id":"https:\/\/kanu-gruppe-wilster.de\/#\/schema\/person\/7489fc75ff891776bcddaa56e64dbb54"},"breadcrumb":{"@id":"https:\/\/kanu-gruppe-wilster.de\/index.php\/bootstaufe-unseres-neuen-zweier-otto-laackmann\/#breadcrumb"},"inLanguage":"de","potentialAction":[{"@type":"ReadAction","target":["https:\/\/kanu-gruppe-wilster.de\/index.php\/bootstaufe-unseres-neuen-zweier-otto-laackmann\/"]}]},{"@type":"BreadcrumbList","@id":"https:\/\/kanu-gruppe-wilster.de\/index.php\/bootstaufe-unseres-neuen-zweier-otto-laackmann\/#breadcrumb","itemListElement":[{"@type":"ListItem","position":1,"name":"Startseite","item":"https:\/\/kanu-gruppe-wilster.de\/"},{"@type":"ListItem","position":2,"name":"Bootstaufe unseres Neuen Zweier &#8222;Otto Laackmann&#8220;"}]},{"@type":"Person","@id":"https:\/\/kanu-gruppe-wilster.de\/#\/schema\/person\/7489fc75ff891776bcddaa56e64dbb54","name":"UweMuenster","image":{"@type":"ImageObject","inLanguage":"de","@id":"https:\/\/kanu-gruppe-wilster.de\/#\/schema\/person\/image\/","url":"https:\/\/secure.gravatar.com\/avatar\/633d80af5ecf11a7e42ad51ef88894a9?s=96&d=mm&r=g","contentUrl":"https:\/\/secure.gravatar.com\/avatar\/633d80af5ecf11a7e42ad51ef88894a9?s=96&d=mm&r=g","caption":"UweMuenster"},"url":"https:\/\/kanu-gruppe-wilster.de\/index.php\/author\/uwemuenster\/"}]}},"_links":{"self":[{"href":"https:\/\/kanu-gruppe-wilster.de\/index.php\/wp-json\/wp\/v2\/posts\/7771"}],"collection":[{"href":"https:\/\/kanu-gruppe-wilster.de\/index.php\/wp-json\/wp\/v2\/posts"}],"about":[{"href":"https:\/\/kanu-gruppe-wilster.de\/index.php\/wp-json\/wp\/v2\/types\/post"}],"author":[{"embeddable":true,"href":"https:\/\/kanu-gruppe-wilster.de\/index.php\/wp-json\/wp\/v2\/users\/2"}],"replies":[{"embeddable":true,"href":"https:\/\/kanu-gruppe-wilster.de\/index.php\/wp-json\/wp\/v2\/comments?post=7771"}],"version-history":[{"count":4,"href":"https:\/\/kanu-gruppe-wilster.de\/index.php\/wp-json\/wp\/v2\/posts\/7771\/revisions"}],"predecessor-version":[{"id":7779,"href":"https:\/\/kanu-gruppe-wilster.de\/index.php\/wp-json\/wp\/v2\/posts\/7771\/revisions\/7779"}],"wp:attachment":[{"href":"https:\/\/kanu-gruppe-wilster.de\/index.php\/wp-json\/wp\/v2\/media?parent=7771"}],"wp:term":[{"taxonomy":"category","embeddable":true,"href":"https:\/\/kanu-gruppe-wilster.de\/index.php\/wp-json\/wp\/v2\/categories?post=7771"},{"taxonomy":"post_tag","embeddable":true,"href":"https:\/\/kanu-gruppe-wilster.de\/index.php\/wp-json\/wp\/v2\/tags?post=7771"}],"curies":[{"name":"wp","href":"https:\/\/api.w.org\/{rel}","templated":true}]}}