{"id":777,"date":"2013-07-17T16:43:53","date_gmt":"2013-07-17T15:43:53","guid":{"rendered":"http:\/\/kanu-gruppe-wilster.de\/?p=777"},"modified":"2013-07-17T16:43:53","modified_gmt":"2013-07-17T15:43:53","slug":"jugendurlaubstour-tagebuch-tag-4","status":"publish","type":"post","link":"https:\/\/kanu-gruppe-wilster.de\/index.php\/jugendurlaubstour-tagebuch-tag-4\/","title":{"rendered":"Jugendurlaubstour &#8211; Tagebuch Tag 4"},"content":{"rendered":"<p>Jugendurlaubstour &#8211; Tagebuch Tag 4<br \/>\n1. Nach dem aufstehen um 7.30 Uhr wurde wie immer in grosser Runde gefr\u00fchst\u00fcckt. Anschlie\u00dfend bepackten wir die Boote, w\u00e4hrend uns die Sonne  schon fr\u00fch begl\u00fcckte.   (erstes Bild Zelte)<\/p>\n<p>2. Um ca.11 Uhr ging es los aufs Wasser. \u00dcber entlegene kleine Verbindungskanale trieb es uns zu neuen und schon Bekannten Gew\u00e4ssern. Dabei z\u00e4hlten einige Paddelschl\u00e4ge, sangen Lieder oder versenkten ihre Sonnenbrillen. Nach zahlreichen Schleusen, Treibepausen und Ausstiegspausen kamen wir schlie\u00dflich im Kanuhafen an, wo wir ausnahmsweise zwei N\u00e4chte bleiben sollten. Unsere zur\u00fcckgelegte Strecke betrug heute 23,5 im.    (zweites Bild, Paddler und Sonne)<\/p>\n<p>3. Am Ziel angekommen, werden schnell Zelte ausgebaut und alle Sachen zurecht gelegt, sodass wir uns am dem nahegelegenen Strand abk\u00fchlen konnten. Zuvor hatte Moritz sich aber noch auf dem Klo eingeschlossen und musste in einer dramatischen Rettungsaktion gerettet werden. Am Abend kochten sich einige ihr essen selbst und einige gingen im \u00f6rtlichen Restaurant essen. Danach wurde noch in einer gem\u00fctlichen Runde \u00fcber den hei\u00dfen und sonnigen Tag geredet, die allerdings gegen 22 Uhr von den agressiven M\u00fccken aufgel\u00f6st wurde. Sp\u00e4testens um 22.15 waren nat\u00fcrlich alle im Bett. So jetzt ist es 23.30 und ich bin m\u00fcde &#8211; gute nacht, Jacob  (drittes Bild. Batman)<\/p><!-- default-view.php -->\n<div\n\tclass=\"ngg-galleryoverview default-view  ngg-ajax-pagination-none\"\n\tid=\"ngg-gallery-ef50fc1bbc86c00ce4add805f0fddacf-1\">\n\n\t\t<!-- Thumbnails -->\n\t\t\t\t<div id=\"ngg-image-0\" class=\"ngg-gallery-thumbnail-box \" >\n\t\t\t\t        <div class=\"ngg-gallery-thumbnail\">\n            <a href=\"https:\/\/kanu-gruppe-wilster.de\/wp-content\/gallery\/jugendurlaubstour-tagebuch-tag-4\/wp_20130717_001.jpg\"\n               title=\"\"\n               data-src=\"https:\/\/kanu-gruppe-wilster.de\/wp-content\/gallery\/jugendurlaubstour-tagebuch-tag-4\/wp_20130717_001.jpg\"\n               data-thumbnail=\"https:\/\/kanu-gruppe-wilster.de\/wp-content\/gallery\/jugendurlaubstour-tagebuch-tag-4\/thumbs\/thumbs_wp_20130717_001.jpg\"\n               data-image-id=\"3451\"\n               data-title=\"wp_20130717_001\"\n               data-description=\"\"\n               data-image-slug=\"wp_20130717_001\"\n               class=\"ngg-fancybox\" rel=\"ef50fc1bbc86c00ce4add805f0fddacf\">\n                <img\n                    title=\"wp_20130717_001\"\n                    alt=\"wp_20130717_001\"\n                    src=\"https:\/\/kanu-gruppe-wilster.de\/wp-content\/gallery\/jugendurlaubstour-tagebuch-tag-4\/thumbs\/thumbs_wp_20130717_001.jpg\"\n                    width=\"180\"\n                    height=\"180\"\n                    style=\"max-width:100%;\"\n                \/>\n            <\/a>\n        <\/div>\n\t\t\t\t\t\t\t<\/div> \n\t\t\t\n\t\t\t\t<div id=\"ngg-image-1\" class=\"ngg-gallery-thumbnail-box \" >\n\t\t\t\t        <div class=\"ngg-gallery-thumbnail\">\n            <a href=\"https:\/\/kanu-gruppe-wilster.de\/wp-content\/gallery\/jugendurlaubstour-tagebuch-tag-4\/wp_20130717_002.jpg\"\n               title=\"\"\n               data-src=\"https:\/\/kanu-gruppe-wilster.de\/wp-content\/gallery\/jugendurlaubstour-tagebuch-tag-4\/wp_20130717_002.jpg\"\n               data-thumbnail=\"https:\/\/kanu-gruppe-wilster.de\/wp-content\/gallery\/jugendurlaubstour-tagebuch-tag-4\/thumbs\/thumbs_wp_20130717_002.jpg\"\n               data-image-id=\"3452\"\n               data-title=\"wp_20130717_002\"\n               data-description=\"\"\n               data-image-slug=\"wp_20130717_002\"\n               class=\"ngg-fancybox\" rel=\"ef50fc1bbc86c00ce4add805f0fddacf\">\n                <img\n                    title=\"wp_20130717_002\"\n                    alt=\"wp_20130717_002\"\n                    src=\"https:\/\/kanu-gruppe-wilster.de\/wp-content\/gallery\/jugendurlaubstour-tagebuch-tag-4\/thumbs\/thumbs_wp_20130717_002.jpg\"\n                    width=\"180\"\n                    height=\"180\"\n                    style=\"max-width:100%;\"\n                \/>\n            <\/a>\n        <\/div>\n\t\t\t\t\t\t\t<\/div> \n\t\t\t\n\t\t\t\t<div id=\"ngg-image-2\" class=\"ngg-gallery-thumbnail-box \" >\n\t\t\t\t        <div class=\"ngg-gallery-thumbnail\">\n            <a href=\"https:\/\/kanu-gruppe-wilster.de\/wp-content\/gallery\/jugendurlaubstour-tagebuch-tag-4\/wp_20130717_003.jpg\"\n               title=\"\"\n               data-src=\"https:\/\/kanu-gruppe-wilster.de\/wp-content\/gallery\/jugendurlaubstour-tagebuch-tag-4\/wp_20130717_003.jpg\"\n               data-thumbnail=\"https:\/\/kanu-gruppe-wilster.de\/wp-content\/gallery\/jugendurlaubstour-tagebuch-tag-4\/thumbs\/thumbs_wp_20130717_003.jpg\"\n               data-image-id=\"3453\"\n               data-title=\"wp_20130717_003\"\n               data-description=\"\"\n               data-image-slug=\"wp_20130717_003\"\n               class=\"ngg-fancybox\" rel=\"ef50fc1bbc86c00ce4add805f0fddacf\">\n                <img\n                    title=\"wp_20130717_003\"\n                    alt=\"wp_20130717_003\"\n                    src=\"https:\/\/kanu-gruppe-wilster.de\/wp-content\/gallery\/jugendurlaubstour-tagebuch-tag-4\/thumbs\/thumbs_wp_20130717_003.jpg\"\n                    width=\"180\"\n                    height=\"180\"\n                    style=\"max-width:100%;\"\n                \/>\n            <\/a>\n        <\/div>\n\t\t\t\t\t\t\t<\/div> \n\t\t\t\n\t\n\t<br style=\"clear: both\" \/>\n\n\t\t<div class=\"slideshowlink\">\n        <a href='https:\/\/kanu-gruppe-wilster.de\/index.php\/jugendurlaubstour-tagebuch-tag-4\/fotos\/slideshow'>[Zeige eine Slideshow]<\/a>\n\t\t\n\t<\/div>\n\t\n\t\t<!-- Pagination -->\n\t<div class='ngg-clear'><\/div>\t<\/div>\n","protected":false},"excerpt":{"rendered":"<p>Jugendurlaubstour &#8211; Tagebuch Tag 4 1. Nach dem aufstehen um 7.30 Uhr wurde wie immer in grosser Runde gefr\u00fchst\u00fcckt. Anschlie\u00dfend bepackten wir die Boote, w\u00e4hrend uns die Sonne schon fr\u00fch begl\u00fcckte. (erstes Bild Zelte) 2. Um ca.11 Uhr ging es los aufs Wasser. \u00dcber entlegene kleine Verbindungskanale trieb es uns zu neuen und schon Bekannten<\/p>\n","protected":false},"author":2,"featured_media":0,"comment_status":"open","ping_status":"open","sticky":false,"template":"","format":"standard","meta":{"ngg_post_thumbnail":0},"categories":[4,1],"tags":[],"yoast_head":"<!-- This site is optimized with the Yoast SEO plugin v19.0 - https:\/\/yoast.com\/wordpress\/plugins\/seo\/ -->\n<title>Jugendurlaubstour - Tagebuch Tag 4 &ndash; Kanu Gruppe Wilster e.V.<\/title>\n<meta name=\"robots\" content=\"index, follow, max-snippet:-1, max-image-preview:large, max-video-preview:-1\" \/>\n<link rel=\"canonical\" href=\"https:\/\/kanu-gruppe-wilster.de\/index.php\/jugendurlaubstour-tagebuch-tag-4\/\" \/>\n<meta property=\"og:locale\" content=\"de_DE\" \/>\n<meta property=\"og:type\" content=\"article\" \/>\n<meta property=\"og:title\" content=\"Jugendurlaubstour - Tagebuch Tag 4 &ndash; Kanu Gruppe Wilster e.V.\" \/>\n<meta property=\"og:description\" content=\"Jugendurlaubstour &#8211; Tagebuch Tag 4 1. Nach dem aufstehen um 7.30 Uhr wurde wie immer in grosser Runde gefr\u00fchst\u00fcckt. Anschlie\u00dfend bepackten wir die Boote, w\u00e4hrend uns die Sonne schon fr\u00fch begl\u00fcckte. (erstes Bild Zelte) 2. Um ca.11 Uhr ging es los aufs Wasser. \u00dcber entlegene kleine Verbindungskanale trieb es uns zu neuen und schon Bekannten\" \/>\n<meta property=\"og:url\" content=\"https:\/\/kanu-gruppe-wilster.de\/index.php\/jugendurlaubstour-tagebuch-tag-4\/\" \/>\n<meta property=\"og:site_name\" content=\"Kanu Gruppe Wilster e.V.\" \/>\n<meta property=\"article:published_time\" content=\"2013-07-17T15:43:53+00:00\" \/>\n<meta name=\"twitter:card\" content=\"summary\" \/>\n<meta name=\"twitter:label1\" content=\"Verfasst von\" \/>\n\t<meta name=\"twitter:data1\" content=\"UweMuenster\" \/>\n\t<meta name=\"twitter:label2\" content=\"Gesch\u00e4tzte Lesezeit\" \/>\n\t<meta name=\"twitter:data2\" content=\"1\u00a0Minute\" \/>\n<script type=\"application\/ld+json\" class=\"yoast-schema-graph\">{\"@context\":\"https:\/\/schema.org\",\"@graph\":[{\"@type\":\"WebSite\",\"@id\":\"https:\/\/kanu-gruppe-wilster.de\/#website\",\"url\":\"https:\/\/kanu-gruppe-wilster.de\/\",\"name\":\"Kanu Gruppe Wilster e.V.\",\"description\":\"Kanuverein an der Wilster Au\",\"potentialAction\":[{\"@type\":\"SearchAction\",\"target\":{\"@type\":\"EntryPoint\",\"urlTemplate\":\"https:\/\/kanu-gruppe-wilster.de\/?s={search_term_string}\"},\"query-input\":\"required name=search_term_string\"}],\"inLanguage\":\"de\"},{\"@type\":\"WebPage\",\"@id\":\"https:\/\/kanu-gruppe-wilster.de\/index.php\/jugendurlaubstour-tagebuch-tag-4\/#webpage\",\"url\":\"https:\/\/kanu-gruppe-wilster.de\/index.php\/jugendurlaubstour-tagebuch-tag-4\/\",\"name\":\"Jugendurlaubstour - Tagebuch Tag 4 &ndash; Kanu Gruppe Wilster e.V.\",\"isPartOf\":{\"@id\":\"https:\/\/kanu-gruppe-wilster.de\/#website\"},\"datePublished\":\"2013-07-17T15:43:53+00:00\",\"dateModified\":\"2013-07-17T15:43:53+00:00\",\"author\":{\"@id\":\"https:\/\/kanu-gruppe-wilster.de\/#\/schema\/person\/7489fc75ff891776bcddaa56e64dbb54\"},\"breadcrumb\":{\"@id\":\"https:\/\/kanu-gruppe-wilster.de\/index.php\/jugendurlaubstour-tagebuch-tag-4\/#breadcrumb\"},\"inLanguage\":\"de\",\"potentialAction\":[{\"@type\":\"ReadAction\",\"target\":[\"https:\/\/kanu-gruppe-wilster.de\/index.php\/jugendurlaubstour-tagebuch-tag-4\/\"]}]},{\"@type\":\"BreadcrumbList\",\"@id\":\"https:\/\/kanu-gruppe-wilster.de\/index.php\/jugendurlaubstour-tagebuch-tag-4\/#breadcrumb\",\"itemListElement\":[{\"@type\":\"ListItem\",\"position\":1,\"name\":\"Startseite\",\"item\":\"https:\/\/kanu-gruppe-wilster.de\/\"},{\"@type\":\"ListItem\",\"position\":2,\"name\":\"Jugendurlaubstour &#8211; Tagebuch Tag 4\"}]},{\"@type\":\"Person\",\"@id\":\"https:\/\/kanu-gruppe-wilster.de\/#\/schema\/person\/7489fc75ff891776bcddaa56e64dbb54\",\"name\":\"UweMuenster\",\"image\":{\"@type\":\"ImageObject\",\"inLanguage\":\"de\",\"@id\":\"https:\/\/kanu-gruppe-wilster.de\/#\/schema\/person\/image\/\",\"url\":\"https:\/\/secure.gravatar.com\/avatar\/633d80af5ecf11a7e42ad51ef88894a9?s=96&d=mm&r=g\",\"contentUrl\":\"https:\/\/secure.gravatar.com\/avatar\/633d80af5ecf11a7e42ad51ef88894a9?s=96&d=mm&r=g\",\"caption\":\"UweMuenster\"},\"url\":\"https:\/\/kanu-gruppe-wilster.de\/index.php\/author\/uwemuenster\/\"}]}<\/script>\n<!-- \/ Yoast SEO plugin. -->","yoast_head_json":{"title":"Jugendurlaubstour - Tagebuch Tag 4 &ndash; Kanu Gruppe Wilster e.V.","robots":{"index":"index","follow":"follow","max-snippet":"max-snippet:-1","max-image-preview":"max-image-preview:large","max-video-preview":"max-video-preview:-1"},"canonical":"https:\/\/kanu-gruppe-wilster.de\/index.php\/jugendurlaubstour-tagebuch-tag-4\/","og_locale":"de_DE","og_type":"article","og_title":"Jugendurlaubstour - Tagebuch Tag 4 &ndash; Kanu Gruppe Wilster e.V.","og_description":"Jugendurlaubstour &#8211; Tagebuch Tag 4 1. Nach dem aufstehen um 7.30 Uhr wurde wie immer in grosser Runde gefr\u00fchst\u00fcckt. Anschlie\u00dfend bepackten wir die Boote, w\u00e4hrend uns die Sonne schon fr\u00fch begl\u00fcckte. (erstes Bild Zelte) 2. Um ca.11 Uhr ging es los aufs Wasser. \u00dcber entlegene kleine Verbindungskanale trieb es uns zu neuen und schon Bekannten","og_url":"https:\/\/kanu-gruppe-wilster.de\/index.php\/jugendurlaubstour-tagebuch-tag-4\/","og_site_name":"Kanu Gruppe Wilster e.V.","article_published_time":"2013-07-17T15:43:53+00:00","twitter_card":"summary","twitter_misc":{"Verfasst von":"UweMuenster","Gesch\u00e4tzte Lesezeit":"1\u00a0Minute"},"schema":{"@context":"https:\/\/schema.org","@graph":[{"@type":"WebSite","@id":"https:\/\/kanu-gruppe-wilster.de\/#website","url":"https:\/\/kanu-gruppe-wilster.de\/","name":"Kanu Gruppe Wilster e.V.","description":"Kanuverein an der Wilster Au","potentialAction":[{"@type":"SearchAction","target":{"@type":"EntryPoint","urlTemplate":"https:\/\/kanu-gruppe-wilster.de\/?s={search_term_string}"},"query-input":"required name=search_term_string"}],"inLanguage":"de"},{"@type":"WebPage","@id":"https:\/\/kanu-gruppe-wilster.de\/index.php\/jugendurlaubstour-tagebuch-tag-4\/#webpage","url":"https:\/\/kanu-gruppe-wilster.de\/index.php\/jugendurlaubstour-tagebuch-tag-4\/","name":"Jugendurlaubstour - Tagebuch Tag 4 &ndash; Kanu Gruppe Wilster e.V.","isPartOf":{"@id":"https:\/\/kanu-gruppe-wilster.de\/#website"},"datePublished":"2013-07-17T15:43:53+00:00","dateModified":"2013-07-17T15:43:53+00:00","author":{"@id":"https:\/\/kanu-gruppe-wilster.de\/#\/schema\/person\/7489fc75ff891776bcddaa56e64dbb54"},"breadcrumb":{"@id":"https:\/\/kanu-gruppe-wilster.de\/index.php\/jugendurlaubstour-tagebuch-tag-4\/#breadcrumb"},"inLanguage":"de","potentialAction":[{"@type":"ReadAction","target":["https:\/\/kanu-gruppe-wilster.de\/index.php\/jugendurlaubstour-tagebuch-tag-4\/"]}]},{"@type":"BreadcrumbList","@id":"https:\/\/kanu-gruppe-wilster.de\/index.php\/jugendurlaubstour-tagebuch-tag-4\/#breadcrumb","itemListElement":[{"@type":"ListItem","position":1,"name":"Startseite","item":"https:\/\/kanu-gruppe-wilster.de\/"},{"@type":"ListItem","position":2,"name":"Jugendurlaubstour &#8211; Tagebuch Tag 4"}]},{"@type":"Person","@id":"https:\/\/kanu-gruppe-wilster.de\/#\/schema\/person\/7489fc75ff891776bcddaa56e64dbb54","name":"UweMuenster","image":{"@type":"ImageObject","inLanguage":"de","@id":"https:\/\/kanu-gruppe-wilster.de\/#\/schema\/person\/image\/","url":"https:\/\/secure.gravatar.com\/avatar\/633d80af5ecf11a7e42ad51ef88894a9?s=96&d=mm&r=g","contentUrl":"https:\/\/secure.gravatar.com\/avatar\/633d80af5ecf11a7e42ad51ef88894a9?s=96&d=mm&r=g","caption":"UweMuenster"},"url":"https:\/\/kanu-gruppe-wilster.de\/index.php\/author\/uwemuenster\/"}]}},"_links":{"self":[{"href":"https:\/\/kanu-gruppe-wilster.de\/index.php\/wp-json\/wp\/v2\/posts\/777"}],"collection":[{"href":"https:\/\/kanu-gruppe-wilster.de\/index.php\/wp-json\/wp\/v2\/posts"}],"about":[{"href":"https:\/\/kanu-gruppe-wilster.de\/index.php\/wp-json\/wp\/v2\/types\/post"}],"author":[{"embeddable":true,"href":"https:\/\/kanu-gruppe-wilster.de\/index.php\/wp-json\/wp\/v2\/users\/2"}],"replies":[{"embeddable":true,"href":"https:\/\/kanu-gruppe-wilster.de\/index.php\/wp-json\/wp\/v2\/comments?post=777"}],"version-history":[{"count":0,"href":"https:\/\/kanu-gruppe-wilster.de\/index.php\/wp-json\/wp\/v2\/posts\/777\/revisions"}],"wp:attachment":[{"href":"https:\/\/kanu-gruppe-wilster.de\/index.php\/wp-json\/wp\/v2\/media?parent=777"}],"wp:term":[{"taxonomy":"category","embeddable":true,"href":"https:\/\/kanu-gruppe-wilster.de\/index.php\/wp-json\/wp\/v2\/categories?post=777"},{"taxonomy":"post_tag","embeddable":true,"href":"https:\/\/kanu-gruppe-wilster.de\/index.php\/wp-json\/wp\/v2\/tags?post=777"}],"curies":[{"name":"wp","href":"https:\/\/api.w.org\/{rel}","templated":true}]}}