{"id":774,"date":"2013-07-17T16:36:23","date_gmt":"2013-07-17T15:36:23","guid":{"rendered":"http:\/\/kanu-gruppe-wilster.de\/?p=774"},"modified":"2013-07-17T16:36:23","modified_gmt":"2013-07-17T15:36:23","slug":"jugendurlaubstour-tag-3","status":"publish","type":"post","link":"https:\/\/kanu-gruppe-wilster.de\/index.php\/jugendurlaubstour-tag-3\/","title":{"rendered":"Jugendurlaubstour &#8211; Tagebuch Tag 3"},"content":{"rendered":"<p>Tag Numero Drei, heute ist der Himmel frei, von Ove fast erschlagen, mein schnarchen w\u00fcrde ihn angeblich plagen, stieg ich m\u00fcde aus dem Zelt und dachte was ne geile Welt. Langsam setzte sich die Gruppe in Bewegung, denn f\u00fcr die Fahrt brauchten wir Verpflegung. Denn in den n\u00e4chsten zwei Tagen sehen wir keinen Laden. Dann h\u00fcpften wir in die Boote, Henri in das Rote, Elias in das Blaue, dachte noch an Oves haue. Als dann alle fertig warn, konnten wir dann los fahrn. Auf gehts zur n\u00e4chsten Schleuse, dort dr\u00e4ngelten wir uns einfach vor, Konne fand dort keine Reuse, Doch wir passten eben hinters Tor. Weiter gings in Richtung Ziel, als pl\u00f6tzlich Elskes Steuerpedal abfiel. Doch ihr Freund der Super Master reparierte das gro\u00dfe Disaster. Weiter gings mit der Sonne im R\u00fccken- die sollte auch Paulines Nacken begl\u00fccken, der war n\u00e4mlich ziemlich rot, fast so wir Henris Boot. Am kleinen Peelitz See fanden wir pl\u00f6tzlich f\u00fcr Pause und anlanden. Nach ein paar leckeren Broten Ging es weiter, Henri in seinem Roten. Die Stimmung war nun heiter, es wird viel gelacht und gesungen Die Tour ist echt gelungen, angekommen bei C- siebenundzwanzig. Dieser ist echt ranzig, pr\u00fcgelten wir uns um die Zeltpl\u00e4tze. Mein Vater, der Arme, war wie immer der Letzte. Anschlie\u00dfend wurde gegrillt und gekocht, Das 5-Sterne Essen wurde von allen gemocht. Doch die Highlights kommen zu letzt. Denn Henri viel ins Wasser. Doch es wird noch Krasser, Konne viel vom Stuhl &#8211;  das war wirklich cool. Ove musste so doll lachen, lie\u00df seinen Stuhl verbiegen und auch krachen, der ist nun leider kaputt &#8230;wasn schei\u00df &#8230;Guter Tag. Liebe Gr\u00fc\u00dfe von der ganzen Kanu Gruppe! Elias<\/p>\n","protected":false},"excerpt":{"rendered":"<p>Tag Numero Drei, heute ist der Himmel frei, von Ove fast erschlagen, mein schnarchen w\u00fcrde ihn angeblich plagen, stieg ich m\u00fcde aus dem Zelt und dachte was ne geile Welt. Langsam setzte sich die Gruppe in Bewegung, denn f\u00fcr die Fahrt brauchten wir Verpflegung. Denn in den n\u00e4chsten zwei Tagen sehen wir keinen Laden. Dann<\/p>\n","protected":false},"author":2,"featured_media":0,"comment_status":"open","ping_status":"open","sticky":false,"template":"","format":"standard","meta":{"ngg_post_thumbnail":0},"categories":[4,1],"tags":[],"yoast_head":"<!-- This site is optimized with the Yoast SEO plugin v19.0 - https:\/\/yoast.com\/wordpress\/plugins\/seo\/ -->\n<title>Jugendurlaubstour - Tagebuch Tag 3 &ndash; Kanu Gruppe Wilster e.V.<\/title>\n<meta name=\"robots\" content=\"index, follow, max-snippet:-1, max-image-preview:large, max-video-preview:-1\" \/>\n<link rel=\"canonical\" href=\"https:\/\/kanu-gruppe-wilster.de\/index.php\/jugendurlaubstour-tag-3\/\" \/>\n<meta property=\"og:locale\" content=\"de_DE\" \/>\n<meta property=\"og:type\" content=\"article\" \/>\n<meta property=\"og:title\" content=\"Jugendurlaubstour - Tagebuch Tag 3 &ndash; Kanu Gruppe Wilster e.V.\" \/>\n<meta property=\"og:description\" content=\"Tag Numero Drei, heute ist der Himmel frei, von Ove fast erschlagen, mein schnarchen w\u00fcrde ihn angeblich plagen, stieg ich m\u00fcde aus dem Zelt und dachte was ne geile Welt. Langsam setzte sich die Gruppe in Bewegung, denn f\u00fcr die Fahrt brauchten wir Verpflegung. Denn in den n\u00e4chsten zwei Tagen sehen wir keinen Laden. Dann\" \/>\n<meta property=\"og:url\" content=\"https:\/\/kanu-gruppe-wilster.de\/index.php\/jugendurlaubstour-tag-3\/\" \/>\n<meta property=\"og:site_name\" content=\"Kanu Gruppe Wilster e.V.\" \/>\n<meta property=\"article:published_time\" content=\"2013-07-17T15:36:23+00:00\" \/>\n<meta name=\"twitter:card\" content=\"summary\" \/>\n<meta name=\"twitter:label1\" content=\"Verfasst von\" \/>\n\t<meta name=\"twitter:data1\" content=\"UweMuenster\" \/>\n\t<meta name=\"twitter:label2\" content=\"Gesch\u00e4tzte Lesezeit\" \/>\n\t<meta name=\"twitter:data2\" content=\"1\u00a0Minute\" \/>\n<script type=\"application\/ld+json\" class=\"yoast-schema-graph\">{\"@context\":\"https:\/\/schema.org\",\"@graph\":[{\"@type\":\"WebSite\",\"@id\":\"https:\/\/kanu-gruppe-wilster.de\/#website\",\"url\":\"https:\/\/kanu-gruppe-wilster.de\/\",\"name\":\"Kanu Gruppe Wilster e.V.\",\"description\":\"Kanuverein an der Wilster Au\",\"potentialAction\":[{\"@type\":\"SearchAction\",\"target\":{\"@type\":\"EntryPoint\",\"urlTemplate\":\"https:\/\/kanu-gruppe-wilster.de\/?s={search_term_string}\"},\"query-input\":\"required name=search_term_string\"}],\"inLanguage\":\"de\"},{\"@type\":\"WebPage\",\"@id\":\"https:\/\/kanu-gruppe-wilster.de\/index.php\/jugendurlaubstour-tag-3\/#webpage\",\"url\":\"https:\/\/kanu-gruppe-wilster.de\/index.php\/jugendurlaubstour-tag-3\/\",\"name\":\"Jugendurlaubstour - Tagebuch Tag 3 &ndash; Kanu Gruppe Wilster e.V.\",\"isPartOf\":{\"@id\":\"https:\/\/kanu-gruppe-wilster.de\/#website\"},\"datePublished\":\"2013-07-17T15:36:23+00:00\",\"dateModified\":\"2013-07-17T15:36:23+00:00\",\"author\":{\"@id\":\"https:\/\/kanu-gruppe-wilster.de\/#\/schema\/person\/7489fc75ff891776bcddaa56e64dbb54\"},\"breadcrumb\":{\"@id\":\"https:\/\/kanu-gruppe-wilster.de\/index.php\/jugendurlaubstour-tag-3\/#breadcrumb\"},\"inLanguage\":\"de\",\"potentialAction\":[{\"@type\":\"ReadAction\",\"target\":[\"https:\/\/kanu-gruppe-wilster.de\/index.php\/jugendurlaubstour-tag-3\/\"]}]},{\"@type\":\"BreadcrumbList\",\"@id\":\"https:\/\/kanu-gruppe-wilster.de\/index.php\/jugendurlaubstour-tag-3\/#breadcrumb\",\"itemListElement\":[{\"@type\":\"ListItem\",\"position\":1,\"name\":\"Startseite\",\"item\":\"https:\/\/kanu-gruppe-wilster.de\/\"},{\"@type\":\"ListItem\",\"position\":2,\"name\":\"Jugendurlaubstour &#8211; Tagebuch Tag 3\"}]},{\"@type\":\"Person\",\"@id\":\"https:\/\/kanu-gruppe-wilster.de\/#\/schema\/person\/7489fc75ff891776bcddaa56e64dbb54\",\"name\":\"UweMuenster\",\"image\":{\"@type\":\"ImageObject\",\"inLanguage\":\"de\",\"@id\":\"https:\/\/kanu-gruppe-wilster.de\/#\/schema\/person\/image\/\",\"url\":\"https:\/\/secure.gravatar.com\/avatar\/633d80af5ecf11a7e42ad51ef88894a9?s=96&d=mm&r=g\",\"contentUrl\":\"https:\/\/secure.gravatar.com\/avatar\/633d80af5ecf11a7e42ad51ef88894a9?s=96&d=mm&r=g\",\"caption\":\"UweMuenster\"},\"url\":\"https:\/\/kanu-gruppe-wilster.de\/index.php\/author\/uwemuenster\/\"}]}<\/script>\n<!-- \/ Yoast SEO plugin. -->","yoast_head_json":{"title":"Jugendurlaubstour - Tagebuch Tag 3 &ndash; Kanu Gruppe Wilster e.V.","robots":{"index":"index","follow":"follow","max-snippet":"max-snippet:-1","max-image-preview":"max-image-preview:large","max-video-preview":"max-video-preview:-1"},"canonical":"https:\/\/kanu-gruppe-wilster.de\/index.php\/jugendurlaubstour-tag-3\/","og_locale":"de_DE","og_type":"article","og_title":"Jugendurlaubstour - Tagebuch Tag 3 &ndash; Kanu Gruppe Wilster e.V.","og_description":"Tag Numero Drei, heute ist der Himmel frei, von Ove fast erschlagen, mein schnarchen w\u00fcrde ihn angeblich plagen, stieg ich m\u00fcde aus dem Zelt und dachte was ne geile Welt. Langsam setzte sich die Gruppe in Bewegung, denn f\u00fcr die Fahrt brauchten wir Verpflegung. Denn in den n\u00e4chsten zwei Tagen sehen wir keinen Laden. Dann","og_url":"https:\/\/kanu-gruppe-wilster.de\/index.php\/jugendurlaubstour-tag-3\/","og_site_name":"Kanu Gruppe Wilster e.V.","article_published_time":"2013-07-17T15:36:23+00:00","twitter_card":"summary","twitter_misc":{"Verfasst von":"UweMuenster","Gesch\u00e4tzte Lesezeit":"1\u00a0Minute"},"schema":{"@context":"https:\/\/schema.org","@graph":[{"@type":"WebSite","@id":"https:\/\/kanu-gruppe-wilster.de\/#website","url":"https:\/\/kanu-gruppe-wilster.de\/","name":"Kanu Gruppe Wilster e.V.","description":"Kanuverein an der Wilster Au","potentialAction":[{"@type":"SearchAction","target":{"@type":"EntryPoint","urlTemplate":"https:\/\/kanu-gruppe-wilster.de\/?s={search_term_string}"},"query-input":"required name=search_term_string"}],"inLanguage":"de"},{"@type":"WebPage","@id":"https:\/\/kanu-gruppe-wilster.de\/index.php\/jugendurlaubstour-tag-3\/#webpage","url":"https:\/\/kanu-gruppe-wilster.de\/index.php\/jugendurlaubstour-tag-3\/","name":"Jugendurlaubstour - Tagebuch Tag 3 &ndash; Kanu Gruppe Wilster e.V.","isPartOf":{"@id":"https:\/\/kanu-gruppe-wilster.de\/#website"},"datePublished":"2013-07-17T15:36:23+00:00","dateModified":"2013-07-17T15:36:23+00:00","author":{"@id":"https:\/\/kanu-gruppe-wilster.de\/#\/schema\/person\/7489fc75ff891776bcddaa56e64dbb54"},"breadcrumb":{"@id":"https:\/\/kanu-gruppe-wilster.de\/index.php\/jugendurlaubstour-tag-3\/#breadcrumb"},"inLanguage":"de","potentialAction":[{"@type":"ReadAction","target":["https:\/\/kanu-gruppe-wilster.de\/index.php\/jugendurlaubstour-tag-3\/"]}]},{"@type":"BreadcrumbList","@id":"https:\/\/kanu-gruppe-wilster.de\/index.php\/jugendurlaubstour-tag-3\/#breadcrumb","itemListElement":[{"@type":"ListItem","position":1,"name":"Startseite","item":"https:\/\/kanu-gruppe-wilster.de\/"},{"@type":"ListItem","position":2,"name":"Jugendurlaubstour &#8211; Tagebuch Tag 3"}]},{"@type":"Person","@id":"https:\/\/kanu-gruppe-wilster.de\/#\/schema\/person\/7489fc75ff891776bcddaa56e64dbb54","name":"UweMuenster","image":{"@type":"ImageObject","inLanguage":"de","@id":"https:\/\/kanu-gruppe-wilster.de\/#\/schema\/person\/image\/","url":"https:\/\/secure.gravatar.com\/avatar\/633d80af5ecf11a7e42ad51ef88894a9?s=96&d=mm&r=g","contentUrl":"https:\/\/secure.gravatar.com\/avatar\/633d80af5ecf11a7e42ad51ef88894a9?s=96&d=mm&r=g","caption":"UweMuenster"},"url":"https:\/\/kanu-gruppe-wilster.de\/index.php\/author\/uwemuenster\/"}]}},"_links":{"self":[{"href":"https:\/\/kanu-gruppe-wilster.de\/index.php\/wp-json\/wp\/v2\/posts\/774"}],"collection":[{"href":"https:\/\/kanu-gruppe-wilster.de\/index.php\/wp-json\/wp\/v2\/posts"}],"about":[{"href":"https:\/\/kanu-gruppe-wilster.de\/index.php\/wp-json\/wp\/v2\/types\/post"}],"author":[{"embeddable":true,"href":"https:\/\/kanu-gruppe-wilster.de\/index.php\/wp-json\/wp\/v2\/users\/2"}],"replies":[{"embeddable":true,"href":"https:\/\/kanu-gruppe-wilster.de\/index.php\/wp-json\/wp\/v2\/comments?post=774"}],"version-history":[{"count":0,"href":"https:\/\/kanu-gruppe-wilster.de\/index.php\/wp-json\/wp\/v2\/posts\/774\/revisions"}],"wp:attachment":[{"href":"https:\/\/kanu-gruppe-wilster.de\/index.php\/wp-json\/wp\/v2\/media?parent=774"}],"wp:term":[{"taxonomy":"category","embeddable":true,"href":"https:\/\/kanu-gruppe-wilster.de\/index.php\/wp-json\/wp\/v2\/categories?post=774"},{"taxonomy":"post_tag","embeddable":true,"href":"https:\/\/kanu-gruppe-wilster.de\/index.php\/wp-json\/wp\/v2\/tags?post=774"}],"curies":[{"name":"wp","href":"https:\/\/api.w.org\/{rel}","templated":true}]}}