{"id":768,"date":"2013-07-15T13:31:21","date_gmt":"2013-07-15T12:31:21","guid":{"rendered":"http:\/\/kanu-gruppe-wilster.de\/?p=768"},"modified":"2013-07-15T13:31:21","modified_gmt":"2013-07-15T12:31:21","slug":"jugendurlaubstour-2013-tagebuch-tag-2","status":"publish","type":"post","link":"https:\/\/kanu-gruppe-wilster.de\/index.php\/jugendurlaubstour-2013-tagebuch-tag-2\/","title":{"rendered":"Jugendurlaubstour 2013 \u2013 Tagebuch Tag 2"},"content":{"rendered":"<p>Tag 2 &#8211; Wesenberg bis F\u00fcrstenberg<\/p>\n<p>Nach einer etwas unruhigen Nacht wurden wir alle gegen 7:30 Uhr geweckt. Versammelt am imagin\u00e4ren Fr\u00fchst\u00fcckstisch a\u00dfen wir und schmierten Br\u00f6tchen f\u00fcr die Fahrt. Auf eben dieser begegneten wir zwei Schleusen und gef\u00fchlten tausend Booten, trotz des eher m\u00e4\u00dfigen Wetters. Am Campingplatz angekommen, ging das gro\u00dfe Zeltaufbauen auf einem kleinen Zeltplatz los. Es wurde viel gepackt, ger\u00e4umt und bei einigen auch geflucht. Abends gab es verschiedene Essensklassen. Von Drei-Sterne-Essen bis Dosenfra\u00df. Danach sa\u00dfen wir in zwei getrennten gem\u00fctlichen Runden mit anschlie\u00dfenden Sight-Seeing in die City.<\/p>\n<p>Von Tavin, Leonie, Natascha \u00a0 \u00a0 \u00a0 \u00a0 \u00a0 und Pauline<\/p><!-- default-view.php -->\n<div\n\tclass=\"ngg-galleryoverview default-view  ngg-ajax-pagination-none\"\n\tid=\"ngg-gallery-8762171b8a9d56651821d028d324116c-1\">\n\n\t\t<!-- Thumbnails -->\n\t\t\t\t<div id=\"ngg-image-0\" class=\"ngg-gallery-thumbnail-box \" >\n\t\t\t\t        <div class=\"ngg-gallery-thumbnail\">\n            <a href=\"https:\/\/kanu-gruppe-wilster.de\/wp-content\/gallery\/jugendurlaubstour-2013-tag-2\/wp_20130714_004.jpg\"\n               title=\"\"\n               data-src=\"https:\/\/kanu-gruppe-wilster.de\/wp-content\/gallery\/jugendurlaubstour-2013-tag-2\/wp_20130714_004.jpg\"\n               data-thumbnail=\"https:\/\/kanu-gruppe-wilster.de\/wp-content\/gallery\/jugendurlaubstour-2013-tag-2\/thumbs\/thumbs_wp_20130714_004.jpg\"\n               data-image-id=\"3450\"\n               data-title=\"wp_20130714_004\"\n               data-description=\"\"\n               data-image-slug=\"wp_20130714_004\"\n               class=\"ngg-fancybox\" rel=\"8762171b8a9d56651821d028d324116c\">\n                <img\n                    title=\"wp_20130714_004\"\n                    alt=\"wp_20130714_004\"\n                    src=\"https:\/\/kanu-gruppe-wilster.de\/wp-content\/gallery\/jugendurlaubstour-2013-tag-2\/thumbs\/thumbs_wp_20130714_004.jpg\"\n                    width=\"180\"\n                    height=\"180\"\n                    style=\"max-width:100%;\"\n                \/>\n            <\/a>\n        <\/div>\n\t\t\t\t\t\t\t<\/div> \n\t\t\t\n\t\n\t<br style=\"clear: both\" \/>\n\n\t\t<div class=\"slideshowlink\">\n        <a href='https:\/\/kanu-gruppe-wilster.de\/index.php\/jugendurlaubstour-2013-tagebuch-tag-2\/fotos\/slideshow'>[Zeige eine Slideshow]<\/a>\n\t\t\n\t<\/div>\n\t\n\t\t<!-- Pagination -->\n\t<div class='ngg-clear'><\/div>\t<\/div>\n","protected":false},"excerpt":{"rendered":"<p>Tag 2 &#8211; Wesenberg bis F\u00fcrstenberg Nach einer etwas unruhigen Nacht wurden wir alle gegen 7:30 Uhr geweckt. Versammelt am imagin\u00e4ren Fr\u00fchst\u00fcckstisch a\u00dfen wir und schmierten Br\u00f6tchen f\u00fcr die Fahrt. Auf eben dieser begegneten wir zwei Schleusen und gef\u00fchlten tausend Booten, trotz des eher m\u00e4\u00dfigen Wetters. Am Campingplatz angekommen, ging das gro\u00dfe Zeltaufbauen auf einem<\/p>\n","protected":false},"author":2,"featured_media":0,"comment_status":"open","ping_status":"open","sticky":false,"template":"","format":"standard","meta":{"ngg_post_thumbnail":0},"categories":[4,1],"tags":[],"yoast_head":"<!-- This site is optimized with the Yoast SEO plugin v19.0 - https:\/\/yoast.com\/wordpress\/plugins\/seo\/ -->\n<title>Jugendurlaubstour 2013 \u2013 Tagebuch Tag 2 &ndash; Kanu Gruppe Wilster e.V.<\/title>\n<meta name=\"robots\" content=\"index, follow, max-snippet:-1, max-image-preview:large, max-video-preview:-1\" \/>\n<link rel=\"canonical\" href=\"https:\/\/kanu-gruppe-wilster.de\/index.php\/jugendurlaubstour-2013-tagebuch-tag-2\/\" \/>\n<meta property=\"og:locale\" content=\"de_DE\" \/>\n<meta property=\"og:type\" content=\"article\" \/>\n<meta property=\"og:title\" content=\"Jugendurlaubstour 2013 \u2013 Tagebuch Tag 2 &ndash; Kanu Gruppe Wilster e.V.\" \/>\n<meta property=\"og:description\" content=\"Tag 2 &#8211; Wesenberg bis F\u00fcrstenberg Nach einer etwas unruhigen Nacht wurden wir alle gegen 7:30 Uhr geweckt. Versammelt am imagin\u00e4ren Fr\u00fchst\u00fcckstisch a\u00dfen wir und schmierten Br\u00f6tchen f\u00fcr die Fahrt. Auf eben dieser begegneten wir zwei Schleusen und gef\u00fchlten tausend Booten, trotz des eher m\u00e4\u00dfigen Wetters. Am Campingplatz angekommen, ging das gro\u00dfe Zeltaufbauen auf einem\" \/>\n<meta property=\"og:url\" content=\"https:\/\/kanu-gruppe-wilster.de\/index.php\/jugendurlaubstour-2013-tagebuch-tag-2\/\" \/>\n<meta property=\"og:site_name\" content=\"Kanu Gruppe Wilster e.V.\" \/>\n<meta property=\"article:published_time\" content=\"2013-07-15T12:31:21+00:00\" \/>\n<meta name=\"twitter:card\" content=\"summary\" \/>\n<meta name=\"twitter:label1\" content=\"Verfasst von\" \/>\n\t<meta name=\"twitter:data1\" content=\"UweMuenster\" \/>\n\t<meta name=\"twitter:label2\" content=\"Gesch\u00e4tzte Lesezeit\" \/>\n\t<meta name=\"twitter:data2\" content=\"1\u00a0Minute\" \/>\n<script type=\"application\/ld+json\" class=\"yoast-schema-graph\">{\"@context\":\"https:\/\/schema.org\",\"@graph\":[{\"@type\":\"WebSite\",\"@id\":\"https:\/\/kanu-gruppe-wilster.de\/#website\",\"url\":\"https:\/\/kanu-gruppe-wilster.de\/\",\"name\":\"Kanu Gruppe Wilster e.V.\",\"description\":\"Kanuverein an der Wilster Au\",\"potentialAction\":[{\"@type\":\"SearchAction\",\"target\":{\"@type\":\"EntryPoint\",\"urlTemplate\":\"https:\/\/kanu-gruppe-wilster.de\/?s={search_term_string}\"},\"query-input\":\"required name=search_term_string\"}],\"inLanguage\":\"de\"},{\"@type\":\"WebPage\",\"@id\":\"https:\/\/kanu-gruppe-wilster.de\/index.php\/jugendurlaubstour-2013-tagebuch-tag-2\/#webpage\",\"url\":\"https:\/\/kanu-gruppe-wilster.de\/index.php\/jugendurlaubstour-2013-tagebuch-tag-2\/\",\"name\":\"Jugendurlaubstour 2013 \u2013 Tagebuch Tag 2 &ndash; Kanu Gruppe Wilster e.V.\",\"isPartOf\":{\"@id\":\"https:\/\/kanu-gruppe-wilster.de\/#website\"},\"datePublished\":\"2013-07-15T12:31:21+00:00\",\"dateModified\":\"2013-07-15T12:31:21+00:00\",\"author\":{\"@id\":\"https:\/\/kanu-gruppe-wilster.de\/#\/schema\/person\/7489fc75ff891776bcddaa56e64dbb54\"},\"breadcrumb\":{\"@id\":\"https:\/\/kanu-gruppe-wilster.de\/index.php\/jugendurlaubstour-2013-tagebuch-tag-2\/#breadcrumb\"},\"inLanguage\":\"de\",\"potentialAction\":[{\"@type\":\"ReadAction\",\"target\":[\"https:\/\/kanu-gruppe-wilster.de\/index.php\/jugendurlaubstour-2013-tagebuch-tag-2\/\"]}]},{\"@type\":\"BreadcrumbList\",\"@id\":\"https:\/\/kanu-gruppe-wilster.de\/index.php\/jugendurlaubstour-2013-tagebuch-tag-2\/#breadcrumb\",\"itemListElement\":[{\"@type\":\"ListItem\",\"position\":1,\"name\":\"Startseite\",\"item\":\"https:\/\/kanu-gruppe-wilster.de\/\"},{\"@type\":\"ListItem\",\"position\":2,\"name\":\"Jugendurlaubstour 2013 \u2013 Tagebuch Tag 2\"}]},{\"@type\":\"Person\",\"@id\":\"https:\/\/kanu-gruppe-wilster.de\/#\/schema\/person\/7489fc75ff891776bcddaa56e64dbb54\",\"name\":\"UweMuenster\",\"image\":{\"@type\":\"ImageObject\",\"inLanguage\":\"de\",\"@id\":\"https:\/\/kanu-gruppe-wilster.de\/#\/schema\/person\/image\/\",\"url\":\"https:\/\/secure.gravatar.com\/avatar\/633d80af5ecf11a7e42ad51ef88894a9?s=96&d=mm&r=g\",\"contentUrl\":\"https:\/\/secure.gravatar.com\/avatar\/633d80af5ecf11a7e42ad51ef88894a9?s=96&d=mm&r=g\",\"caption\":\"UweMuenster\"},\"url\":\"https:\/\/kanu-gruppe-wilster.de\/index.php\/author\/uwemuenster\/\"}]}<\/script>\n<!-- \/ Yoast SEO plugin. -->","yoast_head_json":{"title":"Jugendurlaubstour 2013 \u2013 Tagebuch Tag 2 &ndash; Kanu Gruppe Wilster e.V.","robots":{"index":"index","follow":"follow","max-snippet":"max-snippet:-1","max-image-preview":"max-image-preview:large","max-video-preview":"max-video-preview:-1"},"canonical":"https:\/\/kanu-gruppe-wilster.de\/index.php\/jugendurlaubstour-2013-tagebuch-tag-2\/","og_locale":"de_DE","og_type":"article","og_title":"Jugendurlaubstour 2013 \u2013 Tagebuch Tag 2 &ndash; Kanu Gruppe Wilster e.V.","og_description":"Tag 2 &#8211; Wesenberg bis F\u00fcrstenberg Nach einer etwas unruhigen Nacht wurden wir alle gegen 7:30 Uhr geweckt. Versammelt am imagin\u00e4ren Fr\u00fchst\u00fcckstisch a\u00dfen wir und schmierten Br\u00f6tchen f\u00fcr die Fahrt. Auf eben dieser begegneten wir zwei Schleusen und gef\u00fchlten tausend Booten, trotz des eher m\u00e4\u00dfigen Wetters. Am Campingplatz angekommen, ging das gro\u00dfe Zeltaufbauen auf einem","og_url":"https:\/\/kanu-gruppe-wilster.de\/index.php\/jugendurlaubstour-2013-tagebuch-tag-2\/","og_site_name":"Kanu Gruppe Wilster e.V.","article_published_time":"2013-07-15T12:31:21+00:00","twitter_card":"summary","twitter_misc":{"Verfasst von":"UweMuenster","Gesch\u00e4tzte Lesezeit":"1\u00a0Minute"},"schema":{"@context":"https:\/\/schema.org","@graph":[{"@type":"WebSite","@id":"https:\/\/kanu-gruppe-wilster.de\/#website","url":"https:\/\/kanu-gruppe-wilster.de\/","name":"Kanu Gruppe Wilster e.V.","description":"Kanuverein an der Wilster Au","potentialAction":[{"@type":"SearchAction","target":{"@type":"EntryPoint","urlTemplate":"https:\/\/kanu-gruppe-wilster.de\/?s={search_term_string}"},"query-input":"required name=search_term_string"}],"inLanguage":"de"},{"@type":"WebPage","@id":"https:\/\/kanu-gruppe-wilster.de\/index.php\/jugendurlaubstour-2013-tagebuch-tag-2\/#webpage","url":"https:\/\/kanu-gruppe-wilster.de\/index.php\/jugendurlaubstour-2013-tagebuch-tag-2\/","name":"Jugendurlaubstour 2013 \u2013 Tagebuch Tag 2 &ndash; Kanu Gruppe Wilster e.V.","isPartOf":{"@id":"https:\/\/kanu-gruppe-wilster.de\/#website"},"datePublished":"2013-07-15T12:31:21+00:00","dateModified":"2013-07-15T12:31:21+00:00","author":{"@id":"https:\/\/kanu-gruppe-wilster.de\/#\/schema\/person\/7489fc75ff891776bcddaa56e64dbb54"},"breadcrumb":{"@id":"https:\/\/kanu-gruppe-wilster.de\/index.php\/jugendurlaubstour-2013-tagebuch-tag-2\/#breadcrumb"},"inLanguage":"de","potentialAction":[{"@type":"ReadAction","target":["https:\/\/kanu-gruppe-wilster.de\/index.php\/jugendurlaubstour-2013-tagebuch-tag-2\/"]}]},{"@type":"BreadcrumbList","@id":"https:\/\/kanu-gruppe-wilster.de\/index.php\/jugendurlaubstour-2013-tagebuch-tag-2\/#breadcrumb","itemListElement":[{"@type":"ListItem","position":1,"name":"Startseite","item":"https:\/\/kanu-gruppe-wilster.de\/"},{"@type":"ListItem","position":2,"name":"Jugendurlaubstour 2013 \u2013 Tagebuch Tag 2"}]},{"@type":"Person","@id":"https:\/\/kanu-gruppe-wilster.de\/#\/schema\/person\/7489fc75ff891776bcddaa56e64dbb54","name":"UweMuenster","image":{"@type":"ImageObject","inLanguage":"de","@id":"https:\/\/kanu-gruppe-wilster.de\/#\/schema\/person\/image\/","url":"https:\/\/secure.gravatar.com\/avatar\/633d80af5ecf11a7e42ad51ef88894a9?s=96&d=mm&r=g","contentUrl":"https:\/\/secure.gravatar.com\/avatar\/633d80af5ecf11a7e42ad51ef88894a9?s=96&d=mm&r=g","caption":"UweMuenster"},"url":"https:\/\/kanu-gruppe-wilster.de\/index.php\/author\/uwemuenster\/"}]}},"_links":{"self":[{"href":"https:\/\/kanu-gruppe-wilster.de\/index.php\/wp-json\/wp\/v2\/posts\/768"}],"collection":[{"href":"https:\/\/kanu-gruppe-wilster.de\/index.php\/wp-json\/wp\/v2\/posts"}],"about":[{"href":"https:\/\/kanu-gruppe-wilster.de\/index.php\/wp-json\/wp\/v2\/types\/post"}],"author":[{"embeddable":true,"href":"https:\/\/kanu-gruppe-wilster.de\/index.php\/wp-json\/wp\/v2\/users\/2"}],"replies":[{"embeddable":true,"href":"https:\/\/kanu-gruppe-wilster.de\/index.php\/wp-json\/wp\/v2\/comments?post=768"}],"version-history":[{"count":0,"href":"https:\/\/kanu-gruppe-wilster.de\/index.php\/wp-json\/wp\/v2\/posts\/768\/revisions"}],"wp:attachment":[{"href":"https:\/\/kanu-gruppe-wilster.de\/index.php\/wp-json\/wp\/v2\/media?parent=768"}],"wp:term":[{"taxonomy":"category","embeddable":true,"href":"https:\/\/kanu-gruppe-wilster.de\/index.php\/wp-json\/wp\/v2\/categories?post=768"},{"taxonomy":"post_tag","embeddable":true,"href":"https:\/\/kanu-gruppe-wilster.de\/index.php\/wp-json\/wp\/v2\/tags?post=768"}],"curies":[{"name":"wp","href":"https:\/\/api.w.org\/{rel}","templated":true}]}}