{"id":7674,"date":"2018-09-08T09:37:51","date_gmt":"2018-09-08T07:37:51","guid":{"rendered":"https:\/\/kanu-gruppe-wilster.de\/?p=7674"},"modified":"2018-09-08T09:41:41","modified_gmt":"2018-09-08T07:41:41","slug":"wilsterau-ideales-paddler-idyll","status":"publish","type":"post","link":"https:\/\/kanu-gruppe-wilster.de\/index.php\/wilsterau-ideales-paddler-idyll\/","title":{"rendered":"Wilsterau &#8211; ideales Paddler-Idyll"},"content":{"rendered":"<p>Im August 2018 wurde in der WZ ein toller Bericht \u00fcber die Wilsterau unter dem Titel &#8222;Wilsterau &#8211; ideales Paddler-Idyll&#8220; ver\u00f6ffentlicht. Den Bericht k\u00f6nnt ihr unter dem foilgenden Link lesen<\/p>\n<p><a href=\"https:\/\/kanu-gruppe-wilster.de\/wp-content\/uploads\/2018\/09\/m_18.08.23-Bericht-WZ-Wilsterau.pdf\">m_18.08.23 Bericht WZ Wilsterau<\/a><\/p>\n<p><img loading=\"lazy\" class=\"alignnone size-medium wp-image-7677\" src=\"https:\/\/kanu-gruppe-wilster.de\/wp-content\/uploads\/2018\/09\/Wilsterau2-300x225.jpg\" alt=\"\" width=\"300\" height=\"225\" srcset=\"https:\/\/kanu-gruppe-wilster.de\/wp-content\/uploads\/2018\/09\/Wilsterau2-300x225.jpg 300w, https:\/\/kanu-gruppe-wilster.de\/wp-content\/uploads\/2018\/09\/Wilsterau2-768x576.jpg 768w, https:\/\/kanu-gruppe-wilster.de\/wp-content\/uploads\/2018\/09\/Wilsterau2-1024x768.jpg 1024w, https:\/\/kanu-gruppe-wilster.de\/wp-content\/uploads\/2018\/09\/Wilsterau2-249x187.jpg 249w, https:\/\/kanu-gruppe-wilster.de\/wp-content\/uploads\/2018\/09\/Wilsterau2-1170x878.jpg 1170w\" sizes=\"(max-width: 300px) 100vw, 300px\" \/><img loading=\"lazy\" class=\"alignnone size-medium wp-image-7681\" src=\"https:\/\/kanu-gruppe-wilster.de\/wp-content\/uploads\/2018\/09\/Wilsterau8-300x225.jpg\" alt=\"\" width=\"300\" height=\"225\" srcset=\"https:\/\/kanu-gruppe-wilster.de\/wp-content\/uploads\/2018\/09\/Wilsterau8-300x225.jpg 300w, https:\/\/kanu-gruppe-wilster.de\/wp-content\/uploads\/2018\/09\/Wilsterau8-768x576.jpg 768w, https:\/\/kanu-gruppe-wilster.de\/wp-content\/uploads\/2018\/09\/Wilsterau8-1024x768.jpg 1024w, https:\/\/kanu-gruppe-wilster.de\/wp-content\/uploads\/2018\/09\/Wilsterau8-249x187.jpg 249w, https:\/\/kanu-gruppe-wilster.de\/wp-content\/uploads\/2018\/09\/Wilsterau8-1170x878.jpg 1170w\" sizes=\"(max-width: 300px) 100vw, 300px\" \/><\/p>\n<p><img loading=\"lazy\" class=\"alignnone size-medium wp-image-7681\" src=\"https:\/\/kanu-gruppe-wilster.de\/wp-content\/uploads\/2018\/09\/Wilsterau8-300x225.jpg\" alt=\"\" width=\"300\" height=\"225\" srcset=\"https:\/\/kanu-gruppe-wilster.de\/wp-content\/uploads\/2018\/09\/Wilsterau8-300x225.jpg 300w, https:\/\/kanu-gruppe-wilster.de\/wp-content\/uploads\/2018\/09\/Wilsterau8-768x576.jpg 768w, https:\/\/kanu-gruppe-wilster.de\/wp-content\/uploads\/2018\/09\/Wilsterau8-1024x768.jpg 1024w, https:\/\/kanu-gruppe-wilster.de\/wp-content\/uploads\/2018\/09\/Wilsterau8-249x187.jpg 249w, https:\/\/kanu-gruppe-wilster.de\/wp-content\/uploads\/2018\/09\/Wilsterau8-1170x878.jpg 1170w\" sizes=\"(max-width: 300px) 100vw, 300px\" \/><img loading=\"lazy\" class=\"alignnone size-medium wp-image-7680\" src=\"https:\/\/kanu-gruppe-wilster.de\/wp-content\/uploads\/2018\/09\/Wilsterau5-300x225.jpg\" alt=\"\" width=\"300\" height=\"225\" srcset=\"https:\/\/kanu-gruppe-wilster.de\/wp-content\/uploads\/2018\/09\/Wilsterau5-300x225.jpg 300w, https:\/\/kanu-gruppe-wilster.de\/wp-content\/uploads\/2018\/09\/Wilsterau5-768x576.jpg 768w, https:\/\/kanu-gruppe-wilster.de\/wp-content\/uploads\/2018\/09\/Wilsterau5-1024x768.jpg 1024w, https:\/\/kanu-gruppe-wilster.de\/wp-content\/uploads\/2018\/09\/Wilsterau5-249x187.jpg 249w, https:\/\/kanu-gruppe-wilster.de\/wp-content\/uploads\/2018\/09\/Wilsterau5-1170x878.jpg 1170w\" sizes=\"(max-width: 300px) 100vw, 300px\" \/><\/p>\n<p>&nbsp;<\/p>\n","protected":false},"excerpt":{"rendered":"<p>Im August 2018 wurde in der WZ ein toller Bericht \u00fcber die Wilsterau unter dem Titel &#8222;Wilsterau &#8211; ideales Paddler-Idyll&#8220; ver\u00f6ffentlicht. Den Bericht k\u00f6nnt ihr unter dem foilgenden Link lesen m_18.08.23 Bericht WZ Wilsterau &nbsp;<\/p>\n","protected":false},"author":2,"featured_media":0,"comment_status":"open","ping_status":"open","sticky":false,"template":"","format":"standard","meta":{"ngg_post_thumbnail":0},"categories":[4,5],"tags":[],"yoast_head":"<!-- This site is optimized with the Yoast SEO plugin v19.0 - https:\/\/yoast.com\/wordpress\/plugins\/seo\/ -->\n<title>Wilsterau - ideales Paddler-Idyll &ndash; Kanu Gruppe Wilster e.V.<\/title>\n<meta name=\"robots\" content=\"index, follow, max-snippet:-1, max-image-preview:large, max-video-preview:-1\" \/>\n<link rel=\"canonical\" href=\"https:\/\/kanu-gruppe-wilster.de\/index.php\/wilsterau-ideales-paddler-idyll\/\" \/>\n<meta property=\"og:locale\" content=\"de_DE\" \/>\n<meta property=\"og:type\" content=\"article\" \/>\n<meta property=\"og:title\" content=\"Wilsterau - ideales Paddler-Idyll &ndash; Kanu Gruppe Wilster e.V.\" \/>\n<meta property=\"og:description\" content=\"Im August 2018 wurde in der WZ ein toller Bericht \u00fcber die Wilsterau unter dem Titel &#8222;Wilsterau &#8211; ideales Paddler-Idyll&#8220; ver\u00f6ffentlicht. Den Bericht k\u00f6nnt ihr unter dem foilgenden Link lesen m_18.08.23 Bericht WZ Wilsterau &nbsp;\" \/>\n<meta property=\"og:url\" content=\"https:\/\/kanu-gruppe-wilster.de\/index.php\/wilsterau-ideales-paddler-idyll\/\" \/>\n<meta property=\"og:site_name\" content=\"Kanu Gruppe Wilster e.V.\" \/>\n<meta property=\"article:published_time\" content=\"2018-09-08T07:37:51+00:00\" \/>\n<meta property=\"article:modified_time\" content=\"2018-09-08T07:41:41+00:00\" \/>\n<meta property=\"og:image\" content=\"https:\/\/kanu-gruppe-wilster.de\/wp-content\/uploads\/2018\/09\/Wilsterau2-300x225.jpg\" \/>\n<meta name=\"twitter:card\" content=\"summary\" \/>\n<meta name=\"twitter:label1\" content=\"Verfasst von\" \/>\n\t<meta name=\"twitter:data1\" content=\"UweMuenster\" \/>\n<script type=\"application\/ld+json\" class=\"yoast-schema-graph\">{\"@context\":\"https:\/\/schema.org\",\"@graph\":[{\"@type\":\"WebSite\",\"@id\":\"https:\/\/kanu-gruppe-wilster.de\/#website\",\"url\":\"https:\/\/kanu-gruppe-wilster.de\/\",\"name\":\"Kanu Gruppe Wilster e.V.\",\"description\":\"Kanuverein an der Wilster Au\",\"potentialAction\":[{\"@type\":\"SearchAction\",\"target\":{\"@type\":\"EntryPoint\",\"urlTemplate\":\"https:\/\/kanu-gruppe-wilster.de\/?s={search_term_string}\"},\"query-input\":\"required name=search_term_string\"}],\"inLanguage\":\"de\"},{\"@type\":\"ImageObject\",\"inLanguage\":\"de\",\"@id\":\"https:\/\/kanu-gruppe-wilster.de\/index.php\/wilsterau-ideales-paddler-idyll\/#primaryimage\",\"url\":\"https:\/\/kanu-gruppe-wilster.de\/wp-content\/uploads\/2018\/09\/Wilsterau2.jpg\",\"contentUrl\":\"https:\/\/kanu-gruppe-wilster.de\/wp-content\/uploads\/2018\/09\/Wilsterau2.jpg\",\"width\":3648,\"height\":2736},{\"@type\":\"WebPage\",\"@id\":\"https:\/\/kanu-gruppe-wilster.de\/index.php\/wilsterau-ideales-paddler-idyll\/#webpage\",\"url\":\"https:\/\/kanu-gruppe-wilster.de\/index.php\/wilsterau-ideales-paddler-idyll\/\",\"name\":\"Wilsterau - ideales Paddler-Idyll &ndash; Kanu Gruppe Wilster e.V.\",\"isPartOf\":{\"@id\":\"https:\/\/kanu-gruppe-wilster.de\/#website\"},\"primaryImageOfPage\":{\"@id\":\"https:\/\/kanu-gruppe-wilster.de\/index.php\/wilsterau-ideales-paddler-idyll\/#primaryimage\"},\"datePublished\":\"2018-09-08T07:37:51+00:00\",\"dateModified\":\"2018-09-08T07:41:41+00:00\",\"author\":{\"@id\":\"https:\/\/kanu-gruppe-wilster.de\/#\/schema\/person\/7489fc75ff891776bcddaa56e64dbb54\"},\"breadcrumb\":{\"@id\":\"https:\/\/kanu-gruppe-wilster.de\/index.php\/wilsterau-ideales-paddler-idyll\/#breadcrumb\"},\"inLanguage\":\"de\",\"potentialAction\":[{\"@type\":\"ReadAction\",\"target\":[\"https:\/\/kanu-gruppe-wilster.de\/index.php\/wilsterau-ideales-paddler-idyll\/\"]}]},{\"@type\":\"BreadcrumbList\",\"@id\":\"https:\/\/kanu-gruppe-wilster.de\/index.php\/wilsterau-ideales-paddler-idyll\/#breadcrumb\",\"itemListElement\":[{\"@type\":\"ListItem\",\"position\":1,\"name\":\"Startseite\",\"item\":\"https:\/\/kanu-gruppe-wilster.de\/\"},{\"@type\":\"ListItem\",\"position\":2,\"name\":\"Wilsterau &#8211; ideales Paddler-Idyll\"}]},{\"@type\":\"Person\",\"@id\":\"https:\/\/kanu-gruppe-wilster.de\/#\/schema\/person\/7489fc75ff891776bcddaa56e64dbb54\",\"name\":\"UweMuenster\",\"image\":{\"@type\":\"ImageObject\",\"inLanguage\":\"de\",\"@id\":\"https:\/\/kanu-gruppe-wilster.de\/#\/schema\/person\/image\/\",\"url\":\"https:\/\/secure.gravatar.com\/avatar\/633d80af5ecf11a7e42ad51ef88894a9?s=96&d=mm&r=g\",\"contentUrl\":\"https:\/\/secure.gravatar.com\/avatar\/633d80af5ecf11a7e42ad51ef88894a9?s=96&d=mm&r=g\",\"caption\":\"UweMuenster\"},\"url\":\"https:\/\/kanu-gruppe-wilster.de\/index.php\/author\/uwemuenster\/\"}]}<\/script>\n<!-- \/ Yoast SEO plugin. -->","yoast_head_json":{"title":"Wilsterau - ideales Paddler-Idyll &ndash; Kanu Gruppe Wilster e.V.","robots":{"index":"index","follow":"follow","max-snippet":"max-snippet:-1","max-image-preview":"max-image-preview:large","max-video-preview":"max-video-preview:-1"},"canonical":"https:\/\/kanu-gruppe-wilster.de\/index.php\/wilsterau-ideales-paddler-idyll\/","og_locale":"de_DE","og_type":"article","og_title":"Wilsterau - ideales Paddler-Idyll &ndash; Kanu Gruppe Wilster e.V.","og_description":"Im August 2018 wurde in der WZ ein toller Bericht \u00fcber die Wilsterau unter dem Titel &#8222;Wilsterau &#8211; ideales Paddler-Idyll&#8220; ver\u00f6ffentlicht. Den Bericht k\u00f6nnt ihr unter dem foilgenden Link lesen m_18.08.23 Bericht WZ Wilsterau &nbsp;","og_url":"https:\/\/kanu-gruppe-wilster.de\/index.php\/wilsterau-ideales-paddler-idyll\/","og_site_name":"Kanu Gruppe Wilster e.V.","article_published_time":"2018-09-08T07:37:51+00:00","article_modified_time":"2018-09-08T07:41:41+00:00","og_image":[{"url":"https:\/\/kanu-gruppe-wilster.de\/wp-content\/uploads\/2018\/09\/Wilsterau2-300x225.jpg"}],"twitter_card":"summary","twitter_misc":{"Verfasst von":"UweMuenster"},"schema":{"@context":"https:\/\/schema.org","@graph":[{"@type":"WebSite","@id":"https:\/\/kanu-gruppe-wilster.de\/#website","url":"https:\/\/kanu-gruppe-wilster.de\/","name":"Kanu Gruppe Wilster e.V.","description":"Kanuverein an der Wilster Au","potentialAction":[{"@type":"SearchAction","target":{"@type":"EntryPoint","urlTemplate":"https:\/\/kanu-gruppe-wilster.de\/?s={search_term_string}"},"query-input":"required name=search_term_string"}],"inLanguage":"de"},{"@type":"ImageObject","inLanguage":"de","@id":"https:\/\/kanu-gruppe-wilster.de\/index.php\/wilsterau-ideales-paddler-idyll\/#primaryimage","url":"https:\/\/kanu-gruppe-wilster.de\/wp-content\/uploads\/2018\/09\/Wilsterau2.jpg","contentUrl":"https:\/\/kanu-gruppe-wilster.de\/wp-content\/uploads\/2018\/09\/Wilsterau2.jpg","width":3648,"height":2736},{"@type":"WebPage","@id":"https:\/\/kanu-gruppe-wilster.de\/index.php\/wilsterau-ideales-paddler-idyll\/#webpage","url":"https:\/\/kanu-gruppe-wilster.de\/index.php\/wilsterau-ideales-paddler-idyll\/","name":"Wilsterau - ideales Paddler-Idyll &ndash; Kanu Gruppe Wilster e.V.","isPartOf":{"@id":"https:\/\/kanu-gruppe-wilster.de\/#website"},"primaryImageOfPage":{"@id":"https:\/\/kanu-gruppe-wilster.de\/index.php\/wilsterau-ideales-paddler-idyll\/#primaryimage"},"datePublished":"2018-09-08T07:37:51+00:00","dateModified":"2018-09-08T07:41:41+00:00","author":{"@id":"https:\/\/kanu-gruppe-wilster.de\/#\/schema\/person\/7489fc75ff891776bcddaa56e64dbb54"},"breadcrumb":{"@id":"https:\/\/kanu-gruppe-wilster.de\/index.php\/wilsterau-ideales-paddler-idyll\/#breadcrumb"},"inLanguage":"de","potentialAction":[{"@type":"ReadAction","target":["https:\/\/kanu-gruppe-wilster.de\/index.php\/wilsterau-ideales-paddler-idyll\/"]}]},{"@type":"BreadcrumbList","@id":"https:\/\/kanu-gruppe-wilster.de\/index.php\/wilsterau-ideales-paddler-idyll\/#breadcrumb","itemListElement":[{"@type":"ListItem","position":1,"name":"Startseite","item":"https:\/\/kanu-gruppe-wilster.de\/"},{"@type":"ListItem","position":2,"name":"Wilsterau &#8211; ideales Paddler-Idyll"}]},{"@type":"Person","@id":"https:\/\/kanu-gruppe-wilster.de\/#\/schema\/person\/7489fc75ff891776bcddaa56e64dbb54","name":"UweMuenster","image":{"@type":"ImageObject","inLanguage":"de","@id":"https:\/\/kanu-gruppe-wilster.de\/#\/schema\/person\/image\/","url":"https:\/\/secure.gravatar.com\/avatar\/633d80af5ecf11a7e42ad51ef88894a9?s=96&d=mm&r=g","contentUrl":"https:\/\/secure.gravatar.com\/avatar\/633d80af5ecf11a7e42ad51ef88894a9?s=96&d=mm&r=g","caption":"UweMuenster"},"url":"https:\/\/kanu-gruppe-wilster.de\/index.php\/author\/uwemuenster\/"}]}},"_links":{"self":[{"href":"https:\/\/kanu-gruppe-wilster.de\/index.php\/wp-json\/wp\/v2\/posts\/7674"}],"collection":[{"href":"https:\/\/kanu-gruppe-wilster.de\/index.php\/wp-json\/wp\/v2\/posts"}],"about":[{"href":"https:\/\/kanu-gruppe-wilster.de\/index.php\/wp-json\/wp\/v2\/types\/post"}],"author":[{"embeddable":true,"href":"https:\/\/kanu-gruppe-wilster.de\/index.php\/wp-json\/wp\/v2\/users\/2"}],"replies":[{"embeddable":true,"href":"https:\/\/kanu-gruppe-wilster.de\/index.php\/wp-json\/wp\/v2\/comments?post=7674"}],"version-history":[{"count":3,"href":"https:\/\/kanu-gruppe-wilster.de\/index.php\/wp-json\/wp\/v2\/posts\/7674\/revisions"}],"predecessor-version":[{"id":7682,"href":"https:\/\/kanu-gruppe-wilster.de\/index.php\/wp-json\/wp\/v2\/posts\/7674\/revisions\/7682"}],"wp:attachment":[{"href":"https:\/\/kanu-gruppe-wilster.de\/index.php\/wp-json\/wp\/v2\/media?parent=7674"}],"wp:term":[{"taxonomy":"category","embeddable":true,"href":"https:\/\/kanu-gruppe-wilster.de\/index.php\/wp-json\/wp\/v2\/categories?post=7674"},{"taxonomy":"post_tag","embeddable":true,"href":"https:\/\/kanu-gruppe-wilster.de\/index.php\/wp-json\/wp\/v2\/tags?post=7674"}],"curies":[{"name":"wp","href":"https:\/\/api.w.org\/{rel}","templated":true}]}}