{"id":729,"date":"2013-06-28T08:44:29","date_gmt":"2013-06-28T06:44:29","guid":{"rendered":"http:\/\/kanu-gruppe-wilster.de\/?p=729"},"modified":"2013-06-28T08:44:29","modified_gmt":"2013-06-28T06:44:29","slug":"drachenboot-cup-2013","status":"publish","type":"post","link":"https:\/\/kanu-gruppe-wilster.de\/index.php\/drachenboot-cup-2013\/","title":{"rendered":"Drachenboot-Cup 2013"},"content":{"rendered":"<p>Beim 4. Itzehoer Drachenboot-Cup des IWW haben wir einen tollen 1. Platz im B-Finale mit einem neuen stark verj\u00fcngten Team eingefahren. Noch wichtiger wie die tolle Plazierung war allen aber der Spa\u00df an denden Rennen sowie das Gemeinschaftserlebnis. Einen ausf\u00fcrlichen Bericht findet ihr unter dem folgenden Link <a href=\"http:\/\/www.shz.de\/index.php?id=160&amp;tx_ttnews[tt_news]=2862210&amp;no_cache=1\">http:\/\/www.shz.de\/index.php?id=160&amp;tx_ttnews[tt_news]=2862210&amp;no_cache=1<\/a><\/p>\n","protected":false},"excerpt":{"rendered":"<p>Beim 4. Itzehoer Drachenboot-Cup des IWW haben wir einen tollen 1. Platz im B-Finale mit einem neuen stark verj\u00fcngten Team eingefahren. Noch wichtiger wie die tolle Plazierung war allen aber der Spa\u00df an denden Rennen sowie das Gemeinschaftserlebnis. Einen ausf\u00fcrlichen Bericht findet ihr unter dem folgenden Link http:\/\/www.shz.de\/index.php?id=160&amp;tx_ttnews[tt_news]=2862210&amp;no_cache=1<\/p>\n","protected":false},"author":2,"featured_media":0,"comment_status":"open","ping_status":"open","sticky":false,"template":"","format":"standard","meta":{"ngg_post_thumbnail":0},"categories":[1,5],"tags":[],"yoast_head":"<!-- This site is optimized with the Yoast SEO plugin v19.0 - https:\/\/yoast.com\/wordpress\/plugins\/seo\/ -->\n<title>Drachenboot-Cup 2013 &ndash; Kanu Gruppe Wilster e.V.<\/title>\n<meta name=\"robots\" content=\"index, follow, max-snippet:-1, max-image-preview:large, max-video-preview:-1\" \/>\n<link rel=\"canonical\" href=\"https:\/\/kanu-gruppe-wilster.de\/index.php\/drachenboot-cup-2013\/\" \/>\n<meta property=\"og:locale\" content=\"de_DE\" \/>\n<meta property=\"og:type\" content=\"article\" \/>\n<meta property=\"og:title\" content=\"Drachenboot-Cup 2013 &ndash; Kanu Gruppe Wilster e.V.\" \/>\n<meta property=\"og:description\" content=\"Beim 4. Itzehoer Drachenboot-Cup des IWW haben wir einen tollen 1. Platz im B-Finale mit einem neuen stark verj\u00fcngten Team eingefahren. Noch wichtiger wie die tolle Plazierung war allen aber der Spa\u00df an denden Rennen sowie das Gemeinschaftserlebnis. Einen ausf\u00fcrlichen Bericht findet ihr unter dem folgenden Link http:\/\/www.shz.de\/index.php?id=160&amp;tx_ttnews[tt_news]=2862210&amp;no_cache=1\" \/>\n<meta property=\"og:url\" content=\"https:\/\/kanu-gruppe-wilster.de\/index.php\/drachenboot-cup-2013\/\" \/>\n<meta property=\"og:site_name\" content=\"Kanu Gruppe Wilster e.V.\" \/>\n<meta property=\"article:published_time\" content=\"2013-06-28T06:44:29+00:00\" \/>\n<meta name=\"twitter:card\" content=\"summary\" \/>\n<meta name=\"twitter:label1\" content=\"Verfasst von\" \/>\n\t<meta name=\"twitter:data1\" content=\"UweMuenster\" \/>\n<script type=\"application\/ld+json\" class=\"yoast-schema-graph\">{\"@context\":\"https:\/\/schema.org\",\"@graph\":[{\"@type\":\"WebSite\",\"@id\":\"https:\/\/kanu-gruppe-wilster.de\/#website\",\"url\":\"https:\/\/kanu-gruppe-wilster.de\/\",\"name\":\"Kanu Gruppe Wilster e.V.\",\"description\":\"Kanuverein an der Wilster Au\",\"potentialAction\":[{\"@type\":\"SearchAction\",\"target\":{\"@type\":\"EntryPoint\",\"urlTemplate\":\"https:\/\/kanu-gruppe-wilster.de\/?s={search_term_string}\"},\"query-input\":\"required name=search_term_string\"}],\"inLanguage\":\"de\"},{\"@type\":\"WebPage\",\"@id\":\"https:\/\/kanu-gruppe-wilster.de\/index.php\/drachenboot-cup-2013\/#webpage\",\"url\":\"https:\/\/kanu-gruppe-wilster.de\/index.php\/drachenboot-cup-2013\/\",\"name\":\"Drachenboot-Cup 2013 &ndash; Kanu Gruppe Wilster e.V.\",\"isPartOf\":{\"@id\":\"https:\/\/kanu-gruppe-wilster.de\/#website\"},\"datePublished\":\"2013-06-28T06:44:29+00:00\",\"dateModified\":\"2013-06-28T06:44:29+00:00\",\"author\":{\"@id\":\"https:\/\/kanu-gruppe-wilster.de\/#\/schema\/person\/7489fc75ff891776bcddaa56e64dbb54\"},\"breadcrumb\":{\"@id\":\"https:\/\/kanu-gruppe-wilster.de\/index.php\/drachenboot-cup-2013\/#breadcrumb\"},\"inLanguage\":\"de\",\"potentialAction\":[{\"@type\":\"ReadAction\",\"target\":[\"https:\/\/kanu-gruppe-wilster.de\/index.php\/drachenboot-cup-2013\/\"]}]},{\"@type\":\"BreadcrumbList\",\"@id\":\"https:\/\/kanu-gruppe-wilster.de\/index.php\/drachenboot-cup-2013\/#breadcrumb\",\"itemListElement\":[{\"@type\":\"ListItem\",\"position\":1,\"name\":\"Startseite\",\"item\":\"https:\/\/kanu-gruppe-wilster.de\/\"},{\"@type\":\"ListItem\",\"position\":2,\"name\":\"Drachenboot-Cup 2013\"}]},{\"@type\":\"Person\",\"@id\":\"https:\/\/kanu-gruppe-wilster.de\/#\/schema\/person\/7489fc75ff891776bcddaa56e64dbb54\",\"name\":\"UweMuenster\",\"image\":{\"@type\":\"ImageObject\",\"inLanguage\":\"de\",\"@id\":\"https:\/\/kanu-gruppe-wilster.de\/#\/schema\/person\/image\/\",\"url\":\"https:\/\/secure.gravatar.com\/avatar\/633d80af5ecf11a7e42ad51ef88894a9?s=96&d=mm&r=g\",\"contentUrl\":\"https:\/\/secure.gravatar.com\/avatar\/633d80af5ecf11a7e42ad51ef88894a9?s=96&d=mm&r=g\",\"caption\":\"UweMuenster\"},\"url\":\"https:\/\/kanu-gruppe-wilster.de\/index.php\/author\/uwemuenster\/\"}]}<\/script>\n<!-- \/ Yoast SEO plugin. -->","yoast_head_json":{"title":"Drachenboot-Cup 2013 &ndash; Kanu Gruppe Wilster e.V.","robots":{"index":"index","follow":"follow","max-snippet":"max-snippet:-1","max-image-preview":"max-image-preview:large","max-video-preview":"max-video-preview:-1"},"canonical":"https:\/\/kanu-gruppe-wilster.de\/index.php\/drachenboot-cup-2013\/","og_locale":"de_DE","og_type":"article","og_title":"Drachenboot-Cup 2013 &ndash; Kanu Gruppe Wilster e.V.","og_description":"Beim 4. Itzehoer Drachenboot-Cup des IWW haben wir einen tollen 1. Platz im B-Finale mit einem neuen stark verj\u00fcngten Team eingefahren. Noch wichtiger wie die tolle Plazierung war allen aber der Spa\u00df an denden Rennen sowie das Gemeinschaftserlebnis. Einen ausf\u00fcrlichen Bericht findet ihr unter dem folgenden Link http:\/\/www.shz.de\/index.php?id=160&amp;tx_ttnews[tt_news]=2862210&amp;no_cache=1","og_url":"https:\/\/kanu-gruppe-wilster.de\/index.php\/drachenboot-cup-2013\/","og_site_name":"Kanu Gruppe Wilster e.V.","article_published_time":"2013-06-28T06:44:29+00:00","twitter_card":"summary","twitter_misc":{"Verfasst von":"UweMuenster"},"schema":{"@context":"https:\/\/schema.org","@graph":[{"@type":"WebSite","@id":"https:\/\/kanu-gruppe-wilster.de\/#website","url":"https:\/\/kanu-gruppe-wilster.de\/","name":"Kanu Gruppe Wilster e.V.","description":"Kanuverein an der Wilster Au","potentialAction":[{"@type":"SearchAction","target":{"@type":"EntryPoint","urlTemplate":"https:\/\/kanu-gruppe-wilster.de\/?s={search_term_string}"},"query-input":"required name=search_term_string"}],"inLanguage":"de"},{"@type":"WebPage","@id":"https:\/\/kanu-gruppe-wilster.de\/index.php\/drachenboot-cup-2013\/#webpage","url":"https:\/\/kanu-gruppe-wilster.de\/index.php\/drachenboot-cup-2013\/","name":"Drachenboot-Cup 2013 &ndash; Kanu Gruppe Wilster e.V.","isPartOf":{"@id":"https:\/\/kanu-gruppe-wilster.de\/#website"},"datePublished":"2013-06-28T06:44:29+00:00","dateModified":"2013-06-28T06:44:29+00:00","author":{"@id":"https:\/\/kanu-gruppe-wilster.de\/#\/schema\/person\/7489fc75ff891776bcddaa56e64dbb54"},"breadcrumb":{"@id":"https:\/\/kanu-gruppe-wilster.de\/index.php\/drachenboot-cup-2013\/#breadcrumb"},"inLanguage":"de","potentialAction":[{"@type":"ReadAction","target":["https:\/\/kanu-gruppe-wilster.de\/index.php\/drachenboot-cup-2013\/"]}]},{"@type":"BreadcrumbList","@id":"https:\/\/kanu-gruppe-wilster.de\/index.php\/drachenboot-cup-2013\/#breadcrumb","itemListElement":[{"@type":"ListItem","position":1,"name":"Startseite","item":"https:\/\/kanu-gruppe-wilster.de\/"},{"@type":"ListItem","position":2,"name":"Drachenboot-Cup 2013"}]},{"@type":"Person","@id":"https:\/\/kanu-gruppe-wilster.de\/#\/schema\/person\/7489fc75ff891776bcddaa56e64dbb54","name":"UweMuenster","image":{"@type":"ImageObject","inLanguage":"de","@id":"https:\/\/kanu-gruppe-wilster.de\/#\/schema\/person\/image\/","url":"https:\/\/secure.gravatar.com\/avatar\/633d80af5ecf11a7e42ad51ef88894a9?s=96&d=mm&r=g","contentUrl":"https:\/\/secure.gravatar.com\/avatar\/633d80af5ecf11a7e42ad51ef88894a9?s=96&d=mm&r=g","caption":"UweMuenster"},"url":"https:\/\/kanu-gruppe-wilster.de\/index.php\/author\/uwemuenster\/"}]}},"_links":{"self":[{"href":"https:\/\/kanu-gruppe-wilster.de\/index.php\/wp-json\/wp\/v2\/posts\/729"}],"collection":[{"href":"https:\/\/kanu-gruppe-wilster.de\/index.php\/wp-json\/wp\/v2\/posts"}],"about":[{"href":"https:\/\/kanu-gruppe-wilster.de\/index.php\/wp-json\/wp\/v2\/types\/post"}],"author":[{"embeddable":true,"href":"https:\/\/kanu-gruppe-wilster.de\/index.php\/wp-json\/wp\/v2\/users\/2"}],"replies":[{"embeddable":true,"href":"https:\/\/kanu-gruppe-wilster.de\/index.php\/wp-json\/wp\/v2\/comments?post=729"}],"version-history":[{"count":0,"href":"https:\/\/kanu-gruppe-wilster.de\/index.php\/wp-json\/wp\/v2\/posts\/729\/revisions"}],"wp:attachment":[{"href":"https:\/\/kanu-gruppe-wilster.de\/index.php\/wp-json\/wp\/v2\/media?parent=729"}],"wp:term":[{"taxonomy":"category","embeddable":true,"href":"https:\/\/kanu-gruppe-wilster.de\/index.php\/wp-json\/wp\/v2\/categories?post=729"},{"taxonomy":"post_tag","embeddable":true,"href":"https:\/\/kanu-gruppe-wilster.de\/index.php\/wp-json\/wp\/v2\/tags?post=729"}],"curies":[{"name":"wp","href":"https:\/\/api.w.org\/{rel}","templated":true}]}}