{"id":7182,"date":"2018-02-11T12:07:45","date_gmt":"2018-02-11T11:07:45","guid":{"rendered":"http:\/\/www.kanu-gruppe-wilster.de\/?p=7182"},"modified":"2018-02-11T12:35:01","modified_gmt":"2018-02-11T11:35:01","slug":"bericht-der-jahreshauptversammlung-jan-2018","status":"publish","type":"post","link":"https:\/\/kanu-gruppe-wilster.de\/index.php\/bericht-der-jahreshauptversammlung-jan-2018\/","title":{"rendered":"Bericht der Jahreshauptversammlung Jan. 2018"},"content":{"rendered":"<p>Am Sonntag, den 28.01.2018, fand wie immer um 15.00 unsere j\u00e4hrliche Jahreshauptversammlung statt. Auch in diesem Jahr gab es unter dem Punkt &#8222;Ehrungen&#8220; einige H\u00f6hepunkte &#8211; so wurde Jochen Plett f\u00fcr50 Jahre Vereinszugeh\u00f6rigkeit geehrt, Kai Nimz hat sein Globus Abzeichen in der letzten Fahrtensaison erpaddelt, J\u00fcrgen Kock (Jodel) erhielt die Vereinsnadel in Gold und Reimer Demnick die Silberne Auszeichnung.<br \/>\nEinen ausf\u00fchrlichen Bericht k\u00f6nnt ihr dem<strong> <a href=\"https:\/\/kanu-gruppe-wilster.de\/wp-content\/gallery\/basteln-2009\/20180210_190130-001-1.jpg\">Artikel<\/a><\/strong> (WZ vom 07.02.2018) entnehmen.<\/p>\n","protected":false},"excerpt":{"rendered":"<p>Am Sonntag, den 28.01.2018, fand wie immer um 15.00 unsere j\u00e4hrliche Jahreshauptversammlung statt. Auch in diesem Jahr gab es unter dem Punkt &#8222;Ehrungen&#8220; einige H\u00f6hepunkte &#8211; so wurde Jochen Plett f\u00fcr50 Jahre Vereinszugeh\u00f6rigkeit geehrt, Kai Nimz hat sein Globus Abzeichen in der letzten Fahrtensaison erpaddelt, J\u00fcrgen Kock (Jodel) erhielt die Vereinsnadel in Gold und Reimer<\/p>\n","protected":false},"author":2,"featured_media":0,"comment_status":"open","ping_status":"open","sticky":false,"template":"","format":"standard","meta":{"ngg_post_thumbnail":0},"categories":[5],"tags":[],"yoast_head":"<!-- This site is optimized with the Yoast SEO plugin v19.0 - https:\/\/yoast.com\/wordpress\/plugins\/seo\/ -->\n<title>Bericht der Jahreshauptversammlung Jan. 2018 &ndash; Kanu Gruppe Wilster e.V.<\/title>\n<meta name=\"robots\" content=\"index, follow, max-snippet:-1, max-image-preview:large, max-video-preview:-1\" \/>\n<link rel=\"canonical\" href=\"https:\/\/kanu-gruppe-wilster.de\/index.php\/bericht-der-jahreshauptversammlung-jan-2018\/\" \/>\n<meta property=\"og:locale\" content=\"de_DE\" \/>\n<meta property=\"og:type\" content=\"article\" \/>\n<meta property=\"og:title\" content=\"Bericht der Jahreshauptversammlung Jan. 2018 &ndash; Kanu Gruppe Wilster e.V.\" \/>\n<meta property=\"og:description\" content=\"Am Sonntag, den 28.01.2018, fand wie immer um 15.00 unsere j\u00e4hrliche Jahreshauptversammlung statt. Auch in diesem Jahr gab es unter dem Punkt &#8222;Ehrungen&#8220; einige H\u00f6hepunkte &#8211; so wurde Jochen Plett f\u00fcr50 Jahre Vereinszugeh\u00f6rigkeit geehrt, Kai Nimz hat sein Globus Abzeichen in der letzten Fahrtensaison erpaddelt, J\u00fcrgen Kock (Jodel) erhielt die Vereinsnadel in Gold und Reimer\" \/>\n<meta property=\"og:url\" content=\"https:\/\/kanu-gruppe-wilster.de\/index.php\/bericht-der-jahreshauptversammlung-jan-2018\/\" \/>\n<meta property=\"og:site_name\" content=\"Kanu Gruppe Wilster e.V.\" \/>\n<meta property=\"article:published_time\" content=\"2018-02-11T11:07:45+00:00\" \/>\n<meta property=\"article:modified_time\" content=\"2018-02-11T11:35:01+00:00\" \/>\n<meta name=\"twitter:card\" content=\"summary\" \/>\n<meta name=\"twitter:label1\" content=\"Verfasst von\" \/>\n\t<meta name=\"twitter:data1\" content=\"UweMuenster\" \/>\n<script type=\"application\/ld+json\" class=\"yoast-schema-graph\">{\"@context\":\"https:\/\/schema.org\",\"@graph\":[{\"@type\":\"WebSite\",\"@id\":\"https:\/\/kanu-gruppe-wilster.de\/#website\",\"url\":\"https:\/\/kanu-gruppe-wilster.de\/\",\"name\":\"Kanu Gruppe Wilster e.V.\",\"description\":\"Kanuverein an der Wilster Au\",\"potentialAction\":[{\"@type\":\"SearchAction\",\"target\":{\"@type\":\"EntryPoint\",\"urlTemplate\":\"https:\/\/kanu-gruppe-wilster.de\/?s={search_term_string}\"},\"query-input\":\"required name=search_term_string\"}],\"inLanguage\":\"de\"},{\"@type\":\"WebPage\",\"@id\":\"https:\/\/kanu-gruppe-wilster.de\/index.php\/bericht-der-jahreshauptversammlung-jan-2018\/#webpage\",\"url\":\"https:\/\/kanu-gruppe-wilster.de\/index.php\/bericht-der-jahreshauptversammlung-jan-2018\/\",\"name\":\"Bericht der Jahreshauptversammlung Jan. 2018 &ndash; Kanu Gruppe Wilster e.V.\",\"isPartOf\":{\"@id\":\"https:\/\/kanu-gruppe-wilster.de\/#website\"},\"datePublished\":\"2018-02-11T11:07:45+00:00\",\"dateModified\":\"2018-02-11T11:35:01+00:00\",\"author\":{\"@id\":\"https:\/\/kanu-gruppe-wilster.de\/#\/schema\/person\/7489fc75ff891776bcddaa56e64dbb54\"},\"breadcrumb\":{\"@id\":\"https:\/\/kanu-gruppe-wilster.de\/index.php\/bericht-der-jahreshauptversammlung-jan-2018\/#breadcrumb\"},\"inLanguage\":\"de\",\"potentialAction\":[{\"@type\":\"ReadAction\",\"target\":[\"https:\/\/kanu-gruppe-wilster.de\/index.php\/bericht-der-jahreshauptversammlung-jan-2018\/\"]}]},{\"@type\":\"BreadcrumbList\",\"@id\":\"https:\/\/kanu-gruppe-wilster.de\/index.php\/bericht-der-jahreshauptversammlung-jan-2018\/#breadcrumb\",\"itemListElement\":[{\"@type\":\"ListItem\",\"position\":1,\"name\":\"Startseite\",\"item\":\"https:\/\/kanu-gruppe-wilster.de\/\"},{\"@type\":\"ListItem\",\"position\":2,\"name\":\"Bericht der Jahreshauptversammlung Jan. 2018\"}]},{\"@type\":\"Person\",\"@id\":\"https:\/\/kanu-gruppe-wilster.de\/#\/schema\/person\/7489fc75ff891776bcddaa56e64dbb54\",\"name\":\"UweMuenster\",\"image\":{\"@type\":\"ImageObject\",\"inLanguage\":\"de\",\"@id\":\"https:\/\/kanu-gruppe-wilster.de\/#\/schema\/person\/image\/\",\"url\":\"https:\/\/secure.gravatar.com\/avatar\/633d80af5ecf11a7e42ad51ef88894a9?s=96&d=mm&r=g\",\"contentUrl\":\"https:\/\/secure.gravatar.com\/avatar\/633d80af5ecf11a7e42ad51ef88894a9?s=96&d=mm&r=g\",\"caption\":\"UweMuenster\"},\"url\":\"https:\/\/kanu-gruppe-wilster.de\/index.php\/author\/uwemuenster\/\"}]}<\/script>\n<!-- \/ Yoast SEO plugin. -->","yoast_head_json":{"title":"Bericht der Jahreshauptversammlung Jan. 2018 &ndash; Kanu Gruppe Wilster e.V.","robots":{"index":"index","follow":"follow","max-snippet":"max-snippet:-1","max-image-preview":"max-image-preview:large","max-video-preview":"max-video-preview:-1"},"canonical":"https:\/\/kanu-gruppe-wilster.de\/index.php\/bericht-der-jahreshauptversammlung-jan-2018\/","og_locale":"de_DE","og_type":"article","og_title":"Bericht der Jahreshauptversammlung Jan. 2018 &ndash; Kanu Gruppe Wilster e.V.","og_description":"Am Sonntag, den 28.01.2018, fand wie immer um 15.00 unsere j\u00e4hrliche Jahreshauptversammlung statt. Auch in diesem Jahr gab es unter dem Punkt &#8222;Ehrungen&#8220; einige H\u00f6hepunkte &#8211; so wurde Jochen Plett f\u00fcr50 Jahre Vereinszugeh\u00f6rigkeit geehrt, Kai Nimz hat sein Globus Abzeichen in der letzten Fahrtensaison erpaddelt, J\u00fcrgen Kock (Jodel) erhielt die Vereinsnadel in Gold und Reimer","og_url":"https:\/\/kanu-gruppe-wilster.de\/index.php\/bericht-der-jahreshauptversammlung-jan-2018\/","og_site_name":"Kanu Gruppe Wilster e.V.","article_published_time":"2018-02-11T11:07:45+00:00","article_modified_time":"2018-02-11T11:35:01+00:00","twitter_card":"summary","twitter_misc":{"Verfasst von":"UweMuenster"},"schema":{"@context":"https:\/\/schema.org","@graph":[{"@type":"WebSite","@id":"https:\/\/kanu-gruppe-wilster.de\/#website","url":"https:\/\/kanu-gruppe-wilster.de\/","name":"Kanu Gruppe Wilster e.V.","description":"Kanuverein an der Wilster Au","potentialAction":[{"@type":"SearchAction","target":{"@type":"EntryPoint","urlTemplate":"https:\/\/kanu-gruppe-wilster.de\/?s={search_term_string}"},"query-input":"required name=search_term_string"}],"inLanguage":"de"},{"@type":"WebPage","@id":"https:\/\/kanu-gruppe-wilster.de\/index.php\/bericht-der-jahreshauptversammlung-jan-2018\/#webpage","url":"https:\/\/kanu-gruppe-wilster.de\/index.php\/bericht-der-jahreshauptversammlung-jan-2018\/","name":"Bericht der Jahreshauptversammlung Jan. 2018 &ndash; Kanu Gruppe Wilster e.V.","isPartOf":{"@id":"https:\/\/kanu-gruppe-wilster.de\/#website"},"datePublished":"2018-02-11T11:07:45+00:00","dateModified":"2018-02-11T11:35:01+00:00","author":{"@id":"https:\/\/kanu-gruppe-wilster.de\/#\/schema\/person\/7489fc75ff891776bcddaa56e64dbb54"},"breadcrumb":{"@id":"https:\/\/kanu-gruppe-wilster.de\/index.php\/bericht-der-jahreshauptversammlung-jan-2018\/#breadcrumb"},"inLanguage":"de","potentialAction":[{"@type":"ReadAction","target":["https:\/\/kanu-gruppe-wilster.de\/index.php\/bericht-der-jahreshauptversammlung-jan-2018\/"]}]},{"@type":"BreadcrumbList","@id":"https:\/\/kanu-gruppe-wilster.de\/index.php\/bericht-der-jahreshauptversammlung-jan-2018\/#breadcrumb","itemListElement":[{"@type":"ListItem","position":1,"name":"Startseite","item":"https:\/\/kanu-gruppe-wilster.de\/"},{"@type":"ListItem","position":2,"name":"Bericht der Jahreshauptversammlung Jan. 2018"}]},{"@type":"Person","@id":"https:\/\/kanu-gruppe-wilster.de\/#\/schema\/person\/7489fc75ff891776bcddaa56e64dbb54","name":"UweMuenster","image":{"@type":"ImageObject","inLanguage":"de","@id":"https:\/\/kanu-gruppe-wilster.de\/#\/schema\/person\/image\/","url":"https:\/\/secure.gravatar.com\/avatar\/633d80af5ecf11a7e42ad51ef88894a9?s=96&d=mm&r=g","contentUrl":"https:\/\/secure.gravatar.com\/avatar\/633d80af5ecf11a7e42ad51ef88894a9?s=96&d=mm&r=g","caption":"UweMuenster"},"url":"https:\/\/kanu-gruppe-wilster.de\/index.php\/author\/uwemuenster\/"}]}},"_links":{"self":[{"href":"https:\/\/kanu-gruppe-wilster.de\/index.php\/wp-json\/wp\/v2\/posts\/7182"}],"collection":[{"href":"https:\/\/kanu-gruppe-wilster.de\/index.php\/wp-json\/wp\/v2\/posts"}],"about":[{"href":"https:\/\/kanu-gruppe-wilster.de\/index.php\/wp-json\/wp\/v2\/types\/post"}],"author":[{"embeddable":true,"href":"https:\/\/kanu-gruppe-wilster.de\/index.php\/wp-json\/wp\/v2\/users\/2"}],"replies":[{"embeddable":true,"href":"https:\/\/kanu-gruppe-wilster.de\/index.php\/wp-json\/wp\/v2\/comments?post=7182"}],"version-history":[{"count":6,"href":"https:\/\/kanu-gruppe-wilster.de\/index.php\/wp-json\/wp\/v2\/posts\/7182\/revisions"}],"predecessor-version":[{"id":7193,"href":"https:\/\/kanu-gruppe-wilster.de\/index.php\/wp-json\/wp\/v2\/posts\/7182\/revisions\/7193"}],"wp:attachment":[{"href":"https:\/\/kanu-gruppe-wilster.de\/index.php\/wp-json\/wp\/v2\/media?parent=7182"}],"wp:term":[{"taxonomy":"category","embeddable":true,"href":"https:\/\/kanu-gruppe-wilster.de\/index.php\/wp-json\/wp\/v2\/categories?post=7182"},{"taxonomy":"post_tag","embeddable":true,"href":"https:\/\/kanu-gruppe-wilster.de\/index.php\/wp-json\/wp\/v2\/tags?post=7182"}],"curies":[{"name":"wp","href":"https:\/\/api.w.org\/{rel}","templated":true}]}}