{"id":7148,"date":"2018-01-09T20:17:28","date_gmt":"2018-01-09T19:17:28","guid":{"rendered":"http:\/\/www.kanu-gruppe-wilster.de\/?p=7148"},"modified":"2018-01-09T20:24:51","modified_gmt":"2018-01-09T19:24:51","slug":"bericht-der-weihnachtsfeier-2017","status":"publish","type":"post","link":"https:\/\/kanu-gruppe-wilster.de\/index.php\/bericht-der-weihnachtsfeier-2017\/","title":{"rendered":"Bericht der Weihnachtsfeier 2017"},"content":{"rendered":"<p>Auch in diesem Jahr feierten wir unsere Weihnachtsfeier in der Begegnungsst\u00e4tte. F\u00fcr ihre langj\u00e4hrige Mitgliedschaft wurden Uwe Andresen und Dieter Thumann von unserer Vorsitzenden Conny Lamberty und ihrem Vorstandsteam geehrt und mit einem tollen Pr\u00e4sentkorb bedacht. Ein besonderes Highlight hatte unser Vereinsmitglied Hermann Schwichtberg im Gep\u00e4ck. Er \u00fcberreichte der Kanu Gruppe Wilster, sowie Ingmar Engel pers\u00f6nlich, ein Exemplar des Steinburger Jahrbuch. Zum Erstenmal widmet sich das Jahrbuch dem Kanu Sport mit dem Thema Kentertraining. Hierzu hatte Hermann das Kentertraining unseres Vereins im Hallenbad Wilster besucht und sich ausf\u00fchrlich von Ingmar alles erkl\u00e4ren lassen. Diesen Stoff mit 2 Fotos hat er dann im Jahrbuch unterbringen k\u00f6nnen. Eine tolle Sache f\u00fcr uns KGW-ler.<\/p>\n<p>Einen ausf\u00fchrlichen Bericht der WZ vom 22.12.17 findet Ihr unter dem folgenden<\/p>\n<p><a href=\"https:\/\/kanu-gruppe-wilster.de\/wp-content\/gallery\/weihnachtsfeier-2017\/CAM01469.jpg\">Bericht der WZ Dez.2017<\/a><\/p>\n<p>&nbsp;<\/p>\n<div id=\"attachment_7124\" style=\"width: 495px\" class=\"wp-caption alignnone\"><img aria-describedby=\"caption-attachment-7124\" loading=\"lazy\" class=\" wp-image-7124\" src=\"https:\/\/kanu-gruppe-wilster.de\/wp-content\/uploads\/2017\/12\/IMG_2645-300x200.jpg\" alt=\"\" width=\"485\" height=\"323\" srcset=\"https:\/\/kanu-gruppe-wilster.de\/wp-content\/uploads\/2017\/12\/IMG_2645-300x200.jpg 300w, https:\/\/kanu-gruppe-wilster.de\/wp-content\/uploads\/2017\/12\/IMG_2645-768x512.jpg 768w, https:\/\/kanu-gruppe-wilster.de\/wp-content\/uploads\/2017\/12\/IMG_2645.jpg 1024w, https:\/\/kanu-gruppe-wilster.de\/wp-content\/uploads\/2017\/12\/IMG_2645-280x187.jpg 280w\" sizes=\"(max-width: 485px) 100vw, 485px\" \/><p id=\"caption-attachment-7124\" class=\"wp-caption-text\">Unsere Jubilare!<\/p><\/div>\n","protected":false},"excerpt":{"rendered":"<p>Auch in diesem Jahr feierten wir unsere Weihnachtsfeier in der Begegnungsst\u00e4tte. F\u00fcr ihre langj\u00e4hrige Mitgliedschaft wurden Uwe Andresen und Dieter Thumann von unserer Vorsitzenden Conny Lamberty und ihrem Vorstandsteam geehrt und mit einem tollen Pr\u00e4sentkorb bedacht. Ein besonderes Highlight hatte unser Vereinsmitglied Hermann Schwichtberg im Gep\u00e4ck. Er \u00fcberreichte der Kanu Gruppe Wilster, sowie Ingmar Engel<\/p>\n","protected":false},"author":2,"featured_media":0,"comment_status":"open","ping_status":"open","sticky":false,"template":"","format":"standard","meta":{"ngg_post_thumbnail":0},"categories":[5],"tags":[],"yoast_head":"<!-- This site is optimized with the Yoast SEO plugin v19.0 - https:\/\/yoast.com\/wordpress\/plugins\/seo\/ -->\n<title>Bericht der Weihnachtsfeier 2017 &ndash; Kanu Gruppe Wilster e.V.<\/title>\n<meta name=\"robots\" content=\"index, follow, max-snippet:-1, max-image-preview:large, max-video-preview:-1\" \/>\n<link rel=\"canonical\" href=\"https:\/\/kanu-gruppe-wilster.de\/index.php\/bericht-der-weihnachtsfeier-2017\/\" \/>\n<meta property=\"og:locale\" content=\"de_DE\" \/>\n<meta property=\"og:type\" content=\"article\" \/>\n<meta property=\"og:title\" content=\"Bericht der Weihnachtsfeier 2017 &ndash; Kanu Gruppe Wilster e.V.\" \/>\n<meta property=\"og:description\" content=\"Auch in diesem Jahr feierten wir unsere Weihnachtsfeier in der Begegnungsst\u00e4tte. F\u00fcr ihre langj\u00e4hrige Mitgliedschaft wurden Uwe Andresen und Dieter Thumann von unserer Vorsitzenden Conny Lamberty und ihrem Vorstandsteam geehrt und mit einem tollen Pr\u00e4sentkorb bedacht. Ein besonderes Highlight hatte unser Vereinsmitglied Hermann Schwichtberg im Gep\u00e4ck. Er \u00fcberreichte der Kanu Gruppe Wilster, sowie Ingmar Engel\" \/>\n<meta property=\"og:url\" content=\"https:\/\/kanu-gruppe-wilster.de\/index.php\/bericht-der-weihnachtsfeier-2017\/\" \/>\n<meta property=\"og:site_name\" content=\"Kanu Gruppe Wilster e.V.\" \/>\n<meta property=\"article:published_time\" content=\"2018-01-09T19:17:28+00:00\" \/>\n<meta property=\"article:modified_time\" content=\"2018-01-09T19:24:51+00:00\" \/>\n<meta property=\"og:image\" content=\"https:\/\/kanu-gruppe-wilster.de\/wp-content\/uploads\/2017\/12\/IMG_2645-300x200.jpg\" \/>\n<meta name=\"twitter:card\" content=\"summary\" \/>\n<meta name=\"twitter:label1\" content=\"Verfasst von\" \/>\n\t<meta name=\"twitter:data1\" content=\"UweMuenster\" \/>\n\t<meta name=\"twitter:label2\" content=\"Gesch\u00e4tzte Lesezeit\" \/>\n\t<meta name=\"twitter:data2\" content=\"1\u00a0Minute\" \/>\n<script type=\"application\/ld+json\" class=\"yoast-schema-graph\">{\"@context\":\"https:\/\/schema.org\",\"@graph\":[{\"@type\":\"WebSite\",\"@id\":\"https:\/\/kanu-gruppe-wilster.de\/#website\",\"url\":\"https:\/\/kanu-gruppe-wilster.de\/\",\"name\":\"Kanu Gruppe Wilster e.V.\",\"description\":\"Kanuverein an der Wilster Au\",\"potentialAction\":[{\"@type\":\"SearchAction\",\"target\":{\"@type\":\"EntryPoint\",\"urlTemplate\":\"https:\/\/kanu-gruppe-wilster.de\/?s={search_term_string}\"},\"query-input\":\"required name=search_term_string\"}],\"inLanguage\":\"de\"},{\"@type\":\"ImageObject\",\"inLanguage\":\"de\",\"@id\":\"https:\/\/kanu-gruppe-wilster.de\/index.php\/bericht-der-weihnachtsfeier-2017\/#primaryimage\",\"url\":\"https:\/\/kanu-gruppe-wilster.de\/wp-content\/uploads\/2017\/12\/IMG_2645.jpg\",\"contentUrl\":\"https:\/\/kanu-gruppe-wilster.de\/wp-content\/uploads\/2017\/12\/IMG_2645.jpg\",\"width\":1024,\"height\":682,\"caption\":\"Unsere Jubilare!\"},{\"@type\":\"WebPage\",\"@id\":\"https:\/\/kanu-gruppe-wilster.de\/index.php\/bericht-der-weihnachtsfeier-2017\/#webpage\",\"url\":\"https:\/\/kanu-gruppe-wilster.de\/index.php\/bericht-der-weihnachtsfeier-2017\/\",\"name\":\"Bericht der Weihnachtsfeier 2017 &ndash; Kanu Gruppe Wilster e.V.\",\"isPartOf\":{\"@id\":\"https:\/\/kanu-gruppe-wilster.de\/#website\"},\"primaryImageOfPage\":{\"@id\":\"https:\/\/kanu-gruppe-wilster.de\/index.php\/bericht-der-weihnachtsfeier-2017\/#primaryimage\"},\"datePublished\":\"2018-01-09T19:17:28+00:00\",\"dateModified\":\"2018-01-09T19:24:51+00:00\",\"author\":{\"@id\":\"https:\/\/kanu-gruppe-wilster.de\/#\/schema\/person\/7489fc75ff891776bcddaa56e64dbb54\"},\"breadcrumb\":{\"@id\":\"https:\/\/kanu-gruppe-wilster.de\/index.php\/bericht-der-weihnachtsfeier-2017\/#breadcrumb\"},\"inLanguage\":\"de\",\"potentialAction\":[{\"@type\":\"ReadAction\",\"target\":[\"https:\/\/kanu-gruppe-wilster.de\/index.php\/bericht-der-weihnachtsfeier-2017\/\"]}]},{\"@type\":\"BreadcrumbList\",\"@id\":\"https:\/\/kanu-gruppe-wilster.de\/index.php\/bericht-der-weihnachtsfeier-2017\/#breadcrumb\",\"itemListElement\":[{\"@type\":\"ListItem\",\"position\":1,\"name\":\"Startseite\",\"item\":\"https:\/\/kanu-gruppe-wilster.de\/\"},{\"@type\":\"ListItem\",\"position\":2,\"name\":\"Bericht der Weihnachtsfeier 2017\"}]},{\"@type\":\"Person\",\"@id\":\"https:\/\/kanu-gruppe-wilster.de\/#\/schema\/person\/7489fc75ff891776bcddaa56e64dbb54\",\"name\":\"UweMuenster\",\"image\":{\"@type\":\"ImageObject\",\"inLanguage\":\"de\",\"@id\":\"https:\/\/kanu-gruppe-wilster.de\/#\/schema\/person\/image\/\",\"url\":\"https:\/\/secure.gravatar.com\/avatar\/633d80af5ecf11a7e42ad51ef88894a9?s=96&d=mm&r=g\",\"contentUrl\":\"https:\/\/secure.gravatar.com\/avatar\/633d80af5ecf11a7e42ad51ef88894a9?s=96&d=mm&r=g\",\"caption\":\"UweMuenster\"},\"url\":\"https:\/\/kanu-gruppe-wilster.de\/index.php\/author\/uwemuenster\/\"}]}<\/script>\n<!-- \/ Yoast SEO plugin. -->","yoast_head_json":{"title":"Bericht der Weihnachtsfeier 2017 &ndash; Kanu Gruppe Wilster e.V.","robots":{"index":"index","follow":"follow","max-snippet":"max-snippet:-1","max-image-preview":"max-image-preview:large","max-video-preview":"max-video-preview:-1"},"canonical":"https:\/\/kanu-gruppe-wilster.de\/index.php\/bericht-der-weihnachtsfeier-2017\/","og_locale":"de_DE","og_type":"article","og_title":"Bericht der Weihnachtsfeier 2017 &ndash; Kanu Gruppe Wilster e.V.","og_description":"Auch in diesem Jahr feierten wir unsere Weihnachtsfeier in der Begegnungsst\u00e4tte. F\u00fcr ihre langj\u00e4hrige Mitgliedschaft wurden Uwe Andresen und Dieter Thumann von unserer Vorsitzenden Conny Lamberty und ihrem Vorstandsteam geehrt und mit einem tollen Pr\u00e4sentkorb bedacht. Ein besonderes Highlight hatte unser Vereinsmitglied Hermann Schwichtberg im Gep\u00e4ck. Er \u00fcberreichte der Kanu Gruppe Wilster, sowie Ingmar Engel","og_url":"https:\/\/kanu-gruppe-wilster.de\/index.php\/bericht-der-weihnachtsfeier-2017\/","og_site_name":"Kanu Gruppe Wilster e.V.","article_published_time":"2018-01-09T19:17:28+00:00","article_modified_time":"2018-01-09T19:24:51+00:00","og_image":[{"url":"https:\/\/kanu-gruppe-wilster.de\/wp-content\/uploads\/2017\/12\/IMG_2645-300x200.jpg"}],"twitter_card":"summary","twitter_misc":{"Verfasst von":"UweMuenster","Gesch\u00e4tzte Lesezeit":"1\u00a0Minute"},"schema":{"@context":"https:\/\/schema.org","@graph":[{"@type":"WebSite","@id":"https:\/\/kanu-gruppe-wilster.de\/#website","url":"https:\/\/kanu-gruppe-wilster.de\/","name":"Kanu Gruppe Wilster e.V.","description":"Kanuverein an der Wilster Au","potentialAction":[{"@type":"SearchAction","target":{"@type":"EntryPoint","urlTemplate":"https:\/\/kanu-gruppe-wilster.de\/?s={search_term_string}"},"query-input":"required name=search_term_string"}],"inLanguage":"de"},{"@type":"ImageObject","inLanguage":"de","@id":"https:\/\/kanu-gruppe-wilster.de\/index.php\/bericht-der-weihnachtsfeier-2017\/#primaryimage","url":"https:\/\/kanu-gruppe-wilster.de\/wp-content\/uploads\/2017\/12\/IMG_2645.jpg","contentUrl":"https:\/\/kanu-gruppe-wilster.de\/wp-content\/uploads\/2017\/12\/IMG_2645.jpg","width":1024,"height":682,"caption":"Unsere Jubilare!"},{"@type":"WebPage","@id":"https:\/\/kanu-gruppe-wilster.de\/index.php\/bericht-der-weihnachtsfeier-2017\/#webpage","url":"https:\/\/kanu-gruppe-wilster.de\/index.php\/bericht-der-weihnachtsfeier-2017\/","name":"Bericht der Weihnachtsfeier 2017 &ndash; Kanu Gruppe Wilster e.V.","isPartOf":{"@id":"https:\/\/kanu-gruppe-wilster.de\/#website"},"primaryImageOfPage":{"@id":"https:\/\/kanu-gruppe-wilster.de\/index.php\/bericht-der-weihnachtsfeier-2017\/#primaryimage"},"datePublished":"2018-01-09T19:17:28+00:00","dateModified":"2018-01-09T19:24:51+00:00","author":{"@id":"https:\/\/kanu-gruppe-wilster.de\/#\/schema\/person\/7489fc75ff891776bcddaa56e64dbb54"},"breadcrumb":{"@id":"https:\/\/kanu-gruppe-wilster.de\/index.php\/bericht-der-weihnachtsfeier-2017\/#breadcrumb"},"inLanguage":"de","potentialAction":[{"@type":"ReadAction","target":["https:\/\/kanu-gruppe-wilster.de\/index.php\/bericht-der-weihnachtsfeier-2017\/"]}]},{"@type":"BreadcrumbList","@id":"https:\/\/kanu-gruppe-wilster.de\/index.php\/bericht-der-weihnachtsfeier-2017\/#breadcrumb","itemListElement":[{"@type":"ListItem","position":1,"name":"Startseite","item":"https:\/\/kanu-gruppe-wilster.de\/"},{"@type":"ListItem","position":2,"name":"Bericht der Weihnachtsfeier 2017"}]},{"@type":"Person","@id":"https:\/\/kanu-gruppe-wilster.de\/#\/schema\/person\/7489fc75ff891776bcddaa56e64dbb54","name":"UweMuenster","image":{"@type":"ImageObject","inLanguage":"de","@id":"https:\/\/kanu-gruppe-wilster.de\/#\/schema\/person\/image\/","url":"https:\/\/secure.gravatar.com\/avatar\/633d80af5ecf11a7e42ad51ef88894a9?s=96&d=mm&r=g","contentUrl":"https:\/\/secure.gravatar.com\/avatar\/633d80af5ecf11a7e42ad51ef88894a9?s=96&d=mm&r=g","caption":"UweMuenster"},"url":"https:\/\/kanu-gruppe-wilster.de\/index.php\/author\/uwemuenster\/"}]}},"_links":{"self":[{"href":"https:\/\/kanu-gruppe-wilster.de\/index.php\/wp-json\/wp\/v2\/posts\/7148"}],"collection":[{"href":"https:\/\/kanu-gruppe-wilster.de\/index.php\/wp-json\/wp\/v2\/posts"}],"about":[{"href":"https:\/\/kanu-gruppe-wilster.de\/index.php\/wp-json\/wp\/v2\/types\/post"}],"author":[{"embeddable":true,"href":"https:\/\/kanu-gruppe-wilster.de\/index.php\/wp-json\/wp\/v2\/users\/2"}],"replies":[{"embeddable":true,"href":"https:\/\/kanu-gruppe-wilster.de\/index.php\/wp-json\/wp\/v2\/comments?post=7148"}],"version-history":[{"count":5,"href":"https:\/\/kanu-gruppe-wilster.de\/index.php\/wp-json\/wp\/v2\/posts\/7148\/revisions"}],"predecessor-version":[{"id":7157,"href":"https:\/\/kanu-gruppe-wilster.de\/index.php\/wp-json\/wp\/v2\/posts\/7148\/revisions\/7157"}],"wp:attachment":[{"href":"https:\/\/kanu-gruppe-wilster.de\/index.php\/wp-json\/wp\/v2\/media?parent=7148"}],"wp:term":[{"taxonomy":"category","embeddable":true,"href":"https:\/\/kanu-gruppe-wilster.de\/index.php\/wp-json\/wp\/v2\/categories?post=7148"},{"taxonomy":"post_tag","embeddable":true,"href":"https:\/\/kanu-gruppe-wilster.de\/index.php\/wp-json\/wp\/v2\/tags?post=7148"}],"curies":[{"name":"wp","href":"https:\/\/api.w.org\/{rel}","templated":true}]}}