{"id":6844,"date":"2017-10-06T21:33:56","date_gmt":"2017-10-06T19:33:56","guid":{"rendered":"http:\/\/www.kanu-gruppe-wilster.de\/?p=6844"},"modified":"2017-10-06T21:36:19","modified_gmt":"2017-10-06T19:36:19","slug":"lampionfahrt-auf-der-wilsterau-2017","status":"publish","type":"post","link":"https:\/\/kanu-gruppe-wilster.de\/index.php\/lampionfahrt-auf-der-wilsterau-2017\/","title":{"rendered":"Lampionfahrt auf der Wilsterau 2017"},"content":{"rendered":"<p>Am letzten Montag, den 02.10.17, trafen wir uns um ca. 17:45 am Bootshaus um unsere Kajaks mit Lampions zu schm\u00fccken. Wir haben uns sehr \u00fcber unsere zahlreichen G\u00e4ste vom IKC Itzehoe gefreut. Enno und Bj\u00f6rn haben mit ihrer Jugendgruppe (ca.12 Jugendliche) mit toll geschm\u00fcckten Booten die Lampionfahrt auf der Wilsterau bereichert. Gegen 18:45 paddelten wir dann zur B5 Stra\u00dfenbr\u00fccke.&nbsp; Um 19:00 startete hier der Laternenumzug der Gemeinde St\u00f6rdorf und machte sich auf den Weg nach Kasenort. Wir begleiteten den Laternenumzug auf dem Wasser.&nbsp; In Kasenort wurden im Schleusenbereich noch ein paar Laternenlieder gesungen. Die Laternen zu Land und zu Wasser h\u00fcllten die Schleuse und die Hubbr\u00fccke in ein tolles Bild. Als kleines Dankesch\u00f6n f\u00fcr die Begleitung des Laternenumzugs&nbsp; zu Wasser erhielten alle \u201ekleinen Paddler\u201c eine Nascht\u00fcte vom B\u00fcrgermeister der Gemeinde.&nbsp; Auf dem Heimweg war es dann stock finster. Anschlie\u00dfend wurde am Bootshaus noch etwas Kl\u00f6nschnack gehalten und alle waren sich danach einig \u2013 wir sind n\u00e4chstes Jahr wieder dabei.<\/p>\n<p>Fotos vom Lampionfest findet ihr unter dem Link <span style=\"color: #ff0000;\"><a href=\"https:\/\/kanu-gruppe-wilster.de\/index.php\/galerie\/jahrgang-2017\/fotos\/2017\/Lampionfahrt-auf-der-Wilsterau-2017\">Lampionfahrt 2017<\/a><\/span><\/p>\n<p><img loading=\"lazy\" class=\"wp-image-6845 aligncenter\" src=\"https:\/\/kanu-gruppe-wilster.de\/wp-content\/uploads\/2017\/10\/P1020087-300x225.jpg\" alt=\"\" width=\"483\" height=\"362\" srcset=\"https:\/\/kanu-gruppe-wilster.de\/wp-content\/uploads\/2017\/10\/P1020087-300x225.jpg 300w, https:\/\/kanu-gruppe-wilster.de\/wp-content\/uploads\/2017\/10\/P1020087-768x576.jpg 768w, https:\/\/kanu-gruppe-wilster.de\/wp-content\/uploads\/2017\/10\/P1020087.jpg 1024w, https:\/\/kanu-gruppe-wilster.de\/wp-content\/uploads\/2017\/10\/P1020087-249x187.jpg 249w\" sizes=\"(max-width: 483px) 100vw, 483px\" \/><\/p>\n<p>&nbsp;<\/p>\n<p>&nbsp;<\/p>\n","protected":false},"excerpt":{"rendered":"<p>Am letzten Montag, den 02.10.17, trafen wir uns um ca. 17:45 am Bootshaus um unsere Kajaks mit Lampions zu schm\u00fccken. Wir haben uns sehr \u00fcber unsere zahlreichen G\u00e4ste vom IKC Itzehoe gefreut. Enno und Bj\u00f6rn haben mit ihrer Jugendgruppe (ca.12 Jugendliche) mit toll geschm\u00fcckten Booten die Lampionfahrt auf der Wilsterau bereichert. Gegen 18:45 paddelten wir<\/p>\n","protected":false},"author":2,"featured_media":0,"comment_status":"open","ping_status":"open","sticky":false,"template":"","format":"standard","meta":{"ngg_post_thumbnail":0},"categories":[4],"tags":[],"yoast_head":"<!-- This site is optimized with the Yoast SEO plugin v19.0 - https:\/\/yoast.com\/wordpress\/plugins\/seo\/ -->\n<title>Lampionfahrt auf der Wilsterau 2017 &ndash; Kanu Gruppe Wilster e.V.<\/title>\n<meta name=\"robots\" content=\"index, follow, max-snippet:-1, max-image-preview:large, max-video-preview:-1\" \/>\n<link rel=\"canonical\" href=\"https:\/\/kanu-gruppe-wilster.de\/index.php\/lampionfahrt-auf-der-wilsterau-2017\/\" \/>\n<meta property=\"og:locale\" content=\"de_DE\" \/>\n<meta property=\"og:type\" content=\"article\" \/>\n<meta property=\"og:title\" content=\"Lampionfahrt auf der Wilsterau 2017 &ndash; Kanu Gruppe Wilster e.V.\" \/>\n<meta property=\"og:description\" content=\"Am letzten Montag, den 02.10.17, trafen wir uns um ca. 17:45 am Bootshaus um unsere Kajaks mit Lampions zu schm\u00fccken. Wir haben uns sehr \u00fcber unsere zahlreichen G\u00e4ste vom IKC Itzehoe gefreut. Enno und Bj\u00f6rn haben mit ihrer Jugendgruppe (ca.12 Jugendliche) mit toll geschm\u00fcckten Booten die Lampionfahrt auf der Wilsterau bereichert. Gegen 18:45 paddelten wir\" \/>\n<meta property=\"og:url\" content=\"https:\/\/kanu-gruppe-wilster.de\/index.php\/lampionfahrt-auf-der-wilsterau-2017\/\" \/>\n<meta property=\"og:site_name\" content=\"Kanu Gruppe Wilster e.V.\" \/>\n<meta property=\"article:published_time\" content=\"2017-10-06T19:33:56+00:00\" \/>\n<meta property=\"article:modified_time\" content=\"2017-10-06T19:36:19+00:00\" \/>\n<meta property=\"og:image\" content=\"https:\/\/kanu-gruppe-wilster.de\/wp-content\/uploads\/2017\/10\/P1020087-300x225.jpg\" \/>\n<meta name=\"twitter:card\" content=\"summary\" \/>\n<meta name=\"twitter:label1\" content=\"Verfasst von\" \/>\n\t<meta name=\"twitter:data1\" content=\"UweMuenster\" \/>\n\t<meta name=\"twitter:label2\" content=\"Gesch\u00e4tzte Lesezeit\" \/>\n\t<meta name=\"twitter:data2\" content=\"1\u00a0Minute\" \/>\n<script type=\"application\/ld+json\" class=\"yoast-schema-graph\">{\"@context\":\"https:\/\/schema.org\",\"@graph\":[{\"@type\":\"WebSite\",\"@id\":\"https:\/\/kanu-gruppe-wilster.de\/#website\",\"url\":\"https:\/\/kanu-gruppe-wilster.de\/\",\"name\":\"Kanu Gruppe Wilster e.V.\",\"description\":\"Kanuverein an der Wilster Au\",\"potentialAction\":[{\"@type\":\"SearchAction\",\"target\":{\"@type\":\"EntryPoint\",\"urlTemplate\":\"https:\/\/kanu-gruppe-wilster.de\/?s={search_term_string}\"},\"query-input\":\"required name=search_term_string\"}],\"inLanguage\":\"de\"},{\"@type\":\"ImageObject\",\"inLanguage\":\"de\",\"@id\":\"https:\/\/kanu-gruppe-wilster.de\/index.php\/lampionfahrt-auf-der-wilsterau-2017\/#primaryimage\",\"url\":\"https:\/\/kanu-gruppe-wilster.de\/wp-content\/uploads\/2017\/10\/P1020087.jpg\",\"contentUrl\":\"https:\/\/kanu-gruppe-wilster.de\/wp-content\/uploads\/2017\/10\/P1020087.jpg\",\"width\":1024,\"height\":768,\"caption\":\"Die unter Denkmalschutz stehende Kasenorter Schleuse in tollem Lichterglanz\"},{\"@type\":\"WebPage\",\"@id\":\"https:\/\/kanu-gruppe-wilster.de\/index.php\/lampionfahrt-auf-der-wilsterau-2017\/#webpage\",\"url\":\"https:\/\/kanu-gruppe-wilster.de\/index.php\/lampionfahrt-auf-der-wilsterau-2017\/\",\"name\":\"Lampionfahrt auf der Wilsterau 2017 &ndash; Kanu Gruppe Wilster e.V.\",\"isPartOf\":{\"@id\":\"https:\/\/kanu-gruppe-wilster.de\/#website\"},\"primaryImageOfPage\":{\"@id\":\"https:\/\/kanu-gruppe-wilster.de\/index.php\/lampionfahrt-auf-der-wilsterau-2017\/#primaryimage\"},\"datePublished\":\"2017-10-06T19:33:56+00:00\",\"dateModified\":\"2017-10-06T19:36:19+00:00\",\"author\":{\"@id\":\"https:\/\/kanu-gruppe-wilster.de\/#\/schema\/person\/7489fc75ff891776bcddaa56e64dbb54\"},\"breadcrumb\":{\"@id\":\"https:\/\/kanu-gruppe-wilster.de\/index.php\/lampionfahrt-auf-der-wilsterau-2017\/#breadcrumb\"},\"inLanguage\":\"de\",\"potentialAction\":[{\"@type\":\"ReadAction\",\"target\":[\"https:\/\/kanu-gruppe-wilster.de\/index.php\/lampionfahrt-auf-der-wilsterau-2017\/\"]}]},{\"@type\":\"BreadcrumbList\",\"@id\":\"https:\/\/kanu-gruppe-wilster.de\/index.php\/lampionfahrt-auf-der-wilsterau-2017\/#breadcrumb\",\"itemListElement\":[{\"@type\":\"ListItem\",\"position\":1,\"name\":\"Startseite\",\"item\":\"https:\/\/kanu-gruppe-wilster.de\/\"},{\"@type\":\"ListItem\",\"position\":2,\"name\":\"Lampionfahrt auf der Wilsterau 2017\"}]},{\"@type\":\"Person\",\"@id\":\"https:\/\/kanu-gruppe-wilster.de\/#\/schema\/person\/7489fc75ff891776bcddaa56e64dbb54\",\"name\":\"UweMuenster\",\"image\":{\"@type\":\"ImageObject\",\"inLanguage\":\"de\",\"@id\":\"https:\/\/kanu-gruppe-wilster.de\/#\/schema\/person\/image\/\",\"url\":\"https:\/\/secure.gravatar.com\/avatar\/633d80af5ecf11a7e42ad51ef88894a9?s=96&d=mm&r=g\",\"contentUrl\":\"https:\/\/secure.gravatar.com\/avatar\/633d80af5ecf11a7e42ad51ef88894a9?s=96&d=mm&r=g\",\"caption\":\"UweMuenster\"},\"url\":\"https:\/\/kanu-gruppe-wilster.de\/index.php\/author\/uwemuenster\/\"}]}<\/script>\n<!-- \/ Yoast SEO plugin. -->","yoast_head_json":{"title":"Lampionfahrt auf der Wilsterau 2017 &ndash; Kanu Gruppe Wilster e.V.","robots":{"index":"index","follow":"follow","max-snippet":"max-snippet:-1","max-image-preview":"max-image-preview:large","max-video-preview":"max-video-preview:-1"},"canonical":"https:\/\/kanu-gruppe-wilster.de\/index.php\/lampionfahrt-auf-der-wilsterau-2017\/","og_locale":"de_DE","og_type":"article","og_title":"Lampionfahrt auf der Wilsterau 2017 &ndash; Kanu Gruppe Wilster e.V.","og_description":"Am letzten Montag, den 02.10.17, trafen wir uns um ca. 17:45 am Bootshaus um unsere Kajaks mit Lampions zu schm\u00fccken. Wir haben uns sehr \u00fcber unsere zahlreichen G\u00e4ste vom IKC Itzehoe gefreut. Enno und Bj\u00f6rn haben mit ihrer Jugendgruppe (ca.12 Jugendliche) mit toll geschm\u00fcckten Booten die Lampionfahrt auf der Wilsterau bereichert. Gegen 18:45 paddelten wir","og_url":"https:\/\/kanu-gruppe-wilster.de\/index.php\/lampionfahrt-auf-der-wilsterau-2017\/","og_site_name":"Kanu Gruppe Wilster e.V.","article_published_time":"2017-10-06T19:33:56+00:00","article_modified_time":"2017-10-06T19:36:19+00:00","og_image":[{"url":"https:\/\/kanu-gruppe-wilster.de\/wp-content\/uploads\/2017\/10\/P1020087-300x225.jpg"}],"twitter_card":"summary","twitter_misc":{"Verfasst von":"UweMuenster","Gesch\u00e4tzte Lesezeit":"1\u00a0Minute"},"schema":{"@context":"https:\/\/schema.org","@graph":[{"@type":"WebSite","@id":"https:\/\/kanu-gruppe-wilster.de\/#website","url":"https:\/\/kanu-gruppe-wilster.de\/","name":"Kanu Gruppe Wilster e.V.","description":"Kanuverein an der Wilster Au","potentialAction":[{"@type":"SearchAction","target":{"@type":"EntryPoint","urlTemplate":"https:\/\/kanu-gruppe-wilster.de\/?s={search_term_string}"},"query-input":"required name=search_term_string"}],"inLanguage":"de"},{"@type":"ImageObject","inLanguage":"de","@id":"https:\/\/kanu-gruppe-wilster.de\/index.php\/lampionfahrt-auf-der-wilsterau-2017\/#primaryimage","url":"https:\/\/kanu-gruppe-wilster.de\/wp-content\/uploads\/2017\/10\/P1020087.jpg","contentUrl":"https:\/\/kanu-gruppe-wilster.de\/wp-content\/uploads\/2017\/10\/P1020087.jpg","width":1024,"height":768,"caption":"Die unter Denkmalschutz stehende Kasenorter Schleuse in tollem Lichterglanz"},{"@type":"WebPage","@id":"https:\/\/kanu-gruppe-wilster.de\/index.php\/lampionfahrt-auf-der-wilsterau-2017\/#webpage","url":"https:\/\/kanu-gruppe-wilster.de\/index.php\/lampionfahrt-auf-der-wilsterau-2017\/","name":"Lampionfahrt auf der Wilsterau 2017 &ndash; Kanu Gruppe Wilster e.V.","isPartOf":{"@id":"https:\/\/kanu-gruppe-wilster.de\/#website"},"primaryImageOfPage":{"@id":"https:\/\/kanu-gruppe-wilster.de\/index.php\/lampionfahrt-auf-der-wilsterau-2017\/#primaryimage"},"datePublished":"2017-10-06T19:33:56+00:00","dateModified":"2017-10-06T19:36:19+00:00","author":{"@id":"https:\/\/kanu-gruppe-wilster.de\/#\/schema\/person\/7489fc75ff891776bcddaa56e64dbb54"},"breadcrumb":{"@id":"https:\/\/kanu-gruppe-wilster.de\/index.php\/lampionfahrt-auf-der-wilsterau-2017\/#breadcrumb"},"inLanguage":"de","potentialAction":[{"@type":"ReadAction","target":["https:\/\/kanu-gruppe-wilster.de\/index.php\/lampionfahrt-auf-der-wilsterau-2017\/"]}]},{"@type":"BreadcrumbList","@id":"https:\/\/kanu-gruppe-wilster.de\/index.php\/lampionfahrt-auf-der-wilsterau-2017\/#breadcrumb","itemListElement":[{"@type":"ListItem","position":1,"name":"Startseite","item":"https:\/\/kanu-gruppe-wilster.de\/"},{"@type":"ListItem","position":2,"name":"Lampionfahrt auf der Wilsterau 2017"}]},{"@type":"Person","@id":"https:\/\/kanu-gruppe-wilster.de\/#\/schema\/person\/7489fc75ff891776bcddaa56e64dbb54","name":"UweMuenster","image":{"@type":"ImageObject","inLanguage":"de","@id":"https:\/\/kanu-gruppe-wilster.de\/#\/schema\/person\/image\/","url":"https:\/\/secure.gravatar.com\/avatar\/633d80af5ecf11a7e42ad51ef88894a9?s=96&d=mm&r=g","contentUrl":"https:\/\/secure.gravatar.com\/avatar\/633d80af5ecf11a7e42ad51ef88894a9?s=96&d=mm&r=g","caption":"UweMuenster"},"url":"https:\/\/kanu-gruppe-wilster.de\/index.php\/author\/uwemuenster\/"}]}},"_links":{"self":[{"href":"https:\/\/kanu-gruppe-wilster.de\/index.php\/wp-json\/wp\/v2\/posts\/6844"}],"collection":[{"href":"https:\/\/kanu-gruppe-wilster.de\/index.php\/wp-json\/wp\/v2\/posts"}],"about":[{"href":"https:\/\/kanu-gruppe-wilster.de\/index.php\/wp-json\/wp\/v2\/types\/post"}],"author":[{"embeddable":true,"href":"https:\/\/kanu-gruppe-wilster.de\/index.php\/wp-json\/wp\/v2\/users\/2"}],"replies":[{"embeddable":true,"href":"https:\/\/kanu-gruppe-wilster.de\/index.php\/wp-json\/wp\/v2\/comments?post=6844"}],"version-history":[{"count":2,"href":"https:\/\/kanu-gruppe-wilster.de\/index.php\/wp-json\/wp\/v2\/posts\/6844\/revisions"}],"predecessor-version":[{"id":6847,"href":"https:\/\/kanu-gruppe-wilster.de\/index.php\/wp-json\/wp\/v2\/posts\/6844\/revisions\/6847"}],"wp:attachment":[{"href":"https:\/\/kanu-gruppe-wilster.de\/index.php\/wp-json\/wp\/v2\/media?parent=6844"}],"wp:term":[{"taxonomy":"category","embeddable":true,"href":"https:\/\/kanu-gruppe-wilster.de\/index.php\/wp-json\/wp\/v2\/categories?post=6844"},{"taxonomy":"post_tag","embeddable":true,"href":"https:\/\/kanu-gruppe-wilster.de\/index.php\/wp-json\/wp\/v2\/tags?post=6844"}],"curies":[{"name":"wp","href":"https:\/\/api.w.org\/{rel}","templated":true}]}}