{"id":669,"date":"2012-11-11T16:32:42","date_gmt":"2012-11-11T15:32:42","guid":{"rendered":"http:\/\/kanu-gruppe-wilster.de\/?p=669"},"modified":"2012-11-11T16:32:42","modified_gmt":"2012-11-11T15:32:42","slug":"rekord-jahr-fur-paddler-der-kgw","status":"publish","type":"post","link":"https:\/\/kanu-gruppe-wilster.de\/index.php\/rekord-jahr-fur-paddler-der-kgw\/","title":{"rendered":"Rekord Jahr f\u00fcr Paddler der KGW"},"content":{"rendered":"<h1>Rekordjahr f\u00fcr  die Kanugruppe<\/h1>\n<p>(Bericht der Wilterschen Zeitung vom 19.10.2012)<\/p>\n<p><img loading=\"lazy\" title=\"Zufriedene Gesichter bei der Kanu-Gruppe Wilster - von links Peter Huusmann, Doris Neumann, Thore und Ingmar Engel. Foto: H. Schwichtenberg\" src=\"http:\/\/www.shz.de\/uploads\/pics\/23-48988015.jpg\" border=\"0\" alt=\"Zufriedene Gesichter bei der Kanu-Gruppe Wilster - von links Peter Huusmann, Doris Neumann, Thore und Ingmar Engel. Foto: H. Schwichtenberg\" width=\"570\" height=\"383\" \/><\/p>\n<p>Zufriedene Gesichter bei der Kanu-Gruppe Wilster &#8211; von links Peter  Huusmann, Doris Neumann,<\/p>\n<p>Thore und Ingmar Engel. Foto: H. Schwichtenberg<\/p>\n<div><strong>3900 Kilometer gepaddelt: Uwe M\u00fcnster verbessert Uralt-Leistung von Klaus-Peter Albrechtsen<\/strong><\/div>\n<p><strong>Wilster.<\/strong> Die  Paddelsaison wurde f\u00fcr die  Kanu-Gruppe Wilster (KGW) zu einem einem Rekordjahr.    Die gut<\/p>\n<p>150  Vereinsmitglieder im Alter von sieben bis \u00fcber 80 Jahren  hatten bereits  im Juni   17  800 Kilometer<\/p>\n<p>zur\u00fcckgelegt. Wie hoch die Zahl  letztendlich wird, steht noch nicht fest.   Noch haben nicht alle  Mitglieder<\/p>\n<p>ihre Fahrtenb\u00fccher abgegeben.<\/p>\n<p>&#8222;In der Saison zuvor  sind 26  600 Kilometer gepaddelt worden. F\u00fcr die abgelaufene erwarte ich  deutlich<\/p>\n<p>mehr&#8220;, sagt Vereinsjugendwart Ingmar Engel.  Fest steht aber  schon jetzt: Der Vereinsrekord ist geknackt<\/p>\n<p>worden, denn Uwe M\u00fcnster  hatte in seinem Fahrtenbuch 3900 Kilometer notiert. Deutlich mehr als<\/p>\n<p>Klaus-Peter Albrechtsen, der 1982\/1983 auf Fl\u00fcssen und Seen insgesamt  3253 gepaddelt war. Kaum<\/p>\n<p>weniger flei\u00dfig war Ingmar Engel, der   3669  Kilometer zu Buche stehen hat. Ein Superergebnis legte<\/p>\n<p>Jakob Nimz vor:  Der erst 14 Jahre alte Sch\u00fcler schaffte mehr als 1000 Kilometer. Obwohl  nicht das<\/p>\n<p>ganze Jahr im Boot, beteiligte sich auch Elske Ruge am  Kilometersammeln. Bis zu ihrem Start im Sommer<\/p>\n<p>nach Costa Rica &#8211; die  17-j\u00e4hrige Jugendliche h\u00e4lt sich im Rahmen eines Sch\u00fcleraustausches f\u00fcr  ein Jahr<\/p>\n<p>in Mittelamerika auf &#8211; legte sie  immerhin noch 666 Kilometer  zur\u00fcck.<\/p>\n<p>Vereinswanderwart Peter Huusmann spricht  deshalb  auch  von einer &#8222;hervorragenden Saison&#8220;. Entscheidend<\/p>\n<p>daf\u00fcr: &#8222;Die gute  Vereinsarbeit mit einem engagierten Vorstand, der sich um seine  Mitglieder k\u00fcmmert. Die<\/p>\n<p>Chemie stimmt, wir sind ein Team.&#8220; Diese Aussage  erg\u00e4nzt seine Stellvertreterin Doris Neumann:  &#8222;Bei uns<\/p>\n<p>helfen auch  Leute mit und \u00fcbernehmen Aufgaben, die nicht im Vorstand sind.&#8220; Dass  sich auf Wanderfahrten<\/p>\n<p>auch die langsamsten Paddler noch wohlf\u00fchlen  k\u00f6nnen, daf\u00fcr sorgt soziales Verhalten innerhalb der Gruppe:<\/p>\n<p>&#8222;Auch auf  den letzten Paddler im Feld wird gewartet&#8220;, betont Doris Neumann.<\/p>\n<p>Ein  Blick in das Fahrtenprogramm der der abgelaufenen Saison zeigt, dass  Wilsteraner Paddelboote auf<\/p>\n<p>zahlreichen Gew\u00e4ssern &#8211; haupts\u00e4chlich im  nord- aber auch im ostdeutschen Raum &#8211; unterwegs waren:<\/p>\n<p>gepaddelt wurde  die Elbe w\u00e4hrend der Jugendurlaubstour, die Aller im Rahmen der  Pfingsttour und die<\/p>\n<p>Peene von den Teilnehmern, die an der traditionellen  Herrentour teilgenommen hatten.  Zu einer<\/p>\n<p>au\u00dfergew\u00f6hnlichen Trip  brachen die Kanuten im Mai auf: Sie beteiligten sich mit acht  Jugendlichen und<\/p>\n<p>18 Erwachsenen am so genannten Wesermarathon und  paddelten 80 Kilometer am St\u00fcck.<\/p>\n<p>Spa\u00df auf dem Wasser hatten  insbesondere die Jugendlichen, die an dem  Jugend-Kanuwochenende auf<\/p>\n<p>der  St\u00f6r teilnahmen, veranstaltet von den Itzehoer Wasserwanderern (IWW).  Sie trafen dort auf Gleichgesinnte<\/p>\n<p>aus den Vereinen Itzehoer  Wasserwanderer, Itzehoer Kanu Clubs und Elmshorner Wanderpaddler und  legten<\/p>\n<p>auf dem Tidenfluss jeweils 50 Kilometer zur\u00fcck.<\/p>\n<p>Viel  Kondition wurde auch von Doris Neumann, Christin Gerbitz, Lasse Peters  und Peter Kohnke gefordert,<\/p>\n<p>die sich an dem H\u00e4rtetest &#8222;100 Kilometer auf  der St\u00f6r&#8220; beteiligten.   Aus den  weiteren Aktionen ragt eine<\/p>\n<p>Veranstaltung besonders heraus: die Verbandsfahrt   auf der Wilster Au,  an der sich Anfang September 67 Paddler<\/p>\n<p>aus Flensburg, Hamburg, L\u00fcbeck,  Schleswig, Pinneberg, Itzehoe, Kiel und eben Wilster beteiligen.<\/p>\n<p>Besonders  auffallend in diesem Jahr: das Interesse der Jugendlichen, die sich der  KGW angeschlossen haben.<\/p>\n<p>&#8222;Sie betreffen das Alter der Sieben- bis  Achtj\u00e4hrigen und das der Zw\u00f6lf- bis Dreizehnj\u00e4hrigen&#8220;, freut sich<\/p>\n<p>Ingmar  Engel &#8222;\u00fcber den Zulauf seit den Sommerferien&#8220;.<\/p>\n<p>F\u00fcr sie und alle  anderen beginnt schon bald eine interessante Zeit im Wilsteraner  Schwimmbad &#8211; ab Januar<\/p>\n<p>wird dort im Abstand von zwei Wochen das  Kentertraining veranstaltet.<\/p>\n<p>Dass der Paddelsport jedes Alter  anspricht, das bewiesen die Senioren, die erstmals an der neu ins Leben  gerufenen<\/p>\n<p>Senioren-Kaffeefahrt teilnahmen und vom Brook aus in Richtung  Kasenort aufbrachen. Zw\u00f6lf waren dabei, der<\/p>\n<p>\u00e4lteste \u00fcber 80 &#8211; und das  war Albert Bielenberg. Der ehemalige Faltbootfahrer setzte sich in einen  Zweier und nahm<\/p>\n<p>eine Seniorin mit. Kommentar von Doris Neumann: &#8222;Das  passt zu unserem Selbstverst\u00e4ndnis von R\u00fccksichtnahme<\/p>\n<p>gegen\u00fcber  anderen.&#8220;<\/p>\n","protected":false},"excerpt":{"rendered":"<p>Rekordjahr f\u00fcr die Kanugruppe (Bericht der Wilterschen Zeitung vom 19.10.2012) Zufriedene Gesichter bei der Kanu-Gruppe Wilster &#8211; von links Peter Huusmann, Doris Neumann, Thore und Ingmar Engel. Foto: H. Schwichtenberg 3900 Kilometer gepaddelt: Uwe M\u00fcnster verbessert Uralt-Leistung von Klaus-Peter Albrechtsen Wilster. Die Paddelsaison wurde f\u00fcr die Kanu-Gruppe Wilster (KGW) zu einem einem Rekordjahr. Die gut<\/p>\n","protected":false},"author":2,"featured_media":0,"comment_status":"open","ping_status":"open","sticky":false,"template":"","format":"standard","meta":{"ngg_post_thumbnail":0},"categories":[1,5],"tags":[],"yoast_head":"<!-- This site is optimized with the Yoast SEO plugin v19.0 - https:\/\/yoast.com\/wordpress\/plugins\/seo\/ -->\n<title>Rekord Jahr f\u00fcr Paddler der KGW &ndash; Kanu Gruppe Wilster e.V.<\/title>\n<meta name=\"robots\" content=\"index, follow, max-snippet:-1, max-image-preview:large, max-video-preview:-1\" \/>\n<link rel=\"canonical\" href=\"https:\/\/kanu-gruppe-wilster.de\/index.php\/rekord-jahr-fur-paddler-der-kgw\/\" \/>\n<meta property=\"og:locale\" content=\"de_DE\" \/>\n<meta property=\"og:type\" content=\"article\" \/>\n<meta property=\"og:title\" content=\"Rekord Jahr f\u00fcr Paddler der KGW &ndash; Kanu Gruppe Wilster e.V.\" \/>\n<meta property=\"og:description\" content=\"Rekordjahr f\u00fcr die Kanugruppe (Bericht der Wilterschen Zeitung vom 19.10.2012) Zufriedene Gesichter bei der Kanu-Gruppe Wilster &#8211; von links Peter Huusmann, Doris Neumann, Thore und Ingmar Engel. Foto: H. Schwichtenberg 3900 Kilometer gepaddelt: Uwe M\u00fcnster verbessert Uralt-Leistung von Klaus-Peter Albrechtsen Wilster. Die Paddelsaison wurde f\u00fcr die Kanu-Gruppe Wilster (KGW) zu einem einem Rekordjahr. Die gut\" \/>\n<meta property=\"og:url\" content=\"https:\/\/kanu-gruppe-wilster.de\/index.php\/rekord-jahr-fur-paddler-der-kgw\/\" \/>\n<meta property=\"og:site_name\" content=\"Kanu Gruppe Wilster e.V.\" \/>\n<meta property=\"article:published_time\" content=\"2012-11-11T15:32:42+00:00\" \/>\n<meta property=\"og:image\" content=\"http:\/\/www.shz.de\/uploads\/pics\/23-48988015.jpg\" \/>\n<meta name=\"twitter:card\" content=\"summary\" \/>\n<meta name=\"twitter:label1\" content=\"Verfasst von\" \/>\n\t<meta name=\"twitter:data1\" content=\"UweMuenster\" \/>\n\t<meta name=\"twitter:label2\" content=\"Gesch\u00e4tzte Lesezeit\" \/>\n\t<meta name=\"twitter:data2\" content=\"3\u00a0Minuten\" \/>\n<script type=\"application\/ld+json\" class=\"yoast-schema-graph\">{\"@context\":\"https:\/\/schema.org\",\"@graph\":[{\"@type\":\"WebSite\",\"@id\":\"https:\/\/kanu-gruppe-wilster.de\/#website\",\"url\":\"https:\/\/kanu-gruppe-wilster.de\/\",\"name\":\"Kanu Gruppe Wilster e.V.\",\"description\":\"Kanuverein an der Wilster Au\",\"potentialAction\":[{\"@type\":\"SearchAction\",\"target\":{\"@type\":\"EntryPoint\",\"urlTemplate\":\"https:\/\/kanu-gruppe-wilster.de\/?s={search_term_string}\"},\"query-input\":\"required name=search_term_string\"}],\"inLanguage\":\"de\"},{\"@type\":\"ImageObject\",\"inLanguage\":\"de\",\"@id\":\"https:\/\/kanu-gruppe-wilster.de\/index.php\/rekord-jahr-fur-paddler-der-kgw\/#primaryimage\",\"url\":\"http:\/\/www.shz.de\/uploads\/pics\/23-48988015.jpg\",\"contentUrl\":\"http:\/\/www.shz.de\/uploads\/pics\/23-48988015.jpg\"},{\"@type\":\"WebPage\",\"@id\":\"https:\/\/kanu-gruppe-wilster.de\/index.php\/rekord-jahr-fur-paddler-der-kgw\/#webpage\",\"url\":\"https:\/\/kanu-gruppe-wilster.de\/index.php\/rekord-jahr-fur-paddler-der-kgw\/\",\"name\":\"Rekord Jahr f\u00fcr Paddler der KGW &ndash; Kanu Gruppe Wilster e.V.\",\"isPartOf\":{\"@id\":\"https:\/\/kanu-gruppe-wilster.de\/#website\"},\"primaryImageOfPage\":{\"@id\":\"https:\/\/kanu-gruppe-wilster.de\/index.php\/rekord-jahr-fur-paddler-der-kgw\/#primaryimage\"},\"datePublished\":\"2012-11-11T15:32:42+00:00\",\"dateModified\":\"2012-11-11T15:32:42+00:00\",\"author\":{\"@id\":\"https:\/\/kanu-gruppe-wilster.de\/#\/schema\/person\/7489fc75ff891776bcddaa56e64dbb54\"},\"breadcrumb\":{\"@id\":\"https:\/\/kanu-gruppe-wilster.de\/index.php\/rekord-jahr-fur-paddler-der-kgw\/#breadcrumb\"},\"inLanguage\":\"de\",\"potentialAction\":[{\"@type\":\"ReadAction\",\"target\":[\"https:\/\/kanu-gruppe-wilster.de\/index.php\/rekord-jahr-fur-paddler-der-kgw\/\"]}]},{\"@type\":\"BreadcrumbList\",\"@id\":\"https:\/\/kanu-gruppe-wilster.de\/index.php\/rekord-jahr-fur-paddler-der-kgw\/#breadcrumb\",\"itemListElement\":[{\"@type\":\"ListItem\",\"position\":1,\"name\":\"Startseite\",\"item\":\"https:\/\/kanu-gruppe-wilster.de\/\"},{\"@type\":\"ListItem\",\"position\":2,\"name\":\"Rekord Jahr f\u00fcr Paddler der KGW\"}]},{\"@type\":\"Person\",\"@id\":\"https:\/\/kanu-gruppe-wilster.de\/#\/schema\/person\/7489fc75ff891776bcddaa56e64dbb54\",\"name\":\"UweMuenster\",\"image\":{\"@type\":\"ImageObject\",\"inLanguage\":\"de\",\"@id\":\"https:\/\/kanu-gruppe-wilster.de\/#\/schema\/person\/image\/\",\"url\":\"https:\/\/secure.gravatar.com\/avatar\/633d80af5ecf11a7e42ad51ef88894a9?s=96&d=mm&r=g\",\"contentUrl\":\"https:\/\/secure.gravatar.com\/avatar\/633d80af5ecf11a7e42ad51ef88894a9?s=96&d=mm&r=g\",\"caption\":\"UweMuenster\"},\"url\":\"https:\/\/kanu-gruppe-wilster.de\/index.php\/author\/uwemuenster\/\"}]}<\/script>\n<!-- \/ Yoast SEO plugin. -->","yoast_head_json":{"title":"Rekord Jahr f\u00fcr Paddler der KGW &ndash; Kanu Gruppe Wilster e.V.","robots":{"index":"index","follow":"follow","max-snippet":"max-snippet:-1","max-image-preview":"max-image-preview:large","max-video-preview":"max-video-preview:-1"},"canonical":"https:\/\/kanu-gruppe-wilster.de\/index.php\/rekord-jahr-fur-paddler-der-kgw\/","og_locale":"de_DE","og_type":"article","og_title":"Rekord Jahr f\u00fcr Paddler der KGW &ndash; Kanu Gruppe Wilster e.V.","og_description":"Rekordjahr f\u00fcr die Kanugruppe (Bericht der Wilterschen Zeitung vom 19.10.2012) Zufriedene Gesichter bei der Kanu-Gruppe Wilster &#8211; von links Peter Huusmann, Doris Neumann, Thore und Ingmar Engel. Foto: H. Schwichtenberg 3900 Kilometer gepaddelt: Uwe M\u00fcnster verbessert Uralt-Leistung von Klaus-Peter Albrechtsen Wilster. Die Paddelsaison wurde f\u00fcr die Kanu-Gruppe Wilster (KGW) zu einem einem Rekordjahr. Die gut","og_url":"https:\/\/kanu-gruppe-wilster.de\/index.php\/rekord-jahr-fur-paddler-der-kgw\/","og_site_name":"Kanu Gruppe Wilster e.V.","article_published_time":"2012-11-11T15:32:42+00:00","og_image":[{"url":"http:\/\/www.shz.de\/uploads\/pics\/23-48988015.jpg"}],"twitter_card":"summary","twitter_misc":{"Verfasst von":"UweMuenster","Gesch\u00e4tzte Lesezeit":"3\u00a0Minuten"},"schema":{"@context":"https:\/\/schema.org","@graph":[{"@type":"WebSite","@id":"https:\/\/kanu-gruppe-wilster.de\/#website","url":"https:\/\/kanu-gruppe-wilster.de\/","name":"Kanu Gruppe Wilster e.V.","description":"Kanuverein an der Wilster Au","potentialAction":[{"@type":"SearchAction","target":{"@type":"EntryPoint","urlTemplate":"https:\/\/kanu-gruppe-wilster.de\/?s={search_term_string}"},"query-input":"required name=search_term_string"}],"inLanguage":"de"},{"@type":"ImageObject","inLanguage":"de","@id":"https:\/\/kanu-gruppe-wilster.de\/index.php\/rekord-jahr-fur-paddler-der-kgw\/#primaryimage","url":"http:\/\/www.shz.de\/uploads\/pics\/23-48988015.jpg","contentUrl":"http:\/\/www.shz.de\/uploads\/pics\/23-48988015.jpg"},{"@type":"WebPage","@id":"https:\/\/kanu-gruppe-wilster.de\/index.php\/rekord-jahr-fur-paddler-der-kgw\/#webpage","url":"https:\/\/kanu-gruppe-wilster.de\/index.php\/rekord-jahr-fur-paddler-der-kgw\/","name":"Rekord Jahr f\u00fcr Paddler der KGW &ndash; Kanu Gruppe Wilster e.V.","isPartOf":{"@id":"https:\/\/kanu-gruppe-wilster.de\/#website"},"primaryImageOfPage":{"@id":"https:\/\/kanu-gruppe-wilster.de\/index.php\/rekord-jahr-fur-paddler-der-kgw\/#primaryimage"},"datePublished":"2012-11-11T15:32:42+00:00","dateModified":"2012-11-11T15:32:42+00:00","author":{"@id":"https:\/\/kanu-gruppe-wilster.de\/#\/schema\/person\/7489fc75ff891776bcddaa56e64dbb54"},"breadcrumb":{"@id":"https:\/\/kanu-gruppe-wilster.de\/index.php\/rekord-jahr-fur-paddler-der-kgw\/#breadcrumb"},"inLanguage":"de","potentialAction":[{"@type":"ReadAction","target":["https:\/\/kanu-gruppe-wilster.de\/index.php\/rekord-jahr-fur-paddler-der-kgw\/"]}]},{"@type":"BreadcrumbList","@id":"https:\/\/kanu-gruppe-wilster.de\/index.php\/rekord-jahr-fur-paddler-der-kgw\/#breadcrumb","itemListElement":[{"@type":"ListItem","position":1,"name":"Startseite","item":"https:\/\/kanu-gruppe-wilster.de\/"},{"@type":"ListItem","position":2,"name":"Rekord Jahr f\u00fcr Paddler der KGW"}]},{"@type":"Person","@id":"https:\/\/kanu-gruppe-wilster.de\/#\/schema\/person\/7489fc75ff891776bcddaa56e64dbb54","name":"UweMuenster","image":{"@type":"ImageObject","inLanguage":"de","@id":"https:\/\/kanu-gruppe-wilster.de\/#\/schema\/person\/image\/","url":"https:\/\/secure.gravatar.com\/avatar\/633d80af5ecf11a7e42ad51ef88894a9?s=96&d=mm&r=g","contentUrl":"https:\/\/secure.gravatar.com\/avatar\/633d80af5ecf11a7e42ad51ef88894a9?s=96&d=mm&r=g","caption":"UweMuenster"},"url":"https:\/\/kanu-gruppe-wilster.de\/index.php\/author\/uwemuenster\/"}]}},"_links":{"self":[{"href":"https:\/\/kanu-gruppe-wilster.de\/index.php\/wp-json\/wp\/v2\/posts\/669"}],"collection":[{"href":"https:\/\/kanu-gruppe-wilster.de\/index.php\/wp-json\/wp\/v2\/posts"}],"about":[{"href":"https:\/\/kanu-gruppe-wilster.de\/index.php\/wp-json\/wp\/v2\/types\/post"}],"author":[{"embeddable":true,"href":"https:\/\/kanu-gruppe-wilster.de\/index.php\/wp-json\/wp\/v2\/users\/2"}],"replies":[{"embeddable":true,"href":"https:\/\/kanu-gruppe-wilster.de\/index.php\/wp-json\/wp\/v2\/comments?post=669"}],"version-history":[{"count":0,"href":"https:\/\/kanu-gruppe-wilster.de\/index.php\/wp-json\/wp\/v2\/posts\/669\/revisions"}],"wp:attachment":[{"href":"https:\/\/kanu-gruppe-wilster.de\/index.php\/wp-json\/wp\/v2\/media?parent=669"}],"wp:term":[{"taxonomy":"category","embeddable":true,"href":"https:\/\/kanu-gruppe-wilster.de\/index.php\/wp-json\/wp\/v2\/categories?post=669"},{"taxonomy":"post_tag","embeddable":true,"href":"https:\/\/kanu-gruppe-wilster.de\/index.php\/wp-json\/wp\/v2\/tags?post=669"}],"curies":[{"name":"wp","href":"https:\/\/api.w.org\/{rel}","templated":true}]}}