{"id":6257,"date":"2017-05-22T21:31:51","date_gmt":"2017-05-22T19:31:51","guid":{"rendered":"http:\/\/www.kanu-gruppe-wilster.de\/?p=6257"},"modified":"2017-06-13T19:24:49","modified_gmt":"2017-06-13T17:24:49","slug":"landjugend-schwitzt-fuer-den-guten-zweck-oder-rastplatz-wird-puenktlich-fertig","status":"publish","type":"post","link":"https:\/\/kanu-gruppe-wilster.de\/index.php\/landjugend-schwitzt-fuer-den-guten-zweck-oder-rastplatz-wird-puenktlich-fertig\/","title":{"rendered":"Landjugend schwitzt f\u00fcr den guten Zweck oder Rastplatz wird p\u00fcnktlich fertig"},"content":{"rendered":"<p>Im Rahmen ihrer landesweiten 72-Stunden-Aktion bauten die jungen Leute aus der Wilstermarsch innerhalb von nur 3 Tagen einen attraktiven Rastplatz an der Wilster Au. hier k\u00f6nnen jetzt vor allem Kanuten ein P\u00e4uschen einlegen. Das Material f\u00fcr den&nbsp; Pavillion&nbsp; stiftete der F\u00f6rderverein Schleuse Kasenort und Wilster Au.&nbsp; Die Kanu Gruppe Wilster m\u00f6chte sich auf diesem Wege vor allem bei der Landjugend Wilstermarsch mit ihrem Schriftwart Jan Ratjen (auch unserem Jan), dem F\u00f6rderverein Schleuse Kasenort und Wilster Au mit ihrem 1. Vorsitzenden&nbsp; Reinhard Bunge sowie dem B\u00fcrgermeister Jens Tiedemann bedanken. Einen ausf\u00fchrlichen Bericht des NDR findet ihr unter dem folgenden Link <a href=\"https:\/\/www.ndr.de\/fernsehen\/sendungen\/schleswig-holstein_magazin\/Eine-Schutzhuette-fuer-Kanufahrer-in-72-Stunden,shmag46280.html\">https:\/\/www.ndr.de\/fernsehen\/sendungen\/schleswig-holstein_magazin\/Eine-Schutzhuette-fuer-Kanufahrer-in-72-Stunden,shmag46280.html<\/a><\/p>\n","protected":false},"excerpt":{"rendered":"<p>Im Rahmen ihrer landesweiten 72-Stunden-Aktion bauten die jungen Leute aus der Wilstermarsch innerhalb von nur 3 Tagen einen attraktiven Rastplatz an der Wilster Au. hier k\u00f6nnen jetzt vor allem Kanuten ein P\u00e4uschen einlegen. Das Material f\u00fcr den&nbsp; Pavillion&nbsp; stiftete der F\u00f6rderverein Schleuse Kasenort und Wilster Au.&nbsp; Die Kanu Gruppe Wilster m\u00f6chte sich auf diesem Wege<\/p>\n","protected":false},"author":2,"featured_media":0,"comment_status":"open","ping_status":"open","sticky":false,"template":"","format":"standard","meta":{"ngg_post_thumbnail":0},"categories":[4],"tags":[],"yoast_head":"<!-- This site is optimized with the Yoast SEO plugin v19.0 - https:\/\/yoast.com\/wordpress\/plugins\/seo\/ -->\n<title>Landjugend schwitzt f\u00fcr den guten Zweck oder Rastplatz wird p\u00fcnktlich fertig &ndash; Kanu Gruppe Wilster e.V.<\/title>\n<meta name=\"robots\" content=\"index, follow, max-snippet:-1, max-image-preview:large, max-video-preview:-1\" \/>\n<link rel=\"canonical\" href=\"https:\/\/kanu-gruppe-wilster.de\/index.php\/landjugend-schwitzt-fuer-den-guten-zweck-oder-rastplatz-wird-puenktlich-fertig\/\" \/>\n<meta property=\"og:locale\" content=\"de_DE\" \/>\n<meta property=\"og:type\" content=\"article\" \/>\n<meta property=\"og:title\" content=\"Landjugend schwitzt f\u00fcr den guten Zweck oder Rastplatz wird p\u00fcnktlich fertig &ndash; Kanu Gruppe Wilster e.V.\" \/>\n<meta property=\"og:description\" content=\"Im Rahmen ihrer landesweiten 72-Stunden-Aktion bauten die jungen Leute aus der Wilstermarsch innerhalb von nur 3 Tagen einen attraktiven Rastplatz an der Wilster Au. hier k\u00f6nnen jetzt vor allem Kanuten ein P\u00e4uschen einlegen. Das Material f\u00fcr den&nbsp; Pavillion&nbsp; stiftete der F\u00f6rderverein Schleuse Kasenort und Wilster Au.&nbsp; Die Kanu Gruppe Wilster m\u00f6chte sich auf diesem Wege\" \/>\n<meta property=\"og:url\" content=\"https:\/\/kanu-gruppe-wilster.de\/index.php\/landjugend-schwitzt-fuer-den-guten-zweck-oder-rastplatz-wird-puenktlich-fertig\/\" \/>\n<meta property=\"og:site_name\" content=\"Kanu Gruppe Wilster e.V.\" \/>\n<meta property=\"article:published_time\" content=\"2017-05-22T19:31:51+00:00\" \/>\n<meta property=\"article:modified_time\" content=\"2017-06-13T17:24:49+00:00\" \/>\n<meta name=\"twitter:card\" content=\"summary\" \/>\n<meta name=\"twitter:label1\" content=\"Verfasst von\" \/>\n\t<meta name=\"twitter:data1\" content=\"UweMuenster\" \/>\n\t<meta name=\"twitter:label2\" content=\"Gesch\u00e4tzte Lesezeit\" \/>\n\t<meta name=\"twitter:data2\" content=\"1\u00a0Minute\" \/>\n<script type=\"application\/ld+json\" class=\"yoast-schema-graph\">{\"@context\":\"https:\/\/schema.org\",\"@graph\":[{\"@type\":\"WebSite\",\"@id\":\"https:\/\/kanu-gruppe-wilster.de\/#website\",\"url\":\"https:\/\/kanu-gruppe-wilster.de\/\",\"name\":\"Kanu Gruppe Wilster e.V.\",\"description\":\"Kanuverein an der Wilster Au\",\"potentialAction\":[{\"@type\":\"SearchAction\",\"target\":{\"@type\":\"EntryPoint\",\"urlTemplate\":\"https:\/\/kanu-gruppe-wilster.de\/?s={search_term_string}\"},\"query-input\":\"required name=search_term_string\"}],\"inLanguage\":\"de\"},{\"@type\":\"WebPage\",\"@id\":\"https:\/\/kanu-gruppe-wilster.de\/index.php\/landjugend-schwitzt-fuer-den-guten-zweck-oder-rastplatz-wird-puenktlich-fertig\/#webpage\",\"url\":\"https:\/\/kanu-gruppe-wilster.de\/index.php\/landjugend-schwitzt-fuer-den-guten-zweck-oder-rastplatz-wird-puenktlich-fertig\/\",\"name\":\"Landjugend schwitzt f\u00fcr den guten Zweck oder Rastplatz wird p\u00fcnktlich fertig &ndash; Kanu Gruppe Wilster e.V.\",\"isPartOf\":{\"@id\":\"https:\/\/kanu-gruppe-wilster.de\/#website\"},\"datePublished\":\"2017-05-22T19:31:51+00:00\",\"dateModified\":\"2017-06-13T17:24:49+00:00\",\"author\":{\"@id\":\"https:\/\/kanu-gruppe-wilster.de\/#\/schema\/person\/7489fc75ff891776bcddaa56e64dbb54\"},\"breadcrumb\":{\"@id\":\"https:\/\/kanu-gruppe-wilster.de\/index.php\/landjugend-schwitzt-fuer-den-guten-zweck-oder-rastplatz-wird-puenktlich-fertig\/#breadcrumb\"},\"inLanguage\":\"de\",\"potentialAction\":[{\"@type\":\"ReadAction\",\"target\":[\"https:\/\/kanu-gruppe-wilster.de\/index.php\/landjugend-schwitzt-fuer-den-guten-zweck-oder-rastplatz-wird-puenktlich-fertig\/\"]}]},{\"@type\":\"BreadcrumbList\",\"@id\":\"https:\/\/kanu-gruppe-wilster.de\/index.php\/landjugend-schwitzt-fuer-den-guten-zweck-oder-rastplatz-wird-puenktlich-fertig\/#breadcrumb\",\"itemListElement\":[{\"@type\":\"ListItem\",\"position\":1,\"name\":\"Startseite\",\"item\":\"https:\/\/kanu-gruppe-wilster.de\/\"},{\"@type\":\"ListItem\",\"position\":2,\"name\":\"Landjugend schwitzt f\u00fcr den guten Zweck oder Rastplatz wird p\u00fcnktlich fertig\"}]},{\"@type\":\"Person\",\"@id\":\"https:\/\/kanu-gruppe-wilster.de\/#\/schema\/person\/7489fc75ff891776bcddaa56e64dbb54\",\"name\":\"UweMuenster\",\"image\":{\"@type\":\"ImageObject\",\"inLanguage\":\"de\",\"@id\":\"https:\/\/kanu-gruppe-wilster.de\/#\/schema\/person\/image\/\",\"url\":\"https:\/\/secure.gravatar.com\/avatar\/633d80af5ecf11a7e42ad51ef88894a9?s=96&d=mm&r=g\",\"contentUrl\":\"https:\/\/secure.gravatar.com\/avatar\/633d80af5ecf11a7e42ad51ef88894a9?s=96&d=mm&r=g\",\"caption\":\"UweMuenster\"},\"url\":\"https:\/\/kanu-gruppe-wilster.de\/index.php\/author\/uwemuenster\/\"}]}<\/script>\n<!-- \/ Yoast SEO plugin. -->","yoast_head_json":{"title":"Landjugend schwitzt f\u00fcr den guten Zweck oder Rastplatz wird p\u00fcnktlich fertig &ndash; Kanu Gruppe Wilster e.V.","robots":{"index":"index","follow":"follow","max-snippet":"max-snippet:-1","max-image-preview":"max-image-preview:large","max-video-preview":"max-video-preview:-1"},"canonical":"https:\/\/kanu-gruppe-wilster.de\/index.php\/landjugend-schwitzt-fuer-den-guten-zweck-oder-rastplatz-wird-puenktlich-fertig\/","og_locale":"de_DE","og_type":"article","og_title":"Landjugend schwitzt f\u00fcr den guten Zweck oder Rastplatz wird p\u00fcnktlich fertig &ndash; Kanu Gruppe Wilster e.V.","og_description":"Im Rahmen ihrer landesweiten 72-Stunden-Aktion bauten die jungen Leute aus der Wilstermarsch innerhalb von nur 3 Tagen einen attraktiven Rastplatz an der Wilster Au. hier k\u00f6nnen jetzt vor allem Kanuten ein P\u00e4uschen einlegen. Das Material f\u00fcr den&nbsp; Pavillion&nbsp; stiftete der F\u00f6rderverein Schleuse Kasenort und Wilster Au.&nbsp; Die Kanu Gruppe Wilster m\u00f6chte sich auf diesem Wege","og_url":"https:\/\/kanu-gruppe-wilster.de\/index.php\/landjugend-schwitzt-fuer-den-guten-zweck-oder-rastplatz-wird-puenktlich-fertig\/","og_site_name":"Kanu Gruppe Wilster e.V.","article_published_time":"2017-05-22T19:31:51+00:00","article_modified_time":"2017-06-13T17:24:49+00:00","twitter_card":"summary","twitter_misc":{"Verfasst von":"UweMuenster","Gesch\u00e4tzte Lesezeit":"1\u00a0Minute"},"schema":{"@context":"https:\/\/schema.org","@graph":[{"@type":"WebSite","@id":"https:\/\/kanu-gruppe-wilster.de\/#website","url":"https:\/\/kanu-gruppe-wilster.de\/","name":"Kanu Gruppe Wilster e.V.","description":"Kanuverein an der Wilster Au","potentialAction":[{"@type":"SearchAction","target":{"@type":"EntryPoint","urlTemplate":"https:\/\/kanu-gruppe-wilster.de\/?s={search_term_string}"},"query-input":"required name=search_term_string"}],"inLanguage":"de"},{"@type":"WebPage","@id":"https:\/\/kanu-gruppe-wilster.de\/index.php\/landjugend-schwitzt-fuer-den-guten-zweck-oder-rastplatz-wird-puenktlich-fertig\/#webpage","url":"https:\/\/kanu-gruppe-wilster.de\/index.php\/landjugend-schwitzt-fuer-den-guten-zweck-oder-rastplatz-wird-puenktlich-fertig\/","name":"Landjugend schwitzt f\u00fcr den guten Zweck oder Rastplatz wird p\u00fcnktlich fertig &ndash; Kanu Gruppe Wilster e.V.","isPartOf":{"@id":"https:\/\/kanu-gruppe-wilster.de\/#website"},"datePublished":"2017-05-22T19:31:51+00:00","dateModified":"2017-06-13T17:24:49+00:00","author":{"@id":"https:\/\/kanu-gruppe-wilster.de\/#\/schema\/person\/7489fc75ff891776bcddaa56e64dbb54"},"breadcrumb":{"@id":"https:\/\/kanu-gruppe-wilster.de\/index.php\/landjugend-schwitzt-fuer-den-guten-zweck-oder-rastplatz-wird-puenktlich-fertig\/#breadcrumb"},"inLanguage":"de","potentialAction":[{"@type":"ReadAction","target":["https:\/\/kanu-gruppe-wilster.de\/index.php\/landjugend-schwitzt-fuer-den-guten-zweck-oder-rastplatz-wird-puenktlich-fertig\/"]}]},{"@type":"BreadcrumbList","@id":"https:\/\/kanu-gruppe-wilster.de\/index.php\/landjugend-schwitzt-fuer-den-guten-zweck-oder-rastplatz-wird-puenktlich-fertig\/#breadcrumb","itemListElement":[{"@type":"ListItem","position":1,"name":"Startseite","item":"https:\/\/kanu-gruppe-wilster.de\/"},{"@type":"ListItem","position":2,"name":"Landjugend schwitzt f\u00fcr den guten Zweck oder Rastplatz wird p\u00fcnktlich fertig"}]},{"@type":"Person","@id":"https:\/\/kanu-gruppe-wilster.de\/#\/schema\/person\/7489fc75ff891776bcddaa56e64dbb54","name":"UweMuenster","image":{"@type":"ImageObject","inLanguage":"de","@id":"https:\/\/kanu-gruppe-wilster.de\/#\/schema\/person\/image\/","url":"https:\/\/secure.gravatar.com\/avatar\/633d80af5ecf11a7e42ad51ef88894a9?s=96&d=mm&r=g","contentUrl":"https:\/\/secure.gravatar.com\/avatar\/633d80af5ecf11a7e42ad51ef88894a9?s=96&d=mm&r=g","caption":"UweMuenster"},"url":"https:\/\/kanu-gruppe-wilster.de\/index.php\/author\/uwemuenster\/"}]}},"_links":{"self":[{"href":"https:\/\/kanu-gruppe-wilster.de\/index.php\/wp-json\/wp\/v2\/posts\/6257"}],"collection":[{"href":"https:\/\/kanu-gruppe-wilster.de\/index.php\/wp-json\/wp\/v2\/posts"}],"about":[{"href":"https:\/\/kanu-gruppe-wilster.de\/index.php\/wp-json\/wp\/v2\/types\/post"}],"author":[{"embeddable":true,"href":"https:\/\/kanu-gruppe-wilster.de\/index.php\/wp-json\/wp\/v2\/users\/2"}],"replies":[{"embeddable":true,"href":"https:\/\/kanu-gruppe-wilster.de\/index.php\/wp-json\/wp\/v2\/comments?post=6257"}],"version-history":[{"count":6,"href":"https:\/\/kanu-gruppe-wilster.de\/index.php\/wp-json\/wp\/v2\/posts\/6257\/revisions"}],"predecessor-version":[{"id":6265,"href":"https:\/\/kanu-gruppe-wilster.de\/index.php\/wp-json\/wp\/v2\/posts\/6257\/revisions\/6265"}],"wp:attachment":[{"href":"https:\/\/kanu-gruppe-wilster.de\/index.php\/wp-json\/wp\/v2\/media?parent=6257"}],"wp:term":[{"taxonomy":"category","embeddable":true,"href":"https:\/\/kanu-gruppe-wilster.de\/index.php\/wp-json\/wp\/v2\/categories?post=6257"},{"taxonomy":"post_tag","embeddable":true,"href":"https:\/\/kanu-gruppe-wilster.de\/index.php\/wp-json\/wp\/v2\/tags?post=6257"}],"curies":[{"name":"wp","href":"https:\/\/api.w.org\/{rel}","templated":true}]}}