{"id":625,"date":"2012-07-13T20:21:02","date_gmt":"2012-07-13T18:21:02","guid":{"rendered":"http:\/\/kanu-gruppe-wilster.de\/?p=625"},"modified":"2012-07-13T20:21:02","modified_gmt":"2012-07-13T18:21:02","slug":"bericht-der-jugendsommertour-2012","status":"publish","type":"post","link":"https:\/\/kanu-gruppe-wilster.de\/index.php\/bericht-der-jugendsommertour-2012\/","title":{"rendered":"Bericht der Jugendsommertour 2012"},"content":{"rendered":"<p><strong>Bericht der Wilsterschen Zeitung \u00a0vom 13.07.2012 von der Jugendsommertour 2012<\/strong><\/p>\n<p><strong>\u00a0<a href=\"http:\/\/kanu-gruppe-wilster.de\/wp-content\/uploads\/2012\/07\/23-46958149.jpg\"><img loading=\"lazy\" class=\"aligncenter size-full wp-image-626\" title=\"23-46958149\" src=\"http:\/\/kanu-gruppe-wilster.de\/wp-content\/uploads\/2012\/07\/23-46958149.jpg\" alt=\"\" width=\"570\" height=\"427\" \/><\/a><\/strong><\/p>\n<p><strong>\u00a0<\/strong><\/p>\n<p><strong>Jugendsommertour der Kanu-Gruppe Wilster: Zw\u00f6lf Teilnehmer fuhren jeweils 305 Kilometer \/Im n\u00e4chsten Jahr soll es bei Wilster weitergehen<\/strong><\/p>\n<p><strong>Wilster.<\/strong> Die Jugendsommertour der Kanu-Gruppe Wilster (KGW) f\u00fchrte zw\u00f6lf Paddler in die neuen Bundesl\u00e4nder und dort an die Elbe und ihre Nebenfl\u00fcsse Havel und Alte Elbe. Binnen einer Woche legten die Wilsteraner zwischen Kl\u00f6den und Lenzen jeweils 305 Kilometer zur\u00fcck. Rund 20 Kilometer mehr, als zun\u00e4chst geplant waren.<\/p>\n<p>War das Wetter anfangs noch regnerisch und mit &#8222;ziemlich heftigen Regenschauern&#8220; durchsetzt, wie der stellvertretende Jugendwart Thore Engel im Gespr\u00e4ch mit unserer Zeitung berichtete, klarte es Mitte der Woche auf. &#8222;Am vierten Tag war es nur noch bedeckt und wurde dann immer besser.&#8220; Der vierte Tag &#8211; zwischen Aken und Magdeburg &#8211; war mit 47 Kilometern \u00fcbrigens der l\u00e4ngste Tagesabschnitt. Gepaddelt wurde einschlie\u00dflich der Pausen &#8222;im und au\u00dferhalb des Bootes&#8220; von zehn Uhr vormittags bis halb sechs abends. Voran kam die Gruppe bei guter Flie\u00dfgeschwindigkeit der Elbe mit zehn Kilometern pro Stunde. Das ist mehr, als trainierte Paddler auf der Wilster Au schaffen. Bei dauerndem Paddelschlag betr\u00e4gt das Stundenmittel auf dem Hausfluss der Wilsteraner Jugendlichen etwa sechs Kilometer. Geschuldet ist die Kilometerdifferenz der geringen Flie\u00dfgeschwindigkeit der Wilster Au, die mit einem stehenden Gew\u00e4sser fast vergleichbar ist.<\/p>\n<p>Diese auf der Elbe vollbrachten Leistungen bezeichnete Thore Engel als &#8222;sehr gut&#8220;, auch wenn &#8222;\u00f6fter Treibepausen&#8220; gemacht werden mussten: &#8222;Auch wenn die Elbe schnell flie\u00dft, war sie doch anstrengend, denn wir hatten ja auch noch Gep\u00e4ck in unseren Booten.&#8220; Und das bestand unter anderem aus Zelt, Kochausr\u00fcstung und Kleidungsst\u00fccken.<\/p>\n<p>Die vor der Fahrt von Vereinsjugendwart Ingmar Engel ausgesprochene Hoffung auf &#8222;m\u00f6glichst wenig Gegenwind auf dem Wasser&#8220; erf\u00fcllte sich weitgehend. Der sei nur anfangs aufgetreten, stellte Thore Engel r\u00fcckblickend fest: &#8222;Danach kam der Wind entweder von der Seite, oder wir hatten gar keinen Wind.&#8220;<\/p>\n<p>Unangenehmste Begleiterscheinungen in den acht Tagen: zwei Gewitter, in die die Gruppe am dritten Tag zwischen Coswig und Aken kam. Das erste warteten die Wilsteraner Kanuten bei einem Kanuclub auf der Strecke ab, das zweite \u00fcberraschte sie &#8222;irgendwo im Nirgendwo&#8220;, wie Thore Engel bemerkte. Ein Unterstellen war da &#8222;nicht wirklich&#8220; m\u00f6glich. Also \u00fcberdauerte man &#8222;in der Wildnis&#8220;.<\/p>\n<p>Alle h\u00e4tten die Tour &#8222;total gut geschafft&#8220;, es habe sich gezeigt, dass die Vorbereitungen auf das Unternehmen in den Wochen zuvor &#8222;gut gewesen&#8220; waren. Und die Essenfrage? &#8222;Auch gut&#8220; nach Auffassung von Thore Engel, auch wenn es da &#8222;sonne und solche&#8220; Fahrtenteilnehmer gegeben h\u00e4tte: &#8222;Von einfacher Ern\u00e4hrung mit Ravioli und Nutella bis hin zum mehrg\u00e4ngigen Men\u00fc&#8220; sei alles dabei gewesen. &#8222;Teilweise wurden auch die lokalen D\u00f6nerl\u00e4den angesteuert, so dass niemand mit Gewichtsverlust zur\u00fcckgekehrt ist.&#8220; Im Gegenteil: &#8222;Alle haben auch noch Muskelmasse aufgebaut.&#8220;<\/p>\n<p>In &#8222;Kultur&#8220; machten die Wilsteraner auch. Sie waren in der Lutherstadt Wittenberg unterwegs und sahen bei ihrem Rundgang auch die an der Schlosskirche eingravierten Thesen Martin Luthers. Gelesen habe man die lateinische Schrift &#8222;so gut es ging&#8220;. Magdeburg geh\u00f6rte auch zum Kulturprogramm. Dort habe die Gruppe die Altstadt besichtigt. Nach Worten von Thore Engel war das &#8222;Highlight&#8220; dort aber die Fahrt mit der Stra\u00dfenbahn. &#8222;Die Jugendlichen haben die Kultur aber billigend in Kauf genommen.&#8220;<\/p>\n<p>Bereits jetzt denken die Verantwortlichen der KGW an das n\u00e4chste Jahr, in dem die zehnte Jugendsommertour in ununterbrochener Folge stattfinden soll. Wenn es nach Meinung von Fahrtenteilnehmer Jacob Nimz geht, dann schlie\u00dfen er und die anderen Gruppenmitglieder dort an, wo sie in diesem Jahr aufgeh\u00f6rt haben &#8211; in Lenzen k\u00f6nne man in die Kajaks steigen und dann &#8211; mit Pausen &#8211; bis Wilster durchpaddeln. Reizvoll deswegen, weil auf der Unterelbe zu paddeln &#8222;h\u00f6heres Level&#8220; ist. &#8222;Die Unterelbe ist tidenabh\u00e4ngig und wir w\u00fcrden durch den Hamburger Hafen paddeln &#8211; das ist f\u00fcr alle sehr anspruchsvoll.&#8220; Gut vorbereiten lie\u00dfe sich das auch &#8211; unter anderem bei der Unterelbe-Verbandsfahrt der Elmshorner Wanderpaddler am 11. August dieses Jahres und 2013 beim &#8222;Kanu-Jugendwochenende&#8220; an der Elbe. Dann werden Jugendliche der Itzehoer Wasserwanderer, des Itzehoer Kanu-Clubs, der Elmshorner Wanderpaddler und der Kanu-Gruppe Wilster ein Wochenende gemeinsam verleben und miteinander auf Fahrt gehen.<\/p>\n<p>Teilgenommen hatten an der diesj\u00e4hrigen Jugendsommertour der KGW: Ingmar Engel (44), Lasse Petersen (21), Thore Engel (19), Elske Ruge (17), Elias Engel (17), Ove Nimz (16), Konstantin M\u00fcnster (16), Jacob Nimz (13), Henri Horstmann (13), Moritz Gahrmann (13), Benedikt Grimm (12) und Leo Engel (11)<\/p>\n","protected":false},"excerpt":{"rendered":"<p>Bericht der Wilsterschen Zeitung \u00a0vom 13.07.2012 von der Jugendsommertour 2012 \u00a0 \u00a0 Jugendsommertour der Kanu-Gruppe Wilster: Zw\u00f6lf Teilnehmer fuhren jeweils 305 Kilometer \/Im n\u00e4chsten Jahr soll es bei Wilster weitergehen Wilster. Die Jugendsommertour der Kanu-Gruppe Wilster (KGW) f\u00fchrte zw\u00f6lf Paddler in die neuen Bundesl\u00e4nder und dort an die Elbe und ihre Nebenfl\u00fcsse Havel und Alte<\/p>\n","protected":false},"author":2,"featured_media":0,"comment_status":"open","ping_status":"open","sticky":false,"template":"","format":"standard","meta":{"ngg_post_thumbnail":0},"categories":[1,5],"tags":[],"yoast_head":"<!-- This site is optimized with the Yoast SEO plugin v19.0 - https:\/\/yoast.com\/wordpress\/plugins\/seo\/ -->\n<title>Bericht der Jugendsommertour 2012 &ndash; Kanu Gruppe Wilster e.V.<\/title>\n<meta name=\"robots\" content=\"index, follow, max-snippet:-1, max-image-preview:large, max-video-preview:-1\" \/>\n<link rel=\"canonical\" href=\"https:\/\/kanu-gruppe-wilster.de\/index.php\/bericht-der-jugendsommertour-2012\/\" \/>\n<meta property=\"og:locale\" content=\"de_DE\" \/>\n<meta property=\"og:type\" content=\"article\" \/>\n<meta property=\"og:title\" content=\"Bericht der Jugendsommertour 2012 &ndash; Kanu Gruppe Wilster e.V.\" \/>\n<meta property=\"og:description\" content=\"Bericht der Wilsterschen Zeitung \u00a0vom 13.07.2012 von der Jugendsommertour 2012 \u00a0 \u00a0 Jugendsommertour der Kanu-Gruppe Wilster: Zw\u00f6lf Teilnehmer fuhren jeweils 305 Kilometer \/Im n\u00e4chsten Jahr soll es bei Wilster weitergehen Wilster. Die Jugendsommertour der Kanu-Gruppe Wilster (KGW) f\u00fchrte zw\u00f6lf Paddler in die neuen Bundesl\u00e4nder und dort an die Elbe und ihre Nebenfl\u00fcsse Havel und Alte\" \/>\n<meta property=\"og:url\" content=\"https:\/\/kanu-gruppe-wilster.de\/index.php\/bericht-der-jugendsommertour-2012\/\" \/>\n<meta property=\"og:site_name\" content=\"Kanu Gruppe Wilster e.V.\" \/>\n<meta property=\"article:published_time\" content=\"2012-07-13T18:21:02+00:00\" \/>\n<meta property=\"og:image\" content=\"http:\/\/kanu-gruppe-wilster.de\/wp-content\/uploads\/2012\/07\/23-46958149.jpg\" \/>\n<meta name=\"twitter:card\" content=\"summary\" \/>\n<meta name=\"twitter:label1\" content=\"Verfasst von\" \/>\n\t<meta name=\"twitter:data1\" content=\"UweMuenster\" \/>\n\t<meta name=\"twitter:label2\" content=\"Gesch\u00e4tzte Lesezeit\" \/>\n\t<meta name=\"twitter:data2\" content=\"4\u00a0Minuten\" \/>\n<script type=\"application\/ld+json\" class=\"yoast-schema-graph\">{\"@context\":\"https:\/\/schema.org\",\"@graph\":[{\"@type\":\"WebSite\",\"@id\":\"https:\/\/kanu-gruppe-wilster.de\/#website\",\"url\":\"https:\/\/kanu-gruppe-wilster.de\/\",\"name\":\"Kanu Gruppe Wilster e.V.\",\"description\":\"Kanuverein an der Wilster Au\",\"potentialAction\":[{\"@type\":\"SearchAction\",\"target\":{\"@type\":\"EntryPoint\",\"urlTemplate\":\"https:\/\/kanu-gruppe-wilster.de\/?s={search_term_string}\"},\"query-input\":\"required name=search_term_string\"}],\"inLanguage\":\"de\"},{\"@type\":\"ImageObject\",\"inLanguage\":\"de\",\"@id\":\"https:\/\/kanu-gruppe-wilster.de\/index.php\/bericht-der-jugendsommertour-2012\/#primaryimage\",\"url\":\"http:\/\/kanu-gruppe-wilster.de\/wp-content\/uploads\/2012\/07\/23-46958149.jpg\",\"contentUrl\":\"http:\/\/kanu-gruppe-wilster.de\/wp-content\/uploads\/2012\/07\/23-46958149.jpg\"},{\"@type\":\"WebPage\",\"@id\":\"https:\/\/kanu-gruppe-wilster.de\/index.php\/bericht-der-jugendsommertour-2012\/#webpage\",\"url\":\"https:\/\/kanu-gruppe-wilster.de\/index.php\/bericht-der-jugendsommertour-2012\/\",\"name\":\"Bericht der Jugendsommertour 2012 &ndash; Kanu Gruppe Wilster e.V.\",\"isPartOf\":{\"@id\":\"https:\/\/kanu-gruppe-wilster.de\/#website\"},\"primaryImageOfPage\":{\"@id\":\"https:\/\/kanu-gruppe-wilster.de\/index.php\/bericht-der-jugendsommertour-2012\/#primaryimage\"},\"datePublished\":\"2012-07-13T18:21:02+00:00\",\"dateModified\":\"2012-07-13T18:21:02+00:00\",\"author\":{\"@id\":\"https:\/\/kanu-gruppe-wilster.de\/#\/schema\/person\/7489fc75ff891776bcddaa56e64dbb54\"},\"breadcrumb\":{\"@id\":\"https:\/\/kanu-gruppe-wilster.de\/index.php\/bericht-der-jugendsommertour-2012\/#breadcrumb\"},\"inLanguage\":\"de\",\"potentialAction\":[{\"@type\":\"ReadAction\",\"target\":[\"https:\/\/kanu-gruppe-wilster.de\/index.php\/bericht-der-jugendsommertour-2012\/\"]}]},{\"@type\":\"BreadcrumbList\",\"@id\":\"https:\/\/kanu-gruppe-wilster.de\/index.php\/bericht-der-jugendsommertour-2012\/#breadcrumb\",\"itemListElement\":[{\"@type\":\"ListItem\",\"position\":1,\"name\":\"Startseite\",\"item\":\"https:\/\/kanu-gruppe-wilster.de\/\"},{\"@type\":\"ListItem\",\"position\":2,\"name\":\"Bericht der Jugendsommertour 2012\"}]},{\"@type\":\"Person\",\"@id\":\"https:\/\/kanu-gruppe-wilster.de\/#\/schema\/person\/7489fc75ff891776bcddaa56e64dbb54\",\"name\":\"UweMuenster\",\"image\":{\"@type\":\"ImageObject\",\"inLanguage\":\"de\",\"@id\":\"https:\/\/kanu-gruppe-wilster.de\/#\/schema\/person\/image\/\",\"url\":\"https:\/\/secure.gravatar.com\/avatar\/633d80af5ecf11a7e42ad51ef88894a9?s=96&d=mm&r=g\",\"contentUrl\":\"https:\/\/secure.gravatar.com\/avatar\/633d80af5ecf11a7e42ad51ef88894a9?s=96&d=mm&r=g\",\"caption\":\"UweMuenster\"},\"url\":\"https:\/\/kanu-gruppe-wilster.de\/index.php\/author\/uwemuenster\/\"}]}<\/script>\n<!-- \/ Yoast SEO plugin. -->","yoast_head_json":{"title":"Bericht der Jugendsommertour 2012 &ndash; Kanu Gruppe Wilster e.V.","robots":{"index":"index","follow":"follow","max-snippet":"max-snippet:-1","max-image-preview":"max-image-preview:large","max-video-preview":"max-video-preview:-1"},"canonical":"https:\/\/kanu-gruppe-wilster.de\/index.php\/bericht-der-jugendsommertour-2012\/","og_locale":"de_DE","og_type":"article","og_title":"Bericht der Jugendsommertour 2012 &ndash; Kanu Gruppe Wilster e.V.","og_description":"Bericht der Wilsterschen Zeitung \u00a0vom 13.07.2012 von der Jugendsommertour 2012 \u00a0 \u00a0 Jugendsommertour der Kanu-Gruppe Wilster: Zw\u00f6lf Teilnehmer fuhren jeweils 305 Kilometer \/Im n\u00e4chsten Jahr soll es bei Wilster weitergehen Wilster. Die Jugendsommertour der Kanu-Gruppe Wilster (KGW) f\u00fchrte zw\u00f6lf Paddler in die neuen Bundesl\u00e4nder und dort an die Elbe und ihre Nebenfl\u00fcsse Havel und Alte","og_url":"https:\/\/kanu-gruppe-wilster.de\/index.php\/bericht-der-jugendsommertour-2012\/","og_site_name":"Kanu Gruppe Wilster e.V.","article_published_time":"2012-07-13T18:21:02+00:00","og_image":[{"url":"http:\/\/kanu-gruppe-wilster.de\/wp-content\/uploads\/2012\/07\/23-46958149.jpg"}],"twitter_card":"summary","twitter_misc":{"Verfasst von":"UweMuenster","Gesch\u00e4tzte Lesezeit":"4\u00a0Minuten"},"schema":{"@context":"https:\/\/schema.org","@graph":[{"@type":"WebSite","@id":"https:\/\/kanu-gruppe-wilster.de\/#website","url":"https:\/\/kanu-gruppe-wilster.de\/","name":"Kanu Gruppe Wilster e.V.","description":"Kanuverein an der Wilster Au","potentialAction":[{"@type":"SearchAction","target":{"@type":"EntryPoint","urlTemplate":"https:\/\/kanu-gruppe-wilster.de\/?s={search_term_string}"},"query-input":"required name=search_term_string"}],"inLanguage":"de"},{"@type":"ImageObject","inLanguage":"de","@id":"https:\/\/kanu-gruppe-wilster.de\/index.php\/bericht-der-jugendsommertour-2012\/#primaryimage","url":"http:\/\/kanu-gruppe-wilster.de\/wp-content\/uploads\/2012\/07\/23-46958149.jpg","contentUrl":"http:\/\/kanu-gruppe-wilster.de\/wp-content\/uploads\/2012\/07\/23-46958149.jpg"},{"@type":"WebPage","@id":"https:\/\/kanu-gruppe-wilster.de\/index.php\/bericht-der-jugendsommertour-2012\/#webpage","url":"https:\/\/kanu-gruppe-wilster.de\/index.php\/bericht-der-jugendsommertour-2012\/","name":"Bericht der Jugendsommertour 2012 &ndash; Kanu Gruppe Wilster e.V.","isPartOf":{"@id":"https:\/\/kanu-gruppe-wilster.de\/#website"},"primaryImageOfPage":{"@id":"https:\/\/kanu-gruppe-wilster.de\/index.php\/bericht-der-jugendsommertour-2012\/#primaryimage"},"datePublished":"2012-07-13T18:21:02+00:00","dateModified":"2012-07-13T18:21:02+00:00","author":{"@id":"https:\/\/kanu-gruppe-wilster.de\/#\/schema\/person\/7489fc75ff891776bcddaa56e64dbb54"},"breadcrumb":{"@id":"https:\/\/kanu-gruppe-wilster.de\/index.php\/bericht-der-jugendsommertour-2012\/#breadcrumb"},"inLanguage":"de","potentialAction":[{"@type":"ReadAction","target":["https:\/\/kanu-gruppe-wilster.de\/index.php\/bericht-der-jugendsommertour-2012\/"]}]},{"@type":"BreadcrumbList","@id":"https:\/\/kanu-gruppe-wilster.de\/index.php\/bericht-der-jugendsommertour-2012\/#breadcrumb","itemListElement":[{"@type":"ListItem","position":1,"name":"Startseite","item":"https:\/\/kanu-gruppe-wilster.de\/"},{"@type":"ListItem","position":2,"name":"Bericht der Jugendsommertour 2012"}]},{"@type":"Person","@id":"https:\/\/kanu-gruppe-wilster.de\/#\/schema\/person\/7489fc75ff891776bcddaa56e64dbb54","name":"UweMuenster","image":{"@type":"ImageObject","inLanguage":"de","@id":"https:\/\/kanu-gruppe-wilster.de\/#\/schema\/person\/image\/","url":"https:\/\/secure.gravatar.com\/avatar\/633d80af5ecf11a7e42ad51ef88894a9?s=96&d=mm&r=g","contentUrl":"https:\/\/secure.gravatar.com\/avatar\/633d80af5ecf11a7e42ad51ef88894a9?s=96&d=mm&r=g","caption":"UweMuenster"},"url":"https:\/\/kanu-gruppe-wilster.de\/index.php\/author\/uwemuenster\/"}]}},"_links":{"self":[{"href":"https:\/\/kanu-gruppe-wilster.de\/index.php\/wp-json\/wp\/v2\/posts\/625"}],"collection":[{"href":"https:\/\/kanu-gruppe-wilster.de\/index.php\/wp-json\/wp\/v2\/posts"}],"about":[{"href":"https:\/\/kanu-gruppe-wilster.de\/index.php\/wp-json\/wp\/v2\/types\/post"}],"author":[{"embeddable":true,"href":"https:\/\/kanu-gruppe-wilster.de\/index.php\/wp-json\/wp\/v2\/users\/2"}],"replies":[{"embeddable":true,"href":"https:\/\/kanu-gruppe-wilster.de\/index.php\/wp-json\/wp\/v2\/comments?post=625"}],"version-history":[{"count":0,"href":"https:\/\/kanu-gruppe-wilster.de\/index.php\/wp-json\/wp\/v2\/posts\/625\/revisions"}],"wp:attachment":[{"href":"https:\/\/kanu-gruppe-wilster.de\/index.php\/wp-json\/wp\/v2\/media?parent=625"}],"wp:term":[{"taxonomy":"category","embeddable":true,"href":"https:\/\/kanu-gruppe-wilster.de\/index.php\/wp-json\/wp\/v2\/categories?post=625"},{"taxonomy":"post_tag","embeddable":true,"href":"https:\/\/kanu-gruppe-wilster.de\/index.php\/wp-json\/wp\/v2\/tags?post=625"}],"curies":[{"name":"wp","href":"https:\/\/api.w.org\/{rel}","templated":true}]}}