{"id":618,"date":"2012-06-16T20:13:44","date_gmt":"2012-06-16T19:13:44","guid":{"rendered":"http:\/\/kanu-gruppe-wilster.de\/?p=618"},"modified":"2012-06-16T20:13:44","modified_gmt":"2012-06-16T19:13:44","slug":"mittsommerpaddeln-auf-der-wilsterau","status":"publish","type":"post","link":"https:\/\/kanu-gruppe-wilster.de\/index.php\/mittsommerpaddeln-auf-der-wilsterau\/","title":{"rendered":"Mittsommerpaddeln auf der Wilsterau"},"content":{"rendered":"<p>Im Rahmen der Sommersonnenwende erleben Kanufreunde abendliche, gef\u00fchrte Touren auf St\u00f6r und Wilster Au. Diese Touren werden vom Verein Holstein Tourismus e.V. angeboten. Infos zur Tour auf der Wilsterau siehe Unten<\/p>\n<p><strong><span style=\"text-decoration: underline;\">Mittsommerpaddeln auf der Wilsterau<\/span><\/strong><\/p>\n<p>Auf einem der sch\u00f6nsten Nebenfl\u00fcsse der St\u00f6r wird der Mittsommerabend zu einem echten Kanuerlebnis: von der N\u00e4he der tiefsten Landstelle Deutschlands in der Wilstermarsch starten die Kanuten auf der idyllischen Wilsterau Richtung Nord-Ostsee-Kanal. Die Boot gleiten durch das klare, ruhige Wasser und hinter den Deichen werden alte Reeth\u00e4user sichtbar. Am Nord-Ostsee-Kanal angekommen kann der Abend am Grill gem\u00fctlich ausklingen \u2013 vielleicht sogar mit Blick auf einen der gro\u00dfen P\u00f6tte die den Kanal passieren.<\/p>\n<p><strong>Termin:<\/strong> Samstag, 23. Juni 2012<br \/>\n<strong>Uhrzeit:<\/strong> 19.00 Uhr (21:53 Uhr\u00a0 Sonnenuntergang)<br \/>\n<strong>Treffpunkt:<\/strong> Achterh\u00f6rn 7, 25554 Neuendorf-Sachsenbande<br \/>\n<strong>Startort:<\/strong> siehe Treffpunkt<br \/>\n<strong>Zielort:<\/strong> Nord-Ostsee-Kanal<br \/>\n<strong>Transfer:<\/strong> Von Kellinghusen zum Einstieg im Kleinbus<br \/>\n<strong>Teilnehmergruppe:<\/strong> Familien, Freizeitpaddler<br \/>\n<strong>Mindestteilnehmerzahl:<\/strong> 10<br \/>\n<strong>Paddelstrecke (L\u00e4nge, Dauer):<\/strong> ca. 2 Stunden (hin- und r\u00fcck)<br \/>\n<strong>Anmeldeschluss:<\/strong> ca. 1 Woche vor der Veranstaltung, Nachmeldungen je nach Verf\u00fcgbarkeit<br \/>\n<strong>Anmeldung bei:<\/strong> Wilsterau Kanu, 04825 \u2013 76 49, <a href=\"javascript:f97c6170fe(['karsten.beimgraben','googlemail.com'].join('@'));\">karsten.beimgraben@googlemail.com<\/a> \u00a0\u00a0\u00a0\u00a0\u00a0\u00a0\u00a0\u00a0\u00a0\u00a0\u00a0\u00a0\u00a0\u00a0\u00a0\u00a0\u00a0\u00a0\u00a0\u00a0\u00a0\u00a0\u00a0\u00a0\u00a0\u00a0\u00a0\u00a0\u00a0\u00a0\u00a0\u00a0\u00a0\u00a0\u00a0\u00a0\u00a0\u00a0\u00a0\u00a0\u00a0\u00a0\u00a0\u00a0\u00a0\u00a0\u00a0\u00a0\u00a0\u00a0\u00a0\u00a0\u00a0\u00a0\u00a0\u00a0\u00a0\u00a0\u00a0\u00a0\u00a0\u00a0\u00a0\u00a0\u00a0\u00a0\u00a0\u00a0\u00a0\u00a0\u00a0\u00a0\u00a0\u00a0\u00a0\u00a0\u00a0\u00a0\u00a0\u00a0\u00a0\u00a0\u00a0\u00a0\u00a0\u00a0\u00a0\u00a0\u00a0\u00a0\u00a0\u00a0\u00a0\u00a0\u00a0\u00a0\u00a0\u00a0\u00a0\u00a0\u00a0\u00a0\u00a0\u00a0\u00a0\u00a0\u00a0\u00a0\u00a0\u00a0\u00a0\u00a0\u00a0\u00a0\u00a0\u00a0\u00a0\u00a0\u00a0 <strong>Preis pro Person:<\/strong> \u20ac 16,00 zzgl. Verpflegung<\/p>\n","protected":false},"excerpt":{"rendered":"<p>Im Rahmen der Sommersonnenwende erleben Kanufreunde abendliche, gef\u00fchrte Touren auf St\u00f6r und Wilster Au. Diese Touren werden vom Verein Holstein Tourismus e.V. angeboten. Infos zur Tour auf der Wilsterau siehe Unten Mittsommerpaddeln auf der Wilsterau Auf einem der sch\u00f6nsten Nebenfl\u00fcsse der St\u00f6r wird der Mittsommerabend zu einem echten Kanuerlebnis: von der N\u00e4he der tiefsten Landstelle<\/p>\n","protected":false},"author":2,"featured_media":0,"comment_status":"open","ping_status":"open","sticky":false,"template":"","format":"standard","meta":{"ngg_post_thumbnail":0},"categories":[4,1],"tags":[],"yoast_head":"<!-- This site is optimized with the Yoast SEO plugin v19.0 - https:\/\/yoast.com\/wordpress\/plugins\/seo\/ -->\n<title>Mittsommerpaddeln auf der Wilsterau &ndash; Kanu Gruppe Wilster e.V.<\/title>\n<meta name=\"robots\" content=\"index, follow, max-snippet:-1, max-image-preview:large, max-video-preview:-1\" \/>\n<link rel=\"canonical\" href=\"https:\/\/kanu-gruppe-wilster.de\/index.php\/mittsommerpaddeln-auf-der-wilsterau\/\" \/>\n<meta property=\"og:locale\" content=\"de_DE\" \/>\n<meta property=\"og:type\" content=\"article\" \/>\n<meta property=\"og:title\" content=\"Mittsommerpaddeln auf der Wilsterau &ndash; Kanu Gruppe Wilster e.V.\" \/>\n<meta property=\"og:description\" content=\"Im Rahmen der Sommersonnenwende erleben Kanufreunde abendliche, gef\u00fchrte Touren auf St\u00f6r und Wilster Au. Diese Touren werden vom Verein Holstein Tourismus e.V. angeboten. Infos zur Tour auf der Wilsterau siehe Unten Mittsommerpaddeln auf der Wilsterau Auf einem der sch\u00f6nsten Nebenfl\u00fcsse der St\u00f6r wird der Mittsommerabend zu einem echten Kanuerlebnis: von der N\u00e4he der tiefsten Landstelle\" \/>\n<meta property=\"og:url\" content=\"https:\/\/kanu-gruppe-wilster.de\/index.php\/mittsommerpaddeln-auf-der-wilsterau\/\" \/>\n<meta property=\"og:site_name\" content=\"Kanu Gruppe Wilster e.V.\" \/>\n<meta property=\"article:published_time\" content=\"2012-06-16T19:13:44+00:00\" \/>\n<meta name=\"twitter:card\" content=\"summary\" \/>\n<meta name=\"twitter:label1\" content=\"Verfasst von\" \/>\n\t<meta name=\"twitter:data1\" content=\"UweMuenster\" \/>\n\t<meta name=\"twitter:label2\" content=\"Gesch\u00e4tzte Lesezeit\" \/>\n\t<meta name=\"twitter:data2\" content=\"1\u00a0Minute\" \/>\n<script type=\"application\/ld+json\" class=\"yoast-schema-graph\">{\"@context\":\"https:\/\/schema.org\",\"@graph\":[{\"@type\":\"WebSite\",\"@id\":\"https:\/\/kanu-gruppe-wilster.de\/#website\",\"url\":\"https:\/\/kanu-gruppe-wilster.de\/\",\"name\":\"Kanu Gruppe Wilster e.V.\",\"description\":\"Kanuverein an der Wilster Au\",\"potentialAction\":[{\"@type\":\"SearchAction\",\"target\":{\"@type\":\"EntryPoint\",\"urlTemplate\":\"https:\/\/kanu-gruppe-wilster.de\/?s={search_term_string}\"},\"query-input\":\"required name=search_term_string\"}],\"inLanguage\":\"de\"},{\"@type\":\"WebPage\",\"@id\":\"https:\/\/kanu-gruppe-wilster.de\/index.php\/mittsommerpaddeln-auf-der-wilsterau\/#webpage\",\"url\":\"https:\/\/kanu-gruppe-wilster.de\/index.php\/mittsommerpaddeln-auf-der-wilsterau\/\",\"name\":\"Mittsommerpaddeln auf der Wilsterau &ndash; Kanu Gruppe Wilster e.V.\",\"isPartOf\":{\"@id\":\"https:\/\/kanu-gruppe-wilster.de\/#website\"},\"datePublished\":\"2012-06-16T19:13:44+00:00\",\"dateModified\":\"2012-06-16T19:13:44+00:00\",\"author\":{\"@id\":\"https:\/\/kanu-gruppe-wilster.de\/#\/schema\/person\/7489fc75ff891776bcddaa56e64dbb54\"},\"breadcrumb\":{\"@id\":\"https:\/\/kanu-gruppe-wilster.de\/index.php\/mittsommerpaddeln-auf-der-wilsterau\/#breadcrumb\"},\"inLanguage\":\"de\",\"potentialAction\":[{\"@type\":\"ReadAction\",\"target\":[\"https:\/\/kanu-gruppe-wilster.de\/index.php\/mittsommerpaddeln-auf-der-wilsterau\/\"]}]},{\"@type\":\"BreadcrumbList\",\"@id\":\"https:\/\/kanu-gruppe-wilster.de\/index.php\/mittsommerpaddeln-auf-der-wilsterau\/#breadcrumb\",\"itemListElement\":[{\"@type\":\"ListItem\",\"position\":1,\"name\":\"Startseite\",\"item\":\"https:\/\/kanu-gruppe-wilster.de\/\"},{\"@type\":\"ListItem\",\"position\":2,\"name\":\"Mittsommerpaddeln auf der Wilsterau\"}]},{\"@type\":\"Person\",\"@id\":\"https:\/\/kanu-gruppe-wilster.de\/#\/schema\/person\/7489fc75ff891776bcddaa56e64dbb54\",\"name\":\"UweMuenster\",\"image\":{\"@type\":\"ImageObject\",\"inLanguage\":\"de\",\"@id\":\"https:\/\/kanu-gruppe-wilster.de\/#\/schema\/person\/image\/\",\"url\":\"https:\/\/secure.gravatar.com\/avatar\/633d80af5ecf11a7e42ad51ef88894a9?s=96&d=mm&r=g\",\"contentUrl\":\"https:\/\/secure.gravatar.com\/avatar\/633d80af5ecf11a7e42ad51ef88894a9?s=96&d=mm&r=g\",\"caption\":\"UweMuenster\"},\"url\":\"https:\/\/kanu-gruppe-wilster.de\/index.php\/author\/uwemuenster\/\"}]}<\/script>\n<!-- \/ Yoast SEO plugin. -->","yoast_head_json":{"title":"Mittsommerpaddeln auf der Wilsterau &ndash; Kanu Gruppe Wilster e.V.","robots":{"index":"index","follow":"follow","max-snippet":"max-snippet:-1","max-image-preview":"max-image-preview:large","max-video-preview":"max-video-preview:-1"},"canonical":"https:\/\/kanu-gruppe-wilster.de\/index.php\/mittsommerpaddeln-auf-der-wilsterau\/","og_locale":"de_DE","og_type":"article","og_title":"Mittsommerpaddeln auf der Wilsterau &ndash; Kanu Gruppe Wilster e.V.","og_description":"Im Rahmen der Sommersonnenwende erleben Kanufreunde abendliche, gef\u00fchrte Touren auf St\u00f6r und Wilster Au. Diese Touren werden vom Verein Holstein Tourismus e.V. angeboten. Infos zur Tour auf der Wilsterau siehe Unten Mittsommerpaddeln auf der Wilsterau Auf einem der sch\u00f6nsten Nebenfl\u00fcsse der St\u00f6r wird der Mittsommerabend zu einem echten Kanuerlebnis: von der N\u00e4he der tiefsten Landstelle","og_url":"https:\/\/kanu-gruppe-wilster.de\/index.php\/mittsommerpaddeln-auf-der-wilsterau\/","og_site_name":"Kanu Gruppe Wilster e.V.","article_published_time":"2012-06-16T19:13:44+00:00","twitter_card":"summary","twitter_misc":{"Verfasst von":"UweMuenster","Gesch\u00e4tzte Lesezeit":"1\u00a0Minute"},"schema":{"@context":"https:\/\/schema.org","@graph":[{"@type":"WebSite","@id":"https:\/\/kanu-gruppe-wilster.de\/#website","url":"https:\/\/kanu-gruppe-wilster.de\/","name":"Kanu Gruppe Wilster e.V.","description":"Kanuverein an der Wilster Au","potentialAction":[{"@type":"SearchAction","target":{"@type":"EntryPoint","urlTemplate":"https:\/\/kanu-gruppe-wilster.de\/?s={search_term_string}"},"query-input":"required name=search_term_string"}],"inLanguage":"de"},{"@type":"WebPage","@id":"https:\/\/kanu-gruppe-wilster.de\/index.php\/mittsommerpaddeln-auf-der-wilsterau\/#webpage","url":"https:\/\/kanu-gruppe-wilster.de\/index.php\/mittsommerpaddeln-auf-der-wilsterau\/","name":"Mittsommerpaddeln auf der Wilsterau &ndash; Kanu Gruppe Wilster e.V.","isPartOf":{"@id":"https:\/\/kanu-gruppe-wilster.de\/#website"},"datePublished":"2012-06-16T19:13:44+00:00","dateModified":"2012-06-16T19:13:44+00:00","author":{"@id":"https:\/\/kanu-gruppe-wilster.de\/#\/schema\/person\/7489fc75ff891776bcddaa56e64dbb54"},"breadcrumb":{"@id":"https:\/\/kanu-gruppe-wilster.de\/index.php\/mittsommerpaddeln-auf-der-wilsterau\/#breadcrumb"},"inLanguage":"de","potentialAction":[{"@type":"ReadAction","target":["https:\/\/kanu-gruppe-wilster.de\/index.php\/mittsommerpaddeln-auf-der-wilsterau\/"]}]},{"@type":"BreadcrumbList","@id":"https:\/\/kanu-gruppe-wilster.de\/index.php\/mittsommerpaddeln-auf-der-wilsterau\/#breadcrumb","itemListElement":[{"@type":"ListItem","position":1,"name":"Startseite","item":"https:\/\/kanu-gruppe-wilster.de\/"},{"@type":"ListItem","position":2,"name":"Mittsommerpaddeln auf der Wilsterau"}]},{"@type":"Person","@id":"https:\/\/kanu-gruppe-wilster.de\/#\/schema\/person\/7489fc75ff891776bcddaa56e64dbb54","name":"UweMuenster","image":{"@type":"ImageObject","inLanguage":"de","@id":"https:\/\/kanu-gruppe-wilster.de\/#\/schema\/person\/image\/","url":"https:\/\/secure.gravatar.com\/avatar\/633d80af5ecf11a7e42ad51ef88894a9?s=96&d=mm&r=g","contentUrl":"https:\/\/secure.gravatar.com\/avatar\/633d80af5ecf11a7e42ad51ef88894a9?s=96&d=mm&r=g","caption":"UweMuenster"},"url":"https:\/\/kanu-gruppe-wilster.de\/index.php\/author\/uwemuenster\/"}]}},"_links":{"self":[{"href":"https:\/\/kanu-gruppe-wilster.de\/index.php\/wp-json\/wp\/v2\/posts\/618"}],"collection":[{"href":"https:\/\/kanu-gruppe-wilster.de\/index.php\/wp-json\/wp\/v2\/posts"}],"about":[{"href":"https:\/\/kanu-gruppe-wilster.de\/index.php\/wp-json\/wp\/v2\/types\/post"}],"author":[{"embeddable":true,"href":"https:\/\/kanu-gruppe-wilster.de\/index.php\/wp-json\/wp\/v2\/users\/2"}],"replies":[{"embeddable":true,"href":"https:\/\/kanu-gruppe-wilster.de\/index.php\/wp-json\/wp\/v2\/comments?post=618"}],"version-history":[{"count":0,"href":"https:\/\/kanu-gruppe-wilster.de\/index.php\/wp-json\/wp\/v2\/posts\/618\/revisions"}],"wp:attachment":[{"href":"https:\/\/kanu-gruppe-wilster.de\/index.php\/wp-json\/wp\/v2\/media?parent=618"}],"wp:term":[{"taxonomy":"category","embeddable":true,"href":"https:\/\/kanu-gruppe-wilster.de\/index.php\/wp-json\/wp\/v2\/categories?post=618"},{"taxonomy":"post_tag","embeddable":true,"href":"https:\/\/kanu-gruppe-wilster.de\/index.php\/wp-json\/wp\/v2\/tags?post=618"}],"curies":[{"name":"wp","href":"https:\/\/api.w.org\/{rel}","templated":true}]}}