{"id":608,"date":"2012-04-24T18:30:35","date_gmt":"2012-04-24T16:30:35","guid":{"rendered":"http:\/\/kanu-gruppe-wilster.de\/?p=608"},"modified":"2012-04-24T18:30:35","modified_gmt":"2012-04-24T16:30:35","slug":"paddeln-ist-elske-ruges-leidenschaft","status":"publish","type":"post","link":"https:\/\/kanu-gruppe-wilster.de\/index.php\/paddeln-ist-elske-ruges-leidenschaft\/","title":{"rendered":"Paddeln ist Elske Ruges Leidenschaft"},"content":{"rendered":"<p><strong>Wilster\/Landrecht<\/strong><\/p>\n<p><strong>Paddeln ist Elske Ruges Leidenschaft<\/strong><\/p>\n<p>Bericht Wilstersche Zeitung\u00a024. April 2012 | Von Hermann Schwichtenberg<\/p>\n<p>\u00a0<a href=\"http:\/\/kanu-gruppe-wilster.de\/wp-content\/uploads\/2012\/04\/Elke-Ruge.jpg\"><img loading=\"lazy\" class=\"aligncenter size-full wp-image-610\" title=\"Elke Ruge\" src=\"http:\/\/kanu-gruppe-wilster.de\/wp-content\/uploads\/2012\/04\/Elke-Ruge.jpg\" alt=\"\" width=\"440\" height=\"285\" \/><\/a><\/p>\n<p><a href=\"http:\/\/www.shz.de\/artikelbilder.html?user_dimbildergalerie_pi1%5Bbildid%5D=1&amp;user_dimbildergalerie_pi1%5Bbildlistid%5D=1&amp;user_dimbildergalerie_pi1%5Bgalnewsid%5D=2416756&amp;user_dimbildergalerie_pi1%5Bgalnewsbackpid%5D=788\"><\/a><\/p>\n<p><a href=\"http:\/\/www.shz.de\/artikelbilder.html?user_dimbildergalerie_pi1%5Bbildid%5D=1&amp;user_dimbildergalerie_pi1%5Bbildlistid%5D=1&amp;user_dimbildergalerie_pi1%5Bgalnewsid%5D=2416756&amp;user_dimbildergalerie_pi1%5Bgalnewsbackpid%5D=788\"><\/a><\/p>\n<p>Freut sich auf die Wochenendtour zum Saisonstart: Kanutin Elske Ruge. Foto: H. Schwichtenberg<\/p>\n<p><strong>17-j\u00e4hrige Kanutin legte in der vergangenen Saison 555,5 Kilometer im Kajak zur\u00fcck und freut sich auf die bevorstehenden Touren<\/strong><\/p>\n<p><strong>Wilster \/ Landrecht.<\/strong> Wer sich mit dem Wanderfahrerwettbewerb der Kanu-Jugend besch\u00e4ftigt, kommt an dem Namen Elske Ruge nicht vorbei. Die 17-j\u00e4hrige Paddlerin aus Landrecht, die der Kanugruppe Wilster angeh\u00f6rt, legte in der vergangenen Saison 555,5 Kilometer im Kajak zur\u00fcck und wurde daf\u00fcr vom Landeskanuverband geehrt. Zum zweiten Mal in ihrer noch jungen Karriere erf\u00fcllte die Jugendliche die Bedingungen f\u00fcr die Verleihung des Wanderfahrerabzeichens in Bronze. \u00dcberreicht wurden Nadel und Urkunde w\u00e4hrend der j\u00fcngsten Jahresversammlung der Kanugruppe Wilster im Vereinsheim an der Wilster Au. Mit dieser Leistung trug Elske Ruge nicht unwesentlich mit dazu bei, dass die Wilsteraner Kanu-Jugend in der vergangenen Saison im Sch\u00fcler- und Jugendwanderfahrerwettbewerb 2011 an die zweite Stelle im Land r\u00fcckte mit gepaddelten 6512 Kilometern &#8211; hinter dem Rendsburger RC (7512 km) und noch vor dem Itzehoer Kanu Club (5107 km).<\/p>\n<p>Kanutin geworden sei sie 2007, berichtet Elske Ruge im Gespr\u00e4ch mit unserer Zeitung: &#8222;Meine Patentante Monika Engel hatte mich damals zum Paddeln mitgenommen. Das gefiel mir, und ich blieb dabei&#8220;, betont sie, damals das Richtige f\u00fcr sich entschieden zu haben.<\/p>\n<p>Seit dieser Zeit hat Elske Ruge viele Gew\u00e4sser kennen gelernt: Neben Wilsterau und St\u00f6r bepaddelte sie Weser und Aller, Lachte und Fuse sowie Wakenitz, Elbe und das Steinhuder Meer. Am sch\u00f6nsten empfand sie die Weser: &#8222;Dieser Fluss ist ganz nett, weil Str\u00f6mung und Umgebung sch\u00f6n sind und man auf dem Strom lange Touren paddeln kann.&#8220; Am n\u00e4chsten Wochenende wird sie \u00fcbrigens wieder an die Weser reisen, um beim so genannten &#8222;Weser-Marathon&#8220; die 80 Kilometer lange Strecke zwischen Hannoversch-M\u00fcnden und Holzminden in einem Rutsch zu bew\u00e4ltigen. Ganz einfach werde das aus gesundheitlichen Gr\u00fcnden aber nicht werden: &#8222;Ich habe es mit den Sehnenscheiden.&#8220; Und dennoch geht sie den T\u00f6rn bei der wohl bedeutendsten Fr\u00fchjahrsveranstaltung im Bereich des Deutschen Kanuverbandes optimistisch an: &#8222;Ich habe in Elias Engel einen starken Zweier-Partner.&#8220; Dar\u00fcber hinaus wei\u00df sie sich ebenfalls in guter Gesellschaft, denn sie wird die Reise nach Niedersachsen mit weiteren 25 Mitgliedern der Kanugruppe Wilster antreten.<\/p>\n<p>Geschlafen werde an dem Wochenende \u00fcbrigens in Zelten. Doch das sei sie gewohnt. Auch bei der Jugendurlaubstour im vergangenen Jahr, die acht Tage dauerte und bei der alle teilnehmenden Wilsteraner Kanuten 218 Kilometer im Boot sa\u00dfen, geh\u00f6rte die \u00dcbernachtung im Zelt zum obligatorischen Reiseprocedere. Das gleiche wird sich f\u00fcr Elske Ruge und die \u00fcbrigen Jugendlichen ihres Vereins \u00fcbrigens Ende Juni wiederholen, wenn die Jugendurlaubstour an die Elbe f\u00fchrt. Zwischen der Lutherstadt Wittenberg und D\u00f6mitz werden dann von jedem Aktiven rund 270 Kilometer gepaddelt werden.<\/p>\n<p>Doch auf diese liebgewonnene Freizeitgestaltung sowie auf ihren Hund &#8222;Becky&#8220; muss sie ab August f\u00fcr knapp ein Jahr verzichten. Sie werde an einem Sch\u00fcleraustausch teilnehmen, der sie nach Costa Rica f\u00fchren wird. Dort nimmt die AVS-Sch\u00fclerin dann am regul\u00e4ren Schulunterricht teil. Wohnen wird sie in Mittelamerika bei einer Gastfamilie, &#8222;die ich aber noch nicht kenne&#8220;. Was sie dort f\u00fcr sich erwartet: &#8222;Sch\u00f6ne Erfahrungen, viele Eindr\u00fccke in der Natur und Verbesserung meiner Spanisch-Kenntnisse.&#8220; Insgeheim hofft sie auch darauf, in der f\u00fcr sie fremden Welt paddeln zu k\u00f6nnen &#8211; ab und zu jedenfalls, aber nicht so oft wie in Wilster &#8222;zwischen zwei und viermal die Woche&#8220;.<\/p>\n<p>Und was folgt sportlich, wenn sie vom Sch\u00fcleraustausch im n\u00e4chsten Jahr zur\u00fcck an die Wilsterau kommen wird? Auf jeden Fall wolle sie Paddlerin bleiben. &#8222;Ich baue mir gerade ein Boot f\u00fcr meine Bed\u00fcrfnisse zurecht. M\u00f6chte eine Einertour auf der Elbe unternehmen und m\u00f6glichst bald am Veteranentreffen auf Pagensand teilnehmen.&#8220; Aus vielen Schilderungen von \u00e4lteren Kanuten sei ihr bekannt: &#8222;Erst wenn du daran teilgenommen hast, bist du endg\u00fcltig im Kreis der Paddler angekommen.&#8220; Auch ihre anderen Hobbys &#8211; Reiten im Reit- und Fahrverein Wilster und das Fahren auf Inlinern &#8211; will sie weiter nachgehen.<\/p>\n<p>Infos zu den Aktivit\u00e4ten der Kanu-Gruppe Wilster unter www.kanu-gruppe-wilster.de.<\/p>\n","protected":false},"excerpt":{"rendered":"<p>Wilster\/Landrecht Paddeln ist Elske Ruges Leidenschaft Bericht Wilstersche Zeitung\u00a024. April 2012 | Von Hermann Schwichtenberg \u00a0 Freut sich auf die Wochenendtour zum Saisonstart: Kanutin Elske Ruge. Foto: H. Schwichtenberg 17-j\u00e4hrige Kanutin legte in der vergangenen Saison 555,5 Kilometer im Kajak zur\u00fcck und freut sich auf die bevorstehenden Touren Wilster \/ Landrecht. Wer sich mit dem<\/p>\n","protected":false},"author":2,"featured_media":0,"comment_status":"open","ping_status":"open","sticky":false,"template":"","format":"standard","meta":{"ngg_post_thumbnail":0},"categories":[1,5],"tags":[],"yoast_head":"<!-- This site is optimized with the Yoast SEO plugin v19.0 - https:\/\/yoast.com\/wordpress\/plugins\/seo\/ -->\n<title>Paddeln ist Elske Ruges Leidenschaft &ndash; Kanu Gruppe Wilster e.V.<\/title>\n<meta name=\"robots\" content=\"index, follow, max-snippet:-1, max-image-preview:large, max-video-preview:-1\" \/>\n<link rel=\"canonical\" href=\"https:\/\/kanu-gruppe-wilster.de\/index.php\/paddeln-ist-elske-ruges-leidenschaft\/\" \/>\n<meta property=\"og:locale\" content=\"de_DE\" \/>\n<meta property=\"og:type\" content=\"article\" \/>\n<meta property=\"og:title\" content=\"Paddeln ist Elske Ruges Leidenschaft &ndash; Kanu Gruppe Wilster e.V.\" \/>\n<meta property=\"og:description\" content=\"Wilster\/Landrecht Paddeln ist Elske Ruges Leidenschaft Bericht Wilstersche Zeitung\u00a024. April 2012 | Von Hermann Schwichtenberg \u00a0 Freut sich auf die Wochenendtour zum Saisonstart: Kanutin Elske Ruge. Foto: H. Schwichtenberg 17-j\u00e4hrige Kanutin legte in der vergangenen Saison 555,5 Kilometer im Kajak zur\u00fcck und freut sich auf die bevorstehenden Touren Wilster \/ Landrecht. Wer sich mit dem\" \/>\n<meta property=\"og:url\" content=\"https:\/\/kanu-gruppe-wilster.de\/index.php\/paddeln-ist-elske-ruges-leidenschaft\/\" \/>\n<meta property=\"og:site_name\" content=\"Kanu Gruppe Wilster e.V.\" \/>\n<meta property=\"article:published_time\" content=\"2012-04-24T16:30:35+00:00\" \/>\n<meta property=\"og:image\" content=\"http:\/\/kanu-gruppe-wilster.de\/wp-content\/uploads\/2012\/04\/Elke-Ruge.jpg\" \/>\n<meta name=\"twitter:card\" content=\"summary\" \/>\n<meta name=\"twitter:label1\" content=\"Verfasst von\" \/>\n\t<meta name=\"twitter:data1\" content=\"UweMuenster\" \/>\n\t<meta name=\"twitter:label2\" content=\"Gesch\u00e4tzte Lesezeit\" \/>\n\t<meta name=\"twitter:data2\" content=\"4\u00a0Minuten\" \/>\n<script type=\"application\/ld+json\" class=\"yoast-schema-graph\">{\"@context\":\"https:\/\/schema.org\",\"@graph\":[{\"@type\":\"WebSite\",\"@id\":\"https:\/\/kanu-gruppe-wilster.de\/#website\",\"url\":\"https:\/\/kanu-gruppe-wilster.de\/\",\"name\":\"Kanu Gruppe Wilster e.V.\",\"description\":\"Kanuverein an der Wilster Au\",\"potentialAction\":[{\"@type\":\"SearchAction\",\"target\":{\"@type\":\"EntryPoint\",\"urlTemplate\":\"https:\/\/kanu-gruppe-wilster.de\/?s={search_term_string}\"},\"query-input\":\"required name=search_term_string\"}],\"inLanguage\":\"de\"},{\"@type\":\"ImageObject\",\"inLanguage\":\"de\",\"@id\":\"https:\/\/kanu-gruppe-wilster.de\/index.php\/paddeln-ist-elske-ruges-leidenschaft\/#primaryimage\",\"url\":\"http:\/\/kanu-gruppe-wilster.de\/wp-content\/uploads\/2012\/04\/Elke-Ruge.jpg\",\"contentUrl\":\"http:\/\/kanu-gruppe-wilster.de\/wp-content\/uploads\/2012\/04\/Elke-Ruge.jpg\"},{\"@type\":\"WebPage\",\"@id\":\"https:\/\/kanu-gruppe-wilster.de\/index.php\/paddeln-ist-elske-ruges-leidenschaft\/#webpage\",\"url\":\"https:\/\/kanu-gruppe-wilster.de\/index.php\/paddeln-ist-elske-ruges-leidenschaft\/\",\"name\":\"Paddeln ist Elske Ruges Leidenschaft &ndash; Kanu Gruppe Wilster e.V.\",\"isPartOf\":{\"@id\":\"https:\/\/kanu-gruppe-wilster.de\/#website\"},\"primaryImageOfPage\":{\"@id\":\"https:\/\/kanu-gruppe-wilster.de\/index.php\/paddeln-ist-elske-ruges-leidenschaft\/#primaryimage\"},\"datePublished\":\"2012-04-24T16:30:35+00:00\",\"dateModified\":\"2012-04-24T16:30:35+00:00\",\"author\":{\"@id\":\"https:\/\/kanu-gruppe-wilster.de\/#\/schema\/person\/7489fc75ff891776bcddaa56e64dbb54\"},\"breadcrumb\":{\"@id\":\"https:\/\/kanu-gruppe-wilster.de\/index.php\/paddeln-ist-elske-ruges-leidenschaft\/#breadcrumb\"},\"inLanguage\":\"de\",\"potentialAction\":[{\"@type\":\"ReadAction\",\"target\":[\"https:\/\/kanu-gruppe-wilster.de\/index.php\/paddeln-ist-elske-ruges-leidenschaft\/\"]}]},{\"@type\":\"BreadcrumbList\",\"@id\":\"https:\/\/kanu-gruppe-wilster.de\/index.php\/paddeln-ist-elske-ruges-leidenschaft\/#breadcrumb\",\"itemListElement\":[{\"@type\":\"ListItem\",\"position\":1,\"name\":\"Startseite\",\"item\":\"https:\/\/kanu-gruppe-wilster.de\/\"},{\"@type\":\"ListItem\",\"position\":2,\"name\":\"Paddeln ist Elske Ruges Leidenschaft\"}]},{\"@type\":\"Person\",\"@id\":\"https:\/\/kanu-gruppe-wilster.de\/#\/schema\/person\/7489fc75ff891776bcddaa56e64dbb54\",\"name\":\"UweMuenster\",\"image\":{\"@type\":\"ImageObject\",\"inLanguage\":\"de\",\"@id\":\"https:\/\/kanu-gruppe-wilster.de\/#\/schema\/person\/image\/\",\"url\":\"https:\/\/secure.gravatar.com\/avatar\/633d80af5ecf11a7e42ad51ef88894a9?s=96&d=mm&r=g\",\"contentUrl\":\"https:\/\/secure.gravatar.com\/avatar\/633d80af5ecf11a7e42ad51ef88894a9?s=96&d=mm&r=g\",\"caption\":\"UweMuenster\"},\"url\":\"https:\/\/kanu-gruppe-wilster.de\/index.php\/author\/uwemuenster\/\"}]}<\/script>\n<!-- \/ Yoast SEO plugin. -->","yoast_head_json":{"title":"Paddeln ist Elske Ruges Leidenschaft &ndash; Kanu Gruppe Wilster e.V.","robots":{"index":"index","follow":"follow","max-snippet":"max-snippet:-1","max-image-preview":"max-image-preview:large","max-video-preview":"max-video-preview:-1"},"canonical":"https:\/\/kanu-gruppe-wilster.de\/index.php\/paddeln-ist-elske-ruges-leidenschaft\/","og_locale":"de_DE","og_type":"article","og_title":"Paddeln ist Elske Ruges Leidenschaft &ndash; Kanu Gruppe Wilster e.V.","og_description":"Wilster\/Landrecht Paddeln ist Elske Ruges Leidenschaft Bericht Wilstersche Zeitung\u00a024. April 2012 | Von Hermann Schwichtenberg \u00a0 Freut sich auf die Wochenendtour zum Saisonstart: Kanutin Elske Ruge. Foto: H. Schwichtenberg 17-j\u00e4hrige Kanutin legte in der vergangenen Saison 555,5 Kilometer im Kajak zur\u00fcck und freut sich auf die bevorstehenden Touren Wilster \/ Landrecht. Wer sich mit dem","og_url":"https:\/\/kanu-gruppe-wilster.de\/index.php\/paddeln-ist-elske-ruges-leidenschaft\/","og_site_name":"Kanu Gruppe Wilster e.V.","article_published_time":"2012-04-24T16:30:35+00:00","og_image":[{"url":"http:\/\/kanu-gruppe-wilster.de\/wp-content\/uploads\/2012\/04\/Elke-Ruge.jpg"}],"twitter_card":"summary","twitter_misc":{"Verfasst von":"UweMuenster","Gesch\u00e4tzte Lesezeit":"4\u00a0Minuten"},"schema":{"@context":"https:\/\/schema.org","@graph":[{"@type":"WebSite","@id":"https:\/\/kanu-gruppe-wilster.de\/#website","url":"https:\/\/kanu-gruppe-wilster.de\/","name":"Kanu Gruppe Wilster e.V.","description":"Kanuverein an der Wilster Au","potentialAction":[{"@type":"SearchAction","target":{"@type":"EntryPoint","urlTemplate":"https:\/\/kanu-gruppe-wilster.de\/?s={search_term_string}"},"query-input":"required name=search_term_string"}],"inLanguage":"de"},{"@type":"ImageObject","inLanguage":"de","@id":"https:\/\/kanu-gruppe-wilster.de\/index.php\/paddeln-ist-elske-ruges-leidenschaft\/#primaryimage","url":"http:\/\/kanu-gruppe-wilster.de\/wp-content\/uploads\/2012\/04\/Elke-Ruge.jpg","contentUrl":"http:\/\/kanu-gruppe-wilster.de\/wp-content\/uploads\/2012\/04\/Elke-Ruge.jpg"},{"@type":"WebPage","@id":"https:\/\/kanu-gruppe-wilster.de\/index.php\/paddeln-ist-elske-ruges-leidenschaft\/#webpage","url":"https:\/\/kanu-gruppe-wilster.de\/index.php\/paddeln-ist-elske-ruges-leidenschaft\/","name":"Paddeln ist Elske Ruges Leidenschaft &ndash; Kanu Gruppe Wilster e.V.","isPartOf":{"@id":"https:\/\/kanu-gruppe-wilster.de\/#website"},"primaryImageOfPage":{"@id":"https:\/\/kanu-gruppe-wilster.de\/index.php\/paddeln-ist-elske-ruges-leidenschaft\/#primaryimage"},"datePublished":"2012-04-24T16:30:35+00:00","dateModified":"2012-04-24T16:30:35+00:00","author":{"@id":"https:\/\/kanu-gruppe-wilster.de\/#\/schema\/person\/7489fc75ff891776bcddaa56e64dbb54"},"breadcrumb":{"@id":"https:\/\/kanu-gruppe-wilster.de\/index.php\/paddeln-ist-elske-ruges-leidenschaft\/#breadcrumb"},"inLanguage":"de","potentialAction":[{"@type":"ReadAction","target":["https:\/\/kanu-gruppe-wilster.de\/index.php\/paddeln-ist-elske-ruges-leidenschaft\/"]}]},{"@type":"BreadcrumbList","@id":"https:\/\/kanu-gruppe-wilster.de\/index.php\/paddeln-ist-elske-ruges-leidenschaft\/#breadcrumb","itemListElement":[{"@type":"ListItem","position":1,"name":"Startseite","item":"https:\/\/kanu-gruppe-wilster.de\/"},{"@type":"ListItem","position":2,"name":"Paddeln ist Elske Ruges Leidenschaft"}]},{"@type":"Person","@id":"https:\/\/kanu-gruppe-wilster.de\/#\/schema\/person\/7489fc75ff891776bcddaa56e64dbb54","name":"UweMuenster","image":{"@type":"ImageObject","inLanguage":"de","@id":"https:\/\/kanu-gruppe-wilster.de\/#\/schema\/person\/image\/","url":"https:\/\/secure.gravatar.com\/avatar\/633d80af5ecf11a7e42ad51ef88894a9?s=96&d=mm&r=g","contentUrl":"https:\/\/secure.gravatar.com\/avatar\/633d80af5ecf11a7e42ad51ef88894a9?s=96&d=mm&r=g","caption":"UweMuenster"},"url":"https:\/\/kanu-gruppe-wilster.de\/index.php\/author\/uwemuenster\/"}]}},"_links":{"self":[{"href":"https:\/\/kanu-gruppe-wilster.de\/index.php\/wp-json\/wp\/v2\/posts\/608"}],"collection":[{"href":"https:\/\/kanu-gruppe-wilster.de\/index.php\/wp-json\/wp\/v2\/posts"}],"about":[{"href":"https:\/\/kanu-gruppe-wilster.de\/index.php\/wp-json\/wp\/v2\/types\/post"}],"author":[{"embeddable":true,"href":"https:\/\/kanu-gruppe-wilster.de\/index.php\/wp-json\/wp\/v2\/users\/2"}],"replies":[{"embeddable":true,"href":"https:\/\/kanu-gruppe-wilster.de\/index.php\/wp-json\/wp\/v2\/comments?post=608"}],"version-history":[{"count":0,"href":"https:\/\/kanu-gruppe-wilster.de\/index.php\/wp-json\/wp\/v2\/posts\/608\/revisions"}],"wp:attachment":[{"href":"https:\/\/kanu-gruppe-wilster.de\/index.php\/wp-json\/wp\/v2\/media?parent=608"}],"wp:term":[{"taxonomy":"category","embeddable":true,"href":"https:\/\/kanu-gruppe-wilster.de\/index.php\/wp-json\/wp\/v2\/categories?post=608"},{"taxonomy":"post_tag","embeddable":true,"href":"https:\/\/kanu-gruppe-wilster.de\/index.php\/wp-json\/wp\/v2\/tags?post=608"}],"curies":[{"name":"wp","href":"https:\/\/api.w.org\/{rel}","templated":true}]}}