{"id":588,"date":"2012-02-26T18:58:19","date_gmt":"2012-02-26T17:58:19","guid":{"rendered":"http:\/\/kanu-gruppe-wilster.de\/?p=588"},"modified":"2012-02-26T18:58:19","modified_gmt":"2012-02-26T17:58:19","slug":"vollsperrung-der-stor-vom-05-03-18-03-2012-km-250-km-275","status":"publish","type":"post","link":"https:\/\/kanu-gruppe-wilster.de\/index.php\/vollsperrung-der-stor-vom-05-03-18-03-2012-km-250-km-275\/","title":{"rendered":"Vollsperrung der St\u00f6r vom 05.03. \u2013 18.03.2012 \u2013 km 25,0 \u2013 km 27,5"},"content":{"rendered":"<div>\n<div>\n<h2>Vollsperrung der St\u00f6r vom 05.03. \u2013 18.03.2012 \u2013<\/h2>\n<h2>\u00a0 km 25,0 \u2013 km 27,5<\/h2>\n<h3>Das Wasser- und Schifffahrtsamt Hamburg informiert, dass vom 05.03. bis<\/h3>\n<h3>18.03.2012, wegen der Bauarbeiten zum R\u00fcckbau der Br\u00fccke \u00fcber die St\u00f6r<\/h3>\n<h3>im\u00a0 Verlauf der Autobahn A23 die St\u00f6r im Bereich vonStrom-km 25,0<\/h3>\n<h3>(Itzehoe) bis Strom-km 27,5 (Heiligenstedten)\u00a0\u00a0f\u00fcr die gesamte Schifffahrt<\/h3>\n<h3>gesperrt ist. Die Baustelle kann in dieser Zeit nicht passiert werden. Bereits<\/h3>\n<h3>im Vorfeld der Bauma\u00dfnahme kann es durch Baufahrzeuge zu \u00f6rtlichen<\/h3>\n<h3>Behinderungen kommen. Die Schifffahrtszeichen sind zu beachten.<\/h3>\n<\/div>\n<\/div>\n","protected":false},"excerpt":{"rendered":"<p>Vollsperrung der St\u00f6r vom 05.03. \u2013 18.03.2012 \u2013 \u00a0 km 25,0 \u2013 km 27,5 Das Wasser- und Schifffahrtsamt Hamburg informiert, dass vom 05.03. bis 18.03.2012, wegen der Bauarbeiten zum R\u00fcckbau der Br\u00fccke \u00fcber die St\u00f6r im\u00a0 Verlauf der Autobahn A23 die St\u00f6r im Bereich vonStrom-km 25,0 (Itzehoe) bis Strom-km 27,5 (Heiligenstedten)\u00a0\u00a0f\u00fcr die gesamte Schifffahrt gesperrt<\/p>\n","protected":false},"author":2,"featured_media":0,"comment_status":"open","ping_status":"open","sticky":false,"template":"","format":"standard","meta":{"ngg_post_thumbnail":0},"categories":[4,1],"tags":[],"yoast_head":"<!-- This site is optimized with the Yoast SEO plugin v19.0 - https:\/\/yoast.com\/wordpress\/plugins\/seo\/ -->\n<title>Vollsperrung der St\u00f6r vom 05.03. \u2013 18.03.2012 \u2013 km 25,0 \u2013 km 27,5 &ndash; Kanu Gruppe Wilster e.V.<\/title>\n<meta name=\"robots\" content=\"index, follow, max-snippet:-1, max-image-preview:large, max-video-preview:-1\" \/>\n<link rel=\"canonical\" href=\"https:\/\/kanu-gruppe-wilster.de\/index.php\/vollsperrung-der-stor-vom-05-03-18-03-2012-km-250-km-275\/\" \/>\n<meta property=\"og:locale\" content=\"de_DE\" \/>\n<meta property=\"og:type\" content=\"article\" \/>\n<meta property=\"og:title\" content=\"Vollsperrung der St\u00f6r vom 05.03. \u2013 18.03.2012 \u2013 km 25,0 \u2013 km 27,5 &ndash; Kanu Gruppe Wilster e.V.\" \/>\n<meta property=\"og:description\" content=\"Vollsperrung der St\u00f6r vom 05.03. \u2013 18.03.2012 \u2013 \u00a0 km 25,0 \u2013 km 27,5 Das Wasser- und Schifffahrtsamt Hamburg informiert, dass vom 05.03. bis 18.03.2012, wegen der Bauarbeiten zum R\u00fcckbau der Br\u00fccke \u00fcber die St\u00f6r im\u00a0 Verlauf der Autobahn A23 die St\u00f6r im Bereich vonStrom-km 25,0 (Itzehoe) bis Strom-km 27,5 (Heiligenstedten)\u00a0\u00a0f\u00fcr die gesamte Schifffahrt gesperrt\" \/>\n<meta property=\"og:url\" content=\"https:\/\/kanu-gruppe-wilster.de\/index.php\/vollsperrung-der-stor-vom-05-03-18-03-2012-km-250-km-275\/\" \/>\n<meta property=\"og:site_name\" content=\"Kanu Gruppe Wilster e.V.\" \/>\n<meta property=\"article:published_time\" content=\"2012-02-26T17:58:19+00:00\" \/>\n<meta name=\"twitter:card\" content=\"summary\" \/>\n<meta name=\"twitter:label1\" content=\"Verfasst von\" \/>\n\t<meta name=\"twitter:data1\" content=\"UweMuenster\" \/>\n<script type=\"application\/ld+json\" class=\"yoast-schema-graph\">{\"@context\":\"https:\/\/schema.org\",\"@graph\":[{\"@type\":\"WebSite\",\"@id\":\"https:\/\/kanu-gruppe-wilster.de\/#website\",\"url\":\"https:\/\/kanu-gruppe-wilster.de\/\",\"name\":\"Kanu Gruppe Wilster e.V.\",\"description\":\"Kanuverein an der Wilster Au\",\"potentialAction\":[{\"@type\":\"SearchAction\",\"target\":{\"@type\":\"EntryPoint\",\"urlTemplate\":\"https:\/\/kanu-gruppe-wilster.de\/?s={search_term_string}\"},\"query-input\":\"required name=search_term_string\"}],\"inLanguage\":\"de\"},{\"@type\":\"WebPage\",\"@id\":\"https:\/\/kanu-gruppe-wilster.de\/index.php\/vollsperrung-der-stor-vom-05-03-18-03-2012-km-250-km-275\/#webpage\",\"url\":\"https:\/\/kanu-gruppe-wilster.de\/index.php\/vollsperrung-der-stor-vom-05-03-18-03-2012-km-250-km-275\/\",\"name\":\"Vollsperrung der St\u00f6r vom 05.03. \u2013 18.03.2012 \u2013 km 25,0 \u2013 km 27,5 &ndash; Kanu Gruppe Wilster e.V.\",\"isPartOf\":{\"@id\":\"https:\/\/kanu-gruppe-wilster.de\/#website\"},\"datePublished\":\"2012-02-26T17:58:19+00:00\",\"dateModified\":\"2012-02-26T17:58:19+00:00\",\"author\":{\"@id\":\"https:\/\/kanu-gruppe-wilster.de\/#\/schema\/person\/7489fc75ff891776bcddaa56e64dbb54\"},\"breadcrumb\":{\"@id\":\"https:\/\/kanu-gruppe-wilster.de\/index.php\/vollsperrung-der-stor-vom-05-03-18-03-2012-km-250-km-275\/#breadcrumb\"},\"inLanguage\":\"de\",\"potentialAction\":[{\"@type\":\"ReadAction\",\"target\":[\"https:\/\/kanu-gruppe-wilster.de\/index.php\/vollsperrung-der-stor-vom-05-03-18-03-2012-km-250-km-275\/\"]}]},{\"@type\":\"BreadcrumbList\",\"@id\":\"https:\/\/kanu-gruppe-wilster.de\/index.php\/vollsperrung-der-stor-vom-05-03-18-03-2012-km-250-km-275\/#breadcrumb\",\"itemListElement\":[{\"@type\":\"ListItem\",\"position\":1,\"name\":\"Startseite\",\"item\":\"https:\/\/kanu-gruppe-wilster.de\/\"},{\"@type\":\"ListItem\",\"position\":2,\"name\":\"Vollsperrung der St\u00f6r vom 05.03. \u2013 18.03.2012 \u2013 km 25,0 \u2013 km 27,5\"}]},{\"@type\":\"Person\",\"@id\":\"https:\/\/kanu-gruppe-wilster.de\/#\/schema\/person\/7489fc75ff891776bcddaa56e64dbb54\",\"name\":\"UweMuenster\",\"image\":{\"@type\":\"ImageObject\",\"inLanguage\":\"de\",\"@id\":\"https:\/\/kanu-gruppe-wilster.de\/#\/schema\/person\/image\/\",\"url\":\"https:\/\/secure.gravatar.com\/avatar\/633d80af5ecf11a7e42ad51ef88894a9?s=96&d=mm&r=g\",\"contentUrl\":\"https:\/\/secure.gravatar.com\/avatar\/633d80af5ecf11a7e42ad51ef88894a9?s=96&d=mm&r=g\",\"caption\":\"UweMuenster\"},\"url\":\"https:\/\/kanu-gruppe-wilster.de\/index.php\/author\/uwemuenster\/\"}]}<\/script>\n<!-- \/ Yoast SEO plugin. -->","yoast_head_json":{"title":"Vollsperrung der St\u00f6r vom 05.03. \u2013 18.03.2012 \u2013 km 25,0 \u2013 km 27,5 &ndash; Kanu Gruppe Wilster e.V.","robots":{"index":"index","follow":"follow","max-snippet":"max-snippet:-1","max-image-preview":"max-image-preview:large","max-video-preview":"max-video-preview:-1"},"canonical":"https:\/\/kanu-gruppe-wilster.de\/index.php\/vollsperrung-der-stor-vom-05-03-18-03-2012-km-250-km-275\/","og_locale":"de_DE","og_type":"article","og_title":"Vollsperrung der St\u00f6r vom 05.03. \u2013 18.03.2012 \u2013 km 25,0 \u2013 km 27,5 &ndash; Kanu Gruppe Wilster e.V.","og_description":"Vollsperrung der St\u00f6r vom 05.03. \u2013 18.03.2012 \u2013 \u00a0 km 25,0 \u2013 km 27,5 Das Wasser- und Schifffahrtsamt Hamburg informiert, dass vom 05.03. bis 18.03.2012, wegen der Bauarbeiten zum R\u00fcckbau der Br\u00fccke \u00fcber die St\u00f6r im\u00a0 Verlauf der Autobahn A23 die St\u00f6r im Bereich vonStrom-km 25,0 (Itzehoe) bis Strom-km 27,5 (Heiligenstedten)\u00a0\u00a0f\u00fcr die gesamte Schifffahrt gesperrt","og_url":"https:\/\/kanu-gruppe-wilster.de\/index.php\/vollsperrung-der-stor-vom-05-03-18-03-2012-km-250-km-275\/","og_site_name":"Kanu Gruppe Wilster e.V.","article_published_time":"2012-02-26T17:58:19+00:00","twitter_card":"summary","twitter_misc":{"Verfasst von":"UweMuenster"},"schema":{"@context":"https:\/\/schema.org","@graph":[{"@type":"WebSite","@id":"https:\/\/kanu-gruppe-wilster.de\/#website","url":"https:\/\/kanu-gruppe-wilster.de\/","name":"Kanu Gruppe Wilster e.V.","description":"Kanuverein an der Wilster Au","potentialAction":[{"@type":"SearchAction","target":{"@type":"EntryPoint","urlTemplate":"https:\/\/kanu-gruppe-wilster.de\/?s={search_term_string}"},"query-input":"required name=search_term_string"}],"inLanguage":"de"},{"@type":"WebPage","@id":"https:\/\/kanu-gruppe-wilster.de\/index.php\/vollsperrung-der-stor-vom-05-03-18-03-2012-km-250-km-275\/#webpage","url":"https:\/\/kanu-gruppe-wilster.de\/index.php\/vollsperrung-der-stor-vom-05-03-18-03-2012-km-250-km-275\/","name":"Vollsperrung der St\u00f6r vom 05.03. \u2013 18.03.2012 \u2013 km 25,0 \u2013 km 27,5 &ndash; Kanu Gruppe Wilster e.V.","isPartOf":{"@id":"https:\/\/kanu-gruppe-wilster.de\/#website"},"datePublished":"2012-02-26T17:58:19+00:00","dateModified":"2012-02-26T17:58:19+00:00","author":{"@id":"https:\/\/kanu-gruppe-wilster.de\/#\/schema\/person\/7489fc75ff891776bcddaa56e64dbb54"},"breadcrumb":{"@id":"https:\/\/kanu-gruppe-wilster.de\/index.php\/vollsperrung-der-stor-vom-05-03-18-03-2012-km-250-km-275\/#breadcrumb"},"inLanguage":"de","potentialAction":[{"@type":"ReadAction","target":["https:\/\/kanu-gruppe-wilster.de\/index.php\/vollsperrung-der-stor-vom-05-03-18-03-2012-km-250-km-275\/"]}]},{"@type":"BreadcrumbList","@id":"https:\/\/kanu-gruppe-wilster.de\/index.php\/vollsperrung-der-stor-vom-05-03-18-03-2012-km-250-km-275\/#breadcrumb","itemListElement":[{"@type":"ListItem","position":1,"name":"Startseite","item":"https:\/\/kanu-gruppe-wilster.de\/"},{"@type":"ListItem","position":2,"name":"Vollsperrung der St\u00f6r vom 05.03. \u2013 18.03.2012 \u2013 km 25,0 \u2013 km 27,5"}]},{"@type":"Person","@id":"https:\/\/kanu-gruppe-wilster.de\/#\/schema\/person\/7489fc75ff891776bcddaa56e64dbb54","name":"UweMuenster","image":{"@type":"ImageObject","inLanguage":"de","@id":"https:\/\/kanu-gruppe-wilster.de\/#\/schema\/person\/image\/","url":"https:\/\/secure.gravatar.com\/avatar\/633d80af5ecf11a7e42ad51ef88894a9?s=96&d=mm&r=g","contentUrl":"https:\/\/secure.gravatar.com\/avatar\/633d80af5ecf11a7e42ad51ef88894a9?s=96&d=mm&r=g","caption":"UweMuenster"},"url":"https:\/\/kanu-gruppe-wilster.de\/index.php\/author\/uwemuenster\/"}]}},"_links":{"self":[{"href":"https:\/\/kanu-gruppe-wilster.de\/index.php\/wp-json\/wp\/v2\/posts\/588"}],"collection":[{"href":"https:\/\/kanu-gruppe-wilster.de\/index.php\/wp-json\/wp\/v2\/posts"}],"about":[{"href":"https:\/\/kanu-gruppe-wilster.de\/index.php\/wp-json\/wp\/v2\/types\/post"}],"author":[{"embeddable":true,"href":"https:\/\/kanu-gruppe-wilster.de\/index.php\/wp-json\/wp\/v2\/users\/2"}],"replies":[{"embeddable":true,"href":"https:\/\/kanu-gruppe-wilster.de\/index.php\/wp-json\/wp\/v2\/comments?post=588"}],"version-history":[{"count":0,"href":"https:\/\/kanu-gruppe-wilster.de\/index.php\/wp-json\/wp\/v2\/posts\/588\/revisions"}],"wp:attachment":[{"href":"https:\/\/kanu-gruppe-wilster.de\/index.php\/wp-json\/wp\/v2\/media?parent=588"}],"wp:term":[{"taxonomy":"category","embeddable":true,"href":"https:\/\/kanu-gruppe-wilster.de\/index.php\/wp-json\/wp\/v2\/categories?post=588"},{"taxonomy":"post_tag","embeddable":true,"href":"https:\/\/kanu-gruppe-wilster.de\/index.php\/wp-json\/wp\/v2\/tags?post=588"}],"curies":[{"name":"wp","href":"https:\/\/api.w.org\/{rel}","templated":true}]}}