{"id":505,"date":"2011-11-16T19:39:05","date_gmt":"2011-11-16T18:39:05","guid":{"rendered":"http:\/\/kanu-gruppe-wilster.de\/?p=505"},"modified":"2011-11-16T19:39:05","modified_gmt":"2011-11-16T18:39:05","slug":"lkv-wanderwartetagung-in-wilster","status":"publish","type":"post","link":"https:\/\/kanu-gruppe-wilster.de\/index.php\/lkv-wanderwartetagung-in-wilster\/","title":{"rendered":"LKV-Wanderwartetagung in Wilster"},"content":{"rendered":"<p><a href=\"http:\/\/kanu-gruppe-wilster.de\/wp-content\/uploads\/2011\/11\/121120110722.jpg\"><img loading=\"lazy\" class=\"aligncenter size-large wp-image-515\" title=\"12112011072\" src=\"http:\/\/kanu-gruppe-wilster.de\/wp-content\/uploads\/2011\/11\/121120110722-1024x768.jpg\" alt=\"\" width=\"556\" height=\"418\" \/><\/a>LKV-Wanderwartetagung in Wilster<\/p>\n<p>Am 12.November trafen sich im Bootshaus der Kanu-Gruppe Wilster 25 Wanderwarte der Kanuvereine in Schleswig-Holstein sowie \u2013 als Vertreter des Landeskanuverbandes \u2013 Eckehard Schirmer (Ressortleiter Freizeitsport) und Oliver Rausch (Referent Wanderfahrerwettbewerbe) zur Tagung.<\/p>\n<p><strong>Themen der Tagung waren unter anderem der Wandersportwettbewerb der zur\u00fcckliegenden Saison, bei dem die KGW sich im Vergleich zum Vorjahr nochmal steigerte und mit 18971 eingereichten Kilometern im Erwachsenenbereich (40 Teilnehmer) einen soliden <span style=\"text-decoration: underline;\">8.Platz<\/span> unter 29 teilnehmenden Vereinen belegt!<\/strong><\/p>\n<p>Auch die Situation an den Gew\u00e4ssern in Schleswig-Holstein wurde er\u00f6rtert.\u00a0 Bez\u00fcglich der Osterau berichtete Jochen Meyer (EW) von einem Begehungs- und Gespr\u00e4chstermin im Wildpark Eekholt mit Vertretern des LKV und des Parks. Besonders die teilweise problematischen Durchfahrtsh\u00f6hen an den Br\u00fccken im Wildpark wurden besprochen und Ma\u00dfnahmen festgelegt.<\/p>\n<p>Des Weiteren ist eine Neubelebung der einst geregelten Bachpatenschaften (die allerdings im Laufe der Jahre teilweise wieder eingeschlafen sind) vorgesehen, da es nur \u00fcber Vertreter der Vereine m\u00f6glich ist einen vollst\u00e4ndigen \u00dcberblick \u00fcber die landesweite Gew\u00e4ssersituation \u2013 bez\u00fcglich Befahrbarkeit, geplanten Bauma\u00dfnahmen und besonderen Schwierigkeiten \u2013 zu haben.<\/p>\n<p>Die KGW nahm ihr Jubil\u00e4um zum 75-j\u00e4hrigen Bestehen als Anlass diese Veranstaltung in diesem Jahr ins eigene Vereinsheim zu holen. Grunds\u00e4tzlich wird das Rotationsprinzip bez\u00fcglich des Standortes dieser j\u00e4hrlichen Versammlung sehr begr\u00fc\u00dft, da die Wanderwarte auf diese Weise die Gelegenheit haben andere Bootsh\u00e4user in Schleswig-Holstein kennenzulernen. So k\u00f6nnen schon mal potentielle Ziele f\u00fcr sp\u00e4tere Vereinsfahrten ausgesp\u00e4ht werden.<\/p>\n<p><a href=\"http:\/\/kanu-gruppe-wilster.de\/wp-content\/uploads\/2011\/11\/121120110701.jpg\"><img loading=\"lazy\" class=\"aligncenter size-large wp-image-513\" title=\"12112011070\" src=\"http:\/\/kanu-gruppe-wilster.de\/wp-content\/uploads\/2011\/11\/121120110701-1024x768.jpg\" alt=\"\" width=\"738\" height=\"555\" \/><\/a><\/p>\n<p><a href=\"http:\/\/kanu-gruppe-wilster.de\/wp-content\/uploads\/2011\/11\/12112011073.jpg\"><img loading=\"lazy\" class=\"aligncenter size-large wp-image-514\" title=\"12112011073\" src=\"http:\/\/kanu-gruppe-wilster.de\/wp-content\/uploads\/2011\/11\/12112011073-1024x768.jpg\" alt=\"\" width=\"743\" height=\"558\" \/><\/a><\/p>\n<p><a href=\"http:\/\/kanu-gruppe-wilster.de\/wp-content\/uploads\/2011\/11\/121120110712.jpg\"><img loading=\"lazy\" class=\"aligncenter size-large wp-image-520\" title=\"12112011071\" src=\"http:\/\/kanu-gruppe-wilster.de\/wp-content\/uploads\/2011\/11\/121120110712-1024x768.jpg\" alt=\"\" width=\"754\" height=\"565\" \/><\/a><\/p>\n<p>Ingmar<\/p>\n","protected":false},"excerpt":{"rendered":"<p>LKV-Wanderwartetagung in Wilster Am 12.November trafen sich im Bootshaus der Kanu-Gruppe Wilster 25 Wanderwarte der Kanuvereine in Schleswig-Holstein sowie \u2013 als Vertreter des Landeskanuverbandes \u2013 Eckehard Schirmer (Ressortleiter Freizeitsport) und Oliver Rausch (Referent Wanderfahrerwettbewerbe) zur Tagung. Themen der Tagung waren unter anderem der Wandersportwettbewerb der zur\u00fcckliegenden Saison, bei dem die KGW sich im Vergleich zum<\/p>\n","protected":false},"author":2,"featured_media":0,"comment_status":"open","ping_status":"open","sticky":false,"template":"","format":"standard","meta":{"ngg_post_thumbnail":0},"categories":[4,1],"tags":[],"yoast_head":"<!-- This site is optimized with the Yoast SEO plugin v19.0 - https:\/\/yoast.com\/wordpress\/plugins\/seo\/ -->\n<title>LKV-Wanderwartetagung in Wilster &ndash; Kanu Gruppe Wilster e.V.<\/title>\n<meta name=\"robots\" content=\"index, follow, max-snippet:-1, max-image-preview:large, max-video-preview:-1\" \/>\n<link rel=\"canonical\" href=\"https:\/\/kanu-gruppe-wilster.de\/index.php\/lkv-wanderwartetagung-in-wilster\/\" \/>\n<meta property=\"og:locale\" content=\"de_DE\" \/>\n<meta property=\"og:type\" content=\"article\" \/>\n<meta property=\"og:title\" content=\"LKV-Wanderwartetagung in Wilster &ndash; Kanu Gruppe Wilster e.V.\" \/>\n<meta property=\"og:description\" content=\"LKV-Wanderwartetagung in Wilster Am 12.November trafen sich im Bootshaus der Kanu-Gruppe Wilster 25 Wanderwarte der Kanuvereine in Schleswig-Holstein sowie \u2013 als Vertreter des Landeskanuverbandes \u2013 Eckehard Schirmer (Ressortleiter Freizeitsport) und Oliver Rausch (Referent Wanderfahrerwettbewerbe) zur Tagung. Themen der Tagung waren unter anderem der Wandersportwettbewerb der zur\u00fcckliegenden Saison, bei dem die KGW sich im Vergleich zum\" \/>\n<meta property=\"og:url\" content=\"https:\/\/kanu-gruppe-wilster.de\/index.php\/lkv-wanderwartetagung-in-wilster\/\" \/>\n<meta property=\"og:site_name\" content=\"Kanu Gruppe Wilster e.V.\" \/>\n<meta property=\"article:published_time\" content=\"2011-11-16T18:39:05+00:00\" \/>\n<meta property=\"og:image\" content=\"http:\/\/kanu-gruppe-wilster.de\/wp-content\/uploads\/2011\/11\/121120110722-1024x768.jpg\" \/>\n<meta name=\"twitter:card\" content=\"summary\" \/>\n<meta name=\"twitter:label1\" content=\"Verfasst von\" \/>\n\t<meta name=\"twitter:data1\" content=\"UweMuenster\" \/>\n\t<meta name=\"twitter:label2\" content=\"Gesch\u00e4tzte Lesezeit\" \/>\n\t<meta name=\"twitter:data2\" content=\"1\u00a0Minute\" \/>\n<script type=\"application\/ld+json\" class=\"yoast-schema-graph\">{\"@context\":\"https:\/\/schema.org\",\"@graph\":[{\"@type\":\"WebSite\",\"@id\":\"https:\/\/kanu-gruppe-wilster.de\/#website\",\"url\":\"https:\/\/kanu-gruppe-wilster.de\/\",\"name\":\"Kanu Gruppe Wilster e.V.\",\"description\":\"Kanuverein an der Wilster Au\",\"potentialAction\":[{\"@type\":\"SearchAction\",\"target\":{\"@type\":\"EntryPoint\",\"urlTemplate\":\"https:\/\/kanu-gruppe-wilster.de\/?s={search_term_string}\"},\"query-input\":\"required name=search_term_string\"}],\"inLanguage\":\"de\"},{\"@type\":\"ImageObject\",\"inLanguage\":\"de\",\"@id\":\"https:\/\/kanu-gruppe-wilster.de\/index.php\/lkv-wanderwartetagung-in-wilster\/#primaryimage\",\"url\":\"http:\/\/kanu-gruppe-wilster.de\/wp-content\/uploads\/2011\/11\/121120110722-1024x768.jpg\",\"contentUrl\":\"http:\/\/kanu-gruppe-wilster.de\/wp-content\/uploads\/2011\/11\/121120110722-1024x768.jpg\"},{\"@type\":\"WebPage\",\"@id\":\"https:\/\/kanu-gruppe-wilster.de\/index.php\/lkv-wanderwartetagung-in-wilster\/#webpage\",\"url\":\"https:\/\/kanu-gruppe-wilster.de\/index.php\/lkv-wanderwartetagung-in-wilster\/\",\"name\":\"LKV-Wanderwartetagung in Wilster &ndash; Kanu Gruppe Wilster e.V.\",\"isPartOf\":{\"@id\":\"https:\/\/kanu-gruppe-wilster.de\/#website\"},\"primaryImageOfPage\":{\"@id\":\"https:\/\/kanu-gruppe-wilster.de\/index.php\/lkv-wanderwartetagung-in-wilster\/#primaryimage\"},\"datePublished\":\"2011-11-16T18:39:05+00:00\",\"dateModified\":\"2011-11-16T18:39:05+00:00\",\"author\":{\"@id\":\"https:\/\/kanu-gruppe-wilster.de\/#\/schema\/person\/7489fc75ff891776bcddaa56e64dbb54\"},\"breadcrumb\":{\"@id\":\"https:\/\/kanu-gruppe-wilster.de\/index.php\/lkv-wanderwartetagung-in-wilster\/#breadcrumb\"},\"inLanguage\":\"de\",\"potentialAction\":[{\"@type\":\"ReadAction\",\"target\":[\"https:\/\/kanu-gruppe-wilster.de\/index.php\/lkv-wanderwartetagung-in-wilster\/\"]}]},{\"@type\":\"BreadcrumbList\",\"@id\":\"https:\/\/kanu-gruppe-wilster.de\/index.php\/lkv-wanderwartetagung-in-wilster\/#breadcrumb\",\"itemListElement\":[{\"@type\":\"ListItem\",\"position\":1,\"name\":\"Startseite\",\"item\":\"https:\/\/kanu-gruppe-wilster.de\/\"},{\"@type\":\"ListItem\",\"position\":2,\"name\":\"LKV-Wanderwartetagung in Wilster\"}]},{\"@type\":\"Person\",\"@id\":\"https:\/\/kanu-gruppe-wilster.de\/#\/schema\/person\/7489fc75ff891776bcddaa56e64dbb54\",\"name\":\"UweMuenster\",\"image\":{\"@type\":\"ImageObject\",\"inLanguage\":\"de\",\"@id\":\"https:\/\/kanu-gruppe-wilster.de\/#\/schema\/person\/image\/\",\"url\":\"https:\/\/secure.gravatar.com\/avatar\/633d80af5ecf11a7e42ad51ef88894a9?s=96&d=mm&r=g\",\"contentUrl\":\"https:\/\/secure.gravatar.com\/avatar\/633d80af5ecf11a7e42ad51ef88894a9?s=96&d=mm&r=g\",\"caption\":\"UweMuenster\"},\"url\":\"https:\/\/kanu-gruppe-wilster.de\/index.php\/author\/uwemuenster\/\"}]}<\/script>\n<!-- \/ Yoast SEO plugin. -->","yoast_head_json":{"title":"LKV-Wanderwartetagung in Wilster &ndash; Kanu Gruppe Wilster e.V.","robots":{"index":"index","follow":"follow","max-snippet":"max-snippet:-1","max-image-preview":"max-image-preview:large","max-video-preview":"max-video-preview:-1"},"canonical":"https:\/\/kanu-gruppe-wilster.de\/index.php\/lkv-wanderwartetagung-in-wilster\/","og_locale":"de_DE","og_type":"article","og_title":"LKV-Wanderwartetagung in Wilster &ndash; Kanu Gruppe Wilster e.V.","og_description":"LKV-Wanderwartetagung in Wilster Am 12.November trafen sich im Bootshaus der Kanu-Gruppe Wilster 25 Wanderwarte der Kanuvereine in Schleswig-Holstein sowie \u2013 als Vertreter des Landeskanuverbandes \u2013 Eckehard Schirmer (Ressortleiter Freizeitsport) und Oliver Rausch (Referent Wanderfahrerwettbewerbe) zur Tagung. Themen der Tagung waren unter anderem der Wandersportwettbewerb der zur\u00fcckliegenden Saison, bei dem die KGW sich im Vergleich zum","og_url":"https:\/\/kanu-gruppe-wilster.de\/index.php\/lkv-wanderwartetagung-in-wilster\/","og_site_name":"Kanu Gruppe Wilster e.V.","article_published_time":"2011-11-16T18:39:05+00:00","og_image":[{"url":"http:\/\/kanu-gruppe-wilster.de\/wp-content\/uploads\/2011\/11\/121120110722-1024x768.jpg"}],"twitter_card":"summary","twitter_misc":{"Verfasst von":"UweMuenster","Gesch\u00e4tzte Lesezeit":"1\u00a0Minute"},"schema":{"@context":"https:\/\/schema.org","@graph":[{"@type":"WebSite","@id":"https:\/\/kanu-gruppe-wilster.de\/#website","url":"https:\/\/kanu-gruppe-wilster.de\/","name":"Kanu Gruppe Wilster e.V.","description":"Kanuverein an der Wilster Au","potentialAction":[{"@type":"SearchAction","target":{"@type":"EntryPoint","urlTemplate":"https:\/\/kanu-gruppe-wilster.de\/?s={search_term_string}"},"query-input":"required name=search_term_string"}],"inLanguage":"de"},{"@type":"ImageObject","inLanguage":"de","@id":"https:\/\/kanu-gruppe-wilster.de\/index.php\/lkv-wanderwartetagung-in-wilster\/#primaryimage","url":"http:\/\/kanu-gruppe-wilster.de\/wp-content\/uploads\/2011\/11\/121120110722-1024x768.jpg","contentUrl":"http:\/\/kanu-gruppe-wilster.de\/wp-content\/uploads\/2011\/11\/121120110722-1024x768.jpg"},{"@type":"WebPage","@id":"https:\/\/kanu-gruppe-wilster.de\/index.php\/lkv-wanderwartetagung-in-wilster\/#webpage","url":"https:\/\/kanu-gruppe-wilster.de\/index.php\/lkv-wanderwartetagung-in-wilster\/","name":"LKV-Wanderwartetagung in Wilster &ndash; Kanu Gruppe Wilster e.V.","isPartOf":{"@id":"https:\/\/kanu-gruppe-wilster.de\/#website"},"primaryImageOfPage":{"@id":"https:\/\/kanu-gruppe-wilster.de\/index.php\/lkv-wanderwartetagung-in-wilster\/#primaryimage"},"datePublished":"2011-11-16T18:39:05+00:00","dateModified":"2011-11-16T18:39:05+00:00","author":{"@id":"https:\/\/kanu-gruppe-wilster.de\/#\/schema\/person\/7489fc75ff891776bcddaa56e64dbb54"},"breadcrumb":{"@id":"https:\/\/kanu-gruppe-wilster.de\/index.php\/lkv-wanderwartetagung-in-wilster\/#breadcrumb"},"inLanguage":"de","potentialAction":[{"@type":"ReadAction","target":["https:\/\/kanu-gruppe-wilster.de\/index.php\/lkv-wanderwartetagung-in-wilster\/"]}]},{"@type":"BreadcrumbList","@id":"https:\/\/kanu-gruppe-wilster.de\/index.php\/lkv-wanderwartetagung-in-wilster\/#breadcrumb","itemListElement":[{"@type":"ListItem","position":1,"name":"Startseite","item":"https:\/\/kanu-gruppe-wilster.de\/"},{"@type":"ListItem","position":2,"name":"LKV-Wanderwartetagung in Wilster"}]},{"@type":"Person","@id":"https:\/\/kanu-gruppe-wilster.de\/#\/schema\/person\/7489fc75ff891776bcddaa56e64dbb54","name":"UweMuenster","image":{"@type":"ImageObject","inLanguage":"de","@id":"https:\/\/kanu-gruppe-wilster.de\/#\/schema\/person\/image\/","url":"https:\/\/secure.gravatar.com\/avatar\/633d80af5ecf11a7e42ad51ef88894a9?s=96&d=mm&r=g","contentUrl":"https:\/\/secure.gravatar.com\/avatar\/633d80af5ecf11a7e42ad51ef88894a9?s=96&d=mm&r=g","caption":"UweMuenster"},"url":"https:\/\/kanu-gruppe-wilster.de\/index.php\/author\/uwemuenster\/"}]}},"_links":{"self":[{"href":"https:\/\/kanu-gruppe-wilster.de\/index.php\/wp-json\/wp\/v2\/posts\/505"}],"collection":[{"href":"https:\/\/kanu-gruppe-wilster.de\/index.php\/wp-json\/wp\/v2\/posts"}],"about":[{"href":"https:\/\/kanu-gruppe-wilster.de\/index.php\/wp-json\/wp\/v2\/types\/post"}],"author":[{"embeddable":true,"href":"https:\/\/kanu-gruppe-wilster.de\/index.php\/wp-json\/wp\/v2\/users\/2"}],"replies":[{"embeddable":true,"href":"https:\/\/kanu-gruppe-wilster.de\/index.php\/wp-json\/wp\/v2\/comments?post=505"}],"version-history":[{"count":0,"href":"https:\/\/kanu-gruppe-wilster.de\/index.php\/wp-json\/wp\/v2\/posts\/505\/revisions"}],"wp:attachment":[{"href":"https:\/\/kanu-gruppe-wilster.de\/index.php\/wp-json\/wp\/v2\/media?parent=505"}],"wp:term":[{"taxonomy":"category","embeddable":true,"href":"https:\/\/kanu-gruppe-wilster.de\/index.php\/wp-json\/wp\/v2\/categories?post=505"},{"taxonomy":"post_tag","embeddable":true,"href":"https:\/\/kanu-gruppe-wilster.de\/index.php\/wp-json\/wp\/v2\/tags?post=505"}],"curies":[{"name":"wp","href":"https:\/\/api.w.org\/{rel}","templated":true}]}}