{"id":347,"date":"2011-05-10T20:23:02","date_gmt":"2011-05-10T19:23:02","guid":{"rendered":"http:\/\/kanu-gruppe-wilster.de\/?p=347"},"modified":"2011-05-10T20:23:02","modified_gmt":"2011-05-10T19:23:02","slug":"neue-vereinsboote-namen-gesucht","status":"publish","type":"post","link":"https:\/\/kanu-gruppe-wilster.de\/index.php\/neue-vereinsboote-namen-gesucht\/","title":{"rendered":"Neue Vereinsboote \/ Namen gesucht!!!"},"content":{"rendered":"<p>Anl\u00e4\u00dflich unseres 75 j\u00e4hrigen Jubil\u00e4ums haben die Stadtwerke Wilster, ein Eigenbetrieb der Stadt Wilster, unserer Jugendgruppe ein neues gelbes Seekajak gespendet. Desweiteren hat der Verein einen gebrauchten 14-ner Kanadier angeschafft. Beide Boote sollen im Rahmen des Sommerfestes am 18.06.2011 getauft werden. Sicherlich habt ihr tolle <strong>Namensvorschl\u00e4ge<\/strong> f\u00fcr die Boote &#8211; wir sind gespannt! Bitte schreibt eure Vorschl\u00e4ge <strong>bis zum 03.06.11<\/strong> in einem Kommentar zu diesem Artikel. Eine Jury besetzt aus Jugendvorstand und Vorstand wird die orginellsten Namen ausw\u00e4hlen. Seid kreativ! So sollte euer Kommentar aus sehen: Einer Kajak:\u00a0 the yellow one \u00a0 \u00a0\u00a0 Kanadier: \u00a0 the big one<\/p>\n","protected":false},"excerpt":{"rendered":"<p>Anl\u00e4\u00dflich unseres 75 j\u00e4hrigen Jubil\u00e4ums haben die Stadtwerke Wilster, ein Eigenbetrieb der Stadt Wilster, unserer Jugendgruppe ein neues gelbes Seekajak gespendet. Desweiteren hat der Verein einen gebrauchten 14-ner Kanadier angeschafft. Beide Boote sollen im Rahmen des Sommerfestes am 18.06.2011 getauft werden. Sicherlich habt ihr tolle Namensvorschl\u00e4ge f\u00fcr die Boote &#8211; wir sind gespannt! Bitte schreibt<\/p>\n","protected":false},"author":2,"featured_media":352,"comment_status":"open","ping_status":"open","sticky":false,"template":"","format":"standard","meta":{"ngg_post_thumbnail":0},"categories":[4,1],"tags":[],"yoast_head":"<!-- This site is optimized with the Yoast SEO plugin v19.0 - https:\/\/yoast.com\/wordpress\/plugins\/seo\/ -->\n<title>Neue Vereinsboote \/ Namen gesucht!!! &ndash; Kanu Gruppe Wilster e.V.<\/title>\n<meta name=\"robots\" content=\"index, follow, max-snippet:-1, max-image-preview:large, max-video-preview:-1\" \/>\n<link rel=\"canonical\" href=\"https:\/\/kanu-gruppe-wilster.de\/index.php\/neue-vereinsboote-namen-gesucht\/\" \/>\n<meta property=\"og:locale\" content=\"de_DE\" \/>\n<meta property=\"og:type\" content=\"article\" \/>\n<meta property=\"og:title\" content=\"Neue Vereinsboote \/ Namen gesucht!!! &ndash; Kanu Gruppe Wilster e.V.\" \/>\n<meta property=\"og:description\" content=\"Anl\u00e4\u00dflich unseres 75 j\u00e4hrigen Jubil\u00e4ums haben die Stadtwerke Wilster, ein Eigenbetrieb der Stadt Wilster, unserer Jugendgruppe ein neues gelbes Seekajak gespendet. Desweiteren hat der Verein einen gebrauchten 14-ner Kanadier angeschafft. Beide Boote sollen im Rahmen des Sommerfestes am 18.06.2011 getauft werden. Sicherlich habt ihr tolle Namensvorschl\u00e4ge f\u00fcr die Boote &#8211; wir sind gespannt! Bitte schreibt\" \/>\n<meta property=\"og:url\" content=\"https:\/\/kanu-gruppe-wilster.de\/index.php\/neue-vereinsboote-namen-gesucht\/\" \/>\n<meta property=\"og:site_name\" content=\"Kanu Gruppe Wilster e.V.\" \/>\n<meta property=\"article:published_time\" content=\"2011-05-10T19:23:02+00:00\" \/>\n<meta name=\"twitter:card\" content=\"summary\" \/>\n<meta name=\"twitter:label1\" content=\"Verfasst von\" \/>\n\t<meta name=\"twitter:data1\" content=\"UweMuenster\" \/>\n<script type=\"application\/ld+json\" class=\"yoast-schema-graph\">{\"@context\":\"https:\/\/schema.org\",\"@graph\":[{\"@type\":\"WebSite\",\"@id\":\"https:\/\/kanu-gruppe-wilster.de\/#website\",\"url\":\"https:\/\/kanu-gruppe-wilster.de\/\",\"name\":\"Kanu Gruppe Wilster e.V.\",\"description\":\"Kanuverein an der Wilster Au\",\"potentialAction\":[{\"@type\":\"SearchAction\",\"target\":{\"@type\":\"EntryPoint\",\"urlTemplate\":\"https:\/\/kanu-gruppe-wilster.de\/?s={search_term_string}\"},\"query-input\":\"required name=search_term_string\"}],\"inLanguage\":\"de\"},{\"@type\":\"ImageObject\",\"inLanguage\":\"de\",\"@id\":\"https:\/\/kanu-gruppe-wilster.de\/index.php\/neue-vereinsboote-namen-gesucht\/#primaryimage\",\"url\":\"\",\"contentUrl\":\"\"},{\"@type\":\"WebPage\",\"@id\":\"https:\/\/kanu-gruppe-wilster.de\/index.php\/neue-vereinsboote-namen-gesucht\/#webpage\",\"url\":\"https:\/\/kanu-gruppe-wilster.de\/index.php\/neue-vereinsboote-namen-gesucht\/\",\"name\":\"Neue Vereinsboote \/ Namen gesucht!!! &ndash; Kanu Gruppe Wilster e.V.\",\"isPartOf\":{\"@id\":\"https:\/\/kanu-gruppe-wilster.de\/#website\"},\"primaryImageOfPage\":{\"@id\":\"https:\/\/kanu-gruppe-wilster.de\/index.php\/neue-vereinsboote-namen-gesucht\/#primaryimage\"},\"datePublished\":\"2011-05-10T19:23:02+00:00\",\"dateModified\":\"2011-05-10T19:23:02+00:00\",\"author\":{\"@id\":\"https:\/\/kanu-gruppe-wilster.de\/#\/schema\/person\/7489fc75ff891776bcddaa56e64dbb54\"},\"breadcrumb\":{\"@id\":\"https:\/\/kanu-gruppe-wilster.de\/index.php\/neue-vereinsboote-namen-gesucht\/#breadcrumb\"},\"inLanguage\":\"de\",\"potentialAction\":[{\"@type\":\"ReadAction\",\"target\":[\"https:\/\/kanu-gruppe-wilster.de\/index.php\/neue-vereinsboote-namen-gesucht\/\"]}]},{\"@type\":\"BreadcrumbList\",\"@id\":\"https:\/\/kanu-gruppe-wilster.de\/index.php\/neue-vereinsboote-namen-gesucht\/#breadcrumb\",\"itemListElement\":[{\"@type\":\"ListItem\",\"position\":1,\"name\":\"Startseite\",\"item\":\"https:\/\/kanu-gruppe-wilster.de\/\"},{\"@type\":\"ListItem\",\"position\":2,\"name\":\"Neue Vereinsboote \/ Namen gesucht!!!\"}]},{\"@type\":\"Person\",\"@id\":\"https:\/\/kanu-gruppe-wilster.de\/#\/schema\/person\/7489fc75ff891776bcddaa56e64dbb54\",\"name\":\"UweMuenster\",\"image\":{\"@type\":\"ImageObject\",\"inLanguage\":\"de\",\"@id\":\"https:\/\/kanu-gruppe-wilster.de\/#\/schema\/person\/image\/\",\"url\":\"https:\/\/secure.gravatar.com\/avatar\/633d80af5ecf11a7e42ad51ef88894a9?s=96&d=mm&r=g\",\"contentUrl\":\"https:\/\/secure.gravatar.com\/avatar\/633d80af5ecf11a7e42ad51ef88894a9?s=96&d=mm&r=g\",\"caption\":\"UweMuenster\"},\"url\":\"https:\/\/kanu-gruppe-wilster.de\/index.php\/author\/uwemuenster\/\"}]}<\/script>\n<!-- \/ Yoast SEO plugin. -->","yoast_head_json":{"title":"Neue Vereinsboote \/ Namen gesucht!!! &ndash; Kanu Gruppe Wilster e.V.","robots":{"index":"index","follow":"follow","max-snippet":"max-snippet:-1","max-image-preview":"max-image-preview:large","max-video-preview":"max-video-preview:-1"},"canonical":"https:\/\/kanu-gruppe-wilster.de\/index.php\/neue-vereinsboote-namen-gesucht\/","og_locale":"de_DE","og_type":"article","og_title":"Neue Vereinsboote \/ Namen gesucht!!! &ndash; Kanu Gruppe Wilster e.V.","og_description":"Anl\u00e4\u00dflich unseres 75 j\u00e4hrigen Jubil\u00e4ums haben die Stadtwerke Wilster, ein Eigenbetrieb der Stadt Wilster, unserer Jugendgruppe ein neues gelbes Seekajak gespendet. Desweiteren hat der Verein einen gebrauchten 14-ner Kanadier angeschafft. Beide Boote sollen im Rahmen des Sommerfestes am 18.06.2011 getauft werden. Sicherlich habt ihr tolle Namensvorschl\u00e4ge f\u00fcr die Boote &#8211; wir sind gespannt! Bitte schreibt","og_url":"https:\/\/kanu-gruppe-wilster.de\/index.php\/neue-vereinsboote-namen-gesucht\/","og_site_name":"Kanu Gruppe Wilster e.V.","article_published_time":"2011-05-10T19:23:02+00:00","twitter_card":"summary","twitter_misc":{"Verfasst von":"UweMuenster"},"schema":{"@context":"https:\/\/schema.org","@graph":[{"@type":"WebSite","@id":"https:\/\/kanu-gruppe-wilster.de\/#website","url":"https:\/\/kanu-gruppe-wilster.de\/","name":"Kanu Gruppe Wilster e.V.","description":"Kanuverein an der Wilster Au","potentialAction":[{"@type":"SearchAction","target":{"@type":"EntryPoint","urlTemplate":"https:\/\/kanu-gruppe-wilster.de\/?s={search_term_string}"},"query-input":"required name=search_term_string"}],"inLanguage":"de"},{"@type":"ImageObject","inLanguage":"de","@id":"https:\/\/kanu-gruppe-wilster.de\/index.php\/neue-vereinsboote-namen-gesucht\/#primaryimage","url":"","contentUrl":""},{"@type":"WebPage","@id":"https:\/\/kanu-gruppe-wilster.de\/index.php\/neue-vereinsboote-namen-gesucht\/#webpage","url":"https:\/\/kanu-gruppe-wilster.de\/index.php\/neue-vereinsboote-namen-gesucht\/","name":"Neue Vereinsboote \/ Namen gesucht!!! &ndash; Kanu Gruppe Wilster e.V.","isPartOf":{"@id":"https:\/\/kanu-gruppe-wilster.de\/#website"},"primaryImageOfPage":{"@id":"https:\/\/kanu-gruppe-wilster.de\/index.php\/neue-vereinsboote-namen-gesucht\/#primaryimage"},"datePublished":"2011-05-10T19:23:02+00:00","dateModified":"2011-05-10T19:23:02+00:00","author":{"@id":"https:\/\/kanu-gruppe-wilster.de\/#\/schema\/person\/7489fc75ff891776bcddaa56e64dbb54"},"breadcrumb":{"@id":"https:\/\/kanu-gruppe-wilster.de\/index.php\/neue-vereinsboote-namen-gesucht\/#breadcrumb"},"inLanguage":"de","potentialAction":[{"@type":"ReadAction","target":["https:\/\/kanu-gruppe-wilster.de\/index.php\/neue-vereinsboote-namen-gesucht\/"]}]},{"@type":"BreadcrumbList","@id":"https:\/\/kanu-gruppe-wilster.de\/index.php\/neue-vereinsboote-namen-gesucht\/#breadcrumb","itemListElement":[{"@type":"ListItem","position":1,"name":"Startseite","item":"https:\/\/kanu-gruppe-wilster.de\/"},{"@type":"ListItem","position":2,"name":"Neue Vereinsboote \/ Namen gesucht!!!"}]},{"@type":"Person","@id":"https:\/\/kanu-gruppe-wilster.de\/#\/schema\/person\/7489fc75ff891776bcddaa56e64dbb54","name":"UweMuenster","image":{"@type":"ImageObject","inLanguage":"de","@id":"https:\/\/kanu-gruppe-wilster.de\/#\/schema\/person\/image\/","url":"https:\/\/secure.gravatar.com\/avatar\/633d80af5ecf11a7e42ad51ef88894a9?s=96&d=mm&r=g","contentUrl":"https:\/\/secure.gravatar.com\/avatar\/633d80af5ecf11a7e42ad51ef88894a9?s=96&d=mm&r=g","caption":"UweMuenster"},"url":"https:\/\/kanu-gruppe-wilster.de\/index.php\/author\/uwemuenster\/"}]}},"_links":{"self":[{"href":"https:\/\/kanu-gruppe-wilster.de\/index.php\/wp-json\/wp\/v2\/posts\/347"}],"collection":[{"href":"https:\/\/kanu-gruppe-wilster.de\/index.php\/wp-json\/wp\/v2\/posts"}],"about":[{"href":"https:\/\/kanu-gruppe-wilster.de\/index.php\/wp-json\/wp\/v2\/types\/post"}],"author":[{"embeddable":true,"href":"https:\/\/kanu-gruppe-wilster.de\/index.php\/wp-json\/wp\/v2\/users\/2"}],"replies":[{"embeddable":true,"href":"https:\/\/kanu-gruppe-wilster.de\/index.php\/wp-json\/wp\/v2\/comments?post=347"}],"version-history":[{"count":0,"href":"https:\/\/kanu-gruppe-wilster.de\/index.php\/wp-json\/wp\/v2\/posts\/347\/revisions"}],"wp:featuredmedia":[{"embeddable":true,"href":"https:\/\/kanu-gruppe-wilster.de\/index.php\/wp-json\/"}],"wp:attachment":[{"href":"https:\/\/kanu-gruppe-wilster.de\/index.php\/wp-json\/wp\/v2\/media?parent=347"}],"wp:term":[{"taxonomy":"category","embeddable":true,"href":"https:\/\/kanu-gruppe-wilster.de\/index.php\/wp-json\/wp\/v2\/categories?post=347"},{"taxonomy":"post_tag","embeddable":true,"href":"https:\/\/kanu-gruppe-wilster.de\/index.php\/wp-json\/wp\/v2\/tags?post=347"}],"curies":[{"name":"wp","href":"https:\/\/api.w.org\/{rel}","templated":true}]}}