{"id":327,"date":"2011-04-08T20:22:07","date_gmt":"2011-04-08T19:22:07","guid":{"rendered":"http:\/\/kanu-gruppe-wilster.de\/?p=327"},"modified":"2011-04-08T20:22:07","modified_gmt":"2011-04-08T19:22:07","slug":"kenterkonig-2011","status":"publish","type":"post","link":"https:\/\/kanu-gruppe-wilster.de\/index.php\/kenterkonig-2011\/","title":{"rendered":"Kenterk\u00f6nig 2011"},"content":{"rendered":"<div id=\"attachment_331\" style=\"width: 362px\" class=\"wp-caption aligncenter\"><a href=\"http:\/\/kanu-gruppe-wilster.de\/wp-content\/uploads\/2011\/04\/hudau-bramau-stoer-033-1.jpg\"><img aria-describedby=\"caption-attachment-331\" loading=\"lazy\" class=\"size-medium wp-image-331\" title=\"hudau - bramau - stoer 033 ( 1)\" src=\"http:\/\/kanu-gruppe-wilster.de\/wp-content\/uploads\/2011\/04\/hudau-bramau-stoer-033-1-216x300.jpg\" alt=\"Kenterk\u00f6nig 2011\" width=\"352\" height=\"488\" \/><\/a><p id=\"caption-attachment-331\" class=\"wp-caption-text\">Henri Horstmann, Kenterk\u00f6nig 2011<\/p><\/div>\n<p style=\"text-align: center;\">Die KGW freut sich, unserem neuen Kenterk\u00f6nig, Henri Horstmann, gratulieren zu k\u00f6nnen!!<\/p>\n<p style=\"text-align: center;\">Der 12-j\u00e4hrige ist am 08. April beim ersten Jugendtraining des Jahres auf dem Weg nach<\/p>\n<p style=\"text-align: center;\">Kasenort gekentert. Lieber Henri, wir w\u00fcnschen dir nach deinem feuchten Auftakt eine<\/p>\n<p style=\"text-align: center;\">erfolgreiche Fahrtensaison 2010\/2011 und hoffen, dass du weiterhin so ehrgeizig dabei bist.<\/p>\n<p style=\"text-align: center;\">Thore<\/p>\n","protected":false},"excerpt":{"rendered":"<p>Die KGW freut sich, unserem neuen Kenterk\u00f6nig, Henri Horstmann, gratulieren zu k\u00f6nnen!! Der 12-j\u00e4hrige ist am 08. April beim ersten Jugendtraining des Jahres auf dem Weg nach Kasenort gekentert. Lieber Henri, wir w\u00fcnschen dir nach deinem feuchten Auftakt eine erfolgreiche Fahrtensaison 2010\/2011 und hoffen, dass du weiterhin so ehrgeizig dabei bist. Thore<\/p>\n","protected":false},"author":2,"featured_media":0,"comment_status":"open","ping_status":"open","sticky":false,"template":"","format":"standard","meta":{"ngg_post_thumbnail":0},"categories":[4,1],"tags":[],"yoast_head":"<!-- This site is optimized with the Yoast SEO plugin v19.0 - https:\/\/yoast.com\/wordpress\/plugins\/seo\/ -->\n<title>Kenterk\u00f6nig 2011 &ndash; Kanu Gruppe Wilster e.V.<\/title>\n<meta name=\"robots\" content=\"index, follow, max-snippet:-1, max-image-preview:large, max-video-preview:-1\" \/>\n<link rel=\"canonical\" href=\"https:\/\/kanu-gruppe-wilster.de\/index.php\/kenterkonig-2011\/\" \/>\n<meta property=\"og:locale\" content=\"de_DE\" \/>\n<meta property=\"og:type\" content=\"article\" \/>\n<meta property=\"og:title\" content=\"Kenterk\u00f6nig 2011 &ndash; Kanu Gruppe Wilster e.V.\" \/>\n<meta property=\"og:description\" content=\"Die KGW freut sich, unserem neuen Kenterk\u00f6nig, Henri Horstmann, gratulieren zu k\u00f6nnen!! Der 12-j\u00e4hrige ist am 08. April beim ersten Jugendtraining des Jahres auf dem Weg nach Kasenort gekentert. Lieber Henri, wir w\u00fcnschen dir nach deinem feuchten Auftakt eine erfolgreiche Fahrtensaison 2010\/2011 und hoffen, dass du weiterhin so ehrgeizig dabei bist. Thore\" \/>\n<meta property=\"og:url\" content=\"https:\/\/kanu-gruppe-wilster.de\/index.php\/kenterkonig-2011\/\" \/>\n<meta property=\"og:site_name\" content=\"Kanu Gruppe Wilster e.V.\" \/>\n<meta property=\"article:published_time\" content=\"2011-04-08T19:22:07+00:00\" \/>\n<meta property=\"og:image\" content=\"http:\/\/kanu-gruppe-wilster.de\/wp-content\/uploads\/2011\/04\/hudau-bramau-stoer-033-1-216x300.jpg\" \/>\n<meta name=\"twitter:card\" content=\"summary\" \/>\n<meta name=\"twitter:label1\" content=\"Verfasst von\" \/>\n\t<meta name=\"twitter:data1\" content=\"UweMuenster\" \/>\n<script type=\"application\/ld+json\" class=\"yoast-schema-graph\">{\"@context\":\"https:\/\/schema.org\",\"@graph\":[{\"@type\":\"WebSite\",\"@id\":\"https:\/\/kanu-gruppe-wilster.de\/#website\",\"url\":\"https:\/\/kanu-gruppe-wilster.de\/\",\"name\":\"Kanu Gruppe Wilster e.V.\",\"description\":\"Kanuverein an der Wilster Au\",\"potentialAction\":[{\"@type\":\"SearchAction\",\"target\":{\"@type\":\"EntryPoint\",\"urlTemplate\":\"https:\/\/kanu-gruppe-wilster.de\/?s={search_term_string}\"},\"query-input\":\"required name=search_term_string\"}],\"inLanguage\":\"de\"},{\"@type\":\"ImageObject\",\"inLanguage\":\"de\",\"@id\":\"https:\/\/kanu-gruppe-wilster.de\/index.php\/kenterkonig-2011\/#primaryimage\",\"url\":\"http:\/\/kanu-gruppe-wilster.de\/wp-content\/uploads\/2011\/04\/hudau-bramau-stoer-033-1-216x300.jpg\",\"contentUrl\":\"http:\/\/kanu-gruppe-wilster.de\/wp-content\/uploads\/2011\/04\/hudau-bramau-stoer-033-1-216x300.jpg\"},{\"@type\":\"WebPage\",\"@id\":\"https:\/\/kanu-gruppe-wilster.de\/index.php\/kenterkonig-2011\/#webpage\",\"url\":\"https:\/\/kanu-gruppe-wilster.de\/index.php\/kenterkonig-2011\/\",\"name\":\"Kenterk\u00f6nig 2011 &ndash; Kanu Gruppe Wilster e.V.\",\"isPartOf\":{\"@id\":\"https:\/\/kanu-gruppe-wilster.de\/#website\"},\"primaryImageOfPage\":{\"@id\":\"https:\/\/kanu-gruppe-wilster.de\/index.php\/kenterkonig-2011\/#primaryimage\"},\"datePublished\":\"2011-04-08T19:22:07+00:00\",\"dateModified\":\"2011-04-08T19:22:07+00:00\",\"author\":{\"@id\":\"https:\/\/kanu-gruppe-wilster.de\/#\/schema\/person\/7489fc75ff891776bcddaa56e64dbb54\"},\"breadcrumb\":{\"@id\":\"https:\/\/kanu-gruppe-wilster.de\/index.php\/kenterkonig-2011\/#breadcrumb\"},\"inLanguage\":\"de\",\"potentialAction\":[{\"@type\":\"ReadAction\",\"target\":[\"https:\/\/kanu-gruppe-wilster.de\/index.php\/kenterkonig-2011\/\"]}]},{\"@type\":\"BreadcrumbList\",\"@id\":\"https:\/\/kanu-gruppe-wilster.de\/index.php\/kenterkonig-2011\/#breadcrumb\",\"itemListElement\":[{\"@type\":\"ListItem\",\"position\":1,\"name\":\"Startseite\",\"item\":\"https:\/\/kanu-gruppe-wilster.de\/\"},{\"@type\":\"ListItem\",\"position\":2,\"name\":\"Kenterk\u00f6nig 2011\"}]},{\"@type\":\"Person\",\"@id\":\"https:\/\/kanu-gruppe-wilster.de\/#\/schema\/person\/7489fc75ff891776bcddaa56e64dbb54\",\"name\":\"UweMuenster\",\"image\":{\"@type\":\"ImageObject\",\"inLanguage\":\"de\",\"@id\":\"https:\/\/kanu-gruppe-wilster.de\/#\/schema\/person\/image\/\",\"url\":\"https:\/\/secure.gravatar.com\/avatar\/633d80af5ecf11a7e42ad51ef88894a9?s=96&d=mm&r=g\",\"contentUrl\":\"https:\/\/secure.gravatar.com\/avatar\/633d80af5ecf11a7e42ad51ef88894a9?s=96&d=mm&r=g\",\"caption\":\"UweMuenster\"},\"url\":\"https:\/\/kanu-gruppe-wilster.de\/index.php\/author\/uwemuenster\/\"}]}<\/script>\n<!-- \/ Yoast SEO plugin. -->","yoast_head_json":{"title":"Kenterk\u00f6nig 2011 &ndash; Kanu Gruppe Wilster e.V.","robots":{"index":"index","follow":"follow","max-snippet":"max-snippet:-1","max-image-preview":"max-image-preview:large","max-video-preview":"max-video-preview:-1"},"canonical":"https:\/\/kanu-gruppe-wilster.de\/index.php\/kenterkonig-2011\/","og_locale":"de_DE","og_type":"article","og_title":"Kenterk\u00f6nig 2011 &ndash; Kanu Gruppe Wilster e.V.","og_description":"Die KGW freut sich, unserem neuen Kenterk\u00f6nig, Henri Horstmann, gratulieren zu k\u00f6nnen!! Der 12-j\u00e4hrige ist am 08. April beim ersten Jugendtraining des Jahres auf dem Weg nach Kasenort gekentert. Lieber Henri, wir w\u00fcnschen dir nach deinem feuchten Auftakt eine erfolgreiche Fahrtensaison 2010\/2011 und hoffen, dass du weiterhin so ehrgeizig dabei bist. Thore","og_url":"https:\/\/kanu-gruppe-wilster.de\/index.php\/kenterkonig-2011\/","og_site_name":"Kanu Gruppe Wilster e.V.","article_published_time":"2011-04-08T19:22:07+00:00","og_image":[{"url":"http:\/\/kanu-gruppe-wilster.de\/wp-content\/uploads\/2011\/04\/hudau-bramau-stoer-033-1-216x300.jpg"}],"twitter_card":"summary","twitter_misc":{"Verfasst von":"UweMuenster"},"schema":{"@context":"https:\/\/schema.org","@graph":[{"@type":"WebSite","@id":"https:\/\/kanu-gruppe-wilster.de\/#website","url":"https:\/\/kanu-gruppe-wilster.de\/","name":"Kanu Gruppe Wilster e.V.","description":"Kanuverein an der Wilster Au","potentialAction":[{"@type":"SearchAction","target":{"@type":"EntryPoint","urlTemplate":"https:\/\/kanu-gruppe-wilster.de\/?s={search_term_string}"},"query-input":"required name=search_term_string"}],"inLanguage":"de"},{"@type":"ImageObject","inLanguage":"de","@id":"https:\/\/kanu-gruppe-wilster.de\/index.php\/kenterkonig-2011\/#primaryimage","url":"http:\/\/kanu-gruppe-wilster.de\/wp-content\/uploads\/2011\/04\/hudau-bramau-stoer-033-1-216x300.jpg","contentUrl":"http:\/\/kanu-gruppe-wilster.de\/wp-content\/uploads\/2011\/04\/hudau-bramau-stoer-033-1-216x300.jpg"},{"@type":"WebPage","@id":"https:\/\/kanu-gruppe-wilster.de\/index.php\/kenterkonig-2011\/#webpage","url":"https:\/\/kanu-gruppe-wilster.de\/index.php\/kenterkonig-2011\/","name":"Kenterk\u00f6nig 2011 &ndash; Kanu Gruppe Wilster e.V.","isPartOf":{"@id":"https:\/\/kanu-gruppe-wilster.de\/#website"},"primaryImageOfPage":{"@id":"https:\/\/kanu-gruppe-wilster.de\/index.php\/kenterkonig-2011\/#primaryimage"},"datePublished":"2011-04-08T19:22:07+00:00","dateModified":"2011-04-08T19:22:07+00:00","author":{"@id":"https:\/\/kanu-gruppe-wilster.de\/#\/schema\/person\/7489fc75ff891776bcddaa56e64dbb54"},"breadcrumb":{"@id":"https:\/\/kanu-gruppe-wilster.de\/index.php\/kenterkonig-2011\/#breadcrumb"},"inLanguage":"de","potentialAction":[{"@type":"ReadAction","target":["https:\/\/kanu-gruppe-wilster.de\/index.php\/kenterkonig-2011\/"]}]},{"@type":"BreadcrumbList","@id":"https:\/\/kanu-gruppe-wilster.de\/index.php\/kenterkonig-2011\/#breadcrumb","itemListElement":[{"@type":"ListItem","position":1,"name":"Startseite","item":"https:\/\/kanu-gruppe-wilster.de\/"},{"@type":"ListItem","position":2,"name":"Kenterk\u00f6nig 2011"}]},{"@type":"Person","@id":"https:\/\/kanu-gruppe-wilster.de\/#\/schema\/person\/7489fc75ff891776bcddaa56e64dbb54","name":"UweMuenster","image":{"@type":"ImageObject","inLanguage":"de","@id":"https:\/\/kanu-gruppe-wilster.de\/#\/schema\/person\/image\/","url":"https:\/\/secure.gravatar.com\/avatar\/633d80af5ecf11a7e42ad51ef88894a9?s=96&d=mm&r=g","contentUrl":"https:\/\/secure.gravatar.com\/avatar\/633d80af5ecf11a7e42ad51ef88894a9?s=96&d=mm&r=g","caption":"UweMuenster"},"url":"https:\/\/kanu-gruppe-wilster.de\/index.php\/author\/uwemuenster\/"}]}},"_links":{"self":[{"href":"https:\/\/kanu-gruppe-wilster.de\/index.php\/wp-json\/wp\/v2\/posts\/327"}],"collection":[{"href":"https:\/\/kanu-gruppe-wilster.de\/index.php\/wp-json\/wp\/v2\/posts"}],"about":[{"href":"https:\/\/kanu-gruppe-wilster.de\/index.php\/wp-json\/wp\/v2\/types\/post"}],"author":[{"embeddable":true,"href":"https:\/\/kanu-gruppe-wilster.de\/index.php\/wp-json\/wp\/v2\/users\/2"}],"replies":[{"embeddable":true,"href":"https:\/\/kanu-gruppe-wilster.de\/index.php\/wp-json\/wp\/v2\/comments?post=327"}],"version-history":[{"count":0,"href":"https:\/\/kanu-gruppe-wilster.de\/index.php\/wp-json\/wp\/v2\/posts\/327\/revisions"}],"wp:attachment":[{"href":"https:\/\/kanu-gruppe-wilster.de\/index.php\/wp-json\/wp\/v2\/media?parent=327"}],"wp:term":[{"taxonomy":"category","embeddable":true,"href":"https:\/\/kanu-gruppe-wilster.de\/index.php\/wp-json\/wp\/v2\/categories?post=327"},{"taxonomy":"post_tag","embeddable":true,"href":"https:\/\/kanu-gruppe-wilster.de\/index.php\/wp-json\/wp\/v2\/tags?post=327"}],"curies":[{"name":"wp","href":"https:\/\/api.w.org\/{rel}","templated":true}]}}