{"id":144,"date":"2011-01-31T20:56:33","date_gmt":"2011-01-31T19:56:33","guid":{"rendered":"http:\/\/kanu-gruppe-wilster.de\/?p=144"},"modified":"2011-01-31T20:56:33","modified_gmt":"2011-01-31T19:56:33","slug":"terminanderung-damenprogramm","status":"publish","type":"post","link":"https:\/\/kanu-gruppe-wilster.de\/index.php\/terminanderung-damenprogramm\/","title":{"rendered":"Termin\u00e4nderung Damenprogramm"},"content":{"rendered":"<p>Im Damenwinterprogramm gibt es zwei \u00c4nderungen:<\/p>\n<p>Tai Chi mit Doris wurde vom 02.Februar auf den 16.Februar verschoben und die Entspannungs\u00fcbung am 09.Februar 2011 f\u00e4llt aus und wird durch das Thema &#8222;Die Damen versch\u00f6nern das Bootshaus&#8220; ersetzt.<\/p>\n","protected":false},"excerpt":{"rendered":"<p>Im Damenwinterprogramm gibt es zwei \u00c4nderungen: Tai Chi mit Doris wurde vom 02.Februar auf den 16.Februar verschoben und die Entspannungs\u00fcbung am 09.Februar 2011 f\u00e4llt aus und wird durch das Thema &#8222;Die Damen versch\u00f6nern das Bootshaus&#8220; ersetzt.<\/p>\n","protected":false},"author":1,"featured_media":0,"comment_status":"open","ping_status":"open","sticky":false,"template":"","format":"standard","meta":{"ngg_post_thumbnail":0},"categories":[3,1],"tags":[],"yoast_head":"<!-- This site is optimized with the Yoast SEO plugin v19.0 - https:\/\/yoast.com\/wordpress\/plugins\/seo\/ -->\n<title>Termin\u00e4nderung Damenprogramm &ndash; Kanu Gruppe Wilster e.V.<\/title>\n<meta name=\"robots\" content=\"index, follow, max-snippet:-1, max-image-preview:large, max-video-preview:-1\" \/>\n<link rel=\"canonical\" href=\"https:\/\/kanu-gruppe-wilster.de\/index.php\/terminanderung-damenprogramm\/\" \/>\n<meta property=\"og:locale\" content=\"de_DE\" \/>\n<meta property=\"og:type\" content=\"article\" \/>\n<meta property=\"og:title\" content=\"Termin\u00e4nderung Damenprogramm &ndash; Kanu Gruppe Wilster e.V.\" \/>\n<meta property=\"og:description\" content=\"Im Damenwinterprogramm gibt es zwei \u00c4nderungen: Tai Chi mit Doris wurde vom 02.Februar auf den 16.Februar verschoben und die Entspannungs\u00fcbung am 09.Februar 2011 f\u00e4llt aus und wird durch das Thema &#8222;Die Damen versch\u00f6nern das Bootshaus&#8220; ersetzt.\" \/>\n<meta property=\"og:url\" content=\"https:\/\/kanu-gruppe-wilster.de\/index.php\/terminanderung-damenprogramm\/\" \/>\n<meta property=\"og:site_name\" content=\"Kanu Gruppe Wilster e.V.\" \/>\n<meta property=\"article:published_time\" content=\"2011-01-31T19:56:33+00:00\" \/>\n<meta name=\"twitter:card\" content=\"summary\" \/>\n<meta name=\"twitter:label1\" content=\"Verfasst von\" \/>\n\t<meta name=\"twitter:data1\" content=\"Konne\" \/>\n<script type=\"application\/ld+json\" class=\"yoast-schema-graph\">{\"@context\":\"https:\/\/schema.org\",\"@graph\":[{\"@type\":\"WebSite\",\"@id\":\"https:\/\/kanu-gruppe-wilster.de\/#website\",\"url\":\"https:\/\/kanu-gruppe-wilster.de\/\",\"name\":\"Kanu Gruppe Wilster e.V.\",\"description\":\"Kanuverein an der Wilster Au\",\"potentialAction\":[{\"@type\":\"SearchAction\",\"target\":{\"@type\":\"EntryPoint\",\"urlTemplate\":\"https:\/\/kanu-gruppe-wilster.de\/?s={search_term_string}\"},\"query-input\":\"required name=search_term_string\"}],\"inLanguage\":\"de\"},{\"@type\":\"WebPage\",\"@id\":\"https:\/\/kanu-gruppe-wilster.de\/index.php\/terminanderung-damenprogramm\/#webpage\",\"url\":\"https:\/\/kanu-gruppe-wilster.de\/index.php\/terminanderung-damenprogramm\/\",\"name\":\"Termin\u00e4nderung Damenprogramm &ndash; Kanu Gruppe Wilster e.V.\",\"isPartOf\":{\"@id\":\"https:\/\/kanu-gruppe-wilster.de\/#website\"},\"datePublished\":\"2011-01-31T19:56:33+00:00\",\"dateModified\":\"2011-01-31T19:56:33+00:00\",\"author\":{\"@id\":\"https:\/\/kanu-gruppe-wilster.de\/#\/schema\/person\/d7fb9d3d196101e6ed92858aa2044153\"},\"breadcrumb\":{\"@id\":\"https:\/\/kanu-gruppe-wilster.de\/index.php\/terminanderung-damenprogramm\/#breadcrumb\"},\"inLanguage\":\"de\",\"potentialAction\":[{\"@type\":\"ReadAction\",\"target\":[\"https:\/\/kanu-gruppe-wilster.de\/index.php\/terminanderung-damenprogramm\/\"]}]},{\"@type\":\"BreadcrumbList\",\"@id\":\"https:\/\/kanu-gruppe-wilster.de\/index.php\/terminanderung-damenprogramm\/#breadcrumb\",\"itemListElement\":[{\"@type\":\"ListItem\",\"position\":1,\"name\":\"Startseite\",\"item\":\"https:\/\/kanu-gruppe-wilster.de\/\"},{\"@type\":\"ListItem\",\"position\":2,\"name\":\"Termin\u00e4nderung Damenprogramm\"}]},{\"@type\":\"Person\",\"@id\":\"https:\/\/kanu-gruppe-wilster.de\/#\/schema\/person\/d7fb9d3d196101e6ed92858aa2044153\",\"name\":\"Konne\",\"image\":{\"@type\":\"ImageObject\",\"inLanguage\":\"de\",\"@id\":\"https:\/\/kanu-gruppe-wilster.de\/#\/schema\/person\/image\/\",\"url\":\"https:\/\/secure.gravatar.com\/avatar\/6b6c0e20664dcc9a121c6a3a5fd76fa7?s=96&d=mm&r=g\",\"contentUrl\":\"https:\/\/secure.gravatar.com\/avatar\/6b6c0e20664dcc9a121c6a3a5fd76fa7?s=96&d=mm&r=g\",\"caption\":\"Konne\"},\"url\":\"https:\/\/kanu-gruppe-wilster.de\/index.php\/author\/konne\/\"}]}<\/script>\n<!-- \/ Yoast SEO plugin. -->","yoast_head_json":{"title":"Termin\u00e4nderung Damenprogramm &ndash; Kanu Gruppe Wilster e.V.","robots":{"index":"index","follow":"follow","max-snippet":"max-snippet:-1","max-image-preview":"max-image-preview:large","max-video-preview":"max-video-preview:-1"},"canonical":"https:\/\/kanu-gruppe-wilster.de\/index.php\/terminanderung-damenprogramm\/","og_locale":"de_DE","og_type":"article","og_title":"Termin\u00e4nderung Damenprogramm &ndash; Kanu Gruppe Wilster e.V.","og_description":"Im Damenwinterprogramm gibt es zwei \u00c4nderungen: Tai Chi mit Doris wurde vom 02.Februar auf den 16.Februar verschoben und die Entspannungs\u00fcbung am 09.Februar 2011 f\u00e4llt aus und wird durch das Thema &#8222;Die Damen versch\u00f6nern das Bootshaus&#8220; ersetzt.","og_url":"https:\/\/kanu-gruppe-wilster.de\/index.php\/terminanderung-damenprogramm\/","og_site_name":"Kanu Gruppe Wilster e.V.","article_published_time":"2011-01-31T19:56:33+00:00","twitter_card":"summary","twitter_misc":{"Verfasst von":"Konne"},"schema":{"@context":"https:\/\/schema.org","@graph":[{"@type":"WebSite","@id":"https:\/\/kanu-gruppe-wilster.de\/#website","url":"https:\/\/kanu-gruppe-wilster.de\/","name":"Kanu Gruppe Wilster e.V.","description":"Kanuverein an der Wilster Au","potentialAction":[{"@type":"SearchAction","target":{"@type":"EntryPoint","urlTemplate":"https:\/\/kanu-gruppe-wilster.de\/?s={search_term_string}"},"query-input":"required name=search_term_string"}],"inLanguage":"de"},{"@type":"WebPage","@id":"https:\/\/kanu-gruppe-wilster.de\/index.php\/terminanderung-damenprogramm\/#webpage","url":"https:\/\/kanu-gruppe-wilster.de\/index.php\/terminanderung-damenprogramm\/","name":"Termin\u00e4nderung Damenprogramm &ndash; Kanu Gruppe Wilster e.V.","isPartOf":{"@id":"https:\/\/kanu-gruppe-wilster.de\/#website"},"datePublished":"2011-01-31T19:56:33+00:00","dateModified":"2011-01-31T19:56:33+00:00","author":{"@id":"https:\/\/kanu-gruppe-wilster.de\/#\/schema\/person\/d7fb9d3d196101e6ed92858aa2044153"},"breadcrumb":{"@id":"https:\/\/kanu-gruppe-wilster.de\/index.php\/terminanderung-damenprogramm\/#breadcrumb"},"inLanguage":"de","potentialAction":[{"@type":"ReadAction","target":["https:\/\/kanu-gruppe-wilster.de\/index.php\/terminanderung-damenprogramm\/"]}]},{"@type":"BreadcrumbList","@id":"https:\/\/kanu-gruppe-wilster.de\/index.php\/terminanderung-damenprogramm\/#breadcrumb","itemListElement":[{"@type":"ListItem","position":1,"name":"Startseite","item":"https:\/\/kanu-gruppe-wilster.de\/"},{"@type":"ListItem","position":2,"name":"Termin\u00e4nderung Damenprogramm"}]},{"@type":"Person","@id":"https:\/\/kanu-gruppe-wilster.de\/#\/schema\/person\/d7fb9d3d196101e6ed92858aa2044153","name":"Konne","image":{"@type":"ImageObject","inLanguage":"de","@id":"https:\/\/kanu-gruppe-wilster.de\/#\/schema\/person\/image\/","url":"https:\/\/secure.gravatar.com\/avatar\/6b6c0e20664dcc9a121c6a3a5fd76fa7?s=96&d=mm&r=g","contentUrl":"https:\/\/secure.gravatar.com\/avatar\/6b6c0e20664dcc9a121c6a3a5fd76fa7?s=96&d=mm&r=g","caption":"Konne"},"url":"https:\/\/kanu-gruppe-wilster.de\/index.php\/author\/konne\/"}]}},"_links":{"self":[{"href":"https:\/\/kanu-gruppe-wilster.de\/index.php\/wp-json\/wp\/v2\/posts\/144"}],"collection":[{"href":"https:\/\/kanu-gruppe-wilster.de\/index.php\/wp-json\/wp\/v2\/posts"}],"about":[{"href":"https:\/\/kanu-gruppe-wilster.de\/index.php\/wp-json\/wp\/v2\/types\/post"}],"author":[{"embeddable":true,"href":"https:\/\/kanu-gruppe-wilster.de\/index.php\/wp-json\/wp\/v2\/users\/1"}],"replies":[{"embeddable":true,"href":"https:\/\/kanu-gruppe-wilster.de\/index.php\/wp-json\/wp\/v2\/comments?post=144"}],"version-history":[{"count":0,"href":"https:\/\/kanu-gruppe-wilster.de\/index.php\/wp-json\/wp\/v2\/posts\/144\/revisions"}],"wp:attachment":[{"href":"https:\/\/kanu-gruppe-wilster.de\/index.php\/wp-json\/wp\/v2\/media?parent=144"}],"wp:term":[{"taxonomy":"category","embeddable":true,"href":"https:\/\/kanu-gruppe-wilster.de\/index.php\/wp-json\/wp\/v2\/categories?post=144"},{"taxonomy":"post_tag","embeddable":true,"href":"https:\/\/kanu-gruppe-wilster.de\/index.php\/wp-json\/wp\/v2\/tags?post=144"}],"curies":[{"name":"wp","href":"https:\/\/api.w.org\/{rel}","templated":true}]}}