{"id":1259,"date":"2016-10-08T17:20:52","date_gmt":"2016-10-08T15:20:52","guid":{"rendered":"http:\/\/kanu-gruppe-wilster.de\/?p=1259"},"modified":"2016-10-08T17:20:52","modified_gmt":"2016-10-08T15:20:52","slug":"sa-15-10-kleinflussfahrt-auf-der-bekau","status":"publish","type":"post","link":"https:\/\/kanu-gruppe-wilster.de\/index.php\/sa-15-10-kleinflussfahrt-auf-der-bekau\/","title":{"rendered":"Sa.15.10. Kleinflussfahrt auf der Bekau"},"content":{"rendered":"<p>Als erste Saisonahrt 2016\/17 m\u00f6chten wir am  15.10.16 eine Fahrt auf der Bekau machen.<\/p>\n<p>Bei guten Wasserstand m\u00f6chten wir in Christinenthal einsetzen und bis Bekm\u00fcnde paddeln.<br \/>\nJe nach Zeitlage k\u00f6nnen wir sogar bis zum KGW paddeln.<\/p>\n<p>Dazu treffen wir uns um 9.00 Uhr am Bootshaus um die Boote zu verladen.<\/p>\n<p>Abfahrt wird ca 9.30 Uhr sein und die R\u00fcckkehr ist gegen 17 Uhr geplant.<\/p>\n<p>Bitte tragt euch in die Liste im Bootshaus ein oder per Email: jan.goerbitz@gmx.de<\/p>\n<p>Info Jan: 0176-96605920 oder Doris: 04893-380<\/p>\n","protected":false},"excerpt":{"rendered":"<p>Als erste Saisonahrt 2016\/17 m\u00f6chten wir am 15.10.16 eine Fahrt auf der Bekau machen. Bei guten Wasserstand m\u00f6chten wir in Christinenthal einsetzen und bis Bekm\u00fcnde paddeln. Je nach Zeitlage k\u00f6nnen wir sogar bis zum KGW paddeln. Dazu treffen wir uns um 9.00 Uhr am Bootshaus um die Boote zu verladen. Abfahrt wird ca 9.30 Uhr<\/p>\n","protected":false},"author":2,"featured_media":0,"comment_status":"open","ping_status":"open","sticky":false,"template":"","format":"standard","meta":{"ngg_post_thumbnail":0},"categories":[4,1],"tags":[],"yoast_head":"<!-- This site is optimized with the Yoast SEO plugin v19.0 - https:\/\/yoast.com\/wordpress\/plugins\/seo\/ -->\n<title>Sa.15.10. Kleinflussfahrt auf der Bekau &ndash; Kanu Gruppe Wilster e.V.<\/title>\n<meta name=\"robots\" content=\"index, follow, max-snippet:-1, max-image-preview:large, max-video-preview:-1\" \/>\n<link rel=\"canonical\" href=\"https:\/\/kanu-gruppe-wilster.de\/index.php\/sa-15-10-kleinflussfahrt-auf-der-bekau\/\" \/>\n<meta property=\"og:locale\" content=\"de_DE\" \/>\n<meta property=\"og:type\" content=\"article\" \/>\n<meta property=\"og:title\" content=\"Sa.15.10. Kleinflussfahrt auf der Bekau &ndash; Kanu Gruppe Wilster e.V.\" \/>\n<meta property=\"og:description\" content=\"Als erste Saisonahrt 2016\/17 m\u00f6chten wir am 15.10.16 eine Fahrt auf der Bekau machen. Bei guten Wasserstand m\u00f6chten wir in Christinenthal einsetzen und bis Bekm\u00fcnde paddeln. Je nach Zeitlage k\u00f6nnen wir sogar bis zum KGW paddeln. Dazu treffen wir uns um 9.00 Uhr am Bootshaus um die Boote zu verladen. Abfahrt wird ca 9.30 Uhr\" \/>\n<meta property=\"og:url\" content=\"https:\/\/kanu-gruppe-wilster.de\/index.php\/sa-15-10-kleinflussfahrt-auf-der-bekau\/\" \/>\n<meta property=\"og:site_name\" content=\"Kanu Gruppe Wilster e.V.\" \/>\n<meta property=\"article:published_time\" content=\"2016-10-08T15:20:52+00:00\" \/>\n<meta name=\"twitter:card\" content=\"summary\" \/>\n<meta name=\"twitter:label1\" content=\"Verfasst von\" \/>\n\t<meta name=\"twitter:data1\" content=\"UweMuenster\" \/>\n<script type=\"application\/ld+json\" class=\"yoast-schema-graph\">{\"@context\":\"https:\/\/schema.org\",\"@graph\":[{\"@type\":\"WebSite\",\"@id\":\"https:\/\/kanu-gruppe-wilster.de\/#website\",\"url\":\"https:\/\/kanu-gruppe-wilster.de\/\",\"name\":\"Kanu Gruppe Wilster e.V.\",\"description\":\"Kanuverein an der Wilster Au\",\"potentialAction\":[{\"@type\":\"SearchAction\",\"target\":{\"@type\":\"EntryPoint\",\"urlTemplate\":\"https:\/\/kanu-gruppe-wilster.de\/?s={search_term_string}\"},\"query-input\":\"required name=search_term_string\"}],\"inLanguage\":\"de\"},{\"@type\":\"WebPage\",\"@id\":\"https:\/\/kanu-gruppe-wilster.de\/index.php\/sa-15-10-kleinflussfahrt-auf-der-bekau\/#webpage\",\"url\":\"https:\/\/kanu-gruppe-wilster.de\/index.php\/sa-15-10-kleinflussfahrt-auf-der-bekau\/\",\"name\":\"Sa.15.10. Kleinflussfahrt auf der Bekau &ndash; Kanu Gruppe Wilster e.V.\",\"isPartOf\":{\"@id\":\"https:\/\/kanu-gruppe-wilster.de\/#website\"},\"datePublished\":\"2016-10-08T15:20:52+00:00\",\"dateModified\":\"2016-10-08T15:20:52+00:00\",\"author\":{\"@id\":\"https:\/\/kanu-gruppe-wilster.de\/#\/schema\/person\/7489fc75ff891776bcddaa56e64dbb54\"},\"breadcrumb\":{\"@id\":\"https:\/\/kanu-gruppe-wilster.de\/index.php\/sa-15-10-kleinflussfahrt-auf-der-bekau\/#breadcrumb\"},\"inLanguage\":\"de\",\"potentialAction\":[{\"@type\":\"ReadAction\",\"target\":[\"https:\/\/kanu-gruppe-wilster.de\/index.php\/sa-15-10-kleinflussfahrt-auf-der-bekau\/\"]}]},{\"@type\":\"BreadcrumbList\",\"@id\":\"https:\/\/kanu-gruppe-wilster.de\/index.php\/sa-15-10-kleinflussfahrt-auf-der-bekau\/#breadcrumb\",\"itemListElement\":[{\"@type\":\"ListItem\",\"position\":1,\"name\":\"Startseite\",\"item\":\"https:\/\/kanu-gruppe-wilster.de\/\"},{\"@type\":\"ListItem\",\"position\":2,\"name\":\"Sa.15.10. Kleinflussfahrt auf der Bekau\"}]},{\"@type\":\"Person\",\"@id\":\"https:\/\/kanu-gruppe-wilster.de\/#\/schema\/person\/7489fc75ff891776bcddaa56e64dbb54\",\"name\":\"UweMuenster\",\"image\":{\"@type\":\"ImageObject\",\"inLanguage\":\"de\",\"@id\":\"https:\/\/kanu-gruppe-wilster.de\/#\/schema\/person\/image\/\",\"url\":\"https:\/\/secure.gravatar.com\/avatar\/633d80af5ecf11a7e42ad51ef88894a9?s=96&d=mm&r=g\",\"contentUrl\":\"https:\/\/secure.gravatar.com\/avatar\/633d80af5ecf11a7e42ad51ef88894a9?s=96&d=mm&r=g\",\"caption\":\"UweMuenster\"},\"url\":\"https:\/\/kanu-gruppe-wilster.de\/index.php\/author\/uwemuenster\/\"}]}<\/script>\n<!-- \/ Yoast SEO plugin. -->","yoast_head_json":{"title":"Sa.15.10. Kleinflussfahrt auf der Bekau &ndash; Kanu Gruppe Wilster e.V.","robots":{"index":"index","follow":"follow","max-snippet":"max-snippet:-1","max-image-preview":"max-image-preview:large","max-video-preview":"max-video-preview:-1"},"canonical":"https:\/\/kanu-gruppe-wilster.de\/index.php\/sa-15-10-kleinflussfahrt-auf-der-bekau\/","og_locale":"de_DE","og_type":"article","og_title":"Sa.15.10. Kleinflussfahrt auf der Bekau &ndash; Kanu Gruppe Wilster e.V.","og_description":"Als erste Saisonahrt 2016\/17 m\u00f6chten wir am 15.10.16 eine Fahrt auf der Bekau machen. Bei guten Wasserstand m\u00f6chten wir in Christinenthal einsetzen und bis Bekm\u00fcnde paddeln. Je nach Zeitlage k\u00f6nnen wir sogar bis zum KGW paddeln. Dazu treffen wir uns um 9.00 Uhr am Bootshaus um die Boote zu verladen. Abfahrt wird ca 9.30 Uhr","og_url":"https:\/\/kanu-gruppe-wilster.de\/index.php\/sa-15-10-kleinflussfahrt-auf-der-bekau\/","og_site_name":"Kanu Gruppe Wilster e.V.","article_published_time":"2016-10-08T15:20:52+00:00","twitter_card":"summary","twitter_misc":{"Verfasst von":"UweMuenster"},"schema":{"@context":"https:\/\/schema.org","@graph":[{"@type":"WebSite","@id":"https:\/\/kanu-gruppe-wilster.de\/#website","url":"https:\/\/kanu-gruppe-wilster.de\/","name":"Kanu Gruppe Wilster e.V.","description":"Kanuverein an der Wilster Au","potentialAction":[{"@type":"SearchAction","target":{"@type":"EntryPoint","urlTemplate":"https:\/\/kanu-gruppe-wilster.de\/?s={search_term_string}"},"query-input":"required name=search_term_string"}],"inLanguage":"de"},{"@type":"WebPage","@id":"https:\/\/kanu-gruppe-wilster.de\/index.php\/sa-15-10-kleinflussfahrt-auf-der-bekau\/#webpage","url":"https:\/\/kanu-gruppe-wilster.de\/index.php\/sa-15-10-kleinflussfahrt-auf-der-bekau\/","name":"Sa.15.10. Kleinflussfahrt auf der Bekau &ndash; Kanu Gruppe Wilster e.V.","isPartOf":{"@id":"https:\/\/kanu-gruppe-wilster.de\/#website"},"datePublished":"2016-10-08T15:20:52+00:00","dateModified":"2016-10-08T15:20:52+00:00","author":{"@id":"https:\/\/kanu-gruppe-wilster.de\/#\/schema\/person\/7489fc75ff891776bcddaa56e64dbb54"},"breadcrumb":{"@id":"https:\/\/kanu-gruppe-wilster.de\/index.php\/sa-15-10-kleinflussfahrt-auf-der-bekau\/#breadcrumb"},"inLanguage":"de","potentialAction":[{"@type":"ReadAction","target":["https:\/\/kanu-gruppe-wilster.de\/index.php\/sa-15-10-kleinflussfahrt-auf-der-bekau\/"]}]},{"@type":"BreadcrumbList","@id":"https:\/\/kanu-gruppe-wilster.de\/index.php\/sa-15-10-kleinflussfahrt-auf-der-bekau\/#breadcrumb","itemListElement":[{"@type":"ListItem","position":1,"name":"Startseite","item":"https:\/\/kanu-gruppe-wilster.de\/"},{"@type":"ListItem","position":2,"name":"Sa.15.10. Kleinflussfahrt auf der Bekau"}]},{"@type":"Person","@id":"https:\/\/kanu-gruppe-wilster.de\/#\/schema\/person\/7489fc75ff891776bcddaa56e64dbb54","name":"UweMuenster","image":{"@type":"ImageObject","inLanguage":"de","@id":"https:\/\/kanu-gruppe-wilster.de\/#\/schema\/person\/image\/","url":"https:\/\/secure.gravatar.com\/avatar\/633d80af5ecf11a7e42ad51ef88894a9?s=96&d=mm&r=g","contentUrl":"https:\/\/secure.gravatar.com\/avatar\/633d80af5ecf11a7e42ad51ef88894a9?s=96&d=mm&r=g","caption":"UweMuenster"},"url":"https:\/\/kanu-gruppe-wilster.de\/index.php\/author\/uwemuenster\/"}]}},"_links":{"self":[{"href":"https:\/\/kanu-gruppe-wilster.de\/index.php\/wp-json\/wp\/v2\/posts\/1259"}],"collection":[{"href":"https:\/\/kanu-gruppe-wilster.de\/index.php\/wp-json\/wp\/v2\/posts"}],"about":[{"href":"https:\/\/kanu-gruppe-wilster.de\/index.php\/wp-json\/wp\/v2\/types\/post"}],"author":[{"embeddable":true,"href":"https:\/\/kanu-gruppe-wilster.de\/index.php\/wp-json\/wp\/v2\/users\/2"}],"replies":[{"embeddable":true,"href":"https:\/\/kanu-gruppe-wilster.de\/index.php\/wp-json\/wp\/v2\/comments?post=1259"}],"version-history":[{"count":0,"href":"https:\/\/kanu-gruppe-wilster.de\/index.php\/wp-json\/wp\/v2\/posts\/1259\/revisions"}],"wp:attachment":[{"href":"https:\/\/kanu-gruppe-wilster.de\/index.php\/wp-json\/wp\/v2\/media?parent=1259"}],"wp:term":[{"taxonomy":"category","embeddable":true,"href":"https:\/\/kanu-gruppe-wilster.de\/index.php\/wp-json\/wp\/v2\/categories?post=1259"},{"taxonomy":"post_tag","embeddable":true,"href":"https:\/\/kanu-gruppe-wilster.de\/index.php\/wp-json\/wp\/v2\/tags?post=1259"}],"curies":[{"name":"wp","href":"https:\/\/api.w.org\/{rel}","templated":true}]}}