{"id":1248,"date":"2016-09-28T20:32:46","date_gmt":"2016-09-28T18:32:46","guid":{"rendered":"http:\/\/kanu-gruppe-wilster.de\/?p=1248"},"modified":"2016-09-28T20:32:46","modified_gmt":"2016-09-28T18:32:46","slug":"so-02-10-16-lampionfahrt-auf-der-wilsterau-nach-kasenort","status":"publish","type":"post","link":"https:\/\/kanu-gruppe-wilster.de\/index.php\/so-02-10-16-lampionfahrt-auf-der-wilsterau-nach-kasenort\/","title":{"rendered":"So. 02.10.16, Lampionfahrt auf der Wilsterau nach Kasenort"},"content":{"rendered":"<p>Liebe Paddlerinnen und Paddler,<br \/>\nkurzfristig und spontan geht die KGW auf<br \/>\n<span style=\"color: #0000ff;\"><span style=\"text-decoration: underline;\"> Lampionfahrt am Sonntag, den 02.Oktober 2016.<\/span><\/span><br \/>\nWir treffen uns<span style=\"color: #0000ff;\"> ca. 17:30 Uhr<\/span>, schm\u00fccken und beleuchten unsere Boote (bitte denkt dran \u201eBeleuchtungsmaterial\u201c mitzubringen) und werden etwa eine Stunde sp\u00e4ter mit den Kanus aufs Wasser gehen und zur B5-Br\u00fccke paddeln, wo sich der Laternenumzug Landrecht- St\u00f6rdorf zu Land trifft.<br \/>\nDie Fahrt wird ab 19 Uhr nach Kasenort verlaufen. Dort werden wir uns vom Umzug zu Land verabschieden und unseren Weg zur\u00fcck zum Bootshaus nehmen. Nach dem Abschm\u00fccken der Boote ist noch ein Beisammensein der Paddler auf dem Vereinsgel\u00e4nde angedacht. Ich hoffe ihr seid dabei seid -m\u00f6glichst auf dem Wasser &#8211;  oder aber an Land \u2013 und auf jedem Fall mit Laterne!!<br \/>\nWir rechnen trotz des kurzfristigen Termin fest mit Eurer Teilnahme!<br \/>\nEuer Vorstand<\/div>\n","protected":false},"excerpt":{"rendered":"<p>Liebe Paddlerinnen und Paddler, kurzfristig und spontan geht die KGW auf Lampionfahrt am Sonntag, den 02.Oktober 2016. Wir treffen uns ca. 17:30 Uhr, schm\u00fccken und beleuchten unsere Boote (bitte denkt dran \u201eBeleuchtungsmaterial\u201c mitzubringen) und werden etwa eine Stunde sp\u00e4ter mit den Kanus aufs Wasser gehen und zur B5-Br\u00fccke paddeln, wo sich der Laternenumzug Landrecht- St\u00f6rdorf<\/p>\n","protected":false},"author":2,"featured_media":0,"comment_status":"open","ping_status":"open","sticky":false,"template":"","format":"standard","meta":{"ngg_post_thumbnail":0},"categories":[4,1],"tags":[],"yoast_head":"<!-- This site is optimized with the Yoast SEO plugin v19.0 - https:\/\/yoast.com\/wordpress\/plugins\/seo\/ -->\n<title>So. 02.10.16, Lampionfahrt auf der Wilsterau nach Kasenort &ndash; Kanu Gruppe Wilster e.V.<\/title>\n<meta name=\"robots\" content=\"index, follow, max-snippet:-1, max-image-preview:large, max-video-preview:-1\" \/>\n<link rel=\"canonical\" href=\"https:\/\/kanu-gruppe-wilster.de\/index.php\/so-02-10-16-lampionfahrt-auf-der-wilsterau-nach-kasenort\/\" \/>\n<meta property=\"og:locale\" content=\"de_DE\" \/>\n<meta property=\"og:type\" content=\"article\" \/>\n<meta property=\"og:title\" content=\"So. 02.10.16, Lampionfahrt auf der Wilsterau nach Kasenort &ndash; Kanu Gruppe Wilster e.V.\" \/>\n<meta property=\"og:description\" content=\"Liebe Paddlerinnen und Paddler, kurzfristig und spontan geht die KGW auf Lampionfahrt am Sonntag, den 02.Oktober 2016. Wir treffen uns ca. 17:30 Uhr, schm\u00fccken und beleuchten unsere Boote (bitte denkt dran \u201eBeleuchtungsmaterial\u201c mitzubringen) und werden etwa eine Stunde sp\u00e4ter mit den Kanus aufs Wasser gehen und zur B5-Br\u00fccke paddeln, wo sich der Laternenumzug Landrecht- St\u00f6rdorf\" \/>\n<meta property=\"og:url\" content=\"https:\/\/kanu-gruppe-wilster.de\/index.php\/so-02-10-16-lampionfahrt-auf-der-wilsterau-nach-kasenort\/\" \/>\n<meta property=\"og:site_name\" content=\"Kanu Gruppe Wilster e.V.\" \/>\n<meta property=\"article:published_time\" content=\"2016-09-28T18:32:46+00:00\" \/>\n<meta name=\"twitter:card\" content=\"summary\" \/>\n<meta name=\"twitter:label1\" content=\"Verfasst von\" \/>\n\t<meta name=\"twitter:data1\" content=\"UweMuenster\" \/>\n\t<meta name=\"twitter:label2\" content=\"Gesch\u00e4tzte Lesezeit\" \/>\n\t<meta name=\"twitter:data2\" content=\"1\u00a0Minute\" \/>\n<script type=\"application\/ld+json\" class=\"yoast-schema-graph\">{\"@context\":\"https:\/\/schema.org\",\"@graph\":[{\"@type\":\"WebSite\",\"@id\":\"https:\/\/kanu-gruppe-wilster.de\/#website\",\"url\":\"https:\/\/kanu-gruppe-wilster.de\/\",\"name\":\"Kanu Gruppe Wilster e.V.\",\"description\":\"Kanuverein an der Wilster Au\",\"potentialAction\":[{\"@type\":\"SearchAction\",\"target\":{\"@type\":\"EntryPoint\",\"urlTemplate\":\"https:\/\/kanu-gruppe-wilster.de\/?s={search_term_string}\"},\"query-input\":\"required name=search_term_string\"}],\"inLanguage\":\"de\"},{\"@type\":\"WebPage\",\"@id\":\"https:\/\/kanu-gruppe-wilster.de\/index.php\/so-02-10-16-lampionfahrt-auf-der-wilsterau-nach-kasenort\/#webpage\",\"url\":\"https:\/\/kanu-gruppe-wilster.de\/index.php\/so-02-10-16-lampionfahrt-auf-der-wilsterau-nach-kasenort\/\",\"name\":\"So. 02.10.16, Lampionfahrt auf der Wilsterau nach Kasenort &ndash; Kanu Gruppe Wilster e.V.\",\"isPartOf\":{\"@id\":\"https:\/\/kanu-gruppe-wilster.de\/#website\"},\"datePublished\":\"2016-09-28T18:32:46+00:00\",\"dateModified\":\"2016-09-28T18:32:46+00:00\",\"author\":{\"@id\":\"https:\/\/kanu-gruppe-wilster.de\/#\/schema\/person\/7489fc75ff891776bcddaa56e64dbb54\"},\"breadcrumb\":{\"@id\":\"https:\/\/kanu-gruppe-wilster.de\/index.php\/so-02-10-16-lampionfahrt-auf-der-wilsterau-nach-kasenort\/#breadcrumb\"},\"inLanguage\":\"de\",\"potentialAction\":[{\"@type\":\"ReadAction\",\"target\":[\"https:\/\/kanu-gruppe-wilster.de\/index.php\/so-02-10-16-lampionfahrt-auf-der-wilsterau-nach-kasenort\/\"]}]},{\"@type\":\"BreadcrumbList\",\"@id\":\"https:\/\/kanu-gruppe-wilster.de\/index.php\/so-02-10-16-lampionfahrt-auf-der-wilsterau-nach-kasenort\/#breadcrumb\",\"itemListElement\":[{\"@type\":\"ListItem\",\"position\":1,\"name\":\"Startseite\",\"item\":\"https:\/\/kanu-gruppe-wilster.de\/\"},{\"@type\":\"ListItem\",\"position\":2,\"name\":\"So. 02.10.16, Lampionfahrt auf der Wilsterau nach Kasenort\"}]},{\"@type\":\"Person\",\"@id\":\"https:\/\/kanu-gruppe-wilster.de\/#\/schema\/person\/7489fc75ff891776bcddaa56e64dbb54\",\"name\":\"UweMuenster\",\"image\":{\"@type\":\"ImageObject\",\"inLanguage\":\"de\",\"@id\":\"https:\/\/kanu-gruppe-wilster.de\/#\/schema\/person\/image\/\",\"url\":\"https:\/\/secure.gravatar.com\/avatar\/633d80af5ecf11a7e42ad51ef88894a9?s=96&d=mm&r=g\",\"contentUrl\":\"https:\/\/secure.gravatar.com\/avatar\/633d80af5ecf11a7e42ad51ef88894a9?s=96&d=mm&r=g\",\"caption\":\"UweMuenster\"},\"url\":\"https:\/\/kanu-gruppe-wilster.de\/index.php\/author\/uwemuenster\/\"}]}<\/script>\n<!-- \/ Yoast SEO plugin. -->","yoast_head_json":{"title":"So. 02.10.16, Lampionfahrt auf der Wilsterau nach Kasenort &ndash; Kanu Gruppe Wilster e.V.","robots":{"index":"index","follow":"follow","max-snippet":"max-snippet:-1","max-image-preview":"max-image-preview:large","max-video-preview":"max-video-preview:-1"},"canonical":"https:\/\/kanu-gruppe-wilster.de\/index.php\/so-02-10-16-lampionfahrt-auf-der-wilsterau-nach-kasenort\/","og_locale":"de_DE","og_type":"article","og_title":"So. 02.10.16, Lampionfahrt auf der Wilsterau nach Kasenort &ndash; Kanu Gruppe Wilster e.V.","og_description":"Liebe Paddlerinnen und Paddler, kurzfristig und spontan geht die KGW auf Lampionfahrt am Sonntag, den 02.Oktober 2016. Wir treffen uns ca. 17:30 Uhr, schm\u00fccken und beleuchten unsere Boote (bitte denkt dran \u201eBeleuchtungsmaterial\u201c mitzubringen) und werden etwa eine Stunde sp\u00e4ter mit den Kanus aufs Wasser gehen und zur B5-Br\u00fccke paddeln, wo sich der Laternenumzug Landrecht- St\u00f6rdorf","og_url":"https:\/\/kanu-gruppe-wilster.de\/index.php\/so-02-10-16-lampionfahrt-auf-der-wilsterau-nach-kasenort\/","og_site_name":"Kanu Gruppe Wilster e.V.","article_published_time":"2016-09-28T18:32:46+00:00","twitter_card":"summary","twitter_misc":{"Verfasst von":"UweMuenster","Gesch\u00e4tzte Lesezeit":"1\u00a0Minute"},"schema":{"@context":"https:\/\/schema.org","@graph":[{"@type":"WebSite","@id":"https:\/\/kanu-gruppe-wilster.de\/#website","url":"https:\/\/kanu-gruppe-wilster.de\/","name":"Kanu Gruppe Wilster e.V.","description":"Kanuverein an der Wilster Au","potentialAction":[{"@type":"SearchAction","target":{"@type":"EntryPoint","urlTemplate":"https:\/\/kanu-gruppe-wilster.de\/?s={search_term_string}"},"query-input":"required name=search_term_string"}],"inLanguage":"de"},{"@type":"WebPage","@id":"https:\/\/kanu-gruppe-wilster.de\/index.php\/so-02-10-16-lampionfahrt-auf-der-wilsterau-nach-kasenort\/#webpage","url":"https:\/\/kanu-gruppe-wilster.de\/index.php\/so-02-10-16-lampionfahrt-auf-der-wilsterau-nach-kasenort\/","name":"So. 02.10.16, Lampionfahrt auf der Wilsterau nach Kasenort &ndash; Kanu Gruppe Wilster e.V.","isPartOf":{"@id":"https:\/\/kanu-gruppe-wilster.de\/#website"},"datePublished":"2016-09-28T18:32:46+00:00","dateModified":"2016-09-28T18:32:46+00:00","author":{"@id":"https:\/\/kanu-gruppe-wilster.de\/#\/schema\/person\/7489fc75ff891776bcddaa56e64dbb54"},"breadcrumb":{"@id":"https:\/\/kanu-gruppe-wilster.de\/index.php\/so-02-10-16-lampionfahrt-auf-der-wilsterau-nach-kasenort\/#breadcrumb"},"inLanguage":"de","potentialAction":[{"@type":"ReadAction","target":["https:\/\/kanu-gruppe-wilster.de\/index.php\/so-02-10-16-lampionfahrt-auf-der-wilsterau-nach-kasenort\/"]}]},{"@type":"BreadcrumbList","@id":"https:\/\/kanu-gruppe-wilster.de\/index.php\/so-02-10-16-lampionfahrt-auf-der-wilsterau-nach-kasenort\/#breadcrumb","itemListElement":[{"@type":"ListItem","position":1,"name":"Startseite","item":"https:\/\/kanu-gruppe-wilster.de\/"},{"@type":"ListItem","position":2,"name":"So. 02.10.16, Lampionfahrt auf der Wilsterau nach Kasenort"}]},{"@type":"Person","@id":"https:\/\/kanu-gruppe-wilster.de\/#\/schema\/person\/7489fc75ff891776bcddaa56e64dbb54","name":"UweMuenster","image":{"@type":"ImageObject","inLanguage":"de","@id":"https:\/\/kanu-gruppe-wilster.de\/#\/schema\/person\/image\/","url":"https:\/\/secure.gravatar.com\/avatar\/633d80af5ecf11a7e42ad51ef88894a9?s=96&d=mm&r=g","contentUrl":"https:\/\/secure.gravatar.com\/avatar\/633d80af5ecf11a7e42ad51ef88894a9?s=96&d=mm&r=g","caption":"UweMuenster"},"url":"https:\/\/kanu-gruppe-wilster.de\/index.php\/author\/uwemuenster\/"}]}},"_links":{"self":[{"href":"https:\/\/kanu-gruppe-wilster.de\/index.php\/wp-json\/wp\/v2\/posts\/1248"}],"collection":[{"href":"https:\/\/kanu-gruppe-wilster.de\/index.php\/wp-json\/wp\/v2\/posts"}],"about":[{"href":"https:\/\/kanu-gruppe-wilster.de\/index.php\/wp-json\/wp\/v2\/types\/post"}],"author":[{"embeddable":true,"href":"https:\/\/kanu-gruppe-wilster.de\/index.php\/wp-json\/wp\/v2\/users\/2"}],"replies":[{"embeddable":true,"href":"https:\/\/kanu-gruppe-wilster.de\/index.php\/wp-json\/wp\/v2\/comments?post=1248"}],"version-history":[{"count":0,"href":"https:\/\/kanu-gruppe-wilster.de\/index.php\/wp-json\/wp\/v2\/posts\/1248\/revisions"}],"wp:attachment":[{"href":"https:\/\/kanu-gruppe-wilster.de\/index.php\/wp-json\/wp\/v2\/media?parent=1248"}],"wp:term":[{"taxonomy":"category","embeddable":true,"href":"https:\/\/kanu-gruppe-wilster.de\/index.php\/wp-json\/wp\/v2\/categories?post=1248"},{"taxonomy":"post_tag","embeddable":true,"href":"https:\/\/kanu-gruppe-wilster.de\/index.php\/wp-json\/wp\/v2\/tags?post=1248"}],"curies":[{"name":"wp","href":"https:\/\/api.w.org\/{rel}","templated":true}]}}