{"id":1222,"date":"2016-09-11T19:19:05","date_gmt":"2016-09-11T17:19:05","guid":{"rendered":"http:\/\/kanu-gruppe-wilster.de\/?p=1222"},"modified":"2016-09-11T19:19:05","modified_gmt":"2016-09-11T17:19:05","slug":"abpaddeln-2016","status":"publish","type":"post","link":"https:\/\/kanu-gruppe-wilster.de\/index.php\/abpaddeln-2016\/","title":{"rendered":"Abpaddeln 2016"},"content":{"rendered":"<p>Abpaddeln 2016<\/p>\n<p>Am 24.09.16 m\u00f6chten wir die Saison mit einer Fahrt zum Rastplatz Alte Schmiede<br \/>\nauf der Wilster Au beenden.<\/p>\n<p>Um 10.00 Uhr starten wir am Bootshaus, so dass wir gegen 12 Uhr eine Rast machen k\u00f6nnen.<\/p>\n<p>Die R\u00fcckfahrt werden wir dann gegen 12.30 Uhr antreten.<\/p>\n<p>Damit wir einen sch\u00f6nen Ausklang haben, m\u00f6chten wir wie letztes Jahr wieder Suppe<br \/>\nkommen lassen. Hierzu tragt Euch bitte in die Liste im Bootshaus ein oder kontaktiert uns,<br \/>\nwer welche Suppe m\u00f6chte. Es gibt Erbsensuppe (3,50 \u20ac) oder Tomatensuppe vegetarisch (3,00 \u20ac).<br \/>\nE-Mail: jan.goerbitz@gmx.de oder dk.neumann@web.de<\/p>\n","protected":false},"excerpt":{"rendered":"<p>Abpaddeln 2016 Am 24.09.16 m\u00f6chten wir die Saison mit einer Fahrt zum Rastplatz Alte Schmiede auf der Wilster Au beenden. Um 10.00 Uhr starten wir am Bootshaus, so dass wir gegen 12 Uhr eine Rast machen k\u00f6nnen. Die R\u00fcckfahrt werden wir dann gegen 12.30 Uhr antreten. Damit wir einen sch\u00f6nen Ausklang haben, m\u00f6chten wir wie<\/p>\n","protected":false},"author":2,"featured_media":0,"comment_status":"open","ping_status":"open","sticky":false,"template":"","format":"standard","meta":{"ngg_post_thumbnail":0},"categories":[4,1],"tags":[],"yoast_head":"<!-- This site is optimized with the Yoast SEO plugin v19.0 - https:\/\/yoast.com\/wordpress\/plugins\/seo\/ -->\n<title>Abpaddeln 2016 &ndash; Kanu Gruppe Wilster e.V.<\/title>\n<meta name=\"robots\" content=\"index, follow, max-snippet:-1, max-image-preview:large, max-video-preview:-1\" \/>\n<link rel=\"canonical\" href=\"https:\/\/kanu-gruppe-wilster.de\/index.php\/abpaddeln-2016\/\" \/>\n<meta property=\"og:locale\" content=\"de_DE\" \/>\n<meta property=\"og:type\" content=\"article\" \/>\n<meta property=\"og:title\" content=\"Abpaddeln 2016 &ndash; Kanu Gruppe Wilster e.V.\" \/>\n<meta property=\"og:description\" content=\"Abpaddeln 2016 Am 24.09.16 m\u00f6chten wir die Saison mit einer Fahrt zum Rastplatz Alte Schmiede auf der Wilster Au beenden. Um 10.00 Uhr starten wir am Bootshaus, so dass wir gegen 12 Uhr eine Rast machen k\u00f6nnen. Die R\u00fcckfahrt werden wir dann gegen 12.30 Uhr antreten. Damit wir einen sch\u00f6nen Ausklang haben, m\u00f6chten wir wie\" \/>\n<meta property=\"og:url\" content=\"https:\/\/kanu-gruppe-wilster.de\/index.php\/abpaddeln-2016\/\" \/>\n<meta property=\"og:site_name\" content=\"Kanu Gruppe Wilster e.V.\" \/>\n<meta property=\"article:published_time\" content=\"2016-09-11T17:19:05+00:00\" \/>\n<meta name=\"twitter:card\" content=\"summary\" \/>\n<meta name=\"twitter:label1\" content=\"Verfasst von\" \/>\n\t<meta name=\"twitter:data1\" content=\"UweMuenster\" \/>\n<script type=\"application\/ld+json\" class=\"yoast-schema-graph\">{\"@context\":\"https:\/\/schema.org\",\"@graph\":[{\"@type\":\"WebSite\",\"@id\":\"https:\/\/kanu-gruppe-wilster.de\/#website\",\"url\":\"https:\/\/kanu-gruppe-wilster.de\/\",\"name\":\"Kanu Gruppe Wilster e.V.\",\"description\":\"Kanuverein an der Wilster Au\",\"potentialAction\":[{\"@type\":\"SearchAction\",\"target\":{\"@type\":\"EntryPoint\",\"urlTemplate\":\"https:\/\/kanu-gruppe-wilster.de\/?s={search_term_string}\"},\"query-input\":\"required name=search_term_string\"}],\"inLanguage\":\"de\"},{\"@type\":\"WebPage\",\"@id\":\"https:\/\/kanu-gruppe-wilster.de\/index.php\/abpaddeln-2016\/#webpage\",\"url\":\"https:\/\/kanu-gruppe-wilster.de\/index.php\/abpaddeln-2016\/\",\"name\":\"Abpaddeln 2016 &ndash; Kanu Gruppe Wilster e.V.\",\"isPartOf\":{\"@id\":\"https:\/\/kanu-gruppe-wilster.de\/#website\"},\"datePublished\":\"2016-09-11T17:19:05+00:00\",\"dateModified\":\"2016-09-11T17:19:05+00:00\",\"author\":{\"@id\":\"https:\/\/kanu-gruppe-wilster.de\/#\/schema\/person\/7489fc75ff891776bcddaa56e64dbb54\"},\"breadcrumb\":{\"@id\":\"https:\/\/kanu-gruppe-wilster.de\/index.php\/abpaddeln-2016\/#breadcrumb\"},\"inLanguage\":\"de\",\"potentialAction\":[{\"@type\":\"ReadAction\",\"target\":[\"https:\/\/kanu-gruppe-wilster.de\/index.php\/abpaddeln-2016\/\"]}]},{\"@type\":\"BreadcrumbList\",\"@id\":\"https:\/\/kanu-gruppe-wilster.de\/index.php\/abpaddeln-2016\/#breadcrumb\",\"itemListElement\":[{\"@type\":\"ListItem\",\"position\":1,\"name\":\"Startseite\",\"item\":\"https:\/\/kanu-gruppe-wilster.de\/\"},{\"@type\":\"ListItem\",\"position\":2,\"name\":\"Abpaddeln 2016\"}]},{\"@type\":\"Person\",\"@id\":\"https:\/\/kanu-gruppe-wilster.de\/#\/schema\/person\/7489fc75ff891776bcddaa56e64dbb54\",\"name\":\"UweMuenster\",\"image\":{\"@type\":\"ImageObject\",\"inLanguage\":\"de\",\"@id\":\"https:\/\/kanu-gruppe-wilster.de\/#\/schema\/person\/image\/\",\"url\":\"https:\/\/secure.gravatar.com\/avatar\/633d80af5ecf11a7e42ad51ef88894a9?s=96&d=mm&r=g\",\"contentUrl\":\"https:\/\/secure.gravatar.com\/avatar\/633d80af5ecf11a7e42ad51ef88894a9?s=96&d=mm&r=g\",\"caption\":\"UweMuenster\"},\"url\":\"https:\/\/kanu-gruppe-wilster.de\/index.php\/author\/uwemuenster\/\"}]}<\/script>\n<!-- \/ Yoast SEO plugin. -->","yoast_head_json":{"title":"Abpaddeln 2016 &ndash; Kanu Gruppe Wilster e.V.","robots":{"index":"index","follow":"follow","max-snippet":"max-snippet:-1","max-image-preview":"max-image-preview:large","max-video-preview":"max-video-preview:-1"},"canonical":"https:\/\/kanu-gruppe-wilster.de\/index.php\/abpaddeln-2016\/","og_locale":"de_DE","og_type":"article","og_title":"Abpaddeln 2016 &ndash; Kanu Gruppe Wilster e.V.","og_description":"Abpaddeln 2016 Am 24.09.16 m\u00f6chten wir die Saison mit einer Fahrt zum Rastplatz Alte Schmiede auf der Wilster Au beenden. Um 10.00 Uhr starten wir am Bootshaus, so dass wir gegen 12 Uhr eine Rast machen k\u00f6nnen. Die R\u00fcckfahrt werden wir dann gegen 12.30 Uhr antreten. Damit wir einen sch\u00f6nen Ausklang haben, m\u00f6chten wir wie","og_url":"https:\/\/kanu-gruppe-wilster.de\/index.php\/abpaddeln-2016\/","og_site_name":"Kanu Gruppe Wilster e.V.","article_published_time":"2016-09-11T17:19:05+00:00","twitter_card":"summary","twitter_misc":{"Verfasst von":"UweMuenster"},"schema":{"@context":"https:\/\/schema.org","@graph":[{"@type":"WebSite","@id":"https:\/\/kanu-gruppe-wilster.de\/#website","url":"https:\/\/kanu-gruppe-wilster.de\/","name":"Kanu Gruppe Wilster e.V.","description":"Kanuverein an der Wilster Au","potentialAction":[{"@type":"SearchAction","target":{"@type":"EntryPoint","urlTemplate":"https:\/\/kanu-gruppe-wilster.de\/?s={search_term_string}"},"query-input":"required name=search_term_string"}],"inLanguage":"de"},{"@type":"WebPage","@id":"https:\/\/kanu-gruppe-wilster.de\/index.php\/abpaddeln-2016\/#webpage","url":"https:\/\/kanu-gruppe-wilster.de\/index.php\/abpaddeln-2016\/","name":"Abpaddeln 2016 &ndash; Kanu Gruppe Wilster e.V.","isPartOf":{"@id":"https:\/\/kanu-gruppe-wilster.de\/#website"},"datePublished":"2016-09-11T17:19:05+00:00","dateModified":"2016-09-11T17:19:05+00:00","author":{"@id":"https:\/\/kanu-gruppe-wilster.de\/#\/schema\/person\/7489fc75ff891776bcddaa56e64dbb54"},"breadcrumb":{"@id":"https:\/\/kanu-gruppe-wilster.de\/index.php\/abpaddeln-2016\/#breadcrumb"},"inLanguage":"de","potentialAction":[{"@type":"ReadAction","target":["https:\/\/kanu-gruppe-wilster.de\/index.php\/abpaddeln-2016\/"]}]},{"@type":"BreadcrumbList","@id":"https:\/\/kanu-gruppe-wilster.de\/index.php\/abpaddeln-2016\/#breadcrumb","itemListElement":[{"@type":"ListItem","position":1,"name":"Startseite","item":"https:\/\/kanu-gruppe-wilster.de\/"},{"@type":"ListItem","position":2,"name":"Abpaddeln 2016"}]},{"@type":"Person","@id":"https:\/\/kanu-gruppe-wilster.de\/#\/schema\/person\/7489fc75ff891776bcddaa56e64dbb54","name":"UweMuenster","image":{"@type":"ImageObject","inLanguage":"de","@id":"https:\/\/kanu-gruppe-wilster.de\/#\/schema\/person\/image\/","url":"https:\/\/secure.gravatar.com\/avatar\/633d80af5ecf11a7e42ad51ef88894a9?s=96&d=mm&r=g","contentUrl":"https:\/\/secure.gravatar.com\/avatar\/633d80af5ecf11a7e42ad51ef88894a9?s=96&d=mm&r=g","caption":"UweMuenster"},"url":"https:\/\/kanu-gruppe-wilster.de\/index.php\/author\/uwemuenster\/"}]}},"_links":{"self":[{"href":"https:\/\/kanu-gruppe-wilster.de\/index.php\/wp-json\/wp\/v2\/posts\/1222"}],"collection":[{"href":"https:\/\/kanu-gruppe-wilster.de\/index.php\/wp-json\/wp\/v2\/posts"}],"about":[{"href":"https:\/\/kanu-gruppe-wilster.de\/index.php\/wp-json\/wp\/v2\/types\/post"}],"author":[{"embeddable":true,"href":"https:\/\/kanu-gruppe-wilster.de\/index.php\/wp-json\/wp\/v2\/users\/2"}],"replies":[{"embeddable":true,"href":"https:\/\/kanu-gruppe-wilster.de\/index.php\/wp-json\/wp\/v2\/comments?post=1222"}],"version-history":[{"count":0,"href":"https:\/\/kanu-gruppe-wilster.de\/index.php\/wp-json\/wp\/v2\/posts\/1222\/revisions"}],"wp:attachment":[{"href":"https:\/\/kanu-gruppe-wilster.de\/index.php\/wp-json\/wp\/v2\/media?parent=1222"}],"wp:term":[{"taxonomy":"category","embeddable":true,"href":"https:\/\/kanu-gruppe-wilster.de\/index.php\/wp-json\/wp\/v2\/categories?post=1222"},{"taxonomy":"post_tag","embeddable":true,"href":"https:\/\/kanu-gruppe-wilster.de\/index.php\/wp-json\/wp\/v2\/tags?post=1222"}],"curies":[{"name":"wp","href":"https:\/\/api.w.org\/{rel}","templated":true}]}}