{"id":1214,"date":"2016-04-16T08:31:05","date_gmt":"2016-04-16T06:31:05","guid":{"rendered":"http:\/\/kanu-gruppe-wilster.de\/?p=1214"},"modified":"2016-04-16T08:31:05","modified_gmt":"2016-04-16T06:31:05","slug":"anpaddel-2016","status":"publish","type":"post","link":"https:\/\/kanu-gruppe-wilster.de\/index.php\/anpaddel-2016\/","title":{"rendered":"Anpaddel 2016"},"content":{"rendered":"<p>Anpaddeln 2016<\/p>\n<p>Das Anpaddeln findet am <strong>Samstag, den 23.04.2016<\/strong><strong>, statt. Dieses Jahr starten wir mit einer Fahrt vom KGW auf der Au und der St\u00f6r bis nach Wewelsfleth und zur\u00fcck.<\/p>\n<p><strong>Start ist um 9.00 Uhr am Bootshaus<\/strong>, so dass wir in Wewelsfleth eine Rast machen k\u00f6nnen und dann ca. 12:30 zur\u00fcckpaddeln.<\/p>\n<p>Bitte schon jetzt einmal vormerken, dass wir f\u00fcr das Kaffeetrinken im Anschluss eifrige B\u00e4cker brauchen. Eine Liste zum Eintragen der Kuchenspenden wird rechtzeitig im Bootshaus aush\u00e4ngen.<\/p>\n","protected":false},"excerpt":{"rendered":"<p>Anpaddeln 2016 Das Anpaddeln findet am Samstag, den 23.04.2016, statt. Dieses Jahr starten wir mit einer Fahrt vom KGW auf der Au und der St\u00f6r bis nach Wewelsfleth und zur\u00fcck. Start ist um 9.00 Uhr am Bootshaus, so dass wir in Wewelsfleth eine Rast machen k\u00f6nnen und dann ca. 12:30 zur\u00fcckpaddeln. Bitte schon jetzt einmal<\/p>\n","protected":false},"author":2,"featured_media":0,"comment_status":"open","ping_status":"open","sticky":false,"template":"","format":"standard","meta":{"ngg_post_thumbnail":0},"categories":[4,1],"tags":[],"yoast_head":"<!-- This site is optimized with the Yoast SEO plugin v19.0 - https:\/\/yoast.com\/wordpress\/plugins\/seo\/ -->\n<title>Anpaddel 2016 &ndash; Kanu Gruppe Wilster e.V.<\/title>\n<meta name=\"robots\" content=\"index, follow, max-snippet:-1, max-image-preview:large, max-video-preview:-1\" \/>\n<link rel=\"canonical\" href=\"https:\/\/kanu-gruppe-wilster.de\/index.php\/anpaddel-2016\/\" \/>\n<meta property=\"og:locale\" content=\"de_DE\" \/>\n<meta property=\"og:type\" content=\"article\" \/>\n<meta property=\"og:title\" content=\"Anpaddel 2016 &ndash; Kanu Gruppe Wilster e.V.\" \/>\n<meta property=\"og:description\" content=\"Anpaddeln 2016 Das Anpaddeln findet am Samstag, den 23.04.2016, statt. Dieses Jahr starten wir mit einer Fahrt vom KGW auf der Au und der St\u00f6r bis nach Wewelsfleth und zur\u00fcck. Start ist um 9.00 Uhr am Bootshaus, so dass wir in Wewelsfleth eine Rast machen k\u00f6nnen und dann ca. 12:30 zur\u00fcckpaddeln. Bitte schon jetzt einmal\" \/>\n<meta property=\"og:url\" content=\"https:\/\/kanu-gruppe-wilster.de\/index.php\/anpaddel-2016\/\" \/>\n<meta property=\"og:site_name\" content=\"Kanu Gruppe Wilster e.V.\" \/>\n<meta property=\"article:published_time\" content=\"2016-04-16T06:31:05+00:00\" \/>\n<meta name=\"twitter:card\" content=\"summary\" \/>\n<meta name=\"twitter:label1\" content=\"Verfasst von\" \/>\n\t<meta name=\"twitter:data1\" content=\"UweMuenster\" \/>\n<script type=\"application\/ld+json\" class=\"yoast-schema-graph\">{\"@context\":\"https:\/\/schema.org\",\"@graph\":[{\"@type\":\"WebSite\",\"@id\":\"https:\/\/kanu-gruppe-wilster.de\/#website\",\"url\":\"https:\/\/kanu-gruppe-wilster.de\/\",\"name\":\"Kanu Gruppe Wilster e.V.\",\"description\":\"Kanuverein an der Wilster Au\",\"potentialAction\":[{\"@type\":\"SearchAction\",\"target\":{\"@type\":\"EntryPoint\",\"urlTemplate\":\"https:\/\/kanu-gruppe-wilster.de\/?s={search_term_string}\"},\"query-input\":\"required name=search_term_string\"}],\"inLanguage\":\"de\"},{\"@type\":\"WebPage\",\"@id\":\"https:\/\/kanu-gruppe-wilster.de\/index.php\/anpaddel-2016\/#webpage\",\"url\":\"https:\/\/kanu-gruppe-wilster.de\/index.php\/anpaddel-2016\/\",\"name\":\"Anpaddel 2016 &ndash; Kanu Gruppe Wilster e.V.\",\"isPartOf\":{\"@id\":\"https:\/\/kanu-gruppe-wilster.de\/#website\"},\"datePublished\":\"2016-04-16T06:31:05+00:00\",\"dateModified\":\"2016-04-16T06:31:05+00:00\",\"author\":{\"@id\":\"https:\/\/kanu-gruppe-wilster.de\/#\/schema\/person\/7489fc75ff891776bcddaa56e64dbb54\"},\"breadcrumb\":{\"@id\":\"https:\/\/kanu-gruppe-wilster.de\/index.php\/anpaddel-2016\/#breadcrumb\"},\"inLanguage\":\"de\",\"potentialAction\":[{\"@type\":\"ReadAction\",\"target\":[\"https:\/\/kanu-gruppe-wilster.de\/index.php\/anpaddel-2016\/\"]}]},{\"@type\":\"BreadcrumbList\",\"@id\":\"https:\/\/kanu-gruppe-wilster.de\/index.php\/anpaddel-2016\/#breadcrumb\",\"itemListElement\":[{\"@type\":\"ListItem\",\"position\":1,\"name\":\"Startseite\",\"item\":\"https:\/\/kanu-gruppe-wilster.de\/\"},{\"@type\":\"ListItem\",\"position\":2,\"name\":\"Anpaddel 2016\"}]},{\"@type\":\"Person\",\"@id\":\"https:\/\/kanu-gruppe-wilster.de\/#\/schema\/person\/7489fc75ff891776bcddaa56e64dbb54\",\"name\":\"UweMuenster\",\"image\":{\"@type\":\"ImageObject\",\"inLanguage\":\"de\",\"@id\":\"https:\/\/kanu-gruppe-wilster.de\/#\/schema\/person\/image\/\",\"url\":\"https:\/\/secure.gravatar.com\/avatar\/633d80af5ecf11a7e42ad51ef88894a9?s=96&d=mm&r=g\",\"contentUrl\":\"https:\/\/secure.gravatar.com\/avatar\/633d80af5ecf11a7e42ad51ef88894a9?s=96&d=mm&r=g\",\"caption\":\"UweMuenster\"},\"url\":\"https:\/\/kanu-gruppe-wilster.de\/index.php\/author\/uwemuenster\/\"}]}<\/script>\n<!-- \/ Yoast SEO plugin. -->","yoast_head_json":{"title":"Anpaddel 2016 &ndash; Kanu Gruppe Wilster e.V.","robots":{"index":"index","follow":"follow","max-snippet":"max-snippet:-1","max-image-preview":"max-image-preview:large","max-video-preview":"max-video-preview:-1"},"canonical":"https:\/\/kanu-gruppe-wilster.de\/index.php\/anpaddel-2016\/","og_locale":"de_DE","og_type":"article","og_title":"Anpaddel 2016 &ndash; Kanu Gruppe Wilster e.V.","og_description":"Anpaddeln 2016 Das Anpaddeln findet am Samstag, den 23.04.2016, statt. Dieses Jahr starten wir mit einer Fahrt vom KGW auf der Au und der St\u00f6r bis nach Wewelsfleth und zur\u00fcck. Start ist um 9.00 Uhr am Bootshaus, so dass wir in Wewelsfleth eine Rast machen k\u00f6nnen und dann ca. 12:30 zur\u00fcckpaddeln. Bitte schon jetzt einmal","og_url":"https:\/\/kanu-gruppe-wilster.de\/index.php\/anpaddel-2016\/","og_site_name":"Kanu Gruppe Wilster e.V.","article_published_time":"2016-04-16T06:31:05+00:00","twitter_card":"summary","twitter_misc":{"Verfasst von":"UweMuenster"},"schema":{"@context":"https:\/\/schema.org","@graph":[{"@type":"WebSite","@id":"https:\/\/kanu-gruppe-wilster.de\/#website","url":"https:\/\/kanu-gruppe-wilster.de\/","name":"Kanu Gruppe Wilster e.V.","description":"Kanuverein an der Wilster Au","potentialAction":[{"@type":"SearchAction","target":{"@type":"EntryPoint","urlTemplate":"https:\/\/kanu-gruppe-wilster.de\/?s={search_term_string}"},"query-input":"required name=search_term_string"}],"inLanguage":"de"},{"@type":"WebPage","@id":"https:\/\/kanu-gruppe-wilster.de\/index.php\/anpaddel-2016\/#webpage","url":"https:\/\/kanu-gruppe-wilster.de\/index.php\/anpaddel-2016\/","name":"Anpaddel 2016 &ndash; Kanu Gruppe Wilster e.V.","isPartOf":{"@id":"https:\/\/kanu-gruppe-wilster.de\/#website"},"datePublished":"2016-04-16T06:31:05+00:00","dateModified":"2016-04-16T06:31:05+00:00","author":{"@id":"https:\/\/kanu-gruppe-wilster.de\/#\/schema\/person\/7489fc75ff891776bcddaa56e64dbb54"},"breadcrumb":{"@id":"https:\/\/kanu-gruppe-wilster.de\/index.php\/anpaddel-2016\/#breadcrumb"},"inLanguage":"de","potentialAction":[{"@type":"ReadAction","target":["https:\/\/kanu-gruppe-wilster.de\/index.php\/anpaddel-2016\/"]}]},{"@type":"BreadcrumbList","@id":"https:\/\/kanu-gruppe-wilster.de\/index.php\/anpaddel-2016\/#breadcrumb","itemListElement":[{"@type":"ListItem","position":1,"name":"Startseite","item":"https:\/\/kanu-gruppe-wilster.de\/"},{"@type":"ListItem","position":2,"name":"Anpaddel 2016"}]},{"@type":"Person","@id":"https:\/\/kanu-gruppe-wilster.de\/#\/schema\/person\/7489fc75ff891776bcddaa56e64dbb54","name":"UweMuenster","image":{"@type":"ImageObject","inLanguage":"de","@id":"https:\/\/kanu-gruppe-wilster.de\/#\/schema\/person\/image\/","url":"https:\/\/secure.gravatar.com\/avatar\/633d80af5ecf11a7e42ad51ef88894a9?s=96&d=mm&r=g","contentUrl":"https:\/\/secure.gravatar.com\/avatar\/633d80af5ecf11a7e42ad51ef88894a9?s=96&d=mm&r=g","caption":"UweMuenster"},"url":"https:\/\/kanu-gruppe-wilster.de\/index.php\/author\/uwemuenster\/"}]}},"_links":{"self":[{"href":"https:\/\/kanu-gruppe-wilster.de\/index.php\/wp-json\/wp\/v2\/posts\/1214"}],"collection":[{"href":"https:\/\/kanu-gruppe-wilster.de\/index.php\/wp-json\/wp\/v2\/posts"}],"about":[{"href":"https:\/\/kanu-gruppe-wilster.de\/index.php\/wp-json\/wp\/v2\/types\/post"}],"author":[{"embeddable":true,"href":"https:\/\/kanu-gruppe-wilster.de\/index.php\/wp-json\/wp\/v2\/users\/2"}],"replies":[{"embeddable":true,"href":"https:\/\/kanu-gruppe-wilster.de\/index.php\/wp-json\/wp\/v2\/comments?post=1214"}],"version-history":[{"count":0,"href":"https:\/\/kanu-gruppe-wilster.de\/index.php\/wp-json\/wp\/v2\/posts\/1214\/revisions"}],"wp:attachment":[{"href":"https:\/\/kanu-gruppe-wilster.de\/index.php\/wp-json\/wp\/v2\/media?parent=1214"}],"wp:term":[{"taxonomy":"category","embeddable":true,"href":"https:\/\/kanu-gruppe-wilster.de\/index.php\/wp-json\/wp\/v2\/categories?post=1214"},{"taxonomy":"post_tag","embeddable":true,"href":"https:\/\/kanu-gruppe-wilster.de\/index.php\/wp-json\/wp\/v2\/tags?post=1214"}],"curies":[{"name":"wp","href":"https:\/\/api.w.org\/{rel}","templated":true}]}}