{"id":1185,"date":"2016-02-07T20:04:56","date_gmt":"2016-02-07T19:04:56","guid":{"rendered":"http:\/\/kanu-gruppe-wilster.de\/?p=1175"},"modified":"2016-02-07T20:04:56","modified_gmt":"2016-02-07T19:04:56","slug":"bericht-der-jahreshauptversammlung-2016","status":"publish","type":"post","link":"https:\/\/kanu-gruppe-wilster.de\/index.php\/bericht-der-jahreshauptversammlung-2016\/","title":{"rendered":"Bericht der Jahreshauptversammlung 2016"},"content":{"rendered":"<p>Am 31.01.2016 fand unsere diesj\u00e4hrige Jahreshauptversammlung statt. Die Versammlung verlief harmonisch. Einen ausf\u00fchrlichen Bericht k\u00f6nnt Ihr dem Bericht der WZ (siehe Link) entnehmen. Die \u00dcberschrift des Berichtes beschreibt unseren Vereinssinn sehr treffend &#8222;Teamgeist wichtiger als Top-Leistung&#8220;. In diesem Sinne w\u00fcnscht Eure Kanu Gruppe Wilster allen Kanuten eine tolle Paddelsaison.<br \/>\n<a href=\"http:\/\/www.shz.de\/lokales\/norddeutsche-rundschau\/teamgeist-wichtiger-als-top-leistung-id12651561.html\">Bericht WZ vom 07.02.2016<\/a><\/p>\n","protected":false},"excerpt":{"rendered":"<p>Am 31.01.2016 fand unsere diesj\u00e4hrige Jahreshauptversammlung statt. Die Versammlung verlief harmonisch. Einen ausf\u00fchrlichen Bericht k\u00f6nnt Ihr dem Bericht der WZ (siehe Link) entnehmen. Die \u00dcberschrift des Berichtes beschreibt unseren Vereinssinn sehr treffend &#8222;Teamgeist wichtiger als Top-Leistung&#8220;. In diesem Sinne w\u00fcnscht Eure Kanu Gruppe Wilster allen Kanuten eine tolle Paddelsaison. Bericht WZ vom 07.02.2016<\/p>\n","protected":false},"author":2,"featured_media":0,"comment_status":"open","ping_status":"open","sticky":false,"template":"","format":"standard","meta":{"ngg_post_thumbnail":0},"categories":[1,5],"tags":[],"yoast_head":"<!-- This site is optimized with the Yoast SEO plugin v19.0 - https:\/\/yoast.com\/wordpress\/plugins\/seo\/ -->\n<title>Bericht der Jahreshauptversammlung 2016 &ndash; Kanu Gruppe Wilster e.V.<\/title>\n<meta name=\"robots\" content=\"index, follow, max-snippet:-1, max-image-preview:large, max-video-preview:-1\" \/>\n<link rel=\"canonical\" href=\"https:\/\/kanu-gruppe-wilster.de\/index.php\/bericht-der-jahreshauptversammlung-2016\/\" \/>\n<meta property=\"og:locale\" content=\"de_DE\" \/>\n<meta property=\"og:type\" content=\"article\" \/>\n<meta property=\"og:title\" content=\"Bericht der Jahreshauptversammlung 2016 &ndash; Kanu Gruppe Wilster e.V.\" \/>\n<meta property=\"og:description\" content=\"Am 31.01.2016 fand unsere diesj\u00e4hrige Jahreshauptversammlung statt. Die Versammlung verlief harmonisch. Einen ausf\u00fchrlichen Bericht k\u00f6nnt Ihr dem Bericht der WZ (siehe Link) entnehmen. Die \u00dcberschrift des Berichtes beschreibt unseren Vereinssinn sehr treffend &#8222;Teamgeist wichtiger als Top-Leistung&#8220;. In diesem Sinne w\u00fcnscht Eure Kanu Gruppe Wilster allen Kanuten eine tolle Paddelsaison. Bericht WZ vom 07.02.2016\" \/>\n<meta property=\"og:url\" content=\"https:\/\/kanu-gruppe-wilster.de\/index.php\/bericht-der-jahreshauptversammlung-2016\/\" \/>\n<meta property=\"og:site_name\" content=\"Kanu Gruppe Wilster e.V.\" \/>\n<meta property=\"article:published_time\" content=\"2016-02-07T19:04:56+00:00\" \/>\n<meta name=\"twitter:card\" content=\"summary\" \/>\n<meta name=\"twitter:label1\" content=\"Verfasst von\" \/>\n\t<meta name=\"twitter:data1\" content=\"UweMuenster\" \/>\n<script type=\"application\/ld+json\" class=\"yoast-schema-graph\">{\"@context\":\"https:\/\/schema.org\",\"@graph\":[{\"@type\":\"WebSite\",\"@id\":\"https:\/\/kanu-gruppe-wilster.de\/#website\",\"url\":\"https:\/\/kanu-gruppe-wilster.de\/\",\"name\":\"Kanu Gruppe Wilster e.V.\",\"description\":\"Kanuverein an der Wilster Au\",\"potentialAction\":[{\"@type\":\"SearchAction\",\"target\":{\"@type\":\"EntryPoint\",\"urlTemplate\":\"https:\/\/kanu-gruppe-wilster.de\/?s={search_term_string}\"},\"query-input\":\"required name=search_term_string\"}],\"inLanguage\":\"de\"},{\"@type\":\"WebPage\",\"@id\":\"https:\/\/kanu-gruppe-wilster.de\/index.php\/bericht-der-jahreshauptversammlung-2016\/#webpage\",\"url\":\"https:\/\/kanu-gruppe-wilster.de\/index.php\/bericht-der-jahreshauptversammlung-2016\/\",\"name\":\"Bericht der Jahreshauptversammlung 2016 &ndash; Kanu Gruppe Wilster e.V.\",\"isPartOf\":{\"@id\":\"https:\/\/kanu-gruppe-wilster.de\/#website\"},\"datePublished\":\"2016-02-07T19:04:56+00:00\",\"dateModified\":\"2016-02-07T19:04:56+00:00\",\"author\":{\"@id\":\"https:\/\/kanu-gruppe-wilster.de\/#\/schema\/person\/7489fc75ff891776bcddaa56e64dbb54\"},\"breadcrumb\":{\"@id\":\"https:\/\/kanu-gruppe-wilster.de\/index.php\/bericht-der-jahreshauptversammlung-2016\/#breadcrumb\"},\"inLanguage\":\"de\",\"potentialAction\":[{\"@type\":\"ReadAction\",\"target\":[\"https:\/\/kanu-gruppe-wilster.de\/index.php\/bericht-der-jahreshauptversammlung-2016\/\"]}]},{\"@type\":\"BreadcrumbList\",\"@id\":\"https:\/\/kanu-gruppe-wilster.de\/index.php\/bericht-der-jahreshauptversammlung-2016\/#breadcrumb\",\"itemListElement\":[{\"@type\":\"ListItem\",\"position\":1,\"name\":\"Startseite\",\"item\":\"https:\/\/kanu-gruppe-wilster.de\/\"},{\"@type\":\"ListItem\",\"position\":2,\"name\":\"Bericht der Jahreshauptversammlung 2016\"}]},{\"@type\":\"Person\",\"@id\":\"https:\/\/kanu-gruppe-wilster.de\/#\/schema\/person\/7489fc75ff891776bcddaa56e64dbb54\",\"name\":\"UweMuenster\",\"image\":{\"@type\":\"ImageObject\",\"inLanguage\":\"de\",\"@id\":\"https:\/\/kanu-gruppe-wilster.de\/#\/schema\/person\/image\/\",\"url\":\"https:\/\/secure.gravatar.com\/avatar\/633d80af5ecf11a7e42ad51ef88894a9?s=96&d=mm&r=g\",\"contentUrl\":\"https:\/\/secure.gravatar.com\/avatar\/633d80af5ecf11a7e42ad51ef88894a9?s=96&d=mm&r=g\",\"caption\":\"UweMuenster\"},\"url\":\"https:\/\/kanu-gruppe-wilster.de\/index.php\/author\/uwemuenster\/\"}]}<\/script>\n<!-- \/ Yoast SEO plugin. -->","yoast_head_json":{"title":"Bericht der Jahreshauptversammlung 2016 &ndash; Kanu Gruppe Wilster e.V.","robots":{"index":"index","follow":"follow","max-snippet":"max-snippet:-1","max-image-preview":"max-image-preview:large","max-video-preview":"max-video-preview:-1"},"canonical":"https:\/\/kanu-gruppe-wilster.de\/index.php\/bericht-der-jahreshauptversammlung-2016\/","og_locale":"de_DE","og_type":"article","og_title":"Bericht der Jahreshauptversammlung 2016 &ndash; Kanu Gruppe Wilster e.V.","og_description":"Am 31.01.2016 fand unsere diesj\u00e4hrige Jahreshauptversammlung statt. Die Versammlung verlief harmonisch. Einen ausf\u00fchrlichen Bericht k\u00f6nnt Ihr dem Bericht der WZ (siehe Link) entnehmen. Die \u00dcberschrift des Berichtes beschreibt unseren Vereinssinn sehr treffend &#8222;Teamgeist wichtiger als Top-Leistung&#8220;. In diesem Sinne w\u00fcnscht Eure Kanu Gruppe Wilster allen Kanuten eine tolle Paddelsaison. Bericht WZ vom 07.02.2016","og_url":"https:\/\/kanu-gruppe-wilster.de\/index.php\/bericht-der-jahreshauptversammlung-2016\/","og_site_name":"Kanu Gruppe Wilster e.V.","article_published_time":"2016-02-07T19:04:56+00:00","twitter_card":"summary","twitter_misc":{"Verfasst von":"UweMuenster"},"schema":{"@context":"https:\/\/schema.org","@graph":[{"@type":"WebSite","@id":"https:\/\/kanu-gruppe-wilster.de\/#website","url":"https:\/\/kanu-gruppe-wilster.de\/","name":"Kanu Gruppe Wilster e.V.","description":"Kanuverein an der Wilster Au","potentialAction":[{"@type":"SearchAction","target":{"@type":"EntryPoint","urlTemplate":"https:\/\/kanu-gruppe-wilster.de\/?s={search_term_string}"},"query-input":"required name=search_term_string"}],"inLanguage":"de"},{"@type":"WebPage","@id":"https:\/\/kanu-gruppe-wilster.de\/index.php\/bericht-der-jahreshauptversammlung-2016\/#webpage","url":"https:\/\/kanu-gruppe-wilster.de\/index.php\/bericht-der-jahreshauptversammlung-2016\/","name":"Bericht der Jahreshauptversammlung 2016 &ndash; Kanu Gruppe Wilster e.V.","isPartOf":{"@id":"https:\/\/kanu-gruppe-wilster.de\/#website"},"datePublished":"2016-02-07T19:04:56+00:00","dateModified":"2016-02-07T19:04:56+00:00","author":{"@id":"https:\/\/kanu-gruppe-wilster.de\/#\/schema\/person\/7489fc75ff891776bcddaa56e64dbb54"},"breadcrumb":{"@id":"https:\/\/kanu-gruppe-wilster.de\/index.php\/bericht-der-jahreshauptversammlung-2016\/#breadcrumb"},"inLanguage":"de","potentialAction":[{"@type":"ReadAction","target":["https:\/\/kanu-gruppe-wilster.de\/index.php\/bericht-der-jahreshauptversammlung-2016\/"]}]},{"@type":"BreadcrumbList","@id":"https:\/\/kanu-gruppe-wilster.de\/index.php\/bericht-der-jahreshauptversammlung-2016\/#breadcrumb","itemListElement":[{"@type":"ListItem","position":1,"name":"Startseite","item":"https:\/\/kanu-gruppe-wilster.de\/"},{"@type":"ListItem","position":2,"name":"Bericht der Jahreshauptversammlung 2016"}]},{"@type":"Person","@id":"https:\/\/kanu-gruppe-wilster.de\/#\/schema\/person\/7489fc75ff891776bcddaa56e64dbb54","name":"UweMuenster","image":{"@type":"ImageObject","inLanguage":"de","@id":"https:\/\/kanu-gruppe-wilster.de\/#\/schema\/person\/image\/","url":"https:\/\/secure.gravatar.com\/avatar\/633d80af5ecf11a7e42ad51ef88894a9?s=96&d=mm&r=g","contentUrl":"https:\/\/secure.gravatar.com\/avatar\/633d80af5ecf11a7e42ad51ef88894a9?s=96&d=mm&r=g","caption":"UweMuenster"},"url":"https:\/\/kanu-gruppe-wilster.de\/index.php\/author\/uwemuenster\/"}]}},"_links":{"self":[{"href":"https:\/\/kanu-gruppe-wilster.de\/index.php\/wp-json\/wp\/v2\/posts\/1185"}],"collection":[{"href":"https:\/\/kanu-gruppe-wilster.de\/index.php\/wp-json\/wp\/v2\/posts"}],"about":[{"href":"https:\/\/kanu-gruppe-wilster.de\/index.php\/wp-json\/wp\/v2\/types\/post"}],"author":[{"embeddable":true,"href":"https:\/\/kanu-gruppe-wilster.de\/index.php\/wp-json\/wp\/v2\/users\/2"}],"replies":[{"embeddable":true,"href":"https:\/\/kanu-gruppe-wilster.de\/index.php\/wp-json\/wp\/v2\/comments?post=1185"}],"version-history":[{"count":0,"href":"https:\/\/kanu-gruppe-wilster.de\/index.php\/wp-json\/wp\/v2\/posts\/1185\/revisions"}],"wp:attachment":[{"href":"https:\/\/kanu-gruppe-wilster.de\/index.php\/wp-json\/wp\/v2\/media?parent=1185"}],"wp:term":[{"taxonomy":"category","embeddable":true,"href":"https:\/\/kanu-gruppe-wilster.de\/index.php\/wp-json\/wp\/v2\/categories?post=1185"},{"taxonomy":"post_tag","embeddable":true,"href":"https:\/\/kanu-gruppe-wilster.de\/index.php\/wp-json\/wp\/v2\/tags?post=1185"}],"curies":[{"name":"wp","href":"https:\/\/api.w.org\/{rel}","templated":true}]}}