{"id":1183,"date":"2011-05-12T20:01:46","date_gmt":"2011-05-12T19:01:46","guid":{"rendered":"http:\/\/kanu-gruppe-wilster.de\/?p=366"},"modified":"2011-05-12T20:01:46","modified_gmt":"2011-05-12T19:01:46","slug":"herrentour-2011-auf-der-neise-und-der-oder","status":"publish","type":"post","link":"https:\/\/kanu-gruppe-wilster.de\/index.php\/herrentour-2011-auf-der-neise-und-der-oder\/","title":{"rendered":"Herrentour 2011 auf der Nei\u00dfe und der Oder"},"content":{"rendered":"<h3 style=\"text-align: center;\"><img loading=\"lazy\" class=\"aligncenter size-full wp-image-367\" title=\"HT 2011 -Zweitens- Nei\u00dfe+Oder 108\" src=\"http:\/\/kanu-gruppe-wilster.de\/wp-content\/uploads\/2011\/05\/HT-2011-Zweitens-Nei\u00dfe+Oder-108.jpg\" alt=\"\" width=\"800\" height=\"600\" \/><span style=\"color: #0000ff;\">Teilnehmer der Herrentour 2011 von L-R Hinten: Kai Nimz, R\u00fcdiger Demnick, J\u00fcrgen Kock, Robert Looft, Georg Diederich<\/span><\/h3>\n<h3 style=\"text-align: center;\"><span style=\"color: #0000ff;\">Vorne\u00a0 : Reinhard Frisch, liegend Ingmar Engel, Uwe M\u00fcnster, Richard Ruge (Organisator der Herrentour)<\/span><\/h3>\n<h4><span style=\"color: #0000ff;\"><span style=\"color: #ff0000;\">Weitere Fotos der Herrentour 2011 in der Photogalerie \/ Jahrgang 2011<\/span><br \/>\n<\/span><\/h4>\n<h1><strong><span style=\"text-decoration: underline;\">Herrentour 2011<\/span><\/strong><\/h1>\n<h4>Mein Wunsch auf Nei\u00dfe und Oder zu paddeln war schon seit einigen Jahren vorhanden. Nach recht intensiven Vorbereitungen konnte die Herrentour auf oben genannten Fl\u00fcssen dann in 2011 losgehen.<\/h4>\n<h3><em>Donnerstag, 28.4<\/em><\/h3>\n<h4>Bootsanh\u00e4nger beladen und Mietfahrzeuge aus Itzehoe abholen<\/h4>\n<h3><em>Freitag, 29.4 <\/em><\/h3>\n<h4>Tags\u00fcber Anreise nach Guben, OT Bresinchen, zum Campingplatz . Gegen 16:00 Uhr waren dann alle Teilnehmer vor Ort. Nachdem die Zelte aufgebaut waren, wurden die beiden Mietwagen nach Cottbus gebracht und abgegeben. Zur\u00fcck auf dem Campingplatz, 19:00 Uhr, wurde dann z\u00fcnftig gegrillt.<\/h4>\n<h4><em> <\/em><\/h4>\n<h4><em>Samstag, 30.4 (60 km)<\/em><\/h4>\n<h4>Da zu 07:30 Uhr die Fr\u00fchst\u00fccksbr\u00f6tchen bestellt waren, war rechtzeitiges Aufstehen angesagt. Es musste ja nach dem Abr\u00f6deln unser Material nach Guben zur Einsatzstelle, 8 km entfernt!!) verbracht werden. Jan Henrik , der sich zusammen mit Christian bereiterkl\u00e4rt hatte uns auf der Paddeltour mit den Wagen zu begleiten, \u00fcbernahm dann die Aufgabe unsere Boote mit Gep\u00e4ck und Paddler \u00a0in drei Fahrten zur Einsatzstelle zu transportieren. Und endlich, um 11:00 Uhr, sa\u00dfen wir in den Booten und die Fahrt konnte beginnen.<\/h4>\n<h4>Die 16 km auf der Nei\u00dfe waren sehr schnell gepaddelt, an der M\u00fcndung empfing uns dann die Ost-Oder mit flotter Str\u00f6mung aber leider auch mit Gegenwind. Geplant waren f\u00fcr den ersten Tag 50 km bis nach Lossow. Leider erwies sich der Rastplatz als unserer nicht w\u00fcrdig und so paddelten wir 10 km weiter bis nach <strong><span style=\"text-decoration: underline;\">Frankfurt<\/span><\/strong> (Ruderverein). Trotz der sp\u00e4ten Stunde, es war schon 19:30 Uhr, wurden wir herzlich aufgenommen und durften sogar im Bootshaus schlafen.<\/h4>\n<h3><em>Sonntag, 1.5 (50 km)<\/em><\/h3>\n<h4>Heute sind wir, nach einem guten Fr\u00fchst\u00fcck mit frischen Br\u00f6tchen vom Bahnhof (war ein elendig langer Weg) gestartet mit dem Ziel \u201eKuhbr\u00fccke\u201c. Leider war auch dieser Rastplatz, siehe Vortag! So ging die Fahrt (Sonne und Gegenwind) weiter bis nach <strong><span style=\"text-decoration: underline;\">Kienitz<\/span><\/strong> in die Marina. Auch hier konnten wir unser Nachtlager im Bootshaus aufschlagen. Da direkt nebenan ein Lokal war gab es weder mit dem Abendessen noch mit dem Fr\u00fchst\u00fcck am n\u00e4chsten morgen Probleme.<\/h4>\n<h3><em>Montag, 2.5 (54 km)<\/em><\/h3>\n<h4>Wieder waren wir zeitig in den Booten und freuten uns auf den allt\u00e4glichen Gegenwind. Obwohl die Sonne sich zeigte, war es auf dem Wasser recht frisch! Zumindest meine H\u00e4nde haben sich wie von selbst ums Paddel gekrallt. In Ermangelung von Campingpl\u00e4tzen sind wir bis zu <strong><span style=\"text-decoration: underline;\">km 687<\/span><\/strong> (Naturschutzgebiet \u00fcber ca. 60 km l\u00e4nge) gepaddelt, wo wir dann gegen 18:00 Uhr unsere Zelte direkt an der Oder, im Windschatten einiger B\u00e4ume, aufbauten. Ein schnelles Abendessen aus den Vorr\u00e4ten gekocht, noch ein halbes Bier getrunken und ab in den warmen Schlafsack. Nachts gingen die Temperaturen bis weit unter Null.<\/h4>\n<p><em> <\/em><\/p>\n<p><em> <\/em><\/p>\n<p><em> <\/em><\/p>\n<p><em> <\/em><\/p>\n<h3><em>Dienstag, 3.5 (31 km)<\/em><\/h3>\n<h4>Nach dem Aufstehen konnten wir die\u00a0 Nebelschwaden \u00fcber der Oder und das Eis auf den Booten bewundern. Es war A\u2026..kalt!!! Ein schnelles Fr\u00fchst\u00fcck im stehen und dann die Boote packen und auf den Fluss, nat\u00fcrlich wieder Sonne und Gegenwind. Nach ca. 4 km wechselten wir auf die West-Oder. Am fr\u00fchen Nachmittag war dann unser Tagesziel <strong><span style=\"text-decoration: underline;\">Mescherin<\/span><\/strong> erreicht. Ein netter kleiner Campingplatz. Jan Henrik &amp; Cristian \u00fcberraschten uns dann damit, dass reichlich Grillgut und auch leckere eisgek\u00fchlte Getr\u00e4nke bereitstanden.<\/h4>\n<h3><em>Mittwoch, 4.5 (30 km)<\/em><\/h3>\n<h4>F\u00fcr heute war das Etappenziel <strong><span style=\"text-decoration: underline;\">Stettin<\/span><\/strong> angesagt. Nat\u00fcrlich war wieder ein kr\u00e4ftiger n\u00f6rdlicher Wind der uns ins Gesicht blies. Das Durchfahren des Hafengebietes war dann auf dieser Etappe das interessanteste. Angekommen in der <strong>Marina Goclaw <\/strong>waren f\u00fcr uns schon Zimmer reserviert. Die Boote an Land gezogen und in den \u00dcberwachungsbereich der Videokamera verbracht, konnten wir ein gutes Abendessen im Hotel der Marina zu uns nehmen.<\/h4>\n<h3><em>Donnerstag, 5.5 (20 \u2013 30 km) <\/em><\/h3>\n<h4>Aufgrund der Wetterlage, immer noch ein steifer n\u00f6rdlicher Wind, haben wir uns gestern entschlossen nicht weiter ins Haff hinauszufahren. Stattdessen wird heute ein Rundt\u00f6rn durch den <strong>Dammscher See<\/strong> gepaddelt.<\/h4>\n<h3><em>Freitag, 6.5 (30 km)<\/em><\/h3>\n<h4>Nach einem reichhaltigen Fr\u00fchst\u00fcck im Hotel werden die Zimmer ger\u00e4umt und die Boote beladen. Heute geht es auf die letzte Etappe, zur\u00fcck nach <strong>Mescherin<\/strong>. Es ist nicht zu fassen: der Wind hat gedreht und kommt nun aus s\u00fcdlicher!!! Richtung. Das hei\u00dft f\u00fcr uns wieder gegen den Wind und auch gegen leichte Str\u00f6mung.<\/h4>\n<h3><em>Samstag, 7.5<\/em><\/h3>\n<h4>An morgen wurden die von Uwe bestellten Mietwagen aus Prenzlau geholt, so dass nach dem Beladen der Fahrzeuge die Heimreise angetreten werden konnte.<\/h4>\n<h4><strong>Teilnehmer:<\/strong> Richard, Kai, R\u00fcdiger, Uwe, Georg, Ingmar, Jodel, Reinhard, Robert<\/h4>\n<h4><strong><span style=\"text-decoration: underline;\">Einen besonderen Dank an: <\/span><\/strong><\/h4>\n<h4><strong>Jan Henrik und Christian :<\/strong> f\u00fcr den Transport der Boote und die gute Betreuung w\u00e4hrend der Tour.<\/h4>\n<h4><strong>Uwe:<\/strong> f\u00fcr das organisieren der Mietfahrzeuge<\/h4>\n<h4><strong>Jodel:<\/strong> f\u00fcr das kopieren der Unterlagen und <strong>Frischi:<\/strong> f\u00fcr das einlaminieren derselben<\/h4>\n<p>Richard<\/p>\n","protected":false},"excerpt":{"rendered":"<p>Teilnehmer der Herrentour 2011 von L-R Hinten: Kai Nimz, R\u00fcdiger Demnick, J\u00fcrgen Kock, Robert Looft, Georg Diederich Vorne\u00a0 : Reinhard Frisch, liegend Ingmar Engel, Uwe M\u00fcnster, Richard Ruge (Organisator der Herrentour) Weitere Fotos der Herrentour 2011 in der Photogalerie \/ Jahrgang 2011 Herrentour 2011 Mein Wunsch auf Nei\u00dfe und Oder zu paddeln war schon seit<\/p>\n","protected":false},"author":2,"featured_media":0,"comment_status":"open","ping_status":"open","sticky":false,"template":"","format":"standard","meta":{"ngg_post_thumbnail":0},"categories":[4,1],"tags":[],"yoast_head":"<!-- This site is optimized with the Yoast SEO plugin v19.0 - https:\/\/yoast.com\/wordpress\/plugins\/seo\/ -->\n<title>Herrentour 2011 auf der Nei\u00dfe und der Oder &ndash; Kanu Gruppe Wilster e.V.<\/title>\n<meta name=\"robots\" content=\"index, follow, max-snippet:-1, max-image-preview:large, max-video-preview:-1\" \/>\n<link rel=\"canonical\" href=\"https:\/\/kanu-gruppe-wilster.de\/index.php\/herrentour-2011-auf-der-neise-und-der-oder\/\" \/>\n<meta property=\"og:locale\" content=\"de_DE\" \/>\n<meta property=\"og:type\" content=\"article\" \/>\n<meta property=\"og:title\" content=\"Herrentour 2011 auf der Nei\u00dfe und der Oder &ndash; Kanu Gruppe Wilster e.V.\" \/>\n<meta property=\"og:description\" content=\"Teilnehmer der Herrentour 2011 von L-R Hinten: Kai Nimz, R\u00fcdiger Demnick, J\u00fcrgen Kock, Robert Looft, Georg Diederich Vorne\u00a0 : Reinhard Frisch, liegend Ingmar Engel, Uwe M\u00fcnster, Richard Ruge (Organisator der Herrentour) Weitere Fotos der Herrentour 2011 in der Photogalerie \/ Jahrgang 2011 Herrentour 2011 Mein Wunsch auf Nei\u00dfe und Oder zu paddeln war schon seit\" \/>\n<meta property=\"og:url\" content=\"https:\/\/kanu-gruppe-wilster.de\/index.php\/herrentour-2011-auf-der-neise-und-der-oder\/\" \/>\n<meta property=\"og:site_name\" content=\"Kanu Gruppe Wilster e.V.\" \/>\n<meta property=\"article:published_time\" content=\"2011-05-12T19:01:46+00:00\" \/>\n<meta name=\"twitter:card\" content=\"summary\" \/>\n<meta name=\"twitter:label1\" content=\"Verfasst von\" \/>\n\t<meta name=\"twitter:data1\" content=\"UweMuenster\" \/>\n\t<meta name=\"twitter:label2\" content=\"Gesch\u00e4tzte Lesezeit\" \/>\n\t<meta name=\"twitter:data2\" content=\"4\u00a0Minuten\" \/>\n<script type=\"application\/ld+json\" class=\"yoast-schema-graph\">{\"@context\":\"https:\/\/schema.org\",\"@graph\":[{\"@type\":\"WebSite\",\"@id\":\"https:\/\/kanu-gruppe-wilster.de\/#website\",\"url\":\"https:\/\/kanu-gruppe-wilster.de\/\",\"name\":\"Kanu Gruppe Wilster e.V.\",\"description\":\"Kanuverein an der Wilster Au\",\"potentialAction\":[{\"@type\":\"SearchAction\",\"target\":{\"@type\":\"EntryPoint\",\"urlTemplate\":\"https:\/\/kanu-gruppe-wilster.de\/?s={search_term_string}\"},\"query-input\":\"required name=search_term_string\"}],\"inLanguage\":\"de\"},{\"@type\":\"WebPage\",\"@id\":\"https:\/\/kanu-gruppe-wilster.de\/index.php\/herrentour-2011-auf-der-neise-und-der-oder\/#webpage\",\"url\":\"https:\/\/kanu-gruppe-wilster.de\/index.php\/herrentour-2011-auf-der-neise-und-der-oder\/\",\"name\":\"Herrentour 2011 auf der Nei\u00dfe und der Oder &ndash; Kanu Gruppe Wilster e.V.\",\"isPartOf\":{\"@id\":\"https:\/\/kanu-gruppe-wilster.de\/#website\"},\"datePublished\":\"2011-05-12T19:01:46+00:00\",\"dateModified\":\"2011-05-12T19:01:46+00:00\",\"author\":{\"@id\":\"https:\/\/kanu-gruppe-wilster.de\/#\/schema\/person\/7489fc75ff891776bcddaa56e64dbb54\"},\"breadcrumb\":{\"@id\":\"https:\/\/kanu-gruppe-wilster.de\/index.php\/herrentour-2011-auf-der-neise-und-der-oder\/#breadcrumb\"},\"inLanguage\":\"de\",\"potentialAction\":[{\"@type\":\"ReadAction\",\"target\":[\"https:\/\/kanu-gruppe-wilster.de\/index.php\/herrentour-2011-auf-der-neise-und-der-oder\/\"]}]},{\"@type\":\"BreadcrumbList\",\"@id\":\"https:\/\/kanu-gruppe-wilster.de\/index.php\/herrentour-2011-auf-der-neise-und-der-oder\/#breadcrumb\",\"itemListElement\":[{\"@type\":\"ListItem\",\"position\":1,\"name\":\"Startseite\",\"item\":\"https:\/\/kanu-gruppe-wilster.de\/\"},{\"@type\":\"ListItem\",\"position\":2,\"name\":\"Herrentour 2011 auf der Nei\u00dfe und der Oder\"}]},{\"@type\":\"Person\",\"@id\":\"https:\/\/kanu-gruppe-wilster.de\/#\/schema\/person\/7489fc75ff891776bcddaa56e64dbb54\",\"name\":\"UweMuenster\",\"image\":{\"@type\":\"ImageObject\",\"inLanguage\":\"de\",\"@id\":\"https:\/\/kanu-gruppe-wilster.de\/#\/schema\/person\/image\/\",\"url\":\"https:\/\/secure.gravatar.com\/avatar\/633d80af5ecf11a7e42ad51ef88894a9?s=96&d=mm&r=g\",\"contentUrl\":\"https:\/\/secure.gravatar.com\/avatar\/633d80af5ecf11a7e42ad51ef88894a9?s=96&d=mm&r=g\",\"caption\":\"UweMuenster\"},\"url\":\"https:\/\/kanu-gruppe-wilster.de\/index.php\/author\/uwemuenster\/\"}]}<\/script>\n<!-- \/ Yoast SEO plugin. -->","yoast_head_json":{"title":"Herrentour 2011 auf der Nei\u00dfe und der Oder &ndash; Kanu Gruppe Wilster e.V.","robots":{"index":"index","follow":"follow","max-snippet":"max-snippet:-1","max-image-preview":"max-image-preview:large","max-video-preview":"max-video-preview:-1"},"canonical":"https:\/\/kanu-gruppe-wilster.de\/index.php\/herrentour-2011-auf-der-neise-und-der-oder\/","og_locale":"de_DE","og_type":"article","og_title":"Herrentour 2011 auf der Nei\u00dfe und der Oder &ndash; Kanu Gruppe Wilster e.V.","og_description":"Teilnehmer der Herrentour 2011 von L-R Hinten: Kai Nimz, R\u00fcdiger Demnick, J\u00fcrgen Kock, Robert Looft, Georg Diederich Vorne\u00a0 : Reinhard Frisch, liegend Ingmar Engel, Uwe M\u00fcnster, Richard Ruge (Organisator der Herrentour) Weitere Fotos der Herrentour 2011 in der Photogalerie \/ Jahrgang 2011 Herrentour 2011 Mein Wunsch auf Nei\u00dfe und Oder zu paddeln war schon seit","og_url":"https:\/\/kanu-gruppe-wilster.de\/index.php\/herrentour-2011-auf-der-neise-und-der-oder\/","og_site_name":"Kanu Gruppe Wilster e.V.","article_published_time":"2011-05-12T19:01:46+00:00","twitter_card":"summary","twitter_misc":{"Verfasst von":"UweMuenster","Gesch\u00e4tzte Lesezeit":"4\u00a0Minuten"},"schema":{"@context":"https:\/\/schema.org","@graph":[{"@type":"WebSite","@id":"https:\/\/kanu-gruppe-wilster.de\/#website","url":"https:\/\/kanu-gruppe-wilster.de\/","name":"Kanu Gruppe Wilster e.V.","description":"Kanuverein an der Wilster Au","potentialAction":[{"@type":"SearchAction","target":{"@type":"EntryPoint","urlTemplate":"https:\/\/kanu-gruppe-wilster.de\/?s={search_term_string}"},"query-input":"required name=search_term_string"}],"inLanguage":"de"},{"@type":"WebPage","@id":"https:\/\/kanu-gruppe-wilster.de\/index.php\/herrentour-2011-auf-der-neise-und-der-oder\/#webpage","url":"https:\/\/kanu-gruppe-wilster.de\/index.php\/herrentour-2011-auf-der-neise-und-der-oder\/","name":"Herrentour 2011 auf der Nei\u00dfe und der Oder &ndash; Kanu Gruppe Wilster e.V.","isPartOf":{"@id":"https:\/\/kanu-gruppe-wilster.de\/#website"},"datePublished":"2011-05-12T19:01:46+00:00","dateModified":"2011-05-12T19:01:46+00:00","author":{"@id":"https:\/\/kanu-gruppe-wilster.de\/#\/schema\/person\/7489fc75ff891776bcddaa56e64dbb54"},"breadcrumb":{"@id":"https:\/\/kanu-gruppe-wilster.de\/index.php\/herrentour-2011-auf-der-neise-und-der-oder\/#breadcrumb"},"inLanguage":"de","potentialAction":[{"@type":"ReadAction","target":["https:\/\/kanu-gruppe-wilster.de\/index.php\/herrentour-2011-auf-der-neise-und-der-oder\/"]}]},{"@type":"BreadcrumbList","@id":"https:\/\/kanu-gruppe-wilster.de\/index.php\/herrentour-2011-auf-der-neise-und-der-oder\/#breadcrumb","itemListElement":[{"@type":"ListItem","position":1,"name":"Startseite","item":"https:\/\/kanu-gruppe-wilster.de\/"},{"@type":"ListItem","position":2,"name":"Herrentour 2011 auf der Nei\u00dfe und der Oder"}]},{"@type":"Person","@id":"https:\/\/kanu-gruppe-wilster.de\/#\/schema\/person\/7489fc75ff891776bcddaa56e64dbb54","name":"UweMuenster","image":{"@type":"ImageObject","inLanguage":"de","@id":"https:\/\/kanu-gruppe-wilster.de\/#\/schema\/person\/image\/","url":"https:\/\/secure.gravatar.com\/avatar\/633d80af5ecf11a7e42ad51ef88894a9?s=96&d=mm&r=g","contentUrl":"https:\/\/secure.gravatar.com\/avatar\/633d80af5ecf11a7e42ad51ef88894a9?s=96&d=mm&r=g","caption":"UweMuenster"},"url":"https:\/\/kanu-gruppe-wilster.de\/index.php\/author\/uwemuenster\/"}]}},"_links":{"self":[{"href":"https:\/\/kanu-gruppe-wilster.de\/index.php\/wp-json\/wp\/v2\/posts\/1183"}],"collection":[{"href":"https:\/\/kanu-gruppe-wilster.de\/index.php\/wp-json\/wp\/v2\/posts"}],"about":[{"href":"https:\/\/kanu-gruppe-wilster.de\/index.php\/wp-json\/wp\/v2\/types\/post"}],"author":[{"embeddable":true,"href":"https:\/\/kanu-gruppe-wilster.de\/index.php\/wp-json\/wp\/v2\/users\/2"}],"replies":[{"embeddable":true,"href":"https:\/\/kanu-gruppe-wilster.de\/index.php\/wp-json\/wp\/v2\/comments?post=1183"}],"version-history":[{"count":0,"href":"https:\/\/kanu-gruppe-wilster.de\/index.php\/wp-json\/wp\/v2\/posts\/1183\/revisions"}],"wp:attachment":[{"href":"https:\/\/kanu-gruppe-wilster.de\/index.php\/wp-json\/wp\/v2\/media?parent=1183"}],"wp:term":[{"taxonomy":"category","embeddable":true,"href":"https:\/\/kanu-gruppe-wilster.de\/index.php\/wp-json\/wp\/v2\/categories?post=1183"},{"taxonomy":"post_tag","embeddable":true,"href":"https:\/\/kanu-gruppe-wilster.de\/index.php\/wp-json\/wp\/v2\/tags?post=1183"}],"curies":[{"name":"wp","href":"https:\/\/api.w.org\/{rel}","templated":true}]}}