{"id":1166,"date":"2009-11-06T11:42:48","date_gmt":"2009-11-06T10:42:48","guid":{"rendered":"http:\/\/kanu-gruppe-wilster.de\/?p=97"},"modified":"2009-11-06T11:42:48","modified_gmt":"2009-11-06T10:42:48","slug":"wanderung-der-paddel-madelz","status":"publish","type":"post","link":"https:\/\/kanu-gruppe-wilster.de\/index.php\/wanderung-der-paddel-madelz\/","title":{"rendered":"Wanderung der Paddel M\u00e4delz"},"content":{"rendered":"<p>Mit einem flotten Fu\u00dfmarsch\u00a0 durch die Dunkelheit starteten die \u201ePaddel-M\u00e4delz\u201c ihr Herbst-\u00a0 und Winterprogramm 09\/10. Dachte ich zun\u00e4chst noch K\u00e4lte, Dauerregen und\u00a0 kleine Wehwechen\u00a0 an den F\u00fc\u00dfen w\u00fcrden unsere\u00a0 M\u00e4delwartin milde stimmen und zu einer Programm\u00e4nderung bewegen, wurde\u00a0 ich mal wieder eines Besseren belehrt: Also trafen wir uns am Mittwoch\u00a0 Abend auf dem Colosseumplatz. Unerschrocken, die M\u00fctzen tief in die\u00a0 Gesichter gezogen, in Regenklamotten geh\u00fcllt und mit Aspirin im Blut.\u00a0 P\u00fcnktlich zum Start h\u00f6rte der Regen auf. Die Luft wurde frisch und\u00a0 klar, wegen der Bewegung sp\u00fcrten wir die K\u00e4lte nicht mehr und unsere\u00a0 Wanderstiefel trugen uns Kilometer f\u00fcr Kilometer m\u00fchelos zum eigentlichen\u00a0 H\u00f6hepunkt des Abends. Wir hatten im Restaurant \u201eZum\u00a0 D\u00fcckerstieg\u201c einen Tisch reserviert und weil Frau bei so viel sportlichem\u00a0 Engagement ihre Figur halten muss, lie\u00dfen wir es uns nicht nehmen,\u00a0 unsere Geschmacksnerven mit diversen K\u00f6stlichkeiten von der Speisekarte\u00a0 zu verw\u00f6hnen. Mmh, das war legga! Wir haben noch ein paar vergn\u00fcgliche\u00a0 Stunden im Lokal verbracht und dann ging es Richtung Heimat. Nat\u00fcrlich\u00a0 auf Schusters Rappen &#8230; .<\/p>\n","protected":false},"excerpt":{"rendered":"<p>Mit einem flotten Fu\u00dfmarsch\u00a0 durch die Dunkelheit starteten die \u201ePaddel-M\u00e4delz\u201c ihr Herbst-\u00a0 und Winterprogramm 09\/10. Dachte ich zun\u00e4chst noch K\u00e4lte, Dauerregen und\u00a0 kleine Wehwechen\u00a0 an den F\u00fc\u00dfen w\u00fcrden unsere\u00a0 M\u00e4delwartin milde stimmen und zu einer Programm\u00e4nderung bewegen, wurde\u00a0 ich mal wieder eines Besseren belehrt: Also trafen wir uns am Mittwoch\u00a0 Abend auf dem Colosseumplatz. Unerschrocken,<\/p>\n","protected":false},"author":1,"featured_media":0,"comment_status":"open","ping_status":"open","sticky":false,"template":"","format":"standard","meta":{"ngg_post_thumbnail":0},"categories":[3,1],"tags":[],"yoast_head":"<!-- This site is optimized with the Yoast SEO plugin v19.0 - https:\/\/yoast.com\/wordpress\/plugins\/seo\/ -->\n<title>Wanderung der Paddel M\u00e4delz &ndash; Kanu Gruppe Wilster e.V.<\/title>\n<meta name=\"robots\" content=\"index, follow, max-snippet:-1, max-image-preview:large, max-video-preview:-1\" \/>\n<link rel=\"canonical\" href=\"https:\/\/kanu-gruppe-wilster.de\/index.php\/wanderung-der-paddel-madelz\/\" \/>\n<meta property=\"og:locale\" content=\"de_DE\" \/>\n<meta property=\"og:type\" content=\"article\" \/>\n<meta property=\"og:title\" content=\"Wanderung der Paddel M\u00e4delz &ndash; Kanu Gruppe Wilster e.V.\" \/>\n<meta property=\"og:description\" content=\"Mit einem flotten Fu\u00dfmarsch\u00a0 durch die Dunkelheit starteten die \u201ePaddel-M\u00e4delz\u201c ihr Herbst-\u00a0 und Winterprogramm 09\/10. Dachte ich zun\u00e4chst noch K\u00e4lte, Dauerregen und\u00a0 kleine Wehwechen\u00a0 an den F\u00fc\u00dfen w\u00fcrden unsere\u00a0 M\u00e4delwartin milde stimmen und zu einer Programm\u00e4nderung bewegen, wurde\u00a0 ich mal wieder eines Besseren belehrt: Also trafen wir uns am Mittwoch\u00a0 Abend auf dem Colosseumplatz. Unerschrocken,\" \/>\n<meta property=\"og:url\" content=\"https:\/\/kanu-gruppe-wilster.de\/index.php\/wanderung-der-paddel-madelz\/\" \/>\n<meta property=\"og:site_name\" content=\"Kanu Gruppe Wilster e.V.\" \/>\n<meta property=\"article:published_time\" content=\"2009-11-06T10:42:48+00:00\" \/>\n<meta name=\"twitter:card\" content=\"summary\" \/>\n<meta name=\"twitter:label1\" content=\"Verfasst von\" \/>\n\t<meta name=\"twitter:data1\" content=\"Konne\" \/>\n\t<meta name=\"twitter:label2\" content=\"Gesch\u00e4tzte Lesezeit\" \/>\n\t<meta name=\"twitter:data2\" content=\"1\u00a0Minute\" \/>\n<script type=\"application\/ld+json\" class=\"yoast-schema-graph\">{\"@context\":\"https:\/\/schema.org\",\"@graph\":[{\"@type\":\"WebSite\",\"@id\":\"https:\/\/kanu-gruppe-wilster.de\/#website\",\"url\":\"https:\/\/kanu-gruppe-wilster.de\/\",\"name\":\"Kanu Gruppe Wilster e.V.\",\"description\":\"Kanuverein an der Wilster Au\",\"potentialAction\":[{\"@type\":\"SearchAction\",\"target\":{\"@type\":\"EntryPoint\",\"urlTemplate\":\"https:\/\/kanu-gruppe-wilster.de\/?s={search_term_string}\"},\"query-input\":\"required name=search_term_string\"}],\"inLanguage\":\"de\"},{\"@type\":\"WebPage\",\"@id\":\"https:\/\/kanu-gruppe-wilster.de\/index.php\/wanderung-der-paddel-madelz\/#webpage\",\"url\":\"https:\/\/kanu-gruppe-wilster.de\/index.php\/wanderung-der-paddel-madelz\/\",\"name\":\"Wanderung der Paddel M\u00e4delz &ndash; Kanu Gruppe Wilster e.V.\",\"isPartOf\":{\"@id\":\"https:\/\/kanu-gruppe-wilster.de\/#website\"},\"datePublished\":\"2009-11-06T10:42:48+00:00\",\"dateModified\":\"2009-11-06T10:42:48+00:00\",\"author\":{\"@id\":\"https:\/\/kanu-gruppe-wilster.de\/#\/schema\/person\/d7fb9d3d196101e6ed92858aa2044153\"},\"breadcrumb\":{\"@id\":\"https:\/\/kanu-gruppe-wilster.de\/index.php\/wanderung-der-paddel-madelz\/#breadcrumb\"},\"inLanguage\":\"de\",\"potentialAction\":[{\"@type\":\"ReadAction\",\"target\":[\"https:\/\/kanu-gruppe-wilster.de\/index.php\/wanderung-der-paddel-madelz\/\"]}]},{\"@type\":\"BreadcrumbList\",\"@id\":\"https:\/\/kanu-gruppe-wilster.de\/index.php\/wanderung-der-paddel-madelz\/#breadcrumb\",\"itemListElement\":[{\"@type\":\"ListItem\",\"position\":1,\"name\":\"Startseite\",\"item\":\"https:\/\/kanu-gruppe-wilster.de\/\"},{\"@type\":\"ListItem\",\"position\":2,\"name\":\"Wanderung der Paddel M\u00e4delz\"}]},{\"@type\":\"Person\",\"@id\":\"https:\/\/kanu-gruppe-wilster.de\/#\/schema\/person\/d7fb9d3d196101e6ed92858aa2044153\",\"name\":\"Konne\",\"image\":{\"@type\":\"ImageObject\",\"inLanguage\":\"de\",\"@id\":\"https:\/\/kanu-gruppe-wilster.de\/#\/schema\/person\/image\/\",\"url\":\"https:\/\/secure.gravatar.com\/avatar\/6b6c0e20664dcc9a121c6a3a5fd76fa7?s=96&d=mm&r=g\",\"contentUrl\":\"https:\/\/secure.gravatar.com\/avatar\/6b6c0e20664dcc9a121c6a3a5fd76fa7?s=96&d=mm&r=g\",\"caption\":\"Konne\"},\"url\":\"https:\/\/kanu-gruppe-wilster.de\/index.php\/author\/konne\/\"}]}<\/script>\n<!-- \/ Yoast SEO plugin. -->","yoast_head_json":{"title":"Wanderung der Paddel M\u00e4delz &ndash; Kanu Gruppe Wilster e.V.","robots":{"index":"index","follow":"follow","max-snippet":"max-snippet:-1","max-image-preview":"max-image-preview:large","max-video-preview":"max-video-preview:-1"},"canonical":"https:\/\/kanu-gruppe-wilster.de\/index.php\/wanderung-der-paddel-madelz\/","og_locale":"de_DE","og_type":"article","og_title":"Wanderung der Paddel M\u00e4delz &ndash; Kanu Gruppe Wilster e.V.","og_description":"Mit einem flotten Fu\u00dfmarsch\u00a0 durch die Dunkelheit starteten die \u201ePaddel-M\u00e4delz\u201c ihr Herbst-\u00a0 und Winterprogramm 09\/10. Dachte ich zun\u00e4chst noch K\u00e4lte, Dauerregen und\u00a0 kleine Wehwechen\u00a0 an den F\u00fc\u00dfen w\u00fcrden unsere\u00a0 M\u00e4delwartin milde stimmen und zu einer Programm\u00e4nderung bewegen, wurde\u00a0 ich mal wieder eines Besseren belehrt: Also trafen wir uns am Mittwoch\u00a0 Abend auf dem Colosseumplatz. Unerschrocken,","og_url":"https:\/\/kanu-gruppe-wilster.de\/index.php\/wanderung-der-paddel-madelz\/","og_site_name":"Kanu Gruppe Wilster e.V.","article_published_time":"2009-11-06T10:42:48+00:00","twitter_card":"summary","twitter_misc":{"Verfasst von":"Konne","Gesch\u00e4tzte Lesezeit":"1\u00a0Minute"},"schema":{"@context":"https:\/\/schema.org","@graph":[{"@type":"WebSite","@id":"https:\/\/kanu-gruppe-wilster.de\/#website","url":"https:\/\/kanu-gruppe-wilster.de\/","name":"Kanu Gruppe Wilster e.V.","description":"Kanuverein an der Wilster Au","potentialAction":[{"@type":"SearchAction","target":{"@type":"EntryPoint","urlTemplate":"https:\/\/kanu-gruppe-wilster.de\/?s={search_term_string}"},"query-input":"required name=search_term_string"}],"inLanguage":"de"},{"@type":"WebPage","@id":"https:\/\/kanu-gruppe-wilster.de\/index.php\/wanderung-der-paddel-madelz\/#webpage","url":"https:\/\/kanu-gruppe-wilster.de\/index.php\/wanderung-der-paddel-madelz\/","name":"Wanderung der Paddel M\u00e4delz &ndash; Kanu Gruppe Wilster e.V.","isPartOf":{"@id":"https:\/\/kanu-gruppe-wilster.de\/#website"},"datePublished":"2009-11-06T10:42:48+00:00","dateModified":"2009-11-06T10:42:48+00:00","author":{"@id":"https:\/\/kanu-gruppe-wilster.de\/#\/schema\/person\/d7fb9d3d196101e6ed92858aa2044153"},"breadcrumb":{"@id":"https:\/\/kanu-gruppe-wilster.de\/index.php\/wanderung-der-paddel-madelz\/#breadcrumb"},"inLanguage":"de","potentialAction":[{"@type":"ReadAction","target":["https:\/\/kanu-gruppe-wilster.de\/index.php\/wanderung-der-paddel-madelz\/"]}]},{"@type":"BreadcrumbList","@id":"https:\/\/kanu-gruppe-wilster.de\/index.php\/wanderung-der-paddel-madelz\/#breadcrumb","itemListElement":[{"@type":"ListItem","position":1,"name":"Startseite","item":"https:\/\/kanu-gruppe-wilster.de\/"},{"@type":"ListItem","position":2,"name":"Wanderung der Paddel M\u00e4delz"}]},{"@type":"Person","@id":"https:\/\/kanu-gruppe-wilster.de\/#\/schema\/person\/d7fb9d3d196101e6ed92858aa2044153","name":"Konne","image":{"@type":"ImageObject","inLanguage":"de","@id":"https:\/\/kanu-gruppe-wilster.de\/#\/schema\/person\/image\/","url":"https:\/\/secure.gravatar.com\/avatar\/6b6c0e20664dcc9a121c6a3a5fd76fa7?s=96&d=mm&r=g","contentUrl":"https:\/\/secure.gravatar.com\/avatar\/6b6c0e20664dcc9a121c6a3a5fd76fa7?s=96&d=mm&r=g","caption":"Konne"},"url":"https:\/\/kanu-gruppe-wilster.de\/index.php\/author\/konne\/"}]}},"_links":{"self":[{"href":"https:\/\/kanu-gruppe-wilster.de\/index.php\/wp-json\/wp\/v2\/posts\/1166"}],"collection":[{"href":"https:\/\/kanu-gruppe-wilster.de\/index.php\/wp-json\/wp\/v2\/posts"}],"about":[{"href":"https:\/\/kanu-gruppe-wilster.de\/index.php\/wp-json\/wp\/v2\/types\/post"}],"author":[{"embeddable":true,"href":"https:\/\/kanu-gruppe-wilster.de\/index.php\/wp-json\/wp\/v2\/users\/1"}],"replies":[{"embeddable":true,"href":"https:\/\/kanu-gruppe-wilster.de\/index.php\/wp-json\/wp\/v2\/comments?post=1166"}],"version-history":[{"count":0,"href":"https:\/\/kanu-gruppe-wilster.de\/index.php\/wp-json\/wp\/v2\/posts\/1166\/revisions"}],"wp:attachment":[{"href":"https:\/\/kanu-gruppe-wilster.de\/index.php\/wp-json\/wp\/v2\/media?parent=1166"}],"wp:term":[{"taxonomy":"category","embeddable":true,"href":"https:\/\/kanu-gruppe-wilster.de\/index.php\/wp-json\/wp\/v2\/categories?post=1166"},{"taxonomy":"post_tag","embeddable":true,"href":"https:\/\/kanu-gruppe-wilster.de\/index.php\/wp-json\/wp\/v2\/tags?post=1166"}],"curies":[{"name":"wp","href":"https:\/\/api.w.org\/{rel}","templated":true}]}}