{"id":1156,"date":"2015-12-22T19:38:21","date_gmt":"2015-12-22T18:38:21","guid":{"rendered":"http:\/\/kanu-gruppe-wilster.de\/?p=1156"},"modified":"2015-12-22T19:38:21","modified_gmt":"2015-12-22T18:38:21","slug":"ilona-hortmann-und-harald-suschke-seit-50jahren-als-paddler-aktiv","status":"publish","type":"post","link":"https:\/\/kanu-gruppe-wilster.de\/index.php\/ilona-hortmann-und-harald-suschke-seit-50jahren-als-paddler-aktiv\/","title":{"rendered":"Ilona Hortmann und Harald Suschke seit 50Jahren als Paddler aktiv"},"content":{"rendered":"<p>Einen ausf\u00fchrlichen Bericht \u00fcber unsere beiden &#8222;50 &#8211; zig J\u00e4hrigen&#8220; und die Weihnachtsfeier entnehmt bitte\u00a0dem <a href=\"http:\/\/www.shz.de\/lokales\/norddeutsche-rundschau\/ilona-horstmann-und-harald-suschke-seit-50-jahren-als-paddler-aktiv-id12242056.html\">Link<br \/>\n<\/a><\/p>\n","protected":false},"excerpt":{"rendered":"<p>Einen ausf\u00fchrlichen Bericht \u00fcber unsere beiden &#8222;50 &#8211; zig J\u00e4hrigen&#8220; und die Weihnachtsfeier entnehmt bitte\u00a0dem Link<\/p>\n","protected":false},"author":2,"featured_media":0,"comment_status":"open","ping_status":"open","sticky":false,"template":"","format":"standard","meta":{"ngg_post_thumbnail":0},"categories":[1,5],"tags":[],"yoast_head":"<!-- This site is optimized with the Yoast SEO plugin v19.0 - https:\/\/yoast.com\/wordpress\/plugins\/seo\/ -->\n<title>Ilona Hortmann und Harald Suschke seit 50Jahren als Paddler aktiv &ndash; Kanu Gruppe Wilster e.V.<\/title>\n<meta name=\"robots\" content=\"index, follow, max-snippet:-1, max-image-preview:large, max-video-preview:-1\" \/>\n<link rel=\"canonical\" href=\"https:\/\/kanu-gruppe-wilster.de\/index.php\/ilona-hortmann-und-harald-suschke-seit-50jahren-als-paddler-aktiv\/\" \/>\n<meta property=\"og:locale\" content=\"de_DE\" \/>\n<meta property=\"og:type\" content=\"article\" \/>\n<meta property=\"og:title\" content=\"Ilona Hortmann und Harald Suschke seit 50Jahren als Paddler aktiv &ndash; Kanu Gruppe Wilster e.V.\" \/>\n<meta property=\"og:description\" content=\"Einen ausf\u00fchrlichen Bericht \u00fcber unsere beiden &#8222;50 &#8211; zig J\u00e4hrigen&#8220; und die Weihnachtsfeier entnehmt bitte\u00a0dem Link\" \/>\n<meta property=\"og:url\" content=\"https:\/\/kanu-gruppe-wilster.de\/index.php\/ilona-hortmann-und-harald-suschke-seit-50jahren-als-paddler-aktiv\/\" \/>\n<meta property=\"og:site_name\" content=\"Kanu Gruppe Wilster e.V.\" \/>\n<meta property=\"article:published_time\" content=\"2015-12-22T18:38:21+00:00\" \/>\n<meta name=\"twitter:card\" content=\"summary\" \/>\n<meta name=\"twitter:label1\" content=\"Verfasst von\" \/>\n\t<meta name=\"twitter:data1\" content=\"UweMuenster\" \/>\n<script type=\"application\/ld+json\" class=\"yoast-schema-graph\">{\"@context\":\"https:\/\/schema.org\",\"@graph\":[{\"@type\":\"WebSite\",\"@id\":\"https:\/\/kanu-gruppe-wilster.de\/#website\",\"url\":\"https:\/\/kanu-gruppe-wilster.de\/\",\"name\":\"Kanu Gruppe Wilster e.V.\",\"description\":\"Kanuverein an der Wilster Au\",\"potentialAction\":[{\"@type\":\"SearchAction\",\"target\":{\"@type\":\"EntryPoint\",\"urlTemplate\":\"https:\/\/kanu-gruppe-wilster.de\/?s={search_term_string}\"},\"query-input\":\"required name=search_term_string\"}],\"inLanguage\":\"de\"},{\"@type\":\"WebPage\",\"@id\":\"https:\/\/kanu-gruppe-wilster.de\/index.php\/ilona-hortmann-und-harald-suschke-seit-50jahren-als-paddler-aktiv\/#webpage\",\"url\":\"https:\/\/kanu-gruppe-wilster.de\/index.php\/ilona-hortmann-und-harald-suschke-seit-50jahren-als-paddler-aktiv\/\",\"name\":\"Ilona Hortmann und Harald Suschke seit 50Jahren als Paddler aktiv &ndash; Kanu Gruppe Wilster e.V.\",\"isPartOf\":{\"@id\":\"https:\/\/kanu-gruppe-wilster.de\/#website\"},\"datePublished\":\"2015-12-22T18:38:21+00:00\",\"dateModified\":\"2015-12-22T18:38:21+00:00\",\"author\":{\"@id\":\"https:\/\/kanu-gruppe-wilster.de\/#\/schema\/person\/7489fc75ff891776bcddaa56e64dbb54\"},\"breadcrumb\":{\"@id\":\"https:\/\/kanu-gruppe-wilster.de\/index.php\/ilona-hortmann-und-harald-suschke-seit-50jahren-als-paddler-aktiv\/#breadcrumb\"},\"inLanguage\":\"de\",\"potentialAction\":[{\"@type\":\"ReadAction\",\"target\":[\"https:\/\/kanu-gruppe-wilster.de\/index.php\/ilona-hortmann-und-harald-suschke-seit-50jahren-als-paddler-aktiv\/\"]}]},{\"@type\":\"BreadcrumbList\",\"@id\":\"https:\/\/kanu-gruppe-wilster.de\/index.php\/ilona-hortmann-und-harald-suschke-seit-50jahren-als-paddler-aktiv\/#breadcrumb\",\"itemListElement\":[{\"@type\":\"ListItem\",\"position\":1,\"name\":\"Startseite\",\"item\":\"https:\/\/kanu-gruppe-wilster.de\/\"},{\"@type\":\"ListItem\",\"position\":2,\"name\":\"Ilona Hortmann und Harald Suschke seit 50Jahren als Paddler aktiv\"}]},{\"@type\":\"Person\",\"@id\":\"https:\/\/kanu-gruppe-wilster.de\/#\/schema\/person\/7489fc75ff891776bcddaa56e64dbb54\",\"name\":\"UweMuenster\",\"image\":{\"@type\":\"ImageObject\",\"inLanguage\":\"de\",\"@id\":\"https:\/\/kanu-gruppe-wilster.de\/#\/schema\/person\/image\/\",\"url\":\"https:\/\/secure.gravatar.com\/avatar\/633d80af5ecf11a7e42ad51ef88894a9?s=96&d=mm&r=g\",\"contentUrl\":\"https:\/\/secure.gravatar.com\/avatar\/633d80af5ecf11a7e42ad51ef88894a9?s=96&d=mm&r=g\",\"caption\":\"UweMuenster\"},\"url\":\"https:\/\/kanu-gruppe-wilster.de\/index.php\/author\/uwemuenster\/\"}]}<\/script>\n<!-- \/ Yoast SEO plugin. -->","yoast_head_json":{"title":"Ilona Hortmann und Harald Suschke seit 50Jahren als Paddler aktiv &ndash; Kanu Gruppe Wilster e.V.","robots":{"index":"index","follow":"follow","max-snippet":"max-snippet:-1","max-image-preview":"max-image-preview:large","max-video-preview":"max-video-preview:-1"},"canonical":"https:\/\/kanu-gruppe-wilster.de\/index.php\/ilona-hortmann-und-harald-suschke-seit-50jahren-als-paddler-aktiv\/","og_locale":"de_DE","og_type":"article","og_title":"Ilona Hortmann und Harald Suschke seit 50Jahren als Paddler aktiv &ndash; Kanu Gruppe Wilster e.V.","og_description":"Einen ausf\u00fchrlichen Bericht \u00fcber unsere beiden &#8222;50 &#8211; zig J\u00e4hrigen&#8220; und die Weihnachtsfeier entnehmt bitte\u00a0dem Link","og_url":"https:\/\/kanu-gruppe-wilster.de\/index.php\/ilona-hortmann-und-harald-suschke-seit-50jahren-als-paddler-aktiv\/","og_site_name":"Kanu Gruppe Wilster e.V.","article_published_time":"2015-12-22T18:38:21+00:00","twitter_card":"summary","twitter_misc":{"Verfasst von":"UweMuenster"},"schema":{"@context":"https:\/\/schema.org","@graph":[{"@type":"WebSite","@id":"https:\/\/kanu-gruppe-wilster.de\/#website","url":"https:\/\/kanu-gruppe-wilster.de\/","name":"Kanu Gruppe Wilster e.V.","description":"Kanuverein an der Wilster Au","potentialAction":[{"@type":"SearchAction","target":{"@type":"EntryPoint","urlTemplate":"https:\/\/kanu-gruppe-wilster.de\/?s={search_term_string}"},"query-input":"required name=search_term_string"}],"inLanguage":"de"},{"@type":"WebPage","@id":"https:\/\/kanu-gruppe-wilster.de\/index.php\/ilona-hortmann-und-harald-suschke-seit-50jahren-als-paddler-aktiv\/#webpage","url":"https:\/\/kanu-gruppe-wilster.de\/index.php\/ilona-hortmann-und-harald-suschke-seit-50jahren-als-paddler-aktiv\/","name":"Ilona Hortmann und Harald Suschke seit 50Jahren als Paddler aktiv &ndash; Kanu Gruppe Wilster e.V.","isPartOf":{"@id":"https:\/\/kanu-gruppe-wilster.de\/#website"},"datePublished":"2015-12-22T18:38:21+00:00","dateModified":"2015-12-22T18:38:21+00:00","author":{"@id":"https:\/\/kanu-gruppe-wilster.de\/#\/schema\/person\/7489fc75ff891776bcddaa56e64dbb54"},"breadcrumb":{"@id":"https:\/\/kanu-gruppe-wilster.de\/index.php\/ilona-hortmann-und-harald-suschke-seit-50jahren-als-paddler-aktiv\/#breadcrumb"},"inLanguage":"de","potentialAction":[{"@type":"ReadAction","target":["https:\/\/kanu-gruppe-wilster.de\/index.php\/ilona-hortmann-und-harald-suschke-seit-50jahren-als-paddler-aktiv\/"]}]},{"@type":"BreadcrumbList","@id":"https:\/\/kanu-gruppe-wilster.de\/index.php\/ilona-hortmann-und-harald-suschke-seit-50jahren-als-paddler-aktiv\/#breadcrumb","itemListElement":[{"@type":"ListItem","position":1,"name":"Startseite","item":"https:\/\/kanu-gruppe-wilster.de\/"},{"@type":"ListItem","position":2,"name":"Ilona Hortmann und Harald Suschke seit 50Jahren als Paddler aktiv"}]},{"@type":"Person","@id":"https:\/\/kanu-gruppe-wilster.de\/#\/schema\/person\/7489fc75ff891776bcddaa56e64dbb54","name":"UweMuenster","image":{"@type":"ImageObject","inLanguage":"de","@id":"https:\/\/kanu-gruppe-wilster.de\/#\/schema\/person\/image\/","url":"https:\/\/secure.gravatar.com\/avatar\/633d80af5ecf11a7e42ad51ef88894a9?s=96&d=mm&r=g","contentUrl":"https:\/\/secure.gravatar.com\/avatar\/633d80af5ecf11a7e42ad51ef88894a9?s=96&d=mm&r=g","caption":"UweMuenster"},"url":"https:\/\/kanu-gruppe-wilster.de\/index.php\/author\/uwemuenster\/"}]}},"_links":{"self":[{"href":"https:\/\/kanu-gruppe-wilster.de\/index.php\/wp-json\/wp\/v2\/posts\/1156"}],"collection":[{"href":"https:\/\/kanu-gruppe-wilster.de\/index.php\/wp-json\/wp\/v2\/posts"}],"about":[{"href":"https:\/\/kanu-gruppe-wilster.de\/index.php\/wp-json\/wp\/v2\/types\/post"}],"author":[{"embeddable":true,"href":"https:\/\/kanu-gruppe-wilster.de\/index.php\/wp-json\/wp\/v2\/users\/2"}],"replies":[{"embeddable":true,"href":"https:\/\/kanu-gruppe-wilster.de\/index.php\/wp-json\/wp\/v2\/comments?post=1156"}],"version-history":[{"count":0,"href":"https:\/\/kanu-gruppe-wilster.de\/index.php\/wp-json\/wp\/v2\/posts\/1156\/revisions"}],"wp:attachment":[{"href":"https:\/\/kanu-gruppe-wilster.de\/index.php\/wp-json\/wp\/v2\/media?parent=1156"}],"wp:term":[{"taxonomy":"category","embeddable":true,"href":"https:\/\/kanu-gruppe-wilster.de\/index.php\/wp-json\/wp\/v2\/categories?post=1156"},{"taxonomy":"post_tag","embeddable":true,"href":"https:\/\/kanu-gruppe-wilster.de\/index.php\/wp-json\/wp\/v2\/tags?post=1156"}],"curies":[{"name":"wp","href":"https:\/\/api.w.org\/{rel}","templated":true}]}}