{"id":1146,"date":"2015-10-07T20:11:51","date_gmt":"2015-10-07T18:11:51","guid":{"rendered":"http:\/\/kanu-gruppe-wilster.de\/?p=1146"},"modified":"2015-10-07T20:11:51","modified_gmt":"2015-10-07T18:11:51","slug":"sa-17-10-2015-abpaddeln","status":"publish","type":"post","link":"https:\/\/kanu-gruppe-wilster.de\/index.php\/sa-17-10-2015-abpaddeln\/","title":{"rendered":"Sa. 17.10.2015 Abpaddeln"},"content":{"rendered":"<p>Abpaddeln 2015<\/p>\n<p>Am Samstag, den 17.10.2015, m\u00f6chten wir unsere diesj\u00e4hrige Paddelsaision mit einer Fahrt vom Bootshaus nach Wewelsfleth und zur\u00fcck ausklingen lassen.<\/p>\n<p>Startzeit ist um 9:30 am Bootshaus<\/p>\n<p>Wer lieber erst in Wewelsfleth einsetzen m\u00f6chte sollte um 13:00 dort sein, da wir gegen 13:15 die R\u00fcckfahrt antreten wollen.<\/p>\n<p>Wir werden gegen 16:00 am Bootshaus sein und dort zum Abschluss uns bei einer Suppe st\u00e4rken.<\/p>\n<p>Bitte tragt euch in die entsprechende Liste am Bootshaus ein oder meldet Euch per Mail an<\/p>\n<p>jan.goerbitz@gmx.de<\/p>\n","protected":false},"excerpt":{"rendered":"<p>Abpaddeln 2015 Am Samstag, den 17.10.2015, m\u00f6chten wir unsere diesj\u00e4hrige Paddelsaision mit einer Fahrt vom Bootshaus nach Wewelsfleth und zur\u00fcck ausklingen lassen. Startzeit ist um 9:30 am Bootshaus Wer lieber erst in Wewelsfleth einsetzen m\u00f6chte sollte um 13:00 dort sein, da wir gegen 13:15 die R\u00fcckfahrt antreten wollen. Wir werden gegen 16:00 am Bootshaus sein<\/p>\n","protected":false},"author":2,"featured_media":0,"comment_status":"open","ping_status":"open","sticky":false,"template":"","format":"standard","meta":{"ngg_post_thumbnail":0},"categories":[4,1],"tags":[],"yoast_head":"<!-- This site is optimized with the Yoast SEO plugin v19.0 - https:\/\/yoast.com\/wordpress\/plugins\/seo\/ -->\n<title>Sa. 17.10.2015 Abpaddeln &ndash; Kanu Gruppe Wilster e.V.<\/title>\n<meta name=\"robots\" content=\"index, follow, max-snippet:-1, max-image-preview:large, max-video-preview:-1\" \/>\n<link rel=\"canonical\" href=\"https:\/\/kanu-gruppe-wilster.de\/index.php\/sa-17-10-2015-abpaddeln\/\" \/>\n<meta property=\"og:locale\" content=\"de_DE\" \/>\n<meta property=\"og:type\" content=\"article\" \/>\n<meta property=\"og:title\" content=\"Sa. 17.10.2015 Abpaddeln &ndash; Kanu Gruppe Wilster e.V.\" \/>\n<meta property=\"og:description\" content=\"Abpaddeln 2015 Am Samstag, den 17.10.2015, m\u00f6chten wir unsere diesj\u00e4hrige Paddelsaision mit einer Fahrt vom Bootshaus nach Wewelsfleth und zur\u00fcck ausklingen lassen. Startzeit ist um 9:30 am Bootshaus Wer lieber erst in Wewelsfleth einsetzen m\u00f6chte sollte um 13:00 dort sein, da wir gegen 13:15 die R\u00fcckfahrt antreten wollen. Wir werden gegen 16:00 am Bootshaus sein\" \/>\n<meta property=\"og:url\" content=\"https:\/\/kanu-gruppe-wilster.de\/index.php\/sa-17-10-2015-abpaddeln\/\" \/>\n<meta property=\"og:site_name\" content=\"Kanu Gruppe Wilster e.V.\" \/>\n<meta property=\"article:published_time\" content=\"2015-10-07T18:11:51+00:00\" \/>\n<meta name=\"twitter:card\" content=\"summary\" \/>\n<meta name=\"twitter:label1\" content=\"Verfasst von\" \/>\n\t<meta name=\"twitter:data1\" content=\"UweMuenster\" \/>\n<script type=\"application\/ld+json\" class=\"yoast-schema-graph\">{\"@context\":\"https:\/\/schema.org\",\"@graph\":[{\"@type\":\"WebSite\",\"@id\":\"https:\/\/kanu-gruppe-wilster.de\/#website\",\"url\":\"https:\/\/kanu-gruppe-wilster.de\/\",\"name\":\"Kanu Gruppe Wilster e.V.\",\"description\":\"Kanuverein an der Wilster Au\",\"potentialAction\":[{\"@type\":\"SearchAction\",\"target\":{\"@type\":\"EntryPoint\",\"urlTemplate\":\"https:\/\/kanu-gruppe-wilster.de\/?s={search_term_string}\"},\"query-input\":\"required name=search_term_string\"}],\"inLanguage\":\"de\"},{\"@type\":\"WebPage\",\"@id\":\"https:\/\/kanu-gruppe-wilster.de\/index.php\/sa-17-10-2015-abpaddeln\/#webpage\",\"url\":\"https:\/\/kanu-gruppe-wilster.de\/index.php\/sa-17-10-2015-abpaddeln\/\",\"name\":\"Sa. 17.10.2015 Abpaddeln &ndash; Kanu Gruppe Wilster e.V.\",\"isPartOf\":{\"@id\":\"https:\/\/kanu-gruppe-wilster.de\/#website\"},\"datePublished\":\"2015-10-07T18:11:51+00:00\",\"dateModified\":\"2015-10-07T18:11:51+00:00\",\"author\":{\"@id\":\"https:\/\/kanu-gruppe-wilster.de\/#\/schema\/person\/7489fc75ff891776bcddaa56e64dbb54\"},\"breadcrumb\":{\"@id\":\"https:\/\/kanu-gruppe-wilster.de\/index.php\/sa-17-10-2015-abpaddeln\/#breadcrumb\"},\"inLanguage\":\"de\",\"potentialAction\":[{\"@type\":\"ReadAction\",\"target\":[\"https:\/\/kanu-gruppe-wilster.de\/index.php\/sa-17-10-2015-abpaddeln\/\"]}]},{\"@type\":\"BreadcrumbList\",\"@id\":\"https:\/\/kanu-gruppe-wilster.de\/index.php\/sa-17-10-2015-abpaddeln\/#breadcrumb\",\"itemListElement\":[{\"@type\":\"ListItem\",\"position\":1,\"name\":\"Startseite\",\"item\":\"https:\/\/kanu-gruppe-wilster.de\/\"},{\"@type\":\"ListItem\",\"position\":2,\"name\":\"Sa. 17.10.2015 Abpaddeln\"}]},{\"@type\":\"Person\",\"@id\":\"https:\/\/kanu-gruppe-wilster.de\/#\/schema\/person\/7489fc75ff891776bcddaa56e64dbb54\",\"name\":\"UweMuenster\",\"image\":{\"@type\":\"ImageObject\",\"inLanguage\":\"de\",\"@id\":\"https:\/\/kanu-gruppe-wilster.de\/#\/schema\/person\/image\/\",\"url\":\"https:\/\/secure.gravatar.com\/avatar\/633d80af5ecf11a7e42ad51ef88894a9?s=96&d=mm&r=g\",\"contentUrl\":\"https:\/\/secure.gravatar.com\/avatar\/633d80af5ecf11a7e42ad51ef88894a9?s=96&d=mm&r=g\",\"caption\":\"UweMuenster\"},\"url\":\"https:\/\/kanu-gruppe-wilster.de\/index.php\/author\/uwemuenster\/\"}]}<\/script>\n<!-- \/ Yoast SEO plugin. -->","yoast_head_json":{"title":"Sa. 17.10.2015 Abpaddeln &ndash; Kanu Gruppe Wilster e.V.","robots":{"index":"index","follow":"follow","max-snippet":"max-snippet:-1","max-image-preview":"max-image-preview:large","max-video-preview":"max-video-preview:-1"},"canonical":"https:\/\/kanu-gruppe-wilster.de\/index.php\/sa-17-10-2015-abpaddeln\/","og_locale":"de_DE","og_type":"article","og_title":"Sa. 17.10.2015 Abpaddeln &ndash; Kanu Gruppe Wilster e.V.","og_description":"Abpaddeln 2015 Am Samstag, den 17.10.2015, m\u00f6chten wir unsere diesj\u00e4hrige Paddelsaision mit einer Fahrt vom Bootshaus nach Wewelsfleth und zur\u00fcck ausklingen lassen. Startzeit ist um 9:30 am Bootshaus Wer lieber erst in Wewelsfleth einsetzen m\u00f6chte sollte um 13:00 dort sein, da wir gegen 13:15 die R\u00fcckfahrt antreten wollen. Wir werden gegen 16:00 am Bootshaus sein","og_url":"https:\/\/kanu-gruppe-wilster.de\/index.php\/sa-17-10-2015-abpaddeln\/","og_site_name":"Kanu Gruppe Wilster e.V.","article_published_time":"2015-10-07T18:11:51+00:00","twitter_card":"summary","twitter_misc":{"Verfasst von":"UweMuenster"},"schema":{"@context":"https:\/\/schema.org","@graph":[{"@type":"WebSite","@id":"https:\/\/kanu-gruppe-wilster.de\/#website","url":"https:\/\/kanu-gruppe-wilster.de\/","name":"Kanu Gruppe Wilster e.V.","description":"Kanuverein an der Wilster Au","potentialAction":[{"@type":"SearchAction","target":{"@type":"EntryPoint","urlTemplate":"https:\/\/kanu-gruppe-wilster.de\/?s={search_term_string}"},"query-input":"required name=search_term_string"}],"inLanguage":"de"},{"@type":"WebPage","@id":"https:\/\/kanu-gruppe-wilster.de\/index.php\/sa-17-10-2015-abpaddeln\/#webpage","url":"https:\/\/kanu-gruppe-wilster.de\/index.php\/sa-17-10-2015-abpaddeln\/","name":"Sa. 17.10.2015 Abpaddeln &ndash; Kanu Gruppe Wilster e.V.","isPartOf":{"@id":"https:\/\/kanu-gruppe-wilster.de\/#website"},"datePublished":"2015-10-07T18:11:51+00:00","dateModified":"2015-10-07T18:11:51+00:00","author":{"@id":"https:\/\/kanu-gruppe-wilster.de\/#\/schema\/person\/7489fc75ff891776bcddaa56e64dbb54"},"breadcrumb":{"@id":"https:\/\/kanu-gruppe-wilster.de\/index.php\/sa-17-10-2015-abpaddeln\/#breadcrumb"},"inLanguage":"de","potentialAction":[{"@type":"ReadAction","target":["https:\/\/kanu-gruppe-wilster.de\/index.php\/sa-17-10-2015-abpaddeln\/"]}]},{"@type":"BreadcrumbList","@id":"https:\/\/kanu-gruppe-wilster.de\/index.php\/sa-17-10-2015-abpaddeln\/#breadcrumb","itemListElement":[{"@type":"ListItem","position":1,"name":"Startseite","item":"https:\/\/kanu-gruppe-wilster.de\/"},{"@type":"ListItem","position":2,"name":"Sa. 17.10.2015 Abpaddeln"}]},{"@type":"Person","@id":"https:\/\/kanu-gruppe-wilster.de\/#\/schema\/person\/7489fc75ff891776bcddaa56e64dbb54","name":"UweMuenster","image":{"@type":"ImageObject","inLanguage":"de","@id":"https:\/\/kanu-gruppe-wilster.de\/#\/schema\/person\/image\/","url":"https:\/\/secure.gravatar.com\/avatar\/633d80af5ecf11a7e42ad51ef88894a9?s=96&d=mm&r=g","contentUrl":"https:\/\/secure.gravatar.com\/avatar\/633d80af5ecf11a7e42ad51ef88894a9?s=96&d=mm&r=g","caption":"UweMuenster"},"url":"https:\/\/kanu-gruppe-wilster.de\/index.php\/author\/uwemuenster\/"}]}},"_links":{"self":[{"href":"https:\/\/kanu-gruppe-wilster.de\/index.php\/wp-json\/wp\/v2\/posts\/1146"}],"collection":[{"href":"https:\/\/kanu-gruppe-wilster.de\/index.php\/wp-json\/wp\/v2\/posts"}],"about":[{"href":"https:\/\/kanu-gruppe-wilster.de\/index.php\/wp-json\/wp\/v2\/types\/post"}],"author":[{"embeddable":true,"href":"https:\/\/kanu-gruppe-wilster.de\/index.php\/wp-json\/wp\/v2\/users\/2"}],"replies":[{"embeddable":true,"href":"https:\/\/kanu-gruppe-wilster.de\/index.php\/wp-json\/wp\/v2\/comments?post=1146"}],"version-history":[{"count":0,"href":"https:\/\/kanu-gruppe-wilster.de\/index.php\/wp-json\/wp\/v2\/posts\/1146\/revisions"}],"wp:attachment":[{"href":"https:\/\/kanu-gruppe-wilster.de\/index.php\/wp-json\/wp\/v2\/media?parent=1146"}],"wp:term":[{"taxonomy":"category","embeddable":true,"href":"https:\/\/kanu-gruppe-wilster.de\/index.php\/wp-json\/wp\/v2\/categories?post=1146"},{"taxonomy":"post_tag","embeddable":true,"href":"https:\/\/kanu-gruppe-wilster.de\/index.php\/wp-json\/wp\/v2\/tags?post=1146"}],"curies":[{"name":"wp","href":"https:\/\/api.w.org\/{rel}","templated":true}]}}